{"id":443241,"date":"2021-01-22T18:54:57","date_gmt":"2021-01-22T17:54:57","guid":{"rendered":"http:\/\/hudo.com\/si\/?p=443241"},"modified":"2021-01-22T18:54:57","modified_gmt":"2021-01-22T17:54:57","slug":"v-avstriji-veliko-povprasevanje-po-maskah-tipa-ffp2-ki-bodo-odslej-obvezne","status":"publish","type":"post","link":"https:\/\/hudo.com\/si\/aktualno\/v-avstriji-veliko-povprasevanje-po-maskah-tipa-ffp2-ki-bodo-odslej-obvezne\/","title":{"rendered":"V Avstriji veliko povpra\u0161evanje po maskah tipa FFP2, ki bodo odslej obvezne"},"content":{"rendered":"<p>\u010ce so maske FFP2 \u0161e pred enim tednom v avstrijskih trgovinah stale v povpre\u010dju od dva do osem evrov, so jih ta teden trgovine prodajale po akcijski ceni po manj kot evro, najcenej\u0161e so bile celo 50 centov.<\/p>\n<p>Prepoved vstopa v trgovino brez primerne maske bo od ponedeljka razli\u010dno strogo upo\u0161tevana, poro\u010da avstrijska tiskovna agencija APA. Iz verige trgovin Spar so za APA sporo\u010dili, da bodo stranke le prijazno opozarjali na novi ukrep. Medtem so pri Rewe napovedali bolj strog nadzor, saj v trgovino ne bodo spustili oseb, ki ne bodo imele primerne maske.<\/p>\n<p>Iz trgovinskih verig so za APA \u0161e potrdili, da so opazili veliko povpra\u0161evanje po teh maskah, ob tem pa so zagotovili, da jih imajo dovolj na zalogi.<\/p>\n<p>Medtem so danes po dr\u017eavi za\u010deli tudi dostavljati in deliti brezpla\u010dne maske FFP2 za socialno ogro\u017eene. V prvi fazi je vojska pomagala pri dostavi okoli 52.000 mask ustanovam, ki se ukvarjajo z brezdomci. \u0160e milijon mask pa bodo v soboto dostavili organizacijam, ki revnej\u0161im in socialno ogro\u017eenim razdeljujejo hrano. Prihodnji teden bodo maske dobili tudi vsi starej\u0161i od 65 let.<\/p>\n<p>Ministrstvo za zdravje je dalo sicer na voljo \u0161e dodatnih deset milijonov mask za de\u017eele, ki jih bodo lahko razdelile naprej, \u0161e pi\u0161e APA.<\/p>\n","protected":false},"excerpt":{"rendered":"<p>Avstrijci morajo od ponedeljka v trgovinah in javnem prometu nositi za\u0161\u010ditne maske tipa FFP2. Povpra\u0161evanje po njih je veliko. Ve\u010dina trgovin se je dobro zalo\u017eila in ta teden ponudila ugodne akcijske cene. Za revnej\u0161e in socialno ogro\u017eene pa je vlada omogo\u010dila brezpla\u010dni dostop do mask z vi\u0161jo stopnjo za\u0161\u010dite.<\/p>\n","protected":false},"author":8,"featured_media":442833,"comment_status":"closed","ping_status":"closed","sticky":false,"template":"","format":"standard","meta":{"footnotes":""},"categories":[1179],"tags":[1934,18055,15947],"source":[4511],"supertag":[],"acf":[],"yoast_head":"<!-- This site is optimized with the Yoast SEO plugin v21.3 - https:\/\/yoast.com\/wordpress\/plugins\/seo\/ -->\n<title>V Avstriji veliko povpra\u0161evanje po maskah tipa FFP2, ki bodo odslej obvezne - Hudo Slovenija<\/title>\n<meta name=\"robots\" content=\"index, follow, max-snippet:-1, max-image-preview:large, max-video-preview:-1\" \/>\n<link rel=\"canonical\" href=\"https:\/\/hudo.com\/si\/aktualno\/v-avstriji-veliko-povprasevanje-po-maskah-tipa-ffp2-ki-bodo-odslej-obvezne\/\" \/>\n<meta property=\"og:locale\" content=\"sl_SI\" \/>\n<meta property=\"og:type\" content=\"article\" \/>\n<meta property=\"og:title\" content=\"V Avstriji veliko povpra\u0161evanje po maskah tipa FFP2, ki bodo odslej obvezne - Hudo Slovenija\" \/>\n<meta property=\"og:description\" content=\"Avstrijci morajo od ponedeljka v trgovinah in javnem prometu nositi za\u0161\u010ditne maske tipa FFP2. Povpra\u0161evanje po njih je veliko. Ve\u010dina trgovin se je dobro zalo\u017eila in ta teden ponudila ugodne akcijske cene. Za revnej\u0161e in socialno ogro\u017eene pa je vlada omogo\u010dila brezpla\u010dni dostop do mask z vi\u0161jo stopnjo za\u0161\u010dite.\" \/>\n<meta property=\"og:url\" content=\"https:\/\/hudo.com\/si\/aktualno\/v-avstriji-veliko-povprasevanje-po-maskah-tipa-ffp2-ki-bodo-odslej-obvezne\/\" \/>\n<meta property=\"og:site_name\" content=\"Hudo Slovenija\" \/>\n<meta property=\"article:publisher\" content=\"https:\/\/www.facebook.com\/hudo.si\" \/>\n<meta property=\"article:published_time\" content=\"2021-01-22T17:54:57+00:00\" \/>\n<meta property=\"og:image\" content=\"https:\/\/hudo.com\/si\/wp-content\/uploads\/sites\/2\/2021\/01\/profimedia-0584354984.jpg\" \/>\n\t<meta property=\"og:image:width\" content=\"1250\" \/>\n\t<meta property=\"og:image:height\" content=\"867\" \/>\n\t<meta property=\"og:image:type\" content=\"image\/jpeg\" \/>\n<meta name=\"author\" content=\"M. N., STA\" \/>\n<meta name=\"twitter:card\" content=\"summary_large_image\" \/>\n<meta name=\"twitter:creator\" content=\"@hudo_si\" \/>\n<meta name=\"twitter:site\" content=\"@hudo_si\" \/>\n<meta name=\"twitter:label1\" content=\"Written by\" \/>\n\t<meta name=\"twitter:data1\" content=\"M. N., STA\" \/>\n\t<meta name=\"twitter:label2\" content=\"Est. reading time\" \/>\n\t<meta name=\"twitter:data2\" content=\"1 minuta\" \/>\n<script type=\"application\/ld+json\" class=\"yoast-schema-graph\">{\"@context\":\"https:\/\/schema.org\",\"@graph\":[{\"@type\":\"Article\",\"@id\":\"https:\/\/hudo.com\/si\/aktualno\/v-avstriji-veliko-povprasevanje-po-maskah-tipa-ffp2-ki-bodo-odslej-obvezne\/#article\",\"isPartOf\":{\"@id\":\"https:\/\/hudo.com\/si\/aktualno\/v-avstriji-veliko-povprasevanje-po-maskah-tipa-ffp2-ki-bodo-odslej-obvezne\/\"},\"author\":{\"name\":\"M. N., STA\",\"@id\":\"https:\/\/hudo.com\/si\/#\/schema\/person\/c2f10ce65d2e6ede2aeda5be2a0611fa\"},\"headline\":\"V Avstriji veliko povpra\u0161evanje po maskah tipa FFP2, ki bodo odslej obvezne\",\"datePublished\":\"2021-01-22T17:54:57+00:00\",\"dateModified\":\"2021-01-22T17:54:57+00:00\",\"mainEntityOfPage\":{\"@id\":\"https:\/\/hudo.com\/si\/aktualno\/v-avstriji-veliko-povprasevanje-po-maskah-tipa-ffp2-ki-bodo-odslej-obvezne\/\"},\"wordCount\":231,\"publisher\":{\"@id\":\"https:\/\/hudo.com\/si\/#organization\"},\"keywords\":[\"Avstrija\",\"FFP2\",\"za\u0161\u010ditne maske\"],\"articleSection\":[\"Aktualno\"],\"inLanguage\":\"sl-SI\"},{\"@type\":\"WebPage\",\"@id\":\"https:\/\/hudo.com\/si\/aktualno\/v-avstriji-veliko-povprasevanje-po-maskah-tipa-ffp2-ki-bodo-odslej-obvezne\/\",\"url\":\"https:\/\/hudo.com\/si\/aktualno\/v-avstriji-veliko-povprasevanje-po-maskah-tipa-ffp2-ki-bodo-odslej-obvezne\/\",\"name\":\"V Avstriji veliko povpra\u0161evanje po maskah tipa FFP2, ki bodo odslej obvezne - Hudo Slovenija\",\"isPartOf\":{\"@id\":\"https:\/\/hudo.com\/si\/#website\"},\"datePublished\":\"2021-01-22T17:54:57+00:00\",\"dateModified\":\"2021-01-22T17:54:57+00:00\",\"breadcrumb\":{\"@id\":\"https:\/\/hudo.com\/si\/aktualno\/v-avstriji-veliko-povprasevanje-po-maskah-tipa-ffp2-ki-bodo-odslej-obvezne\/#breadcrumb\"},\"inLanguage\":\"sl-SI\",\"potentialAction\":[{\"@type\":\"ReadAction\",\"target\":[\"https:\/\/hudo.com\/si\/aktualno\/v-avstriji-veliko-povprasevanje-po-maskah-tipa-ffp2-ki-bodo-odslej-obvezne\/\"]}]},{\"@type\":\"BreadcrumbList\",\"@id\":\"https:\/\/hudo.com\/si\/aktualno\/v-avstriji-veliko-povprasevanje-po-maskah-tipa-ffp2-ki-bodo-odslej-obvezne\/#breadcrumb\",\"itemListElement\":[{\"@type\":\"ListItem\",\"position\":1,\"name\":\"Home\",\"item\":\"https:\/\/hudo.com\/si\/\"},{\"@type\":\"ListItem\",\"position\":2,\"name\":\"V Avstriji veliko povpra\u0161evanje po maskah tipa FFP2, ki bodo odslej obvezne\"}]},{\"@type\":\"WebSite\",\"@id\":\"https:\/\/hudo.com\/si\/#website\",\"url\":\"https:\/\/hudo.com\/si\/\",\"name\":\"Hudo Slovenija\",\"description\":\"Vse novice iz Slovenije in sveta\",\"publisher\":{\"@id\":\"https:\/\/hudo.com\/si\/#organization\"},\"potentialAction\":[{\"@type\":\"SearchAction\",\"target\":{\"@type\":\"EntryPoint\",\"urlTemplate\":\"https:\/\/hudo.com\/si\/?s={search_term_string}\"},\"query-input\":\"required name=search_term_string\"}],\"inLanguage\":\"sl-SI\"},{\"@type\":\"Organization\",\"@id\":\"https:\/\/hudo.com\/si\/#organization\",\"name\":\"VSN Media\",\"url\":\"https:\/\/hudo.com\/si\/\",\"logo\":{\"@type\":\"ImageObject\",\"inLanguage\":\"sl-SI\",\"@id\":\"https:\/\/hudo.com\/si\/#\/schema\/logo\/image\/\",\"url\":\"https:\/\/hudo.com\/si\/wp-content\/uploads\/sites\/2\/2021\/03\/hudo-app-2.png\",\"contentUrl\":\"https:\/\/hudo.com\/si\/wp-content\/uploads\/sites\/2\/2021\/03\/hudo-app-2.png\",\"width\":2185,\"height\":2167,\"caption\":\"VSN Media\"},\"image\":{\"@id\":\"https:\/\/hudo.com\/si\/#\/schema\/logo\/image\/\"},\"sameAs\":[\"https:\/\/www.facebook.com\/hudo.si\",\"https:\/\/twitter.com\/hudo_si\"]},{\"@type\":\"Person\",\"@id\":\"https:\/\/hudo.com\/si\/#\/schema\/person\/c2f10ce65d2e6ede2aeda5be2a0611fa\",\"name\":\"M. N., STA\",\"image\":{\"@type\":\"ImageObject\",\"inLanguage\":\"sl-SI\",\"@id\":\"https:\/\/hudo.com\/si\/#\/schema\/person\/image\/\",\"url\":\"https:\/\/secure.gravatar.com\/avatar\/f370d38daa10467f755c5c766a4cac20?s=96&d=mm&r=g\",\"contentUrl\":\"https:\/\/secure.gravatar.com\/avatar\/f370d38daa10467f755c5c766a4cac20?s=96&d=mm&r=g\",\"caption\":\"M. N., STA\"},\"url\":\"https:\/\/hudo.com\/si\/author\/mana\/\"}]}<\/script>\n<!-- \/ Yoast SEO plugin. -->","yoast_head_json":{"title":"V Avstriji veliko povpra\u0161evanje po maskah tipa FFP2, ki bodo odslej obvezne - Hudo Slovenija","robots":{"index":"index","follow":"follow","max-snippet":"max-snippet:-1","max-image-preview":"max-image-preview:large","max-video-preview":"max-video-preview:-1"},"canonical":"https:\/\/hudo.com\/si\/aktualno\/v-avstriji-veliko-povprasevanje-po-maskah-tipa-ffp2-ki-bodo-odslej-obvezne\/","og_locale":"sl_SI","og_type":"article","og_title":"V Avstriji veliko povpra\u0161evanje po maskah tipa FFP2, ki bodo odslej obvezne - Hudo Slovenija","og_description":"Avstrijci morajo od ponedeljka v trgovinah in javnem prometu nositi za\u0161\u010ditne maske tipa FFP2. Povpra\u0161evanje po njih je veliko. Ve\u010dina trgovin se je dobro zalo\u017eila in ta teden ponudila ugodne akcijske cene. Za revnej\u0161e in socialno ogro\u017eene pa je vlada omogo\u010dila brezpla\u010dni dostop do mask z vi\u0161jo stopnjo za\u0161\u010dite.","og_url":"https:\/\/hudo.com\/si\/aktualno\/v-avstriji-veliko-povprasevanje-po-maskah-tipa-ffp2-ki-bodo-odslej-obvezne\/","og_site_name":"Hudo Slovenija","article_publisher":"https:\/\/www.facebook.com\/hudo.si","article_published_time":"2021-01-22T17:54:57+00:00","og_image":[{"width":1250,"height":867,"url":"https:\/\/hudo.com\/si\/wp-content\/uploads\/sites\/2\/2021\/01\/profimedia-0584354984.jpg","type":"image\/jpeg"}],"author":"M. N., STA","twitter_card":"summary_large_image","twitter_creator":"@hudo_si","twitter_site":"@hudo_si","twitter_misc":{"Written by":"M. N., STA","Est. reading time":"1 minuta"},"schema":{"@context":"https:\/\/schema.org","@graph":[{"@type":"Article","@id":"https:\/\/hudo.com\/si\/aktualno\/v-avstriji-veliko-povprasevanje-po-maskah-tipa-ffp2-ki-bodo-odslej-obvezne\/#article","isPartOf":{"@id":"https:\/\/hudo.com\/si\/aktualno\/v-avstriji-veliko-povprasevanje-po-maskah-tipa-ffp2-ki-bodo-odslej-obvezne\/"},"author":{"name":"M. N., STA","@id":"https:\/\/hudo.com\/si\/#\/schema\/person\/c2f10ce65d2e6ede2aeda5be2a0611fa"},"headline":"V Avstriji veliko povpra\u0161evanje po maskah tipa FFP2, ki bodo odslej obvezne","datePublished":"2021-01-22T17:54:57+00:00","dateModified":"2021-01-22T17:54:57+00:00","mainEntityOfPage":{"@id":"https:\/\/hudo.com\/si\/aktualno\/v-avstriji-veliko-povprasevanje-po-maskah-tipa-ffp2-ki-bodo-odslej-obvezne\/"},"wordCount":231,"publisher":{"@id":"https:\/\/hudo.com\/si\/#organization"},"keywords":["Avstrija","FFP2","za\u0161\u010ditne maske"],"articleSection":["Aktualno"],"inLanguage":"sl-SI"},{"@type":"WebPage","@id":"https:\/\/hudo.com\/si\/aktualno\/v-avstriji-veliko-povprasevanje-po-maskah-tipa-ffp2-ki-bodo-odslej-obvezne\/","url":"https:\/\/hudo.com\/si\/aktualno\/v-avstriji-veliko-povprasevanje-po-maskah-tipa-ffp2-ki-bodo-odslej-obvezne\/","name":"V Avstriji veliko povpra\u0161evanje po maskah tipa FFP2, ki bodo odslej obvezne - Hudo Slovenija","isPartOf":{"@id":"https:\/\/hudo.com\/si\/#website"},"datePublished":"2021-01-22T17:54:57+00:00","dateModified":"2021-01-22T17:54:57+00:00","breadcrumb":{"@id":"https:\/\/hudo.com\/si\/aktualno\/v-avstriji-veliko-povprasevanje-po-maskah-tipa-ffp2-ki-bodo-odslej-obvezne\/#breadcrumb"},"inLanguage":"sl-SI","potentialAction":[{"@type":"ReadAction","target":["https:\/\/hudo.com\/si\/aktualno\/v-avstriji-veliko-povprasevanje-po-maskah-tipa-ffp2-ki-bodo-odslej-obvezne\/"]}]},{"@type":"BreadcrumbList","@id":"https:\/\/hudo.com\/si\/aktualno\/v-avstriji-veliko-povprasevanje-po-maskah-tipa-ffp2-ki-bodo-odslej-obvezne\/#breadcrumb","itemListElement":[{"@type":"ListItem","position":1,"name":"Home","item":"https:\/\/hudo.com\/si\/"},{"@type":"ListItem","position":2,"name":"V Avstriji veliko povpra\u0161evanje po maskah tipa FFP2, ki bodo odslej obvezne"}]},{"@type":"WebSite","@id":"https:\/\/hudo.com\/si\/#website","url":"https:\/\/hudo.com\/si\/","name":"Hudo Slovenija","description":"Vse novice iz Slovenije in sveta","publisher":{"@id":"https:\/\/hudo.com\/si\/#organization"},"potentialAction":[{"@type":"SearchAction","target":{"@type":"EntryPoint","urlTemplate":"https:\/\/hudo.com\/si\/?s={search_term_string}"},"query-input":"required name=search_term_string"}],"inLanguage":"sl-SI"},{"@type":"Organization","@id":"https:\/\/hudo.com\/si\/#organization","name":"VSN Media","url":"https:\/\/hudo.com\/si\/","logo":{"@type":"ImageObject","inLanguage":"sl-SI","@id":"https:\/\/hudo.com\/si\/#\/schema\/logo\/image\/","url":"https:\/\/hudo.com\/si\/wp-content\/uploads\/sites\/2\/2021\/03\/hudo-app-2.png","contentUrl":"https:\/\/hudo.com\/si\/wp-content\/uploads\/sites\/2\/2021\/03\/hudo-app-2.png","width":2185,"height":2167,"caption":"VSN Media"},"image":{"@id":"https:\/\/hudo.com\/si\/#\/schema\/logo\/image\/"},"sameAs":["https:\/\/www.facebook.com\/hudo.si","https:\/\/twitter.com\/hudo_si"]},{"@type":"Person","@id":"https:\/\/hudo.com\/si\/#\/schema\/person\/c2f10ce65d2e6ede2aeda5be2a0611fa","name":"M. N., STA","image":{"@type":"ImageObject","inLanguage":"sl-SI","@id":"https:\/\/hudo.com\/si\/#\/schema\/person\/image\/","url":"https:\/\/secure.gravatar.com\/avatar\/f370d38daa10467f755c5c766a4cac20?s=96&d=mm&r=g","contentUrl":"https:\/\/secure.gravatar.com\/avatar\/f370d38daa10467f755c5c766a4cac20?s=96&d=mm&r=g","caption":"M. N., STA"},"url":"https:\/\/hudo.com\/si\/author\/mana\/"}]}},"amp_enabled":true,"_links":{"self":[{"href":"https:\/\/hudo.com\/si\/wp-json\/wp\/v2\/posts\/443241"}],"collection":[{"href":"https:\/\/hudo.com\/si\/wp-json\/wp\/v2\/posts"}],"about":[{"href":"https:\/\/hudo.com\/si\/wp-json\/wp\/v2\/types\/post"}],"author":[{"embeddable":true,"href":"https:\/\/hudo.com\/si\/wp-json\/wp\/v2\/users\/8"}],"replies":[{"embeddable":true,"href":"https:\/\/hudo.com\/si\/wp-json\/wp\/v2\/comments?post=443241"}],"version-history":[{"count":1,"href":"https:\/\/hudo.com\/si\/wp-json\/wp\/v2\/posts\/443241\/revisions"}],"predecessor-version":[{"id":443242,"href":"https:\/\/hudo.com\/si\/wp-json\/wp\/v2\/posts\/443241\/revisions\/443242"}],"wp:featuredmedia":[{"embeddable":true,"href":"https:\/\/hudo.com\/si\/wp-json\/wp\/v2\/media\/442833"}],"wp:attachment":[{"href":"https:\/\/hudo.com\/si\/wp-json\/wp\/v2\/media?parent=443241"}],"wp:term":[{"taxonomy":"category","embeddable":true,"href":"https:\/\/hudo.com\/si\/wp-json\/wp\/v2\/categories?post=443241"},{"taxonomy":"post_tag","embeddable":true,"href":"https:\/\/hudo.com\/si\/wp-json\/wp\/v2\/tags?post=443241"},{"taxonomy":"source","embeddable":true,"href":"https:\/\/hudo.com\/si\/wp-json\/wp\/v2\/source?post=443241"},{"taxonomy":"supertag","embeddable":true,"href":"https:\/\/hudo.com\/si\/wp-json\/wp\/v2\/supertag?post=443241"}],"curies":[{"name":"wp","href":"https:\/\/api.w.org\/{rel}","templated":true}]}}