{"id":443263,"date":"2021-01-23T11:19:58","date_gmt":"2021-01-23T10:19:58","guid":{"rendered":"http:\/\/hudo.com\/si\/?p=443263"},"modified":"2021-01-23T11:19:58","modified_gmt":"2021-01-23T10:19:58","slug":"vreme-danes-bo-oblacno-padavine-bodo-oslabele","status":"publish","type":"post","link":"https:\/\/hudo.com\/si\/aktualno\/vreme-danes-bo-oblacno-padavine-bodo-oslabele\/","title":{"rendered":"Vreme: Danes bo obla\u010dno, padavine bodo oslabele"},"content":{"rendered":"<p>Temperature bodo na Gorenjskem in Koro\u0161kem od 0 do 5, drugod od 5 do 11 stopinj Celzija. Pono\u010di bodo padavine ponehale, delno se bo razjasnilo. Veter bo ponehal. Proti jutru bo od jugozahoda obla\u010dnost nara\u0161\u010dala, na jugu bo pri\u010delo rahlo de\u017eevati. Najni\u017eje jutranje temperature bodo od 0 do 5, na severu malo pod 0, ob morju 8 stopinj Celzija.<\/p>\n<p>V nedeljo bo obla\u010dno. Dopoldne se bodo od juga spet raz\u0161irile padavine, tudi po ni\u017einah v notranjosti Slovenije bo de\u017e pre\u0161el v sneg. Popoldne bo zapihal severovzhodnik, na Primorskem ve\u010dinoma \u0161ibka burja. Temperature bodo od 0 do 5, na Primorskem do 9 stopinj Celzija.<\/p>\n<p>Opozorilo: Predvsem v Julijskih Alpah ter zahodnih in osrednjih Karavankah je zaradi velike koli\u010dine novega snega, ni\u017eje pa zaradi de\u017eja, nevarnost sne\u017enih plazov velika.<\/p>\n<p>Obeti: V no\u010di na ponedeljek se bo prehodno zjasnilo, v ponedeljek zjutraj pa od zahoda spet poobla\u010dilo. V ju\u017eni ter ponekod v zahodni in osrednji Sloveniji bo \u010dez dan ob\u010dasno sne\u017eilo. V torek bo son\u010dno z mrzlim jutrom.<\/p>\n<p>Vremenska slika: Nad Evropo je obse\u017eno obmo\u010dje nizkega zra\u010dnega tlaka. Po prehodu hladne fronte v vi\u0161inah nad na\u0161e kraje doteka nekoliko hladnej\u0161i zrak.<\/p>\n<p>Napoved za sosednje pokrajine: Danes bo obla\u010dno s padavinami, ki jih bo manj v krajih vzhodno od nas. Na obmo\u010dju Alp bo sne\u017eilo do dolin. Ob severnem Jadranu bo \u0161e pihal ju\u017eni do jugozahodni veter. V nedeljo bo obla\u010dno. Predvsem v krajih ju\u017eno in vzhodno od nas bodo padavine, po ni\u017einah bo deloma de\u017eevalo deloma sne\u017eilo. Severno in zahodno od nas bo pove\u010dini suho. Ob severnem Jadranu bo zapihala zmerna burja. Hladneje bo.<\/p>\n<p>Biovreme: V soboto dopoldne bo vremenska obremenitev popustila, v preostanku dneva bo vpliv vremena na po\u010dutje ljudi zmerno obremenilen. Vremensko ob\u010dutljivi bodo imeli zna\u010dilne vremensko pogojene te\u017eave. V nedeljo zjutraj se bo obremenitev spet okrepila, \u010dez dan bo veliko ljudi imelo z vremenom povezane te\u017eave.<\/p>\n","protected":false},"excerpt":{"rendered":"<p>Padavine bodo nekoliko oslabele, manj jih bo v vzhodnih krajih. Meja sne\u017eenja se bo spu\u0161\u010dala in bo popoldne v severni Sloveniji na okoli 600 metrih nadmorske vi\u0161ine. Jugo ob morju bo slabel, predvsem v Prekmurju in na \u0160tajerskem bo \u0161e pihal ju\u017eni veter, je zapisano na spletnih straneh Agencije RS za okolje.<\/p>\n","protected":false},"author":8,"featured_media":440650,"comment_status":"closed","ping_status":"closed","sticky":false,"template":"","format":"standard","meta":{"footnotes":""},"categories":[1179],"tags":[1595,2149],"source":[4511],"supertag":[5675,12922],"acf":[],"yoast_head":"<!-- This site is optimized with the Yoast SEO plugin v21.3 - https:\/\/yoast.com\/wordpress\/plugins\/seo\/ -->\n<title>Vreme: Danes bo obla\u010dno, padavine bodo oslabele - Hudo Slovenija<\/title>\n<meta name=\"robots\" content=\"index, follow, max-snippet:-1, max-image-preview:large, max-video-preview:-1\" \/>\n<link rel=\"canonical\" href=\"https:\/\/hudo.com\/si\/aktualno\/vreme-danes-bo-oblacno-padavine-bodo-oslabele\/\" \/>\n<meta property=\"og:locale\" content=\"sl_SI\" \/>\n<meta property=\"og:type\" content=\"article\" \/>\n<meta property=\"og:title\" content=\"Vreme: Danes bo obla\u010dno, padavine bodo oslabele - Hudo Slovenija\" \/>\n<meta property=\"og:description\" content=\"Padavine bodo nekoliko oslabele, manj jih bo v vzhodnih krajih. Meja sne\u017eenja se bo spu\u0161\u010dala in bo popoldne v severni Sloveniji na okoli 600 metrih nadmorske vi\u0161ine. Jugo ob morju bo slabel, predvsem v Prekmurju in na \u0160tajerskem bo \u0161e pihal ju\u017eni veter, je zapisano na spletnih straneh Agencije RS za okolje.\" \/>\n<meta property=\"og:url\" content=\"https:\/\/hudo.com\/si\/aktualno\/vreme-danes-bo-oblacno-padavine-bodo-oslabele\/\" \/>\n<meta property=\"og:site_name\" content=\"Hudo Slovenija\" \/>\n<meta property=\"article:publisher\" content=\"https:\/\/www.facebook.com\/hudo.si\" \/>\n<meta property=\"article:published_time\" content=\"2021-01-23T10:19:58+00:00\" \/>\n<meta property=\"og:image\" content=\"https:\/\/hudo.com\/si\/wp-content\/uploads\/sites\/2\/2020\/12\/profimedia-0495890485.jpg\" \/>\n\t<meta property=\"og:image:width\" content=\"1250\" \/>\n\t<meta property=\"og:image:height\" content=\"833\" \/>\n\t<meta property=\"og:image:type\" content=\"image\/jpeg\" \/>\n<meta name=\"author\" content=\"M. N., STA\" \/>\n<meta name=\"twitter:card\" content=\"summary_large_image\" \/>\n<meta name=\"twitter:creator\" content=\"@hudo_si\" \/>\n<meta name=\"twitter:site\" content=\"@hudo_si\" \/>\n<meta name=\"twitter:label1\" content=\"Written by\" \/>\n\t<meta name=\"twitter:data1\" content=\"M. N., STA\" \/>\n\t<meta name=\"twitter:label2\" content=\"Est. reading time\" \/>\n\t<meta name=\"twitter:data2\" content=\"2 minuti\" \/>\n<script type=\"application\/ld+json\" class=\"yoast-schema-graph\">{\"@context\":\"https:\/\/schema.org\",\"@graph\":[{\"@type\":\"Article\",\"@id\":\"https:\/\/hudo.com\/si\/aktualno\/vreme-danes-bo-oblacno-padavine-bodo-oslabele\/#article\",\"isPartOf\":{\"@id\":\"https:\/\/hudo.com\/si\/aktualno\/vreme-danes-bo-oblacno-padavine-bodo-oslabele\/\"},\"author\":{\"name\":\"M. N., STA\",\"@id\":\"https:\/\/hudo.com\/si\/#\/schema\/person\/c2f10ce65d2e6ede2aeda5be2a0611fa\"},\"headline\":\"Vreme: Danes bo obla\u010dno, padavine bodo oslabele\",\"datePublished\":\"2021-01-23T10:19:58+00:00\",\"dateModified\":\"2021-01-23T10:19:58+00:00\",\"mainEntityOfPage\":{\"@id\":\"https:\/\/hudo.com\/si\/aktualno\/vreme-danes-bo-oblacno-padavine-bodo-oslabele\/\"},\"wordCount\":346,\"publisher\":{\"@id\":\"https:\/\/hudo.com\/si\/#organization\"},\"keywords\":[\"Slovenija\",\"vreme\"],\"articleSection\":[\"Aktualno\"],\"inLanguage\":\"sl-SI\"},{\"@type\":\"WebPage\",\"@id\":\"https:\/\/hudo.com\/si\/aktualno\/vreme-danes-bo-oblacno-padavine-bodo-oslabele\/\",\"url\":\"https:\/\/hudo.com\/si\/aktualno\/vreme-danes-bo-oblacno-padavine-bodo-oslabele\/\",\"name\":\"Vreme: Danes bo obla\u010dno, padavine bodo oslabele - Hudo Slovenija\",\"isPartOf\":{\"@id\":\"https:\/\/hudo.com\/si\/#website\"},\"datePublished\":\"2021-01-23T10:19:58+00:00\",\"dateModified\":\"2021-01-23T10:19:58+00:00\",\"breadcrumb\":{\"@id\":\"https:\/\/hudo.com\/si\/aktualno\/vreme-danes-bo-oblacno-padavine-bodo-oslabele\/#breadcrumb\"},\"inLanguage\":\"sl-SI\",\"potentialAction\":[{\"@type\":\"ReadAction\",\"target\":[\"https:\/\/hudo.com\/si\/aktualno\/vreme-danes-bo-oblacno-padavine-bodo-oslabele\/\"]}]},{\"@type\":\"BreadcrumbList\",\"@id\":\"https:\/\/hudo.com\/si\/aktualno\/vreme-danes-bo-oblacno-padavine-bodo-oslabele\/#breadcrumb\",\"itemListElement\":[{\"@type\":\"ListItem\",\"position\":1,\"name\":\"Home\",\"item\":\"https:\/\/hudo.com\/si\/\"},{\"@type\":\"ListItem\",\"position\":2,\"name\":\"Vreme: Danes bo obla\u010dno, padavine bodo oslabele\"}]},{\"@type\":\"WebSite\",\"@id\":\"https:\/\/hudo.com\/si\/#website\",\"url\":\"https:\/\/hudo.com\/si\/\",\"name\":\"Hudo Slovenija\",\"description\":\"Vse novice iz Slovenije in sveta\",\"publisher\":{\"@id\":\"https:\/\/hudo.com\/si\/#organization\"},\"potentialAction\":[{\"@type\":\"SearchAction\",\"target\":{\"@type\":\"EntryPoint\",\"urlTemplate\":\"https:\/\/hudo.com\/si\/?s={search_term_string}\"},\"query-input\":\"required name=search_term_string\"}],\"inLanguage\":\"sl-SI\"},{\"@type\":\"Organization\",\"@id\":\"https:\/\/hudo.com\/si\/#organization\",\"name\":\"VSN Media\",\"url\":\"https:\/\/hudo.com\/si\/\",\"logo\":{\"@type\":\"ImageObject\",\"inLanguage\":\"sl-SI\",\"@id\":\"https:\/\/hudo.com\/si\/#\/schema\/logo\/image\/\",\"url\":\"https:\/\/hudo.com\/si\/wp-content\/uploads\/sites\/2\/2021\/03\/hudo-app-2.png\",\"contentUrl\":\"https:\/\/hudo.com\/si\/wp-content\/uploads\/sites\/2\/2021\/03\/hudo-app-2.png\",\"width\":2185,\"height\":2167,\"caption\":\"VSN Media\"},\"image\":{\"@id\":\"https:\/\/hudo.com\/si\/#\/schema\/logo\/image\/\"},\"sameAs\":[\"https:\/\/www.facebook.com\/hudo.si\",\"https:\/\/twitter.com\/hudo_si\"]},{\"@type\":\"Person\",\"@id\":\"https:\/\/hudo.com\/si\/#\/schema\/person\/c2f10ce65d2e6ede2aeda5be2a0611fa\",\"name\":\"M. N., STA\",\"image\":{\"@type\":\"ImageObject\",\"inLanguage\":\"sl-SI\",\"@id\":\"https:\/\/hudo.com\/si\/#\/schema\/person\/image\/\",\"url\":\"https:\/\/secure.gravatar.com\/avatar\/f370d38daa10467f755c5c766a4cac20?s=96&d=mm&r=g\",\"contentUrl\":\"https:\/\/secure.gravatar.com\/avatar\/f370d38daa10467f755c5c766a4cac20?s=96&d=mm&r=g\",\"caption\":\"M. N., STA\"},\"url\":\"https:\/\/hudo.com\/si\/author\/mana\/\"}]}<\/script>\n<!-- \/ Yoast SEO plugin. -->","yoast_head_json":{"title":"Vreme: Danes bo obla\u010dno, padavine bodo oslabele - Hudo Slovenija","robots":{"index":"index","follow":"follow","max-snippet":"max-snippet:-1","max-image-preview":"max-image-preview:large","max-video-preview":"max-video-preview:-1"},"canonical":"https:\/\/hudo.com\/si\/aktualno\/vreme-danes-bo-oblacno-padavine-bodo-oslabele\/","og_locale":"sl_SI","og_type":"article","og_title":"Vreme: Danes bo obla\u010dno, padavine bodo oslabele - Hudo Slovenija","og_description":"Padavine bodo nekoliko oslabele, manj jih bo v vzhodnih krajih. Meja sne\u017eenja se bo spu\u0161\u010dala in bo popoldne v severni Sloveniji na okoli 600 metrih nadmorske vi\u0161ine. Jugo ob morju bo slabel, predvsem v Prekmurju in na \u0160tajerskem bo \u0161e pihal ju\u017eni veter, je zapisano na spletnih straneh Agencije RS za okolje.","og_url":"https:\/\/hudo.com\/si\/aktualno\/vreme-danes-bo-oblacno-padavine-bodo-oslabele\/","og_site_name":"Hudo Slovenija","article_publisher":"https:\/\/www.facebook.com\/hudo.si","article_published_time":"2021-01-23T10:19:58+00:00","og_image":[{"width":1250,"height":833,"url":"https:\/\/hudo.com\/si\/wp-content\/uploads\/sites\/2\/2020\/12\/profimedia-0495890485.jpg","type":"image\/jpeg"}],"author":"M. N., STA","twitter_card":"summary_large_image","twitter_creator":"@hudo_si","twitter_site":"@hudo_si","twitter_misc":{"Written by":"M. N., STA","Est. reading time":"2 minuti"},"schema":{"@context":"https:\/\/schema.org","@graph":[{"@type":"Article","@id":"https:\/\/hudo.com\/si\/aktualno\/vreme-danes-bo-oblacno-padavine-bodo-oslabele\/#article","isPartOf":{"@id":"https:\/\/hudo.com\/si\/aktualno\/vreme-danes-bo-oblacno-padavine-bodo-oslabele\/"},"author":{"name":"M. N., STA","@id":"https:\/\/hudo.com\/si\/#\/schema\/person\/c2f10ce65d2e6ede2aeda5be2a0611fa"},"headline":"Vreme: Danes bo obla\u010dno, padavine bodo oslabele","datePublished":"2021-01-23T10:19:58+00:00","dateModified":"2021-01-23T10:19:58+00:00","mainEntityOfPage":{"@id":"https:\/\/hudo.com\/si\/aktualno\/vreme-danes-bo-oblacno-padavine-bodo-oslabele\/"},"wordCount":346,"publisher":{"@id":"https:\/\/hudo.com\/si\/#organization"},"keywords":["Slovenija","vreme"],"articleSection":["Aktualno"],"inLanguage":"sl-SI"},{"@type":"WebPage","@id":"https:\/\/hudo.com\/si\/aktualno\/vreme-danes-bo-oblacno-padavine-bodo-oslabele\/","url":"https:\/\/hudo.com\/si\/aktualno\/vreme-danes-bo-oblacno-padavine-bodo-oslabele\/","name":"Vreme: Danes bo obla\u010dno, padavine bodo oslabele - Hudo Slovenija","isPartOf":{"@id":"https:\/\/hudo.com\/si\/#website"},"datePublished":"2021-01-23T10:19:58+00:00","dateModified":"2021-01-23T10:19:58+00:00","breadcrumb":{"@id":"https:\/\/hudo.com\/si\/aktualno\/vreme-danes-bo-oblacno-padavine-bodo-oslabele\/#breadcrumb"},"inLanguage":"sl-SI","potentialAction":[{"@type":"ReadAction","target":["https:\/\/hudo.com\/si\/aktualno\/vreme-danes-bo-oblacno-padavine-bodo-oslabele\/"]}]},{"@type":"BreadcrumbList","@id":"https:\/\/hudo.com\/si\/aktualno\/vreme-danes-bo-oblacno-padavine-bodo-oslabele\/#breadcrumb","itemListElement":[{"@type":"ListItem","position":1,"name":"Home","item":"https:\/\/hudo.com\/si\/"},{"@type":"ListItem","position":2,"name":"Vreme: Danes bo obla\u010dno, padavine bodo oslabele"}]},{"@type":"WebSite","@id":"https:\/\/hudo.com\/si\/#website","url":"https:\/\/hudo.com\/si\/","name":"Hudo Slovenija","description":"Vse novice iz Slovenije in sveta","publisher":{"@id":"https:\/\/hudo.com\/si\/#organization"},"potentialAction":[{"@type":"SearchAction","target":{"@type":"EntryPoint","urlTemplate":"https:\/\/hudo.com\/si\/?s={search_term_string}"},"query-input":"required name=search_term_string"}],"inLanguage":"sl-SI"},{"@type":"Organization","@id":"https:\/\/hudo.com\/si\/#organization","name":"VSN Media","url":"https:\/\/hudo.com\/si\/","logo":{"@type":"ImageObject","inLanguage":"sl-SI","@id":"https:\/\/hudo.com\/si\/#\/schema\/logo\/image\/","url":"https:\/\/hudo.com\/si\/wp-content\/uploads\/sites\/2\/2021\/03\/hudo-app-2.png","contentUrl":"https:\/\/hudo.com\/si\/wp-content\/uploads\/sites\/2\/2021\/03\/hudo-app-2.png","width":2185,"height":2167,"caption":"VSN Media"},"image":{"@id":"https:\/\/hudo.com\/si\/#\/schema\/logo\/image\/"},"sameAs":["https:\/\/www.facebook.com\/hudo.si","https:\/\/twitter.com\/hudo_si"]},{"@type":"Person","@id":"https:\/\/hudo.com\/si\/#\/schema\/person\/c2f10ce65d2e6ede2aeda5be2a0611fa","name":"M. N., STA","image":{"@type":"ImageObject","inLanguage":"sl-SI","@id":"https:\/\/hudo.com\/si\/#\/schema\/person\/image\/","url":"https:\/\/secure.gravatar.com\/avatar\/f370d38daa10467f755c5c766a4cac20?s=96&d=mm&r=g","contentUrl":"https:\/\/secure.gravatar.com\/avatar\/f370d38daa10467f755c5c766a4cac20?s=96&d=mm&r=g","caption":"M. N., STA"},"url":"https:\/\/hudo.com\/si\/author\/mana\/"}]}},"amp_enabled":true,"_links":{"self":[{"href":"https:\/\/hudo.com\/si\/wp-json\/wp\/v2\/posts\/443263"}],"collection":[{"href":"https:\/\/hudo.com\/si\/wp-json\/wp\/v2\/posts"}],"about":[{"href":"https:\/\/hudo.com\/si\/wp-json\/wp\/v2\/types\/post"}],"author":[{"embeddable":true,"href":"https:\/\/hudo.com\/si\/wp-json\/wp\/v2\/users\/8"}],"replies":[{"embeddable":true,"href":"https:\/\/hudo.com\/si\/wp-json\/wp\/v2\/comments?post=443263"}],"version-history":[{"count":1,"href":"https:\/\/hudo.com\/si\/wp-json\/wp\/v2\/posts\/443263\/revisions"}],"predecessor-version":[{"id":443264,"href":"https:\/\/hudo.com\/si\/wp-json\/wp\/v2\/posts\/443263\/revisions\/443264"}],"wp:featuredmedia":[{"embeddable":true,"href":"https:\/\/hudo.com\/si\/wp-json\/wp\/v2\/media\/440650"}],"wp:attachment":[{"href":"https:\/\/hudo.com\/si\/wp-json\/wp\/v2\/media?parent=443263"}],"wp:term":[{"taxonomy":"category","embeddable":true,"href":"https:\/\/hudo.com\/si\/wp-json\/wp\/v2\/categories?post=443263"},{"taxonomy":"post_tag","embeddable":true,"href":"https:\/\/hudo.com\/si\/wp-json\/wp\/v2\/tags?post=443263"},{"taxonomy":"source","embeddable":true,"href":"https:\/\/hudo.com\/si\/wp-json\/wp\/v2\/source?post=443263"},{"taxonomy":"supertag","embeddable":true,"href":"https:\/\/hudo.com\/si\/wp-json\/wp\/v2\/supertag?post=443263"}],"curies":[{"name":"wp","href":"https:\/\/api.w.org\/{rel}","templated":true}]}}