{"id":443309,"date":"2021-01-24T08:53:26","date_gmt":"2021-01-24T07:53:26","guid":{"rendered":"http:\/\/hudo.com\/si\/?p=443309"},"modified":"2021-01-24T08:53:26","modified_gmt":"2021-01-24T07:53:26","slug":"pocivalsek-v-dubaju-za-krepitvi-gospodarskih-vezi-z-emirati-in-o-sodelovanju-slovenije-na-expu","status":"publish","type":"post","link":"https:\/\/hudo.com\/si\/aktualno\/pocivalsek-v-dubaju-za-krepitvi-gospodarskih-vezi-z-emirati-in-o-sodelovanju-slovenije-na-expu\/","title":{"rendered":"Po\u010dival\u0161ek v Dubaju za krepitvi gospodarskih vezi z emirati in o sodelovanju Slovenije na Expu"},"content":{"rendered":"<p>Kot so sporo\u010dili z ministrstva za gospodarski razvoj in tehnologijo, se bo Po\u010dival\u0161ek v ponedeljek dopoldne v Abu Dabiju predvidoma sestal z ministrom za industrijo in napredne tehnologije Sultanom Ahmedom Al D\u017eaberom.<\/p>\n<p>Osrednja tema pogovorov bo okrepitev gospodarskega sodelovanja med Slovenijo in Zdru\u017eenimi arabskimi emirati. To ima po besedah Po\u010dival\u0161ka velik potencial zlasti na podro\u010djih farmacije, naprednih tehnologij in umetne inteligence, pa tudi zelenih inovacij in vsebin, povezanih z lesom.<\/p>\n<p>V ponedeljek popoldne se bo minister Po\u010dival\u0161ek skupaj s celotno delegacijo sestal \u0161e s predstavniki slovenskega gospodarstva, ki delujejo v Dubaju.<\/p>\n<p>V torek dopoldne se bo Po\u010dival\u0161ek sre\u010dal z ministrom za gospodarstvo emiratov Abdulom Bin Tukom Al Marijem, opoldne pa bo sledila novinarka konferenca ob slovesnem prevzemu slovenskega paviljona, s katerim se bo Slovenija predstavljala na svetovni razstavi Expo. Paviljon bo ustvarjal vtis lebde\u010de zelene oaze na vodni blazini.<\/p>\n<p>Po\u010dival\u0161ek se bo sestal tudi z generalno direktorico Expa in ministrico za mednarodno sodelovanje Zdru\u017eenih arabskih emiratov Rem al Ha\u0161imi. Ogledal si bo prizori\u0161\u010de svetovne razstave Expo 2020, ki je deloma \u017ee odprto za obiskovalce, medtem ko paviljoni posameznih dr\u017eav, tudi Slovenije, dobivajo kon\u010dno podobo.<\/p>\n<p>Po\u010dival\u0161kov obisk v Zdru\u017eenih arabskih emiratih &#8211; sklenil ga bo v sredo z obiskom slovenskega podjetja Gorica &#8211; bo drugi po letu 2016, ko je v Dubaju med drugim podpisal dogovor o sodelovanju Slovenija na razstavi Expo 2020.<\/p>\n<p>Po\u010dival\u0161ek je na novinarski konferenci pred odhodom v Zdru\u017eene arabske emirate spomnil, da je regija Bli\u017enjega vzhoda, Afrike in ju\u017ene Azije za slovensko gospodarstvo velikega pomena tudi v lu\u010di okrevanja po pandemiji covida-19.<\/p>\n<p>&#8220;Da bi se po padcu zaradi pandemije \u010dim prej ponovno vrnili na nekdanje \u0161tevilke, bo treba na eni strani okrepiti vlaganja v razvoj gospodarstva, na drugi pa krepiti polo\u017eaj na trgih zunaj Evropske unije. Trgi v dr\u017eavah Bli\u017enjega vzhoda, ju\u017ene Azije in Afrike so spri\u010do velikega potenciala zagotovo na\u0161 cilj,&#8221; so njegove besede povzeli na ministrstvu.<\/p>\n<p>Expo bo potekal od 1. oktobra 2021 do 31. marca 2022. Svetovna razstava v Dubaju naj bi se po prvotnih na\u010drtih za\u010dela lani, a so jo prestavili v lu\u010di globalne pandemije covida-19. Vseeno je obdr\u017eala naziv Expo 2020.<\/p>\n<p>Po\u010dival\u0161ek je v ponedeljek na spletni novinarski konferenci zatrdil, da so organizatorji obdobje zamika dobro izkoristili, tako je eden od glavnih paviljonov razstave, posve\u010den tematiki trajnosti, \u017ee uradno odprt za obiskovalce.<\/p>\n<p>Ob lastnih bo slovenski paviljon gostil tudi vsebine EU, saj unija na Expu tokrat ne bo imela svojega lastnega paviljona. Dodatna pozornost se zato Sloveniji po Po\u010dival\u0161kovih besedah obeta v lu\u010di dejstva, da bo v drugi polovici leto\u0161njega leta, tudi v \u010dasu za\u010detka Expa, prav Slovenija predsedovala Svetu EU.<\/p>\n<p>Expo 2020 v Dubaju sicer \u017ee velja za rekordnega, saj bo na njem sodelovalo najve\u010d dr\u017eav doslej, skupno 194. Organizatorji pri\u010dakujejo 25 milijonov obiskovalcev, svetovna razstava, ki bo prvi\u010d potekala v tem delu sveta, pa bo ustvarila ve\u010d kot 280.000 delovnih mest. Slovenija se bo na Expu predstavila z enim od 83 samostojnih paviljonov.<\/p>\n","protected":false},"excerpt":{"rendered":"<p>Gospodarski minister Zdravko Po\u010dival\u0161ek se danes pozno zve\u010der skupaj z delegacijo odpravlja na uradni obisk v Zdru\u017eene arabske emirate. Namen obiska je krepitev gospodarskega sodelovanja med Slovenijo in emirati, pa tudi o sodelovanju Slovenije na svetovni razstavi Expo 2020 konec leto\u0161njega in v za\u010detku prihodnjega leta.<\/p>\n","protected":false},"author":8,"featured_media":434335,"comment_status":"closed","ping_status":"closed","sticky":false,"template":"","format":"standard","meta":{"footnotes":""},"categories":[1179],"tags":[13476,17516,2391,1595,4992],"source":[4511],"supertag":[7541,5675],"acf":[],"yoast_head":"<!-- This site is optimized with the Yoast SEO plugin v21.3 - https:\/\/yoast.com\/wordpress\/plugins\/seo\/ -->\n<title>Po\u010dival\u0161ek v Dubaju za krepitvi gospodarskih vezi z emirati in o sodelovanju Slovenije na Expu - Hudo Slovenija<\/title>\n<meta name=\"robots\" content=\"index, follow, max-snippet:-1, max-image-preview:large, max-video-preview:-1\" \/>\n<link rel=\"canonical\" href=\"https:\/\/hudo.com\/si\/aktualno\/pocivalsek-v-dubaju-za-krepitvi-gospodarskih-vezi-z-emirati-in-o-sodelovanju-slovenije-na-expu\/\" \/>\n<meta property=\"og:locale\" content=\"sl_SI\" \/>\n<meta property=\"og:type\" content=\"article\" \/>\n<meta property=\"og:title\" content=\"Po\u010dival\u0161ek v Dubaju za krepitvi gospodarskih vezi z emirati in o sodelovanju Slovenije na Expu - Hudo Slovenija\" \/>\n<meta property=\"og:description\" content=\"Gospodarski minister Zdravko Po\u010dival\u0161ek se danes pozno zve\u010der skupaj z delegacijo odpravlja na uradni obisk v Zdru\u017eene arabske emirate. Namen obiska je krepitev gospodarskega sodelovanja med Slovenijo in emirati, pa tudi o sodelovanju Slovenije na svetovni razstavi Expo 2020 konec leto\u0161njega in v za\u010detku prihodnjega leta.\" \/>\n<meta property=\"og:url\" content=\"https:\/\/hudo.com\/si\/aktualno\/pocivalsek-v-dubaju-za-krepitvi-gospodarskih-vezi-z-emirati-in-o-sodelovanju-slovenije-na-expu\/\" \/>\n<meta property=\"og:site_name\" content=\"Hudo Slovenija\" \/>\n<meta property=\"article:publisher\" content=\"https:\/\/www.facebook.com\/hudo.si\" \/>\n<meta property=\"article:published_time\" content=\"2021-01-24T07:53:26+00:00\" \/>\n<meta property=\"og:image\" content=\"https:\/\/hudo.com\/si\/wp-content\/uploads\/sites\/2\/2020\/10\/profimedia-0318812529.jpg\" \/>\n\t<meta property=\"og:image:width\" content=\"1250\" \/>\n\t<meta property=\"og:image:height\" content=\"833\" \/>\n\t<meta property=\"og:image:type\" content=\"image\/jpeg\" \/>\n<meta name=\"author\" content=\"M. N., STA\" \/>\n<meta name=\"twitter:card\" content=\"summary_large_image\" \/>\n<meta name=\"twitter:creator\" content=\"@hudo_si\" \/>\n<meta name=\"twitter:site\" content=\"@hudo_si\" \/>\n<meta name=\"twitter:label1\" content=\"Written by\" \/>\n\t<meta name=\"twitter:data1\" content=\"M. N., STA\" \/>\n\t<meta name=\"twitter:label2\" content=\"Est. reading time\" \/>\n\t<meta name=\"twitter:data2\" content=\"3 minute\" \/>\n<script type=\"application\/ld+json\" class=\"yoast-schema-graph\">{\"@context\":\"https:\/\/schema.org\",\"@graph\":[{\"@type\":\"Article\",\"@id\":\"https:\/\/hudo.com\/si\/aktualno\/pocivalsek-v-dubaju-za-krepitvi-gospodarskih-vezi-z-emirati-in-o-sodelovanju-slovenije-na-expu\/#article\",\"isPartOf\":{\"@id\":\"https:\/\/hudo.com\/si\/aktualno\/pocivalsek-v-dubaju-za-krepitvi-gospodarskih-vezi-z-emirati-in-o-sodelovanju-slovenije-na-expu\/\"},\"author\":{\"name\":\"M. N., STA\",\"@id\":\"https:\/\/hudo.com\/si\/#\/schema\/person\/c2f10ce65d2e6ede2aeda5be2a0611fa\"},\"headline\":\"Po\u010dival\u0161ek v Dubaju za krepitvi gospodarskih vezi z emirati in o sodelovanju Slovenije na Expu\",\"datePublished\":\"2021-01-24T07:53:26+00:00\",\"dateModified\":\"2021-01-24T07:53:26+00:00\",\"mainEntityOfPage\":{\"@id\":\"https:\/\/hudo.com\/si\/aktualno\/pocivalsek-v-dubaju-za-krepitvi-gospodarskih-vezi-z-emirati-in-o-sodelovanju-slovenije-na-expu\/\"},\"wordCount\":536,\"publisher\":{\"@id\":\"https:\/\/hudo.com\/si\/#organization\"},\"keywords\":[\"expo 2020\",\"Expo Dubaj\",\"gospodarstvo\",\"Slovenija\",\"Zdravko Po\u010dival\u0161ek\"],\"articleSection\":[\"Aktualno\"],\"inLanguage\":\"sl-SI\"},{\"@type\":\"WebPage\",\"@id\":\"https:\/\/hudo.com\/si\/aktualno\/pocivalsek-v-dubaju-za-krepitvi-gospodarskih-vezi-z-emirati-in-o-sodelovanju-slovenije-na-expu\/\",\"url\":\"https:\/\/hudo.com\/si\/aktualno\/pocivalsek-v-dubaju-za-krepitvi-gospodarskih-vezi-z-emirati-in-o-sodelovanju-slovenije-na-expu\/\",\"name\":\"Po\u010dival\u0161ek v Dubaju za krepitvi gospodarskih vezi z emirati in o sodelovanju Slovenije na Expu - Hudo Slovenija\",\"isPartOf\":{\"@id\":\"https:\/\/hudo.com\/si\/#website\"},\"datePublished\":\"2021-01-24T07:53:26+00:00\",\"dateModified\":\"2021-01-24T07:53:26+00:00\",\"breadcrumb\":{\"@id\":\"https:\/\/hudo.com\/si\/aktualno\/pocivalsek-v-dubaju-za-krepitvi-gospodarskih-vezi-z-emirati-in-o-sodelovanju-slovenije-na-expu\/#breadcrumb\"},\"inLanguage\":\"sl-SI\",\"potentialAction\":[{\"@type\":\"ReadAction\",\"target\":[\"https:\/\/hudo.com\/si\/aktualno\/pocivalsek-v-dubaju-za-krepitvi-gospodarskih-vezi-z-emirati-in-o-sodelovanju-slovenije-na-expu\/\"]}]},{\"@type\":\"BreadcrumbList\",\"@id\":\"https:\/\/hudo.com\/si\/aktualno\/pocivalsek-v-dubaju-za-krepitvi-gospodarskih-vezi-z-emirati-in-o-sodelovanju-slovenije-na-expu\/#breadcrumb\",\"itemListElement\":[{\"@type\":\"ListItem\",\"position\":1,\"name\":\"Home\",\"item\":\"https:\/\/hudo.com\/si\/\"},{\"@type\":\"ListItem\",\"position\":2,\"name\":\"Po\u010dival\u0161ek v Dubaju za krepitvi gospodarskih vezi z emirati in o sodelovanju Slovenije na Expu\"}]},{\"@type\":\"WebSite\",\"@id\":\"https:\/\/hudo.com\/si\/#website\",\"url\":\"https:\/\/hudo.com\/si\/\",\"name\":\"Hudo Slovenija\",\"description\":\"Vse novice iz Slovenije in sveta\",\"publisher\":{\"@id\":\"https:\/\/hudo.com\/si\/#organization\"},\"potentialAction\":[{\"@type\":\"SearchAction\",\"target\":{\"@type\":\"EntryPoint\",\"urlTemplate\":\"https:\/\/hudo.com\/si\/?s={search_term_string}\"},\"query-input\":\"required name=search_term_string\"}],\"inLanguage\":\"sl-SI\"},{\"@type\":\"Organization\",\"@id\":\"https:\/\/hudo.com\/si\/#organization\",\"name\":\"VSN Media\",\"url\":\"https:\/\/hudo.com\/si\/\",\"logo\":{\"@type\":\"ImageObject\",\"inLanguage\":\"sl-SI\",\"@id\":\"https:\/\/hudo.com\/si\/#\/schema\/logo\/image\/\",\"url\":\"https:\/\/hudo.com\/si\/wp-content\/uploads\/sites\/2\/2021\/03\/hudo-app-2.png\",\"contentUrl\":\"https:\/\/hudo.com\/si\/wp-content\/uploads\/sites\/2\/2021\/03\/hudo-app-2.png\",\"width\":2185,\"height\":2167,\"caption\":\"VSN Media\"},\"image\":{\"@id\":\"https:\/\/hudo.com\/si\/#\/schema\/logo\/image\/\"},\"sameAs\":[\"https:\/\/www.facebook.com\/hudo.si\",\"https:\/\/twitter.com\/hudo_si\"]},{\"@type\":\"Person\",\"@id\":\"https:\/\/hudo.com\/si\/#\/schema\/person\/c2f10ce65d2e6ede2aeda5be2a0611fa\",\"name\":\"M. N., STA\",\"image\":{\"@type\":\"ImageObject\",\"inLanguage\":\"sl-SI\",\"@id\":\"https:\/\/hudo.com\/si\/#\/schema\/person\/image\/\",\"url\":\"https:\/\/secure.gravatar.com\/avatar\/f370d38daa10467f755c5c766a4cac20?s=96&d=mm&r=g\",\"contentUrl\":\"https:\/\/secure.gravatar.com\/avatar\/f370d38daa10467f755c5c766a4cac20?s=96&d=mm&r=g\",\"caption\":\"M. N., STA\"},\"url\":\"https:\/\/hudo.com\/si\/author\/mana\/\"}]}<\/script>\n<!-- \/ Yoast SEO plugin. -->","yoast_head_json":{"title":"Po\u010dival\u0161ek v Dubaju za krepitvi gospodarskih vezi z emirati in o sodelovanju Slovenije na Expu - Hudo Slovenija","robots":{"index":"index","follow":"follow","max-snippet":"max-snippet:-1","max-image-preview":"max-image-preview:large","max-video-preview":"max-video-preview:-1"},"canonical":"https:\/\/hudo.com\/si\/aktualno\/pocivalsek-v-dubaju-za-krepitvi-gospodarskih-vezi-z-emirati-in-o-sodelovanju-slovenije-na-expu\/","og_locale":"sl_SI","og_type":"article","og_title":"Po\u010dival\u0161ek v Dubaju za krepitvi gospodarskih vezi z emirati in o sodelovanju Slovenije na Expu - Hudo Slovenija","og_description":"Gospodarski minister Zdravko Po\u010dival\u0161ek se danes pozno zve\u010der skupaj z delegacijo odpravlja na uradni obisk v Zdru\u017eene arabske emirate. Namen obiska je krepitev gospodarskega sodelovanja med Slovenijo in emirati, pa tudi o sodelovanju Slovenije na svetovni razstavi Expo 2020 konec leto\u0161njega in v za\u010detku prihodnjega leta.","og_url":"https:\/\/hudo.com\/si\/aktualno\/pocivalsek-v-dubaju-za-krepitvi-gospodarskih-vezi-z-emirati-in-o-sodelovanju-slovenije-na-expu\/","og_site_name":"Hudo Slovenija","article_publisher":"https:\/\/www.facebook.com\/hudo.si","article_published_time":"2021-01-24T07:53:26+00:00","og_image":[{"width":1250,"height":833,"url":"https:\/\/hudo.com\/si\/wp-content\/uploads\/sites\/2\/2020\/10\/profimedia-0318812529.jpg","type":"image\/jpeg"}],"author":"M. N., STA","twitter_card":"summary_large_image","twitter_creator":"@hudo_si","twitter_site":"@hudo_si","twitter_misc":{"Written by":"M. N., STA","Est. reading time":"3 minute"},"schema":{"@context":"https:\/\/schema.org","@graph":[{"@type":"Article","@id":"https:\/\/hudo.com\/si\/aktualno\/pocivalsek-v-dubaju-za-krepitvi-gospodarskih-vezi-z-emirati-in-o-sodelovanju-slovenije-na-expu\/#article","isPartOf":{"@id":"https:\/\/hudo.com\/si\/aktualno\/pocivalsek-v-dubaju-za-krepitvi-gospodarskih-vezi-z-emirati-in-o-sodelovanju-slovenije-na-expu\/"},"author":{"name":"M. N., STA","@id":"https:\/\/hudo.com\/si\/#\/schema\/person\/c2f10ce65d2e6ede2aeda5be2a0611fa"},"headline":"Po\u010dival\u0161ek v Dubaju za krepitvi gospodarskih vezi z emirati in o sodelovanju Slovenije na Expu","datePublished":"2021-01-24T07:53:26+00:00","dateModified":"2021-01-24T07:53:26+00:00","mainEntityOfPage":{"@id":"https:\/\/hudo.com\/si\/aktualno\/pocivalsek-v-dubaju-za-krepitvi-gospodarskih-vezi-z-emirati-in-o-sodelovanju-slovenije-na-expu\/"},"wordCount":536,"publisher":{"@id":"https:\/\/hudo.com\/si\/#organization"},"keywords":["expo 2020","Expo Dubaj","gospodarstvo","Slovenija","Zdravko Po\u010dival\u0161ek"],"articleSection":["Aktualno"],"inLanguage":"sl-SI"},{"@type":"WebPage","@id":"https:\/\/hudo.com\/si\/aktualno\/pocivalsek-v-dubaju-za-krepitvi-gospodarskih-vezi-z-emirati-in-o-sodelovanju-slovenije-na-expu\/","url":"https:\/\/hudo.com\/si\/aktualno\/pocivalsek-v-dubaju-za-krepitvi-gospodarskih-vezi-z-emirati-in-o-sodelovanju-slovenije-na-expu\/","name":"Po\u010dival\u0161ek v Dubaju za krepitvi gospodarskih vezi z emirati in o sodelovanju Slovenije na Expu - Hudo Slovenija","isPartOf":{"@id":"https:\/\/hudo.com\/si\/#website"},"datePublished":"2021-01-24T07:53:26+00:00","dateModified":"2021-01-24T07:53:26+00:00","breadcrumb":{"@id":"https:\/\/hudo.com\/si\/aktualno\/pocivalsek-v-dubaju-za-krepitvi-gospodarskih-vezi-z-emirati-in-o-sodelovanju-slovenije-na-expu\/#breadcrumb"},"inLanguage":"sl-SI","potentialAction":[{"@type":"ReadAction","target":["https:\/\/hudo.com\/si\/aktualno\/pocivalsek-v-dubaju-za-krepitvi-gospodarskih-vezi-z-emirati-in-o-sodelovanju-slovenije-na-expu\/"]}]},{"@type":"BreadcrumbList","@id":"https:\/\/hudo.com\/si\/aktualno\/pocivalsek-v-dubaju-za-krepitvi-gospodarskih-vezi-z-emirati-in-o-sodelovanju-slovenije-na-expu\/#breadcrumb","itemListElement":[{"@type":"ListItem","position":1,"name":"Home","item":"https:\/\/hudo.com\/si\/"},{"@type":"ListItem","position":2,"name":"Po\u010dival\u0161ek v Dubaju za krepitvi gospodarskih vezi z emirati in o sodelovanju Slovenije na Expu"}]},{"@type":"WebSite","@id":"https:\/\/hudo.com\/si\/#website","url":"https:\/\/hudo.com\/si\/","name":"Hudo Slovenija","description":"Vse novice iz Slovenije in sveta","publisher":{"@id":"https:\/\/hudo.com\/si\/#organization"},"potentialAction":[{"@type":"SearchAction","target":{"@type":"EntryPoint","urlTemplate":"https:\/\/hudo.com\/si\/?s={search_term_string}"},"query-input":"required name=search_term_string"}],"inLanguage":"sl-SI"},{"@type":"Organization","@id":"https:\/\/hudo.com\/si\/#organization","name":"VSN Media","url":"https:\/\/hudo.com\/si\/","logo":{"@type":"ImageObject","inLanguage":"sl-SI","@id":"https:\/\/hudo.com\/si\/#\/schema\/logo\/image\/","url":"https:\/\/hudo.com\/si\/wp-content\/uploads\/sites\/2\/2021\/03\/hudo-app-2.png","contentUrl":"https:\/\/hudo.com\/si\/wp-content\/uploads\/sites\/2\/2021\/03\/hudo-app-2.png","width":2185,"height":2167,"caption":"VSN Media"},"image":{"@id":"https:\/\/hudo.com\/si\/#\/schema\/logo\/image\/"},"sameAs":["https:\/\/www.facebook.com\/hudo.si","https:\/\/twitter.com\/hudo_si"]},{"@type":"Person","@id":"https:\/\/hudo.com\/si\/#\/schema\/person\/c2f10ce65d2e6ede2aeda5be2a0611fa","name":"M. N., STA","image":{"@type":"ImageObject","inLanguage":"sl-SI","@id":"https:\/\/hudo.com\/si\/#\/schema\/person\/image\/","url":"https:\/\/secure.gravatar.com\/avatar\/f370d38daa10467f755c5c766a4cac20?s=96&d=mm&r=g","contentUrl":"https:\/\/secure.gravatar.com\/avatar\/f370d38daa10467f755c5c766a4cac20?s=96&d=mm&r=g","caption":"M. N., STA"},"url":"https:\/\/hudo.com\/si\/author\/mana\/"}]}},"amp_enabled":true,"_links":{"self":[{"href":"https:\/\/hudo.com\/si\/wp-json\/wp\/v2\/posts\/443309"}],"collection":[{"href":"https:\/\/hudo.com\/si\/wp-json\/wp\/v2\/posts"}],"about":[{"href":"https:\/\/hudo.com\/si\/wp-json\/wp\/v2\/types\/post"}],"author":[{"embeddable":true,"href":"https:\/\/hudo.com\/si\/wp-json\/wp\/v2\/users\/8"}],"replies":[{"embeddable":true,"href":"https:\/\/hudo.com\/si\/wp-json\/wp\/v2\/comments?post=443309"}],"version-history":[{"count":1,"href":"https:\/\/hudo.com\/si\/wp-json\/wp\/v2\/posts\/443309\/revisions"}],"predecessor-version":[{"id":443310,"href":"https:\/\/hudo.com\/si\/wp-json\/wp\/v2\/posts\/443309\/revisions\/443310"}],"wp:featuredmedia":[{"embeddable":true,"href":"https:\/\/hudo.com\/si\/wp-json\/wp\/v2\/media\/434335"}],"wp:attachment":[{"href":"https:\/\/hudo.com\/si\/wp-json\/wp\/v2\/media?parent=443309"}],"wp:term":[{"taxonomy":"category","embeddable":true,"href":"https:\/\/hudo.com\/si\/wp-json\/wp\/v2\/categories?post=443309"},{"taxonomy":"post_tag","embeddable":true,"href":"https:\/\/hudo.com\/si\/wp-json\/wp\/v2\/tags?post=443309"},{"taxonomy":"source","embeddable":true,"href":"https:\/\/hudo.com\/si\/wp-json\/wp\/v2\/source?post=443309"},{"taxonomy":"supertag","embeddable":true,"href":"https:\/\/hudo.com\/si\/wp-json\/wp\/v2\/supertag?post=443309"}],"curies":[{"name":"wp","href":"https:\/\/api.w.org\/{rel}","templated":true}]}}