{"id":443482,"date":"2021-01-26T12:16:03","date_gmt":"2021-01-26T11:16:03","guid":{"rendered":"http:\/\/hudo.com\/si\/?p=443482"},"modified":"2021-01-26T12:16:03","modified_gmt":"2021-01-26T11:16:03","slug":"v-jeseniski-bolnisnici-ze-pred-dvema-tednoma-najmanj-dva-bolnika-z-angleskim-sevom","status":"publish","type":"post","link":"https:\/\/hudo.com\/si\/aktualno\/v-jeseniski-bolnisnici-ze-pred-dvema-tednoma-najmanj-dva-bolnika-z-angleskim-sevom\/","title":{"rendered":"V jeseni\u0161ki bolni\u0161nici \u017ee pred dvema tednoma najmanj dva bolnika z angle\u0161kim sevom"},"content":{"rendered":"<p>Kot je danes \u0161e povedala strokovna direktorica Splo\u0161ne bolni\u0161nice Jesenice Anja Jovanovi\u010d Kunstelj, so za testiranje na angle\u0161ki sev, ki ga je izvedel Nacionalni laboratorij za zdravje, okolje in hrano, naklju\u010dno izbrali \u0161est pozitivnih brisov z enega od bolni\u0161ni\u010dnih oddelkov, in sicer iz obdobja, ko so v bolni\u0161nici bele\u017eili pove\u010dano \u0161tevilo oku\u017eb z novim koronavirusom.<\/p>\n<p>V ponedeljek se je pokazalo, da sta bila dva bolnika, ki so jima oku\u017ebo potrdili 11. oziroma 12. januarja, dejansko oku\u017eena z novim sevom. &#8220;Zelo verjetno je v Sloveniji teh oku\u017eb z novim sevom \u0161e ve\u010d,&#8221; je na podlagi dobljenih podatkov izpostavila Jovanovi\u010d Kunsteljeva. To se ji ne zdi presenetljivo, saj do \u0161irjenja novega seva prihaja tudi v drugih dr\u017eavah.<\/p>\n<p>Nove ugotovitve ne prina\u0161ajo morebitnih sprememb v delo bolni\u0161nice, saj naj bi bil potek bolezni tudi ob oku\u017ebi z novim sevom precej podoben kot z dosedanjim. &#8220;\u0160e naprej se bomo dr\u017eali ukrepov in skrbeli za prepre\u010devanje prenosa oku\u017eb,&#8221; je poudarila.<\/p>\n<p>Ni sicer znano, ali je bilo v bolni\u0161nici \u0161e ve\u010d oku\u017eenih z novim sevom, vendar pa je ve\u010dina bolnikov, ki so jih zdravili pred dvema tednoma, v tem \u010dasu bolni\u0161nico \u017ee zapustila.<\/p>\n<p>Odkritje novega seva ne prina\u0161a dodatnih testiranj v bolni\u0161nici. &#8220;\u017de sicer pogosto testiramo hospitalizirane bolnike. Problemati\u010dna pa je tudi dostopnost testov, ki dokazujejo oku\u017ebo z angle\u0161ko razli\u010dico virusa, saj jih je v dr\u017eavi malo,&#8221; je pojasnila Jovanovi\u010d Kunstljeva.<\/p>\n","protected":false},"excerpt":{"rendered":"<p>V Splo\u0161ni bolni\u0161nici Jesenice so pred dvema tednoma \u017ee imeli najmanj dva bolnika z angle\u0161kim sevom novega koronavirusa. Zdaj\u0161nje preverjanje naklju\u010dnih brisov iz tistega obdobja je namre\u010d kar pri dveh od \u0161estih pozitivnih brisov pokazalo oku\u017ebo z angle\u0161kim sevom. To novo odkritje v delo bolni\u0161nice sicer ne vna\u0161a sprememb, so pojasnili.<\/p>\n","protected":false},"author":5,"featured_media":428078,"comment_status":"closed","ping_status":"closed","sticky":false,"template":"","format":"standard","meta":{"footnotes":""},"categories":[1179],"tags":[18014,1595,6162],"source":[4511],"supertag":[5675],"acf":[],"yoast_head":"<!-- This site is optimized with the Yoast SEO plugin v21.3 - https:\/\/yoast.com\/wordpress\/plugins\/seo\/ -->\n<title>V jeseni\u0161ki bolni\u0161nici \u017ee pred dvema tednoma najmanj dva bolnika z angle\u0161kim sevom - Hudo Slovenija<\/title>\n<meta name=\"robots\" content=\"index, follow, max-snippet:-1, max-image-preview:large, max-video-preview:-1\" \/>\n<link rel=\"canonical\" href=\"https:\/\/hudo.com\/si\/aktualno\/v-jeseniski-bolnisnici-ze-pred-dvema-tednoma-najmanj-dva-bolnika-z-angleskim-sevom\/\" \/>\n<meta property=\"og:locale\" content=\"sl_SI\" \/>\n<meta property=\"og:type\" content=\"article\" \/>\n<meta property=\"og:title\" content=\"V jeseni\u0161ki bolni\u0161nici \u017ee pred dvema tednoma najmanj dva bolnika z angle\u0161kim sevom - Hudo Slovenija\" \/>\n<meta property=\"og:description\" content=\"V Splo\u0161ni bolni\u0161nici Jesenice so pred dvema tednoma \u017ee imeli najmanj dva bolnika z angle\u0161kim sevom novega koronavirusa. Zdaj\u0161nje preverjanje naklju\u010dnih brisov iz tistega obdobja je namre\u010d kar pri dveh od \u0161estih pozitivnih brisov pokazalo oku\u017ebo z angle\u0161kim sevom. To novo odkritje v delo bolni\u0161nice sicer ne vna\u0161a sprememb, so pojasnili.\" \/>\n<meta property=\"og:url\" content=\"https:\/\/hudo.com\/si\/aktualno\/v-jeseniski-bolnisnici-ze-pred-dvema-tednoma-najmanj-dva-bolnika-z-angleskim-sevom\/\" \/>\n<meta property=\"og:site_name\" content=\"Hudo Slovenija\" \/>\n<meta property=\"article:publisher\" content=\"https:\/\/www.facebook.com\/hudo.si\" \/>\n<meta property=\"article:published_time\" content=\"2021-01-26T11:16:03+00:00\" \/>\n<meta property=\"og:image\" content=\"https:\/\/hudo.com\/si\/wp-content\/uploads\/sites\/2\/2020\/07\/Screenshot-from-2020-07-21-10-23-10.png\" \/>\n\t<meta property=\"og:image:width\" content=\"909\" \/>\n\t<meta property=\"og:image:height\" content=\"602\" \/>\n\t<meta property=\"og:image:type\" content=\"image\/png\" \/>\n<meta name=\"author\" content=\"A. G., STA\" \/>\n<meta name=\"twitter:card\" content=\"summary_large_image\" \/>\n<meta name=\"twitter:creator\" content=\"@hudo_si\" \/>\n<meta name=\"twitter:site\" content=\"@hudo_si\" \/>\n<meta name=\"twitter:label1\" content=\"Written by\" \/>\n\t<meta name=\"twitter:data1\" content=\"A. G., STA\" \/>\n\t<meta name=\"twitter:label2\" content=\"Est. reading time\" \/>\n\t<meta name=\"twitter:data2\" content=\"1 minuta\" \/>\n<script type=\"application\/ld+json\" class=\"yoast-schema-graph\">{\"@context\":\"https:\/\/schema.org\",\"@graph\":[{\"@type\":\"Article\",\"@id\":\"https:\/\/hudo.com\/si\/aktualno\/v-jeseniski-bolnisnici-ze-pred-dvema-tednoma-najmanj-dva-bolnika-z-angleskim-sevom\/#article\",\"isPartOf\":{\"@id\":\"https:\/\/hudo.com\/si\/aktualno\/v-jeseniski-bolnisnici-ze-pred-dvema-tednoma-najmanj-dva-bolnika-z-angleskim-sevom\/\"},\"author\":{\"name\":\"A. G., STA\",\"@id\":\"https:\/\/hudo.com\/si\/#\/schema\/person\/2391667a63ea075ba94f2f2dc6b77537\"},\"headline\":\"V jeseni\u0161ki bolni\u0161nici \u017ee pred dvema tednoma najmanj dva bolnika z angle\u0161kim sevom\",\"datePublished\":\"2021-01-26T11:16:03+00:00\",\"dateModified\":\"2021-01-26T11:16:03+00:00\",\"mainEntityOfPage\":{\"@id\":\"https:\/\/hudo.com\/si\/aktualno\/v-jeseniski-bolnisnici-ze-pred-dvema-tednoma-najmanj-dva-bolnika-z-angleskim-sevom\/\"},\"wordCount\":270,\"publisher\":{\"@id\":\"https:\/\/hudo.com\/si\/#organization\"},\"keywords\":[\"angle\u0161ki sev koronavirusa\",\"Slovenija\",\"splo\u0161na bolni\u0161nica Jesenice\"],\"articleSection\":[\"Aktualno\"],\"inLanguage\":\"sl-SI\"},{\"@type\":\"WebPage\",\"@id\":\"https:\/\/hudo.com\/si\/aktualno\/v-jeseniski-bolnisnici-ze-pred-dvema-tednoma-najmanj-dva-bolnika-z-angleskim-sevom\/\",\"url\":\"https:\/\/hudo.com\/si\/aktualno\/v-jeseniski-bolnisnici-ze-pred-dvema-tednoma-najmanj-dva-bolnika-z-angleskim-sevom\/\",\"name\":\"V jeseni\u0161ki bolni\u0161nici \u017ee pred dvema tednoma najmanj dva bolnika z angle\u0161kim sevom - Hudo Slovenija\",\"isPartOf\":{\"@id\":\"https:\/\/hudo.com\/si\/#website\"},\"datePublished\":\"2021-01-26T11:16:03+00:00\",\"dateModified\":\"2021-01-26T11:16:03+00:00\",\"breadcrumb\":{\"@id\":\"https:\/\/hudo.com\/si\/aktualno\/v-jeseniski-bolnisnici-ze-pred-dvema-tednoma-najmanj-dva-bolnika-z-angleskim-sevom\/#breadcrumb\"},\"inLanguage\":\"sl-SI\",\"potentialAction\":[{\"@type\":\"ReadAction\",\"target\":[\"https:\/\/hudo.com\/si\/aktualno\/v-jeseniski-bolnisnici-ze-pred-dvema-tednoma-najmanj-dva-bolnika-z-angleskim-sevom\/\"]}]},{\"@type\":\"BreadcrumbList\",\"@id\":\"https:\/\/hudo.com\/si\/aktualno\/v-jeseniski-bolnisnici-ze-pred-dvema-tednoma-najmanj-dva-bolnika-z-angleskim-sevom\/#breadcrumb\",\"itemListElement\":[{\"@type\":\"ListItem\",\"position\":1,\"name\":\"Home\",\"item\":\"https:\/\/hudo.com\/si\/\"},{\"@type\":\"ListItem\",\"position\":2,\"name\":\"V jeseni\u0161ki bolni\u0161nici \u017ee pred dvema tednoma najmanj dva bolnika z angle\u0161kim sevom\"}]},{\"@type\":\"WebSite\",\"@id\":\"https:\/\/hudo.com\/si\/#website\",\"url\":\"https:\/\/hudo.com\/si\/\",\"name\":\"Hudo Slovenija\",\"description\":\"Vse novice iz Slovenije in sveta\",\"publisher\":{\"@id\":\"https:\/\/hudo.com\/si\/#organization\"},\"potentialAction\":[{\"@type\":\"SearchAction\",\"target\":{\"@type\":\"EntryPoint\",\"urlTemplate\":\"https:\/\/hudo.com\/si\/?s={search_term_string}\"},\"query-input\":\"required name=search_term_string\"}],\"inLanguage\":\"sl-SI\"},{\"@type\":\"Organization\",\"@id\":\"https:\/\/hudo.com\/si\/#organization\",\"name\":\"VSN Media\",\"url\":\"https:\/\/hudo.com\/si\/\",\"logo\":{\"@type\":\"ImageObject\",\"inLanguage\":\"sl-SI\",\"@id\":\"https:\/\/hudo.com\/si\/#\/schema\/logo\/image\/\",\"url\":\"https:\/\/hudo.com\/si\/wp-content\/uploads\/sites\/2\/2021\/03\/hudo-app-2.png\",\"contentUrl\":\"https:\/\/hudo.com\/si\/wp-content\/uploads\/sites\/2\/2021\/03\/hudo-app-2.png\",\"width\":2185,\"height\":2167,\"caption\":\"VSN Media\"},\"image\":{\"@id\":\"https:\/\/hudo.com\/si\/#\/schema\/logo\/image\/\"},\"sameAs\":[\"https:\/\/www.facebook.com\/hudo.si\",\"https:\/\/twitter.com\/hudo_si\"]},{\"@type\":\"Person\",\"@id\":\"https:\/\/hudo.com\/si\/#\/schema\/person\/2391667a63ea075ba94f2f2dc6b77537\",\"name\":\"A. G., STA\",\"image\":{\"@type\":\"ImageObject\",\"inLanguage\":\"sl-SI\",\"@id\":\"https:\/\/hudo.com\/si\/#\/schema\/person\/image\/\",\"url\":\"https:\/\/secure.gravatar.com\/avatar\/e13d22ac3e442658d5025fbbe6238a79?s=96&d=mm&r=g\",\"contentUrl\":\"https:\/\/secure.gravatar.com\/avatar\/e13d22ac3e442658d5025fbbe6238a79?s=96&d=mm&r=g\",\"caption\":\"A. G., STA\"},\"url\":\"https:\/\/hudo.com\/si\/author\/alenka\/\"}]}<\/script>\n<!-- \/ Yoast SEO plugin. -->","yoast_head_json":{"title":"V jeseni\u0161ki bolni\u0161nici \u017ee pred dvema tednoma najmanj dva bolnika z angle\u0161kim sevom - Hudo Slovenija","robots":{"index":"index","follow":"follow","max-snippet":"max-snippet:-1","max-image-preview":"max-image-preview:large","max-video-preview":"max-video-preview:-1"},"canonical":"https:\/\/hudo.com\/si\/aktualno\/v-jeseniski-bolnisnici-ze-pred-dvema-tednoma-najmanj-dva-bolnika-z-angleskim-sevom\/","og_locale":"sl_SI","og_type":"article","og_title":"V jeseni\u0161ki bolni\u0161nici \u017ee pred dvema tednoma najmanj dva bolnika z angle\u0161kim sevom - Hudo Slovenija","og_description":"V Splo\u0161ni bolni\u0161nici Jesenice so pred dvema tednoma \u017ee imeli najmanj dva bolnika z angle\u0161kim sevom novega koronavirusa. Zdaj\u0161nje preverjanje naklju\u010dnih brisov iz tistega obdobja je namre\u010d kar pri dveh od \u0161estih pozitivnih brisov pokazalo oku\u017ebo z angle\u0161kim sevom. To novo odkritje v delo bolni\u0161nice sicer ne vna\u0161a sprememb, so pojasnili.","og_url":"https:\/\/hudo.com\/si\/aktualno\/v-jeseniski-bolnisnici-ze-pred-dvema-tednoma-najmanj-dva-bolnika-z-angleskim-sevom\/","og_site_name":"Hudo Slovenija","article_publisher":"https:\/\/www.facebook.com\/hudo.si","article_published_time":"2021-01-26T11:16:03+00:00","og_image":[{"width":909,"height":602,"url":"https:\/\/hudo.com\/si\/wp-content\/uploads\/sites\/2\/2020\/07\/Screenshot-from-2020-07-21-10-23-10.png","type":"image\/png"}],"author":"A. G., STA","twitter_card":"summary_large_image","twitter_creator":"@hudo_si","twitter_site":"@hudo_si","twitter_misc":{"Written by":"A. G., STA","Est. reading time":"1 minuta"},"schema":{"@context":"https:\/\/schema.org","@graph":[{"@type":"Article","@id":"https:\/\/hudo.com\/si\/aktualno\/v-jeseniski-bolnisnici-ze-pred-dvema-tednoma-najmanj-dva-bolnika-z-angleskim-sevom\/#article","isPartOf":{"@id":"https:\/\/hudo.com\/si\/aktualno\/v-jeseniski-bolnisnici-ze-pred-dvema-tednoma-najmanj-dva-bolnika-z-angleskim-sevom\/"},"author":{"name":"A. G., STA","@id":"https:\/\/hudo.com\/si\/#\/schema\/person\/2391667a63ea075ba94f2f2dc6b77537"},"headline":"V jeseni\u0161ki bolni\u0161nici \u017ee pred dvema tednoma najmanj dva bolnika z angle\u0161kim sevom","datePublished":"2021-01-26T11:16:03+00:00","dateModified":"2021-01-26T11:16:03+00:00","mainEntityOfPage":{"@id":"https:\/\/hudo.com\/si\/aktualno\/v-jeseniski-bolnisnici-ze-pred-dvema-tednoma-najmanj-dva-bolnika-z-angleskim-sevom\/"},"wordCount":270,"publisher":{"@id":"https:\/\/hudo.com\/si\/#organization"},"keywords":["angle\u0161ki sev koronavirusa","Slovenija","splo\u0161na bolni\u0161nica Jesenice"],"articleSection":["Aktualno"],"inLanguage":"sl-SI"},{"@type":"WebPage","@id":"https:\/\/hudo.com\/si\/aktualno\/v-jeseniski-bolnisnici-ze-pred-dvema-tednoma-najmanj-dva-bolnika-z-angleskim-sevom\/","url":"https:\/\/hudo.com\/si\/aktualno\/v-jeseniski-bolnisnici-ze-pred-dvema-tednoma-najmanj-dva-bolnika-z-angleskim-sevom\/","name":"V jeseni\u0161ki bolni\u0161nici \u017ee pred dvema tednoma najmanj dva bolnika z angle\u0161kim sevom - Hudo Slovenija","isPartOf":{"@id":"https:\/\/hudo.com\/si\/#website"},"datePublished":"2021-01-26T11:16:03+00:00","dateModified":"2021-01-26T11:16:03+00:00","breadcrumb":{"@id":"https:\/\/hudo.com\/si\/aktualno\/v-jeseniski-bolnisnici-ze-pred-dvema-tednoma-najmanj-dva-bolnika-z-angleskim-sevom\/#breadcrumb"},"inLanguage":"sl-SI","potentialAction":[{"@type":"ReadAction","target":["https:\/\/hudo.com\/si\/aktualno\/v-jeseniski-bolnisnici-ze-pred-dvema-tednoma-najmanj-dva-bolnika-z-angleskim-sevom\/"]}]},{"@type":"BreadcrumbList","@id":"https:\/\/hudo.com\/si\/aktualno\/v-jeseniski-bolnisnici-ze-pred-dvema-tednoma-najmanj-dva-bolnika-z-angleskim-sevom\/#breadcrumb","itemListElement":[{"@type":"ListItem","position":1,"name":"Home","item":"https:\/\/hudo.com\/si\/"},{"@type":"ListItem","position":2,"name":"V jeseni\u0161ki bolni\u0161nici \u017ee pred dvema tednoma najmanj dva bolnika z angle\u0161kim sevom"}]},{"@type":"WebSite","@id":"https:\/\/hudo.com\/si\/#website","url":"https:\/\/hudo.com\/si\/","name":"Hudo Slovenija","description":"Vse novice iz Slovenije in sveta","publisher":{"@id":"https:\/\/hudo.com\/si\/#organization"},"potentialAction":[{"@type":"SearchAction","target":{"@type":"EntryPoint","urlTemplate":"https:\/\/hudo.com\/si\/?s={search_term_string}"},"query-input":"required name=search_term_string"}],"inLanguage":"sl-SI"},{"@type":"Organization","@id":"https:\/\/hudo.com\/si\/#organization","name":"VSN Media","url":"https:\/\/hudo.com\/si\/","logo":{"@type":"ImageObject","inLanguage":"sl-SI","@id":"https:\/\/hudo.com\/si\/#\/schema\/logo\/image\/","url":"https:\/\/hudo.com\/si\/wp-content\/uploads\/sites\/2\/2021\/03\/hudo-app-2.png","contentUrl":"https:\/\/hudo.com\/si\/wp-content\/uploads\/sites\/2\/2021\/03\/hudo-app-2.png","width":2185,"height":2167,"caption":"VSN Media"},"image":{"@id":"https:\/\/hudo.com\/si\/#\/schema\/logo\/image\/"},"sameAs":["https:\/\/www.facebook.com\/hudo.si","https:\/\/twitter.com\/hudo_si"]},{"@type":"Person","@id":"https:\/\/hudo.com\/si\/#\/schema\/person\/2391667a63ea075ba94f2f2dc6b77537","name":"A. G., STA","image":{"@type":"ImageObject","inLanguage":"sl-SI","@id":"https:\/\/hudo.com\/si\/#\/schema\/person\/image\/","url":"https:\/\/secure.gravatar.com\/avatar\/e13d22ac3e442658d5025fbbe6238a79?s=96&d=mm&r=g","contentUrl":"https:\/\/secure.gravatar.com\/avatar\/e13d22ac3e442658d5025fbbe6238a79?s=96&d=mm&r=g","caption":"A. G., STA"},"url":"https:\/\/hudo.com\/si\/author\/alenka\/"}]}},"amp_enabled":true,"_links":{"self":[{"href":"https:\/\/hudo.com\/si\/wp-json\/wp\/v2\/posts\/443482"}],"collection":[{"href":"https:\/\/hudo.com\/si\/wp-json\/wp\/v2\/posts"}],"about":[{"href":"https:\/\/hudo.com\/si\/wp-json\/wp\/v2\/types\/post"}],"author":[{"embeddable":true,"href":"https:\/\/hudo.com\/si\/wp-json\/wp\/v2\/users\/5"}],"replies":[{"embeddable":true,"href":"https:\/\/hudo.com\/si\/wp-json\/wp\/v2\/comments?post=443482"}],"version-history":[{"count":1,"href":"https:\/\/hudo.com\/si\/wp-json\/wp\/v2\/posts\/443482\/revisions"}],"predecessor-version":[{"id":443483,"href":"https:\/\/hudo.com\/si\/wp-json\/wp\/v2\/posts\/443482\/revisions\/443483"}],"wp:featuredmedia":[{"embeddable":true,"href":"https:\/\/hudo.com\/si\/wp-json\/wp\/v2\/media\/428078"}],"wp:attachment":[{"href":"https:\/\/hudo.com\/si\/wp-json\/wp\/v2\/media?parent=443482"}],"wp:term":[{"taxonomy":"category","embeddable":true,"href":"https:\/\/hudo.com\/si\/wp-json\/wp\/v2\/categories?post=443482"},{"taxonomy":"post_tag","embeddable":true,"href":"https:\/\/hudo.com\/si\/wp-json\/wp\/v2\/tags?post=443482"},{"taxonomy":"source","embeddable":true,"href":"https:\/\/hudo.com\/si\/wp-json\/wp\/v2\/source?post=443482"},{"taxonomy":"supertag","embeddable":true,"href":"https:\/\/hudo.com\/si\/wp-json\/wp\/v2\/supertag?post=443482"}],"curies":[{"name":"wp","href":"https:\/\/api.w.org\/{rel}","templated":true}]}}