{"id":443920,"date":"2021-02-01T08:10:45","date_gmt":"2021-02-01T07:10:45","guid":{"rendered":"http:\/\/hudo.com\/si\/?p=443920"},"modified":"2021-02-01T08:10:45","modified_gmt":"2021-02-01T07:10:45","slug":"od-danes-veljavne-le-modrozelene-vinjete","status":"publish","type":"post","link":"https:\/\/hudo.com\/si\/aktualno\/od-danes-veljavne-le-modrozelene-vinjete\/","title":{"rendered":"Od danes veljavne le modrozelene vinjete"},"content":{"rendered":"<p>Za letno vinjeto za osebna vozila je treba tudi tokrat od\u0161teti 110 evrov, za mese\u010dno 30 evrov ter tedensko 15 evrov.<\/p>\n<p>Za kombinirana vozila letna vinjeta \u0161e naprej stane 220 evrov, mese\u010dna 60 evrov ter tedenska 30 evrov, za motorna kolesa pa cena letne vinjete ostaja nespremenjena pri 55 evrih. Za polletno bodo morali lastniki motornih koles od\u0161teti 30 evrov, za tedensko pa 7,50 evra.<\/p>\n<p>Vinjete z letnico 2021 so v prodaji od decembra lani. V prvem mesecu so prodali 132.289 letnih vinjet z letnico 2021, kar je 24 odstotkov manj, kot so decembra 2019 prodali letnih vinjet z letnico 2020. Pri tem je prodaja letnih vinjet za osebna vozila (cestninski razred 2A) upadla za \u010detrtino na 121.674. Padla je tudi prodaja mese\u010dnih in tedenskih vinjet.<\/p>\n<p>Kot so zapisali na Darsu, je vrednost decembra prodanih vinjet zna\u0161ala 15,81 milijona evrov in je za 7,11 milijona evrov ni\u017eja kot v primerljivem obdobju leta 2019. Razlog za padec prodaje pripisujejo pandemiji covida-19.<\/p>\n<p>Bodo pa vinjete z letnico 2021 zadnje tovrstne, saj ministrstvo za infrastrukturo \u017ee decembra na\u010drtuje uvedbo elektronskega cestninjenja tudi za osebna vozila. Dars je v petek za vzpostavitev sistema izbral slova\u0161ko podjetje Skytoll. Na odlo\u010ditev je sicer \u0161e mo\u017ena prito\u017eba.<\/p>\n","protected":false},"excerpt":{"rendered":"<p>Rumenozelene vinjete z letnico 2020 od danes ne veljajo ve\u010d, pa\u010d pa morajo biti vozila za vo\u017enjo po slovenskih avtocestah in hitrih cestah opremljena z vinjetami z letnico 2021. Te so modrozelene barve. Naprodaj je devet razli\u010dnih vrst vinjet, cene pa ostajajo nespremenjene.<\/p>\n","protected":false},"author":5,"featured_media":443922,"comment_status":"closed","ping_status":"closed","sticky":false,"template":"","format":"standard","meta":{"footnotes":""},"categories":[1179],"tags":[5401,4942,2391,1595,18132],"source":[4511],"supertag":[7541,5675],"acf":[],"yoast_head":"<!-- This site is optimized with the Yoast SEO plugin v21.3 - https:\/\/yoast.com\/wordpress\/plugins\/seo\/ -->\n<title>Od danes veljavne le modrozelene vinjete - Hudo Slovenija<\/title>\n<meta name=\"robots\" content=\"index, follow, max-snippet:-1, max-image-preview:large, max-video-preview:-1\" \/>\n<link rel=\"canonical\" href=\"https:\/\/hudo.com\/si\/aktualno\/od-danes-veljavne-le-modrozelene-vinjete\/\" \/>\n<meta property=\"og:locale\" content=\"sl_SI\" \/>\n<meta property=\"og:type\" content=\"article\" \/>\n<meta property=\"og:title\" content=\"Od danes veljavne le modrozelene vinjete - Hudo Slovenija\" \/>\n<meta property=\"og:description\" content=\"Rumenozelene vinjete z letnico 2020 od danes ne veljajo ve\u010d, pa\u010d pa morajo biti vozila za vo\u017enjo po slovenskih avtocestah in hitrih cestah opremljena z vinjetami z letnico 2021. Te so modrozelene barve. Naprodaj je devet razli\u010dnih vrst vinjet, cene pa ostajajo nespremenjene.\" \/>\n<meta property=\"og:url\" content=\"https:\/\/hudo.com\/si\/aktualno\/od-danes-veljavne-le-modrozelene-vinjete\/\" \/>\n<meta property=\"og:site_name\" content=\"Hudo Slovenija\" \/>\n<meta property=\"article:publisher\" content=\"https:\/\/www.facebook.com\/hudo.si\" \/>\n<meta property=\"article:published_time\" content=\"2021-02-01T07:10:45+00:00\" \/>\n<meta property=\"og:image\" content=\"https:\/\/hudo.com\/si\/wp-content\/uploads\/sites\/2\/2021\/02\/Screenshot-from-2021-02-01-08-10-06.png\" \/>\n\t<meta property=\"og:image:width\" content=\"981\" \/>\n\t<meta property=\"og:image:height\" content=\"599\" \/>\n\t<meta property=\"og:image:type\" content=\"image\/png\" \/>\n<meta name=\"author\" content=\"A. G., STA\" \/>\n<meta name=\"twitter:card\" content=\"summary_large_image\" \/>\n<meta name=\"twitter:creator\" content=\"@hudo_si\" \/>\n<meta name=\"twitter:site\" content=\"@hudo_si\" \/>\n<meta name=\"twitter:label1\" content=\"Written by\" \/>\n\t<meta name=\"twitter:data1\" content=\"A. G., STA\" \/>\n\t<meta name=\"twitter:label2\" content=\"Est. reading time\" \/>\n\t<meta name=\"twitter:data2\" content=\"1 minuta\" \/>\n<script type=\"application\/ld+json\" class=\"yoast-schema-graph\">{\"@context\":\"https:\/\/schema.org\",\"@graph\":[{\"@type\":\"Article\",\"@id\":\"https:\/\/hudo.com\/si\/aktualno\/od-danes-veljavne-le-modrozelene-vinjete\/#article\",\"isPartOf\":{\"@id\":\"https:\/\/hudo.com\/si\/aktualno\/od-danes-veljavne-le-modrozelene-vinjete\/\"},\"author\":{\"name\":\"A. G., STA\",\"@id\":\"https:\/\/hudo.com\/si\/#\/schema\/person\/2391667a63ea075ba94f2f2dc6b77537\"},\"headline\":\"Od danes veljavne le modrozelene vinjete\",\"datePublished\":\"2021-02-01T07:10:45+00:00\",\"dateModified\":\"2021-02-01T07:10:45+00:00\",\"mainEntityOfPage\":{\"@id\":\"https:\/\/hudo.com\/si\/aktualno\/od-danes-veljavne-le-modrozelene-vinjete\/\"},\"wordCount\":198,\"publisher\":{\"@id\":\"https:\/\/hudo.com\/si\/#organization\"},\"keywords\":[\"avtocesta\",\"Dars\",\"gospodarstvo\",\"Slovenija\",\"vinjete 2021\"],\"articleSection\":[\"Aktualno\"],\"inLanguage\":\"sl-SI\"},{\"@type\":\"WebPage\",\"@id\":\"https:\/\/hudo.com\/si\/aktualno\/od-danes-veljavne-le-modrozelene-vinjete\/\",\"url\":\"https:\/\/hudo.com\/si\/aktualno\/od-danes-veljavne-le-modrozelene-vinjete\/\",\"name\":\"Od danes veljavne le modrozelene vinjete - Hudo Slovenija\",\"isPartOf\":{\"@id\":\"https:\/\/hudo.com\/si\/#website\"},\"datePublished\":\"2021-02-01T07:10:45+00:00\",\"dateModified\":\"2021-02-01T07:10:45+00:00\",\"breadcrumb\":{\"@id\":\"https:\/\/hudo.com\/si\/aktualno\/od-danes-veljavne-le-modrozelene-vinjete\/#breadcrumb\"},\"inLanguage\":\"sl-SI\",\"potentialAction\":[{\"@type\":\"ReadAction\",\"target\":[\"https:\/\/hudo.com\/si\/aktualno\/od-danes-veljavne-le-modrozelene-vinjete\/\"]}]},{\"@type\":\"BreadcrumbList\",\"@id\":\"https:\/\/hudo.com\/si\/aktualno\/od-danes-veljavne-le-modrozelene-vinjete\/#breadcrumb\",\"itemListElement\":[{\"@type\":\"ListItem\",\"position\":1,\"name\":\"Home\",\"item\":\"https:\/\/hudo.com\/si\/\"},{\"@type\":\"ListItem\",\"position\":2,\"name\":\"Od danes veljavne le modrozelene vinjete\"}]},{\"@type\":\"WebSite\",\"@id\":\"https:\/\/hudo.com\/si\/#website\",\"url\":\"https:\/\/hudo.com\/si\/\",\"name\":\"Hudo Slovenija\",\"description\":\"Vse novice iz Slovenije in sveta\",\"publisher\":{\"@id\":\"https:\/\/hudo.com\/si\/#organization\"},\"potentialAction\":[{\"@type\":\"SearchAction\",\"target\":{\"@type\":\"EntryPoint\",\"urlTemplate\":\"https:\/\/hudo.com\/si\/?s={search_term_string}\"},\"query-input\":\"required name=search_term_string\"}],\"inLanguage\":\"sl-SI\"},{\"@type\":\"Organization\",\"@id\":\"https:\/\/hudo.com\/si\/#organization\",\"name\":\"VSN Media\",\"url\":\"https:\/\/hudo.com\/si\/\",\"logo\":{\"@type\":\"ImageObject\",\"inLanguage\":\"sl-SI\",\"@id\":\"https:\/\/hudo.com\/si\/#\/schema\/logo\/image\/\",\"url\":\"https:\/\/hudo.com\/si\/wp-content\/uploads\/sites\/2\/2021\/03\/hudo-app-2.png\",\"contentUrl\":\"https:\/\/hudo.com\/si\/wp-content\/uploads\/sites\/2\/2021\/03\/hudo-app-2.png\",\"width\":2185,\"height\":2167,\"caption\":\"VSN Media\"},\"image\":{\"@id\":\"https:\/\/hudo.com\/si\/#\/schema\/logo\/image\/\"},\"sameAs\":[\"https:\/\/www.facebook.com\/hudo.si\",\"https:\/\/twitter.com\/hudo_si\"]},{\"@type\":\"Person\",\"@id\":\"https:\/\/hudo.com\/si\/#\/schema\/person\/2391667a63ea075ba94f2f2dc6b77537\",\"name\":\"A. G., STA\",\"image\":{\"@type\":\"ImageObject\",\"inLanguage\":\"sl-SI\",\"@id\":\"https:\/\/hudo.com\/si\/#\/schema\/person\/image\/\",\"url\":\"https:\/\/secure.gravatar.com\/avatar\/e13d22ac3e442658d5025fbbe6238a79?s=96&d=mm&r=g\",\"contentUrl\":\"https:\/\/secure.gravatar.com\/avatar\/e13d22ac3e442658d5025fbbe6238a79?s=96&d=mm&r=g\",\"caption\":\"A. G., STA\"},\"url\":\"https:\/\/hudo.com\/si\/author\/alenka\/\"}]}<\/script>\n<!-- \/ Yoast SEO plugin. -->","yoast_head_json":{"title":"Od danes veljavne le modrozelene vinjete - Hudo Slovenija","robots":{"index":"index","follow":"follow","max-snippet":"max-snippet:-1","max-image-preview":"max-image-preview:large","max-video-preview":"max-video-preview:-1"},"canonical":"https:\/\/hudo.com\/si\/aktualno\/od-danes-veljavne-le-modrozelene-vinjete\/","og_locale":"sl_SI","og_type":"article","og_title":"Od danes veljavne le modrozelene vinjete - Hudo Slovenija","og_description":"Rumenozelene vinjete z letnico 2020 od danes ne veljajo ve\u010d, pa\u010d pa morajo biti vozila za vo\u017enjo po slovenskih avtocestah in hitrih cestah opremljena z vinjetami z letnico 2021. Te so modrozelene barve. Naprodaj je devet razli\u010dnih vrst vinjet, cene pa ostajajo nespremenjene.","og_url":"https:\/\/hudo.com\/si\/aktualno\/od-danes-veljavne-le-modrozelene-vinjete\/","og_site_name":"Hudo Slovenija","article_publisher":"https:\/\/www.facebook.com\/hudo.si","article_published_time":"2021-02-01T07:10:45+00:00","og_image":[{"width":981,"height":599,"url":"https:\/\/hudo.com\/si\/wp-content\/uploads\/sites\/2\/2021\/02\/Screenshot-from-2021-02-01-08-10-06.png","type":"image\/png"}],"author":"A. G., STA","twitter_card":"summary_large_image","twitter_creator":"@hudo_si","twitter_site":"@hudo_si","twitter_misc":{"Written by":"A. G., STA","Est. reading time":"1 minuta"},"schema":{"@context":"https:\/\/schema.org","@graph":[{"@type":"Article","@id":"https:\/\/hudo.com\/si\/aktualno\/od-danes-veljavne-le-modrozelene-vinjete\/#article","isPartOf":{"@id":"https:\/\/hudo.com\/si\/aktualno\/od-danes-veljavne-le-modrozelene-vinjete\/"},"author":{"name":"A. G., STA","@id":"https:\/\/hudo.com\/si\/#\/schema\/person\/2391667a63ea075ba94f2f2dc6b77537"},"headline":"Od danes veljavne le modrozelene vinjete","datePublished":"2021-02-01T07:10:45+00:00","dateModified":"2021-02-01T07:10:45+00:00","mainEntityOfPage":{"@id":"https:\/\/hudo.com\/si\/aktualno\/od-danes-veljavne-le-modrozelene-vinjete\/"},"wordCount":198,"publisher":{"@id":"https:\/\/hudo.com\/si\/#organization"},"keywords":["avtocesta","Dars","gospodarstvo","Slovenija","vinjete 2021"],"articleSection":["Aktualno"],"inLanguage":"sl-SI"},{"@type":"WebPage","@id":"https:\/\/hudo.com\/si\/aktualno\/od-danes-veljavne-le-modrozelene-vinjete\/","url":"https:\/\/hudo.com\/si\/aktualno\/od-danes-veljavne-le-modrozelene-vinjete\/","name":"Od danes veljavne le modrozelene vinjete - Hudo Slovenija","isPartOf":{"@id":"https:\/\/hudo.com\/si\/#website"},"datePublished":"2021-02-01T07:10:45+00:00","dateModified":"2021-02-01T07:10:45+00:00","breadcrumb":{"@id":"https:\/\/hudo.com\/si\/aktualno\/od-danes-veljavne-le-modrozelene-vinjete\/#breadcrumb"},"inLanguage":"sl-SI","potentialAction":[{"@type":"ReadAction","target":["https:\/\/hudo.com\/si\/aktualno\/od-danes-veljavne-le-modrozelene-vinjete\/"]}]},{"@type":"BreadcrumbList","@id":"https:\/\/hudo.com\/si\/aktualno\/od-danes-veljavne-le-modrozelene-vinjete\/#breadcrumb","itemListElement":[{"@type":"ListItem","position":1,"name":"Home","item":"https:\/\/hudo.com\/si\/"},{"@type":"ListItem","position":2,"name":"Od danes veljavne le modrozelene vinjete"}]},{"@type":"WebSite","@id":"https:\/\/hudo.com\/si\/#website","url":"https:\/\/hudo.com\/si\/","name":"Hudo Slovenija","description":"Vse novice iz Slovenije in sveta","publisher":{"@id":"https:\/\/hudo.com\/si\/#organization"},"potentialAction":[{"@type":"SearchAction","target":{"@type":"EntryPoint","urlTemplate":"https:\/\/hudo.com\/si\/?s={search_term_string}"},"query-input":"required name=search_term_string"}],"inLanguage":"sl-SI"},{"@type":"Organization","@id":"https:\/\/hudo.com\/si\/#organization","name":"VSN Media","url":"https:\/\/hudo.com\/si\/","logo":{"@type":"ImageObject","inLanguage":"sl-SI","@id":"https:\/\/hudo.com\/si\/#\/schema\/logo\/image\/","url":"https:\/\/hudo.com\/si\/wp-content\/uploads\/sites\/2\/2021\/03\/hudo-app-2.png","contentUrl":"https:\/\/hudo.com\/si\/wp-content\/uploads\/sites\/2\/2021\/03\/hudo-app-2.png","width":2185,"height":2167,"caption":"VSN Media"},"image":{"@id":"https:\/\/hudo.com\/si\/#\/schema\/logo\/image\/"},"sameAs":["https:\/\/www.facebook.com\/hudo.si","https:\/\/twitter.com\/hudo_si"]},{"@type":"Person","@id":"https:\/\/hudo.com\/si\/#\/schema\/person\/2391667a63ea075ba94f2f2dc6b77537","name":"A. G., STA","image":{"@type":"ImageObject","inLanguage":"sl-SI","@id":"https:\/\/hudo.com\/si\/#\/schema\/person\/image\/","url":"https:\/\/secure.gravatar.com\/avatar\/e13d22ac3e442658d5025fbbe6238a79?s=96&d=mm&r=g","contentUrl":"https:\/\/secure.gravatar.com\/avatar\/e13d22ac3e442658d5025fbbe6238a79?s=96&d=mm&r=g","caption":"A. G., STA"},"url":"https:\/\/hudo.com\/si\/author\/alenka\/"}]}},"amp_enabled":true,"_links":{"self":[{"href":"https:\/\/hudo.com\/si\/wp-json\/wp\/v2\/posts\/443920"}],"collection":[{"href":"https:\/\/hudo.com\/si\/wp-json\/wp\/v2\/posts"}],"about":[{"href":"https:\/\/hudo.com\/si\/wp-json\/wp\/v2\/types\/post"}],"author":[{"embeddable":true,"href":"https:\/\/hudo.com\/si\/wp-json\/wp\/v2\/users\/5"}],"replies":[{"embeddable":true,"href":"https:\/\/hudo.com\/si\/wp-json\/wp\/v2\/comments?post=443920"}],"version-history":[{"count":1,"href":"https:\/\/hudo.com\/si\/wp-json\/wp\/v2\/posts\/443920\/revisions"}],"predecessor-version":[{"id":443923,"href":"https:\/\/hudo.com\/si\/wp-json\/wp\/v2\/posts\/443920\/revisions\/443923"}],"wp:featuredmedia":[{"embeddable":true,"href":"https:\/\/hudo.com\/si\/wp-json\/wp\/v2\/media\/443922"}],"wp:attachment":[{"href":"https:\/\/hudo.com\/si\/wp-json\/wp\/v2\/media?parent=443920"}],"wp:term":[{"taxonomy":"category","embeddable":true,"href":"https:\/\/hudo.com\/si\/wp-json\/wp\/v2\/categories?post=443920"},{"taxonomy":"post_tag","embeddable":true,"href":"https:\/\/hudo.com\/si\/wp-json\/wp\/v2\/tags?post=443920"},{"taxonomy":"source","embeddable":true,"href":"https:\/\/hudo.com\/si\/wp-json\/wp\/v2\/source?post=443920"},{"taxonomy":"supertag","embeddable":true,"href":"https:\/\/hudo.com\/si\/wp-json\/wp\/v2\/supertag?post=443920"}],"curies":[{"name":"wp","href":"https:\/\/api.w.org\/{rel}","templated":true}]}}