{"id":443945,"date":"2021-02-01T10:21:49","date_gmt":"2021-02-01T09:21:49","guid":{"rendered":"http:\/\/hudo.com\/si\/?p=443945"},"modified":"2021-02-01T10:21:49","modified_gmt":"2021-02-01T09:21:49","slug":"prva-posiljka-cepiv-astrazenece-proti-covidu-19-bo-v-slovenijo-prisla-konec-tedna-ali-pa-v-zacetku-prihodnjega-tedna","status":"publish","type":"post","link":"https:\/\/hudo.com\/si\/aktualno\/prva-posiljka-cepiv-astrazenece-proti-covidu-19-bo-v-slovenijo-prisla-konec-tedna-ali-pa-v-zacetku-prihodnjega-tedna\/","title":{"rendered":"Prva po\u0161iljka cepiv AstraZenece proti covidu-19 bo v Slovenijo pri\u0161la konec tedna ali pa v za\u010detku prihodnjega tedna"},"content":{"rendered":"<p>V preteklih dneh je v Slovenijo pri\u0161la nova po\u0161iljka cepiv proti covidu-19 proizvajalca Moderna, \u0161lo je za 2400 odmerkov. Nova po\u0161iljka z 4800 odmerki Moderninega cepiva se pri\u010dakuje v petek.<\/p>\n<p>Naslednja po\u0161iljka Pfizerjevega cepiva se pri\u010dakuje v torek, 9. februarja, ko naj bi v Slovenijo pri\u0161lo 17.550 odmerkov, nato 15. februarja 21.060 odmerkov in 22. februarja 22.030 odmerkov, so za STA pojasnili na NIJZ.<\/p>\n<p>Ni pa \u0161e znano, kako bo z nadaljnjimi po\u0161iljkami cepiva AstraZenece, ki je zeleno lu\u010d Evropske agencije za zdravila in Evropske komisije dobilo konec prej\u0161njega tedna. Sicer pa je predsednica Evropske komisije Ursula von der Leyen v nedeljo na Twitterju sporo\u010dila, da bo podjetje AstraZeneca v prvem leto\u0161njem \u010detrtletju EU dobavilo 40 milijonov odmerkov cepiva proti covidu-19.<\/p>\n<p>Pfizerjeva po\u0161iljka ta teden bo namenjena predvsem za drugi odmerek cepljenja. V prihodnjem tednu pa bodo nadaljevali s cepljenjem starej\u0161e populacije, cepiva bodo namenjena za starej\u0161e od 70. let, pojasnjujejo na NIJZ.<\/p>\n<p>Po podatkih NIJZ je bilo do sobote v Sloveniji z enim odmerkom cepljenih 52.942 ljudi, z dvema pa 23.035.<\/p>\n","protected":false},"excerpt":{"rendered":"<p>Gre za 15.000 odmerkov cepiv. Danes pa se pri\u010dakuje nova po\u0161iljka z okoli 17.550 odmerki Pfizerjevih cepiv.<\/p>\n","protected":false},"author":8,"featured_media":441285,"comment_status":"closed","ping_status":"closed","sticky":false,"template":"","format":"standard","meta":{"footnotes":""},"categories":[1179],"tags":[17647,15940,15632,15877,1595],"source":[4511],"supertag":[5675,16298],"acf":[],"yoast_head":"<!-- This site is optimized with the Yoast SEO plugin v21.3 - https:\/\/yoast.com\/wordpress\/plugins\/seo\/ -->\n<title>Prva po\u0161iljka cepiv AstraZenece proti covidu-19 bo v Slovenijo pri\u0161la konec tedna ali pa v za\u010detku prihodnjega tedna - Hudo Slovenija<\/title>\n<meta name=\"robots\" content=\"index, follow, max-snippet:-1, max-image-preview:large, max-video-preview:-1\" \/>\n<link rel=\"canonical\" href=\"https:\/\/hudo.com\/si\/aktualno\/prva-posiljka-cepiv-astrazenece-proti-covidu-19-bo-v-slovenijo-prisla-konec-tedna-ali-pa-v-zacetku-prihodnjega-tedna\/\" \/>\n<meta property=\"og:locale\" content=\"sl_SI\" \/>\n<meta property=\"og:type\" content=\"article\" \/>\n<meta property=\"og:title\" content=\"Prva po\u0161iljka cepiv AstraZenece proti covidu-19 bo v Slovenijo pri\u0161la konec tedna ali pa v za\u010detku prihodnjega tedna - Hudo Slovenija\" \/>\n<meta property=\"og:description\" content=\"Gre za 15.000 odmerkov cepiv. Danes pa se pri\u010dakuje nova po\u0161iljka z okoli 17.550 odmerki Pfizerjevih cepiv.\" \/>\n<meta property=\"og:url\" content=\"https:\/\/hudo.com\/si\/aktualno\/prva-posiljka-cepiv-astrazenece-proti-covidu-19-bo-v-slovenijo-prisla-konec-tedna-ali-pa-v-zacetku-prihodnjega-tedna\/\" \/>\n<meta property=\"og:site_name\" content=\"Hudo Slovenija\" \/>\n<meta property=\"article:publisher\" content=\"https:\/\/www.facebook.com\/hudo.si\" \/>\n<meta property=\"article:published_time\" content=\"2021-02-01T09:21:49+00:00\" \/>\n<meta property=\"og:image\" content=\"https:\/\/hudo.com\/si\/wp-content\/uploads\/sites\/2\/2020\/12\/profimedia-0579491000.jpg\" \/>\n\t<meta property=\"og:image:width\" content=\"1250\" \/>\n\t<meta property=\"og:image:height\" content=\"833\" \/>\n\t<meta property=\"og:image:type\" content=\"image\/jpeg\" \/>\n<meta name=\"author\" content=\"M. N., STA\" \/>\n<meta name=\"twitter:card\" content=\"summary_large_image\" \/>\n<meta name=\"twitter:creator\" content=\"@hudo_si\" \/>\n<meta name=\"twitter:site\" content=\"@hudo_si\" \/>\n<meta name=\"twitter:label1\" content=\"Written by\" \/>\n\t<meta name=\"twitter:data1\" content=\"M. N., STA\" \/>\n\t<meta name=\"twitter:label2\" content=\"Est. reading time\" \/>\n\t<meta name=\"twitter:data2\" content=\"1 minuta\" \/>\n<script type=\"application\/ld+json\" class=\"yoast-schema-graph\">{\"@context\":\"https:\/\/schema.org\",\"@graph\":[{\"@type\":\"Article\",\"@id\":\"https:\/\/hudo.com\/si\/aktualno\/prva-posiljka-cepiv-astrazenece-proti-covidu-19-bo-v-slovenijo-prisla-konec-tedna-ali-pa-v-zacetku-prihodnjega-tedna\/#article\",\"isPartOf\":{\"@id\":\"https:\/\/hudo.com\/si\/aktualno\/prva-posiljka-cepiv-astrazenece-proti-covidu-19-bo-v-slovenijo-prisla-konec-tedna-ali-pa-v-zacetku-prihodnjega-tedna\/\"},\"author\":{\"name\":\"M. N., STA\",\"@id\":\"https:\/\/hudo.com\/si\/#\/schema\/person\/c2f10ce65d2e6ede2aeda5be2a0611fa\"},\"headline\":\"Prva po\u0161iljka cepiv AstraZenece proti covidu-19 bo v Slovenijo pri\u0161la konec tedna ali pa v za\u010detku prihodnjega tedna\",\"datePublished\":\"2021-02-01T09:21:49+00:00\",\"dateModified\":\"2021-02-01T09:21:49+00:00\",\"mainEntityOfPage\":{\"@id\":\"https:\/\/hudo.com\/si\/aktualno\/prva-posiljka-cepiv-astrazenece-proti-covidu-19-bo-v-slovenijo-prisla-konec-tedna-ali-pa-v-zacetku-prihodnjega-tedna\/\"},\"wordCount\":195,\"publisher\":{\"@id\":\"https:\/\/hudo.com\/si\/#organization\"},\"keywords\":[\"AstraZeneca\",\"cepivo proti koronavirusu\",\"koronavirus\",\"koronavirus v sloveniji\",\"Slovenija\"],\"articleSection\":[\"Aktualno\"],\"inLanguage\":\"sl-SI\"},{\"@type\":\"WebPage\",\"@id\":\"https:\/\/hudo.com\/si\/aktualno\/prva-posiljka-cepiv-astrazenece-proti-covidu-19-bo-v-slovenijo-prisla-konec-tedna-ali-pa-v-zacetku-prihodnjega-tedna\/\",\"url\":\"https:\/\/hudo.com\/si\/aktualno\/prva-posiljka-cepiv-astrazenece-proti-covidu-19-bo-v-slovenijo-prisla-konec-tedna-ali-pa-v-zacetku-prihodnjega-tedna\/\",\"name\":\"Prva po\u0161iljka cepiv AstraZenece proti covidu-19 bo v Slovenijo pri\u0161la konec tedna ali pa v za\u010detku prihodnjega tedna - Hudo Slovenija\",\"isPartOf\":{\"@id\":\"https:\/\/hudo.com\/si\/#website\"},\"datePublished\":\"2021-02-01T09:21:49+00:00\",\"dateModified\":\"2021-02-01T09:21:49+00:00\",\"breadcrumb\":{\"@id\":\"https:\/\/hudo.com\/si\/aktualno\/prva-posiljka-cepiv-astrazenece-proti-covidu-19-bo-v-slovenijo-prisla-konec-tedna-ali-pa-v-zacetku-prihodnjega-tedna\/#breadcrumb\"},\"inLanguage\":\"sl-SI\",\"potentialAction\":[{\"@type\":\"ReadAction\",\"target\":[\"https:\/\/hudo.com\/si\/aktualno\/prva-posiljka-cepiv-astrazenece-proti-covidu-19-bo-v-slovenijo-prisla-konec-tedna-ali-pa-v-zacetku-prihodnjega-tedna\/\"]}]},{\"@type\":\"BreadcrumbList\",\"@id\":\"https:\/\/hudo.com\/si\/aktualno\/prva-posiljka-cepiv-astrazenece-proti-covidu-19-bo-v-slovenijo-prisla-konec-tedna-ali-pa-v-zacetku-prihodnjega-tedna\/#breadcrumb\",\"itemListElement\":[{\"@type\":\"ListItem\",\"position\":1,\"name\":\"Home\",\"item\":\"https:\/\/hudo.com\/si\/\"},{\"@type\":\"ListItem\",\"position\":2,\"name\":\"Prva po\u0161iljka cepiv AstraZenece proti covidu-19 bo v Slovenijo pri\u0161la konec tedna ali pa v za\u010detku prihodnjega tedna\"}]},{\"@type\":\"WebSite\",\"@id\":\"https:\/\/hudo.com\/si\/#website\",\"url\":\"https:\/\/hudo.com\/si\/\",\"name\":\"Hudo Slovenija\",\"description\":\"Vse novice iz Slovenije in sveta\",\"publisher\":{\"@id\":\"https:\/\/hudo.com\/si\/#organization\"},\"potentialAction\":[{\"@type\":\"SearchAction\",\"target\":{\"@type\":\"EntryPoint\",\"urlTemplate\":\"https:\/\/hudo.com\/si\/?s={search_term_string}\"},\"query-input\":\"required name=search_term_string\"}],\"inLanguage\":\"sl-SI\"},{\"@type\":\"Organization\",\"@id\":\"https:\/\/hudo.com\/si\/#organization\",\"name\":\"VSN Media\",\"url\":\"https:\/\/hudo.com\/si\/\",\"logo\":{\"@type\":\"ImageObject\",\"inLanguage\":\"sl-SI\",\"@id\":\"https:\/\/hudo.com\/si\/#\/schema\/logo\/image\/\",\"url\":\"https:\/\/hudo.com\/si\/wp-content\/uploads\/sites\/2\/2021\/03\/hudo-app-2.png\",\"contentUrl\":\"https:\/\/hudo.com\/si\/wp-content\/uploads\/sites\/2\/2021\/03\/hudo-app-2.png\",\"width\":2185,\"height\":2167,\"caption\":\"VSN Media\"},\"image\":{\"@id\":\"https:\/\/hudo.com\/si\/#\/schema\/logo\/image\/\"},\"sameAs\":[\"https:\/\/www.facebook.com\/hudo.si\",\"https:\/\/twitter.com\/hudo_si\"]},{\"@type\":\"Person\",\"@id\":\"https:\/\/hudo.com\/si\/#\/schema\/person\/c2f10ce65d2e6ede2aeda5be2a0611fa\",\"name\":\"M. N., STA\",\"image\":{\"@type\":\"ImageObject\",\"inLanguage\":\"sl-SI\",\"@id\":\"https:\/\/hudo.com\/si\/#\/schema\/person\/image\/\",\"url\":\"https:\/\/secure.gravatar.com\/avatar\/f370d38daa10467f755c5c766a4cac20?s=96&d=mm&r=g\",\"contentUrl\":\"https:\/\/secure.gravatar.com\/avatar\/f370d38daa10467f755c5c766a4cac20?s=96&d=mm&r=g\",\"caption\":\"M. N., STA\"},\"url\":\"https:\/\/hudo.com\/si\/author\/mana\/\"}]}<\/script>\n<!-- \/ Yoast SEO plugin. -->","yoast_head_json":{"title":"Prva po\u0161iljka cepiv AstraZenece proti covidu-19 bo v Slovenijo pri\u0161la konec tedna ali pa v za\u010detku prihodnjega tedna - Hudo Slovenija","robots":{"index":"index","follow":"follow","max-snippet":"max-snippet:-1","max-image-preview":"max-image-preview:large","max-video-preview":"max-video-preview:-1"},"canonical":"https:\/\/hudo.com\/si\/aktualno\/prva-posiljka-cepiv-astrazenece-proti-covidu-19-bo-v-slovenijo-prisla-konec-tedna-ali-pa-v-zacetku-prihodnjega-tedna\/","og_locale":"sl_SI","og_type":"article","og_title":"Prva po\u0161iljka cepiv AstraZenece proti covidu-19 bo v Slovenijo pri\u0161la konec tedna ali pa v za\u010detku prihodnjega tedna - Hudo Slovenija","og_description":"Gre za 15.000 odmerkov cepiv. Danes pa se pri\u010dakuje nova po\u0161iljka z okoli 17.550 odmerki Pfizerjevih cepiv.","og_url":"https:\/\/hudo.com\/si\/aktualno\/prva-posiljka-cepiv-astrazenece-proti-covidu-19-bo-v-slovenijo-prisla-konec-tedna-ali-pa-v-zacetku-prihodnjega-tedna\/","og_site_name":"Hudo Slovenija","article_publisher":"https:\/\/www.facebook.com\/hudo.si","article_published_time":"2021-02-01T09:21:49+00:00","og_image":[{"width":1250,"height":833,"url":"https:\/\/hudo.com\/si\/wp-content\/uploads\/sites\/2\/2020\/12\/profimedia-0579491000.jpg","type":"image\/jpeg"}],"author":"M. N., STA","twitter_card":"summary_large_image","twitter_creator":"@hudo_si","twitter_site":"@hudo_si","twitter_misc":{"Written by":"M. N., STA","Est. reading time":"1 minuta"},"schema":{"@context":"https:\/\/schema.org","@graph":[{"@type":"Article","@id":"https:\/\/hudo.com\/si\/aktualno\/prva-posiljka-cepiv-astrazenece-proti-covidu-19-bo-v-slovenijo-prisla-konec-tedna-ali-pa-v-zacetku-prihodnjega-tedna\/#article","isPartOf":{"@id":"https:\/\/hudo.com\/si\/aktualno\/prva-posiljka-cepiv-astrazenece-proti-covidu-19-bo-v-slovenijo-prisla-konec-tedna-ali-pa-v-zacetku-prihodnjega-tedna\/"},"author":{"name":"M. N., STA","@id":"https:\/\/hudo.com\/si\/#\/schema\/person\/c2f10ce65d2e6ede2aeda5be2a0611fa"},"headline":"Prva po\u0161iljka cepiv AstraZenece proti covidu-19 bo v Slovenijo pri\u0161la konec tedna ali pa v za\u010detku prihodnjega tedna","datePublished":"2021-02-01T09:21:49+00:00","dateModified":"2021-02-01T09:21:49+00:00","mainEntityOfPage":{"@id":"https:\/\/hudo.com\/si\/aktualno\/prva-posiljka-cepiv-astrazenece-proti-covidu-19-bo-v-slovenijo-prisla-konec-tedna-ali-pa-v-zacetku-prihodnjega-tedna\/"},"wordCount":195,"publisher":{"@id":"https:\/\/hudo.com\/si\/#organization"},"keywords":["AstraZeneca","cepivo proti koronavirusu","koronavirus","koronavirus v sloveniji","Slovenija"],"articleSection":["Aktualno"],"inLanguage":"sl-SI"},{"@type":"WebPage","@id":"https:\/\/hudo.com\/si\/aktualno\/prva-posiljka-cepiv-astrazenece-proti-covidu-19-bo-v-slovenijo-prisla-konec-tedna-ali-pa-v-zacetku-prihodnjega-tedna\/","url":"https:\/\/hudo.com\/si\/aktualno\/prva-posiljka-cepiv-astrazenece-proti-covidu-19-bo-v-slovenijo-prisla-konec-tedna-ali-pa-v-zacetku-prihodnjega-tedna\/","name":"Prva po\u0161iljka cepiv AstraZenece proti covidu-19 bo v Slovenijo pri\u0161la konec tedna ali pa v za\u010detku prihodnjega tedna - Hudo Slovenija","isPartOf":{"@id":"https:\/\/hudo.com\/si\/#website"},"datePublished":"2021-02-01T09:21:49+00:00","dateModified":"2021-02-01T09:21:49+00:00","breadcrumb":{"@id":"https:\/\/hudo.com\/si\/aktualno\/prva-posiljka-cepiv-astrazenece-proti-covidu-19-bo-v-slovenijo-prisla-konec-tedna-ali-pa-v-zacetku-prihodnjega-tedna\/#breadcrumb"},"inLanguage":"sl-SI","potentialAction":[{"@type":"ReadAction","target":["https:\/\/hudo.com\/si\/aktualno\/prva-posiljka-cepiv-astrazenece-proti-covidu-19-bo-v-slovenijo-prisla-konec-tedna-ali-pa-v-zacetku-prihodnjega-tedna\/"]}]},{"@type":"BreadcrumbList","@id":"https:\/\/hudo.com\/si\/aktualno\/prva-posiljka-cepiv-astrazenece-proti-covidu-19-bo-v-slovenijo-prisla-konec-tedna-ali-pa-v-zacetku-prihodnjega-tedna\/#breadcrumb","itemListElement":[{"@type":"ListItem","position":1,"name":"Home","item":"https:\/\/hudo.com\/si\/"},{"@type":"ListItem","position":2,"name":"Prva po\u0161iljka cepiv AstraZenece proti covidu-19 bo v Slovenijo pri\u0161la konec tedna ali pa v za\u010detku prihodnjega tedna"}]},{"@type":"WebSite","@id":"https:\/\/hudo.com\/si\/#website","url":"https:\/\/hudo.com\/si\/","name":"Hudo Slovenija","description":"Vse novice iz Slovenije in sveta","publisher":{"@id":"https:\/\/hudo.com\/si\/#organization"},"potentialAction":[{"@type":"SearchAction","target":{"@type":"EntryPoint","urlTemplate":"https:\/\/hudo.com\/si\/?s={search_term_string}"},"query-input":"required name=search_term_string"}],"inLanguage":"sl-SI"},{"@type":"Organization","@id":"https:\/\/hudo.com\/si\/#organization","name":"VSN Media","url":"https:\/\/hudo.com\/si\/","logo":{"@type":"ImageObject","inLanguage":"sl-SI","@id":"https:\/\/hudo.com\/si\/#\/schema\/logo\/image\/","url":"https:\/\/hudo.com\/si\/wp-content\/uploads\/sites\/2\/2021\/03\/hudo-app-2.png","contentUrl":"https:\/\/hudo.com\/si\/wp-content\/uploads\/sites\/2\/2021\/03\/hudo-app-2.png","width":2185,"height":2167,"caption":"VSN Media"},"image":{"@id":"https:\/\/hudo.com\/si\/#\/schema\/logo\/image\/"},"sameAs":["https:\/\/www.facebook.com\/hudo.si","https:\/\/twitter.com\/hudo_si"]},{"@type":"Person","@id":"https:\/\/hudo.com\/si\/#\/schema\/person\/c2f10ce65d2e6ede2aeda5be2a0611fa","name":"M. N., STA","image":{"@type":"ImageObject","inLanguage":"sl-SI","@id":"https:\/\/hudo.com\/si\/#\/schema\/person\/image\/","url":"https:\/\/secure.gravatar.com\/avatar\/f370d38daa10467f755c5c766a4cac20?s=96&d=mm&r=g","contentUrl":"https:\/\/secure.gravatar.com\/avatar\/f370d38daa10467f755c5c766a4cac20?s=96&d=mm&r=g","caption":"M. N., STA"},"url":"https:\/\/hudo.com\/si\/author\/mana\/"}]}},"amp_enabled":true,"_links":{"self":[{"href":"https:\/\/hudo.com\/si\/wp-json\/wp\/v2\/posts\/443945"}],"collection":[{"href":"https:\/\/hudo.com\/si\/wp-json\/wp\/v2\/posts"}],"about":[{"href":"https:\/\/hudo.com\/si\/wp-json\/wp\/v2\/types\/post"}],"author":[{"embeddable":true,"href":"https:\/\/hudo.com\/si\/wp-json\/wp\/v2\/users\/8"}],"replies":[{"embeddable":true,"href":"https:\/\/hudo.com\/si\/wp-json\/wp\/v2\/comments?post=443945"}],"version-history":[{"count":1,"href":"https:\/\/hudo.com\/si\/wp-json\/wp\/v2\/posts\/443945\/revisions"}],"predecessor-version":[{"id":443946,"href":"https:\/\/hudo.com\/si\/wp-json\/wp\/v2\/posts\/443945\/revisions\/443946"}],"wp:featuredmedia":[{"embeddable":true,"href":"https:\/\/hudo.com\/si\/wp-json\/wp\/v2\/media\/441285"}],"wp:attachment":[{"href":"https:\/\/hudo.com\/si\/wp-json\/wp\/v2\/media?parent=443945"}],"wp:term":[{"taxonomy":"category","embeddable":true,"href":"https:\/\/hudo.com\/si\/wp-json\/wp\/v2\/categories?post=443945"},{"taxonomy":"post_tag","embeddable":true,"href":"https:\/\/hudo.com\/si\/wp-json\/wp\/v2\/tags?post=443945"},{"taxonomy":"source","embeddable":true,"href":"https:\/\/hudo.com\/si\/wp-json\/wp\/v2\/source?post=443945"},{"taxonomy":"supertag","embeddable":true,"href":"https:\/\/hudo.com\/si\/wp-json\/wp\/v2\/supertag?post=443945"}],"curies":[{"name":"wp","href":"https:\/\/api.w.org\/{rel}","templated":true}]}}