{"id":443971,"date":"2021-02-01T13:18:11","date_gmt":"2021-02-01T12:18:11","guid":{"rendered":"http:\/\/hudo.com\/si\/?p=443971"},"modified":"2021-02-01T13:18:11","modified_gmt":"2021-02-01T12:18:11","slug":"krek-ce-se-angleska-razlicica-razsiri-bi-lahko-konec-februarja-imeli-tezak-epidemioloski-polozaj","status":"publish","type":"post","link":"https:\/\/hudo.com\/si\/aktualno\/krek-ce-se-angleska-razlicica-razsiri-bi-lahko-konec-februarja-imeli-tezak-epidemioloski-polozaj\/","title":{"rendered":"Krek: \u010ce se angle\u0161ka razli\u010dica raz\u0161iri, bi lahko konec februarja imeli te\u017eak epidemiolo\u0161ki polo\u017eaj"},"content":{"rendered":"<p>\u010ce bi se epidemija odvijala naprej z nespremenjenim trendom, kot je sedaj, bi se maja ali junija izpela, je na dana\u0161nji novinarski konferenci povedal direktor Nacionalnega in\u0161tituta za javno zdravje (NIJZ) Krek.<\/p>\n<p>&#8220;Cela Evropa se boji britanske razli\u010dice novega koronavirusa. Poleg tega se je v EU prenesla tudi ju\u017enoafri\u0161ka razli\u010dica. \u010ce bi se za\u010dela \u0161iriti s vso mo\u010dno, bi lahko pri\u0161li v hud tretji epidemi\u010dni val,&#8221; je opozoril.<\/p>\n<p>Za nove razli\u010dice koronavirusa &#8211; britansko, ju\u017enoafri\u0161ko in brazilsko &#8211; je zna\u010dilno, da se hitreje \u0161irijo in tako oku\u017eijo bistveno ve\u010d ljudi v kraj\u0161em \u010dasu. \u010ce se bo nova razli\u010dica pomembno raz\u0161irila po dr\u017eavi, lahko pri\u010dakujemo ve\u010d oku\u017eenih, ve\u010d zbolelih, ve\u010d hospitaliziranih v bolnikov, ve\u010d bolnikov na intenzivni negi, hude obremenitve bolni\u0161nic, ve\u010d prezgodaj umrlih in veliko ljudi z resnimi posledicami covida-19.<\/p>\n<p>\u010ceprav naj bi bilo po nekaterih izra\u010dunih med vsemi pozitivnimi v Sloveniji za dva odstotka oku\u017eb z angle\u0161ko razli\u010dico, pa Krek opozarja, da se je tako za\u010delo tudi v Veliki Britaniji, kmalu pa je to postala prevladujo\u010da razli\u010dica.<\/p>\n<p>Zato je po njegovih besedah klju\u010dno, da celotno prebivalstvo upo\u0161teva preventivne ukrepe. &#8220;\u010ce se preventivni ukrepi ne izvajajo dovolj dobro, so lahko te razli\u010dice uni\u010dujo\u010de,&#8221; je dodal.<\/p>\n<p>Dru\u017eenja, kot so se dogajala pretekli konec tedna, so v lu\u010di novih razli\u010dic virusa zelo nevarna in predstavljajo velika tveganja za prenos virusa, je \u0161e posvaril. &#8220;Protesti &#8211; tak\u0161ni, kot so bili videni na televiziji &#8211; so vir oku\u017eb. Poleg tega so bili v proteste vklju\u010deni otroci. \u010ce je bil kdo med njimi oku\u017een, bodo tudi ostali dobili oku\u017ebo,&#8221; je dejal.<\/p>\n<p>Re\u0161itev proti novem koronavirusu je torej cepljenje, je poudaril Krek, a vseeno ne smemo pozabiti na izvajanje ukrepov, saj se vsi ljudje ne cepijo iz tak\u0161nih ali druga\u010dnih razlogov, prav tako tudi cepivo ni stoodstotno. Ena od \u017ee vidnih posledic cepljenja je po njegovih besedah padec obolevnosti v domovih za starej\u0161e in drasti\u010den upad umrlih med oskrbovanci domov.<\/p>\n<p>Precepljenost proti covidu-19 v domovih za starej\u0161e je razli\u010dna. Ponekod je zelo visoka, denimo v Lo\u0161kem potoku je cepljenih 90 odstotkov oskrbovancev in 70 odstotkov zaposlenih. Spet drugod pa se je cepilo le 17 odstotkov zaposlenih.<\/p>\n<p>Medtem ko sta cepivi Moderne in Pfizerja u\u010dinkoviti tudi proti angle\u0161ki in ju\u017enoafri\u0161ki razli\u010dici, pa za brazilsko to \u0161e ugotavljajo.<\/p>\n","protected":false},"excerpt":{"rendered":"<p>V Sloveniji naj bi \u0161lo pri dveh odstotkih oku\u017eenih za angle\u0161ko razli\u010dico novega koronavirusa, pravi direktor NIJZ Milan Krek. Ker je ta razli\u010dica ku\u017enej\u0161a, poziva k upo\u0161tevanju preventivnih ukrepov. Razli\u010dica se bo zelo hitro raz\u0161irila med prebivalstvom, \u010de ji bomo dali mo\u017enost, zato bi lahko imeli te\u017eak epidemiolo\u0161ki polo\u017eaj \u017ee konec meseca.<\/p>\n","protected":false},"author":5,"featured_media":442423,"comment_status":"closed","ping_status":"closed","sticky":false,"template":"","format":"standard","meta":{"footnotes":""},"categories":[1179],"tags":[18014,16110,1595],"source":[4511],"supertag":[5675],"acf":[],"yoast_head":"<!-- This site is optimized with the Yoast SEO plugin v21.3 - https:\/\/yoast.com\/wordpress\/plugins\/seo\/ -->\n<title>Krek: \u010ce se angle\u0161ka razli\u010dica raz\u0161iri, bi lahko konec februarja imeli te\u017eak epidemiolo\u0161ki polo\u017eaj - Hudo Slovenija<\/title>\n<meta name=\"robots\" content=\"index, follow, max-snippet:-1, max-image-preview:large, max-video-preview:-1\" \/>\n<link rel=\"canonical\" href=\"https:\/\/hudo.com\/si\/aktualno\/krek-ce-se-angleska-razlicica-razsiri-bi-lahko-konec-februarja-imeli-tezak-epidemioloski-polozaj\/\" \/>\n<meta property=\"og:locale\" content=\"sl_SI\" \/>\n<meta property=\"og:type\" content=\"article\" \/>\n<meta property=\"og:title\" content=\"Krek: \u010ce se angle\u0161ka razli\u010dica raz\u0161iri, bi lahko konec februarja imeli te\u017eak epidemiolo\u0161ki polo\u017eaj - Hudo Slovenija\" \/>\n<meta property=\"og:description\" content=\"V Sloveniji naj bi \u0161lo pri dveh odstotkih oku\u017eenih za angle\u0161ko razli\u010dico novega koronavirusa, pravi direktor NIJZ Milan Krek. Ker je ta razli\u010dica ku\u017enej\u0161a, poziva k upo\u0161tevanju preventivnih ukrepov. Razli\u010dica se bo zelo hitro raz\u0161irila med prebivalstvom, \u010de ji bomo dali mo\u017enost, zato bi lahko imeli te\u017eak epidemiolo\u0161ki polo\u017eaj \u017ee konec meseca.\" \/>\n<meta property=\"og:url\" content=\"https:\/\/hudo.com\/si\/aktualno\/krek-ce-se-angleska-razlicica-razsiri-bi-lahko-konec-februarja-imeli-tezak-epidemioloski-polozaj\/\" \/>\n<meta property=\"og:site_name\" content=\"Hudo Slovenija\" \/>\n<meta property=\"article:publisher\" content=\"https:\/\/www.facebook.com\/hudo.si\" \/>\n<meta property=\"article:published_time\" content=\"2021-02-01T12:18:11+00:00\" \/>\n<meta property=\"og:image\" content=\"https:\/\/hudo.com\/si\/wp-content\/uploads\/sites\/2\/2021\/01\/Screenshot-from-2021-01-12-17-44-43.png\" \/>\n\t<meta property=\"og:image:width\" content=\"633\" \/>\n\t<meta property=\"og:image:height\" content=\"422\" \/>\n\t<meta property=\"og:image:type\" content=\"image\/png\" \/>\n<meta name=\"author\" content=\"A. G., STA\" \/>\n<meta name=\"twitter:card\" content=\"summary_large_image\" \/>\n<meta name=\"twitter:creator\" content=\"@hudo_si\" \/>\n<meta name=\"twitter:site\" content=\"@hudo_si\" \/>\n<meta name=\"twitter:label1\" content=\"Written by\" \/>\n\t<meta name=\"twitter:data1\" content=\"A. G., STA\" \/>\n\t<meta name=\"twitter:label2\" content=\"Est. reading time\" \/>\n\t<meta name=\"twitter:data2\" content=\"2 minuti\" \/>\n<script type=\"application\/ld+json\" class=\"yoast-schema-graph\">{\"@context\":\"https:\/\/schema.org\",\"@graph\":[{\"@type\":\"Article\",\"@id\":\"https:\/\/hudo.com\/si\/aktualno\/krek-ce-se-angleska-razlicica-razsiri-bi-lahko-konec-februarja-imeli-tezak-epidemioloski-polozaj\/#article\",\"isPartOf\":{\"@id\":\"https:\/\/hudo.com\/si\/aktualno\/krek-ce-se-angleska-razlicica-razsiri-bi-lahko-konec-februarja-imeli-tezak-epidemioloski-polozaj\/\"},\"author\":{\"name\":\"A. G., STA\",\"@id\":\"https:\/\/hudo.com\/si\/#\/schema\/person\/2391667a63ea075ba94f2f2dc6b77537\"},\"headline\":\"Krek: \u010ce se angle\u0161ka razli\u010dica raz\u0161iri, bi lahko konec februarja imeli te\u017eak epidemiolo\u0161ki polo\u017eaj\",\"datePublished\":\"2021-02-01T12:18:11+00:00\",\"dateModified\":\"2021-02-01T12:18:11+00:00\",\"mainEntityOfPage\":{\"@id\":\"https:\/\/hudo.com\/si\/aktualno\/krek-ce-se-angleska-razlicica-razsiri-bi-lahko-konec-februarja-imeli-tezak-epidemioloski-polozaj\/\"},\"wordCount\":442,\"publisher\":{\"@id\":\"https:\/\/hudo.com\/si\/#organization\"},\"keywords\":[\"angle\u0161ki sev koronavirusa\",\"Milan Krek\",\"Slovenija\"],\"articleSection\":[\"Aktualno\"],\"inLanguage\":\"sl-SI\"},{\"@type\":\"WebPage\",\"@id\":\"https:\/\/hudo.com\/si\/aktualno\/krek-ce-se-angleska-razlicica-razsiri-bi-lahko-konec-februarja-imeli-tezak-epidemioloski-polozaj\/\",\"url\":\"https:\/\/hudo.com\/si\/aktualno\/krek-ce-se-angleska-razlicica-razsiri-bi-lahko-konec-februarja-imeli-tezak-epidemioloski-polozaj\/\",\"name\":\"Krek: \u010ce se angle\u0161ka razli\u010dica raz\u0161iri, bi lahko konec februarja imeli te\u017eak epidemiolo\u0161ki polo\u017eaj - Hudo Slovenija\",\"isPartOf\":{\"@id\":\"https:\/\/hudo.com\/si\/#website\"},\"datePublished\":\"2021-02-01T12:18:11+00:00\",\"dateModified\":\"2021-02-01T12:18:11+00:00\",\"breadcrumb\":{\"@id\":\"https:\/\/hudo.com\/si\/aktualno\/krek-ce-se-angleska-razlicica-razsiri-bi-lahko-konec-februarja-imeli-tezak-epidemioloski-polozaj\/#breadcrumb\"},\"inLanguage\":\"sl-SI\",\"potentialAction\":[{\"@type\":\"ReadAction\",\"target\":[\"https:\/\/hudo.com\/si\/aktualno\/krek-ce-se-angleska-razlicica-razsiri-bi-lahko-konec-februarja-imeli-tezak-epidemioloski-polozaj\/\"]}]},{\"@type\":\"BreadcrumbList\",\"@id\":\"https:\/\/hudo.com\/si\/aktualno\/krek-ce-se-angleska-razlicica-razsiri-bi-lahko-konec-februarja-imeli-tezak-epidemioloski-polozaj\/#breadcrumb\",\"itemListElement\":[{\"@type\":\"ListItem\",\"position\":1,\"name\":\"Home\",\"item\":\"https:\/\/hudo.com\/si\/\"},{\"@type\":\"ListItem\",\"position\":2,\"name\":\"Krek: \u010ce se angle\u0161ka razli\u010dica raz\u0161iri, bi lahko konec februarja imeli te\u017eak epidemiolo\u0161ki polo\u017eaj\"}]},{\"@type\":\"WebSite\",\"@id\":\"https:\/\/hudo.com\/si\/#website\",\"url\":\"https:\/\/hudo.com\/si\/\",\"name\":\"Hudo Slovenija\",\"description\":\"Vse novice iz Slovenije in sveta\",\"publisher\":{\"@id\":\"https:\/\/hudo.com\/si\/#organization\"},\"potentialAction\":[{\"@type\":\"SearchAction\",\"target\":{\"@type\":\"EntryPoint\",\"urlTemplate\":\"https:\/\/hudo.com\/si\/?s={search_term_string}\"},\"query-input\":\"required name=search_term_string\"}],\"inLanguage\":\"sl-SI\"},{\"@type\":\"Organization\",\"@id\":\"https:\/\/hudo.com\/si\/#organization\",\"name\":\"VSN Media\",\"url\":\"https:\/\/hudo.com\/si\/\",\"logo\":{\"@type\":\"ImageObject\",\"inLanguage\":\"sl-SI\",\"@id\":\"https:\/\/hudo.com\/si\/#\/schema\/logo\/image\/\",\"url\":\"https:\/\/hudo.com\/si\/wp-content\/uploads\/sites\/2\/2021\/03\/hudo-app-2.png\",\"contentUrl\":\"https:\/\/hudo.com\/si\/wp-content\/uploads\/sites\/2\/2021\/03\/hudo-app-2.png\",\"width\":2185,\"height\":2167,\"caption\":\"VSN Media\"},\"image\":{\"@id\":\"https:\/\/hudo.com\/si\/#\/schema\/logo\/image\/\"},\"sameAs\":[\"https:\/\/www.facebook.com\/hudo.si\",\"https:\/\/twitter.com\/hudo_si\"]},{\"@type\":\"Person\",\"@id\":\"https:\/\/hudo.com\/si\/#\/schema\/person\/2391667a63ea075ba94f2f2dc6b77537\",\"name\":\"A. G., STA\",\"image\":{\"@type\":\"ImageObject\",\"inLanguage\":\"sl-SI\",\"@id\":\"https:\/\/hudo.com\/si\/#\/schema\/person\/image\/\",\"url\":\"https:\/\/secure.gravatar.com\/avatar\/e13d22ac3e442658d5025fbbe6238a79?s=96&d=mm&r=g\",\"contentUrl\":\"https:\/\/secure.gravatar.com\/avatar\/e13d22ac3e442658d5025fbbe6238a79?s=96&d=mm&r=g\",\"caption\":\"A. G., STA\"},\"url\":\"https:\/\/hudo.com\/si\/author\/alenka\/\"}]}<\/script>\n<!-- \/ Yoast SEO plugin. -->","yoast_head_json":{"title":"Krek: \u010ce se angle\u0161ka razli\u010dica raz\u0161iri, bi lahko konec februarja imeli te\u017eak epidemiolo\u0161ki polo\u017eaj - Hudo Slovenija","robots":{"index":"index","follow":"follow","max-snippet":"max-snippet:-1","max-image-preview":"max-image-preview:large","max-video-preview":"max-video-preview:-1"},"canonical":"https:\/\/hudo.com\/si\/aktualno\/krek-ce-se-angleska-razlicica-razsiri-bi-lahko-konec-februarja-imeli-tezak-epidemioloski-polozaj\/","og_locale":"sl_SI","og_type":"article","og_title":"Krek: \u010ce se angle\u0161ka razli\u010dica raz\u0161iri, bi lahko konec februarja imeli te\u017eak epidemiolo\u0161ki polo\u017eaj - Hudo Slovenija","og_description":"V Sloveniji naj bi \u0161lo pri dveh odstotkih oku\u017eenih za angle\u0161ko razli\u010dico novega koronavirusa, pravi direktor NIJZ Milan Krek. Ker je ta razli\u010dica ku\u017enej\u0161a, poziva k upo\u0161tevanju preventivnih ukrepov. Razli\u010dica se bo zelo hitro raz\u0161irila med prebivalstvom, \u010de ji bomo dali mo\u017enost, zato bi lahko imeli te\u017eak epidemiolo\u0161ki polo\u017eaj \u017ee konec meseca.","og_url":"https:\/\/hudo.com\/si\/aktualno\/krek-ce-se-angleska-razlicica-razsiri-bi-lahko-konec-februarja-imeli-tezak-epidemioloski-polozaj\/","og_site_name":"Hudo Slovenija","article_publisher":"https:\/\/www.facebook.com\/hudo.si","article_published_time":"2021-02-01T12:18:11+00:00","og_image":[{"width":633,"height":422,"url":"https:\/\/hudo.com\/si\/wp-content\/uploads\/sites\/2\/2021\/01\/Screenshot-from-2021-01-12-17-44-43.png","type":"image\/png"}],"author":"A. G., STA","twitter_card":"summary_large_image","twitter_creator":"@hudo_si","twitter_site":"@hudo_si","twitter_misc":{"Written by":"A. G., STA","Est. reading time":"2 minuti"},"schema":{"@context":"https:\/\/schema.org","@graph":[{"@type":"Article","@id":"https:\/\/hudo.com\/si\/aktualno\/krek-ce-se-angleska-razlicica-razsiri-bi-lahko-konec-februarja-imeli-tezak-epidemioloski-polozaj\/#article","isPartOf":{"@id":"https:\/\/hudo.com\/si\/aktualno\/krek-ce-se-angleska-razlicica-razsiri-bi-lahko-konec-februarja-imeli-tezak-epidemioloski-polozaj\/"},"author":{"name":"A. G., STA","@id":"https:\/\/hudo.com\/si\/#\/schema\/person\/2391667a63ea075ba94f2f2dc6b77537"},"headline":"Krek: \u010ce se angle\u0161ka razli\u010dica raz\u0161iri, bi lahko konec februarja imeli te\u017eak epidemiolo\u0161ki polo\u017eaj","datePublished":"2021-02-01T12:18:11+00:00","dateModified":"2021-02-01T12:18:11+00:00","mainEntityOfPage":{"@id":"https:\/\/hudo.com\/si\/aktualno\/krek-ce-se-angleska-razlicica-razsiri-bi-lahko-konec-februarja-imeli-tezak-epidemioloski-polozaj\/"},"wordCount":442,"publisher":{"@id":"https:\/\/hudo.com\/si\/#organization"},"keywords":["angle\u0161ki sev koronavirusa","Milan Krek","Slovenija"],"articleSection":["Aktualno"],"inLanguage":"sl-SI"},{"@type":"WebPage","@id":"https:\/\/hudo.com\/si\/aktualno\/krek-ce-se-angleska-razlicica-razsiri-bi-lahko-konec-februarja-imeli-tezak-epidemioloski-polozaj\/","url":"https:\/\/hudo.com\/si\/aktualno\/krek-ce-se-angleska-razlicica-razsiri-bi-lahko-konec-februarja-imeli-tezak-epidemioloski-polozaj\/","name":"Krek: \u010ce se angle\u0161ka razli\u010dica raz\u0161iri, bi lahko konec februarja imeli te\u017eak epidemiolo\u0161ki polo\u017eaj - Hudo Slovenija","isPartOf":{"@id":"https:\/\/hudo.com\/si\/#website"},"datePublished":"2021-02-01T12:18:11+00:00","dateModified":"2021-02-01T12:18:11+00:00","breadcrumb":{"@id":"https:\/\/hudo.com\/si\/aktualno\/krek-ce-se-angleska-razlicica-razsiri-bi-lahko-konec-februarja-imeli-tezak-epidemioloski-polozaj\/#breadcrumb"},"inLanguage":"sl-SI","potentialAction":[{"@type":"ReadAction","target":["https:\/\/hudo.com\/si\/aktualno\/krek-ce-se-angleska-razlicica-razsiri-bi-lahko-konec-februarja-imeli-tezak-epidemioloski-polozaj\/"]}]},{"@type":"BreadcrumbList","@id":"https:\/\/hudo.com\/si\/aktualno\/krek-ce-se-angleska-razlicica-razsiri-bi-lahko-konec-februarja-imeli-tezak-epidemioloski-polozaj\/#breadcrumb","itemListElement":[{"@type":"ListItem","position":1,"name":"Home","item":"https:\/\/hudo.com\/si\/"},{"@type":"ListItem","position":2,"name":"Krek: \u010ce se angle\u0161ka razli\u010dica raz\u0161iri, bi lahko konec februarja imeli te\u017eak epidemiolo\u0161ki polo\u017eaj"}]},{"@type":"WebSite","@id":"https:\/\/hudo.com\/si\/#website","url":"https:\/\/hudo.com\/si\/","name":"Hudo Slovenija","description":"Vse novice iz Slovenije in sveta","publisher":{"@id":"https:\/\/hudo.com\/si\/#organization"},"potentialAction":[{"@type":"SearchAction","target":{"@type":"EntryPoint","urlTemplate":"https:\/\/hudo.com\/si\/?s={search_term_string}"},"query-input":"required name=search_term_string"}],"inLanguage":"sl-SI"},{"@type":"Organization","@id":"https:\/\/hudo.com\/si\/#organization","name":"VSN Media","url":"https:\/\/hudo.com\/si\/","logo":{"@type":"ImageObject","inLanguage":"sl-SI","@id":"https:\/\/hudo.com\/si\/#\/schema\/logo\/image\/","url":"https:\/\/hudo.com\/si\/wp-content\/uploads\/sites\/2\/2021\/03\/hudo-app-2.png","contentUrl":"https:\/\/hudo.com\/si\/wp-content\/uploads\/sites\/2\/2021\/03\/hudo-app-2.png","width":2185,"height":2167,"caption":"VSN Media"},"image":{"@id":"https:\/\/hudo.com\/si\/#\/schema\/logo\/image\/"},"sameAs":["https:\/\/www.facebook.com\/hudo.si","https:\/\/twitter.com\/hudo_si"]},{"@type":"Person","@id":"https:\/\/hudo.com\/si\/#\/schema\/person\/2391667a63ea075ba94f2f2dc6b77537","name":"A. G., STA","image":{"@type":"ImageObject","inLanguage":"sl-SI","@id":"https:\/\/hudo.com\/si\/#\/schema\/person\/image\/","url":"https:\/\/secure.gravatar.com\/avatar\/e13d22ac3e442658d5025fbbe6238a79?s=96&d=mm&r=g","contentUrl":"https:\/\/secure.gravatar.com\/avatar\/e13d22ac3e442658d5025fbbe6238a79?s=96&d=mm&r=g","caption":"A. G., STA"},"url":"https:\/\/hudo.com\/si\/author\/alenka\/"}]}},"amp_enabled":true,"_links":{"self":[{"href":"https:\/\/hudo.com\/si\/wp-json\/wp\/v2\/posts\/443971"}],"collection":[{"href":"https:\/\/hudo.com\/si\/wp-json\/wp\/v2\/posts"}],"about":[{"href":"https:\/\/hudo.com\/si\/wp-json\/wp\/v2\/types\/post"}],"author":[{"embeddable":true,"href":"https:\/\/hudo.com\/si\/wp-json\/wp\/v2\/users\/5"}],"replies":[{"embeddable":true,"href":"https:\/\/hudo.com\/si\/wp-json\/wp\/v2\/comments?post=443971"}],"version-history":[{"count":1,"href":"https:\/\/hudo.com\/si\/wp-json\/wp\/v2\/posts\/443971\/revisions"}],"predecessor-version":[{"id":443973,"href":"https:\/\/hudo.com\/si\/wp-json\/wp\/v2\/posts\/443971\/revisions\/443973"}],"wp:featuredmedia":[{"embeddable":true,"href":"https:\/\/hudo.com\/si\/wp-json\/wp\/v2\/media\/442423"}],"wp:attachment":[{"href":"https:\/\/hudo.com\/si\/wp-json\/wp\/v2\/media?parent=443971"}],"wp:term":[{"taxonomy":"category","embeddable":true,"href":"https:\/\/hudo.com\/si\/wp-json\/wp\/v2\/categories?post=443971"},{"taxonomy":"post_tag","embeddable":true,"href":"https:\/\/hudo.com\/si\/wp-json\/wp\/v2\/tags?post=443971"},{"taxonomy":"source","embeddable":true,"href":"https:\/\/hudo.com\/si\/wp-json\/wp\/v2\/source?post=443971"},{"taxonomy":"supertag","embeddable":true,"href":"https:\/\/hudo.com\/si\/wp-json\/wp\/v2\/supertag?post=443971"}],"curies":[{"name":"wp","href":"https:\/\/api.w.org\/{rel}","templated":true}]}}