{"id":444172,"date":"2021-02-03T14:35:17","date_gmt":"2021-02-03T13:35:17","guid":{"rendered":"http:\/\/hudo.com\/si\/?p=444172"},"modified":"2021-02-03T14:35:17","modified_gmt":"2021-02-03T13:35:17","slug":"italijanski-predsednik-mariu-draghiju-podelil-mandat-za-sestavo-vlade","status":"publish","type":"post","link":"https:\/\/hudo.com\/si\/aktualno\/italijanski-predsednik-mariu-draghiju-podelil-mandat-za-sestavo-vlade\/","title":{"rendered":"Italijanski predsednik Mariu Draghiju podelil mandat za sestavo vlade"},"content":{"rendered":"<p>Nekdanji predsednik ECB bo zdaj opravil pogovore s parlamentarnimi strankami, na katerih bo sku\u0161al ugotoviti, ali bi imela morebitna vlada pod njegovim vodstvom zadostno podporo v italijanskem parlamentu, poro\u010da italijanska tiskovna agencija Ansa.<\/p>\n<p>Ali bo dobil zadostno podporo med strankami s celotnega politi\u010dnega spektra, je sicer \u0161e pod velikim vpra\u0161ajem. V najve\u010dji parlamentarni stranki Gibanje pet zvezd so zavrnili mo\u017enost, da bi podprli tehni\u010dno vlado pod Draghijevim vodstvom. Edina mo\u017ena vlada je po njihovem mnenju politi\u010dna vlada.<\/p>\n<p>V skrajno desni stranki Liga Mattea Salvinija pa so ponovili poziv k pred\u010dasnim volitvam. &#8220;Suverenost pripada ljudstvu,&#8221; je povedal Salvini. S tem se je strinjala tudi njegova zaveznica Giorgia Meloni, ki vodi skrajno desno stranko Bratje Italije.<\/p>\n<p>V desnosredinski stranki nekdanjega premierja Silvia Berlusconija medtem niso zaprli vrat za pogovore z novim mandatarjem. Tudi iz levosredinske Demokratske stranke, ki je bila del dosedanje koalicije pod vodstvom Giuseppeja Conteja, so sporo\u010dili, da so se &#8220;pripravljeni pogovarjati za dobro dr\u017eave&#8221;.<\/p>\n<p>Mattarellovo potezo je pozdravil tudi vodja stranke \u017diva Italija Matteo Renzi, ki je z izstopom svoje stranke iz vlade spro\u017eil aktualno politi\u010dno krizo.<\/p>\n<p>Italijanski predsednik je mandat za sestavo vlade Draghiju podelil, potem ko mu je predsednik poslanske zbornice Roberto Fico v torek sporo\u010dil, da stranke dosedanje koalicije ne morejo ve\u010d sestaviti nove vlade.<\/p>\n","protected":false},"excerpt":{"rendered":"<p>Italijanski predsednik Sergio Mattarella je danes mandat za sestavo nove italijanske vlade podelil nekdanjemu predsedniku Evropske centralne banke (ECB) Mariu Draghiju, so sporo\u010dili iz Mattarellovega urada. Dodali so, da je Draghi sprejel mandat.<\/p>\n","protected":false},"author":8,"featured_media":444173,"comment_status":"closed","ping_status":"closed","sticky":false,"template":"","format":"standard","meta":{"footnotes":""},"categories":[1179],"tags":[1760,18164,7203],"source":[4511],"supertag":[],"acf":[],"yoast_head":"<!-- This site is optimized with the Yoast SEO plugin v21.3 - https:\/\/yoast.com\/wordpress\/plugins\/seo\/ -->\n<title>Italijanski predsednik Mariu Draghiju podelil mandat za sestavo vlade - Hudo Slovenija<\/title>\n<meta name=\"robots\" content=\"index, follow, max-snippet:-1, max-image-preview:large, max-video-preview:-1\" \/>\n<link rel=\"canonical\" href=\"https:\/\/hudo.com\/si\/aktualno\/italijanski-predsednik-mariu-draghiju-podelil-mandat-za-sestavo-vlade\/\" \/>\n<meta property=\"og:locale\" content=\"sl_SI\" \/>\n<meta property=\"og:type\" content=\"article\" \/>\n<meta property=\"og:title\" content=\"Italijanski predsednik Mariu Draghiju podelil mandat za sestavo vlade - Hudo Slovenija\" \/>\n<meta property=\"og:description\" content=\"Italijanski predsednik Sergio Mattarella je danes mandat za sestavo nove italijanske vlade podelil nekdanjemu predsedniku Evropske centralne banke (ECB) Mariu Draghiju, so sporo\u010dili iz Mattarellovega urada. Dodali so, da je Draghi sprejel mandat.\" \/>\n<meta property=\"og:url\" content=\"https:\/\/hudo.com\/si\/aktualno\/italijanski-predsednik-mariu-draghiju-podelil-mandat-za-sestavo-vlade\/\" \/>\n<meta property=\"og:site_name\" content=\"Hudo Slovenija\" \/>\n<meta property=\"article:publisher\" content=\"https:\/\/www.facebook.com\/hudo.si\" \/>\n<meta property=\"article:published_time\" content=\"2021-02-03T13:35:17+00:00\" \/>\n<meta property=\"og:image\" content=\"https:\/\/hudo.com\/si\/wp-content\/uploads\/sites\/2\/2021\/02\/profimedia-0588433562.jpg\" \/>\n\t<meta property=\"og:image:width\" content=\"1250\" \/>\n\t<meta property=\"og:image:height\" content=\"833\" \/>\n\t<meta property=\"og:image:type\" content=\"image\/jpeg\" \/>\n<meta name=\"author\" content=\"M. N., STA\" \/>\n<meta name=\"twitter:card\" content=\"summary_large_image\" \/>\n<meta name=\"twitter:creator\" content=\"@hudo_si\" \/>\n<meta name=\"twitter:site\" content=\"@hudo_si\" \/>\n<meta name=\"twitter:label1\" content=\"Written by\" \/>\n\t<meta name=\"twitter:data1\" content=\"M. N., STA\" \/>\n\t<meta name=\"twitter:label2\" content=\"Est. reading time\" \/>\n\t<meta name=\"twitter:data2\" content=\"1 minuta\" \/>\n<script type=\"application\/ld+json\" class=\"yoast-schema-graph\">{\"@context\":\"https:\/\/schema.org\",\"@graph\":[{\"@type\":\"Article\",\"@id\":\"https:\/\/hudo.com\/si\/aktualno\/italijanski-predsednik-mariu-draghiju-podelil-mandat-za-sestavo-vlade\/#article\",\"isPartOf\":{\"@id\":\"https:\/\/hudo.com\/si\/aktualno\/italijanski-predsednik-mariu-draghiju-podelil-mandat-za-sestavo-vlade\/\"},\"author\":{\"name\":\"M. N., STA\",\"@id\":\"https:\/\/hudo.com\/si\/#\/schema\/person\/c2f10ce65d2e6ede2aeda5be2a0611fa\"},\"headline\":\"Italijanski predsednik Mariu Draghiju podelil mandat za sestavo vlade\",\"datePublished\":\"2021-02-03T13:35:17+00:00\",\"dateModified\":\"2021-02-03T13:35:17+00:00\",\"mainEntityOfPage\":{\"@id\":\"https:\/\/hudo.com\/si\/aktualno\/italijanski-predsednik-mariu-draghiju-podelil-mandat-za-sestavo-vlade\/\"},\"wordCount\":233,\"publisher\":{\"@id\":\"https:\/\/hudo.com\/si\/#organization\"},\"keywords\":[\"italija\",\"Mario Draghi\",\"Sergio Mattarella\"],\"articleSection\":[\"Aktualno\"],\"inLanguage\":\"sl-SI\"},{\"@type\":\"WebPage\",\"@id\":\"https:\/\/hudo.com\/si\/aktualno\/italijanski-predsednik-mariu-draghiju-podelil-mandat-za-sestavo-vlade\/\",\"url\":\"https:\/\/hudo.com\/si\/aktualno\/italijanski-predsednik-mariu-draghiju-podelil-mandat-za-sestavo-vlade\/\",\"name\":\"Italijanski predsednik Mariu Draghiju podelil mandat za sestavo vlade - Hudo Slovenija\",\"isPartOf\":{\"@id\":\"https:\/\/hudo.com\/si\/#website\"},\"datePublished\":\"2021-02-03T13:35:17+00:00\",\"dateModified\":\"2021-02-03T13:35:17+00:00\",\"breadcrumb\":{\"@id\":\"https:\/\/hudo.com\/si\/aktualno\/italijanski-predsednik-mariu-draghiju-podelil-mandat-za-sestavo-vlade\/#breadcrumb\"},\"inLanguage\":\"sl-SI\",\"potentialAction\":[{\"@type\":\"ReadAction\",\"target\":[\"https:\/\/hudo.com\/si\/aktualno\/italijanski-predsednik-mariu-draghiju-podelil-mandat-za-sestavo-vlade\/\"]}]},{\"@type\":\"BreadcrumbList\",\"@id\":\"https:\/\/hudo.com\/si\/aktualno\/italijanski-predsednik-mariu-draghiju-podelil-mandat-za-sestavo-vlade\/#breadcrumb\",\"itemListElement\":[{\"@type\":\"ListItem\",\"position\":1,\"name\":\"Home\",\"item\":\"https:\/\/hudo.com\/si\/\"},{\"@type\":\"ListItem\",\"position\":2,\"name\":\"Italijanski predsednik Mariu Draghiju podelil mandat za sestavo vlade\"}]},{\"@type\":\"WebSite\",\"@id\":\"https:\/\/hudo.com\/si\/#website\",\"url\":\"https:\/\/hudo.com\/si\/\",\"name\":\"Hudo Slovenija\",\"description\":\"Vse novice iz Slovenije in sveta\",\"publisher\":{\"@id\":\"https:\/\/hudo.com\/si\/#organization\"},\"potentialAction\":[{\"@type\":\"SearchAction\",\"target\":{\"@type\":\"EntryPoint\",\"urlTemplate\":\"https:\/\/hudo.com\/si\/?s={search_term_string}\"},\"query-input\":\"required name=search_term_string\"}],\"inLanguage\":\"sl-SI\"},{\"@type\":\"Organization\",\"@id\":\"https:\/\/hudo.com\/si\/#organization\",\"name\":\"VSN Media\",\"url\":\"https:\/\/hudo.com\/si\/\",\"logo\":{\"@type\":\"ImageObject\",\"inLanguage\":\"sl-SI\",\"@id\":\"https:\/\/hudo.com\/si\/#\/schema\/logo\/image\/\",\"url\":\"https:\/\/hudo.com\/si\/wp-content\/uploads\/sites\/2\/2021\/03\/hudo-app-2.png\",\"contentUrl\":\"https:\/\/hudo.com\/si\/wp-content\/uploads\/sites\/2\/2021\/03\/hudo-app-2.png\",\"width\":2185,\"height\":2167,\"caption\":\"VSN Media\"},\"image\":{\"@id\":\"https:\/\/hudo.com\/si\/#\/schema\/logo\/image\/\"},\"sameAs\":[\"https:\/\/www.facebook.com\/hudo.si\",\"https:\/\/twitter.com\/hudo_si\"]},{\"@type\":\"Person\",\"@id\":\"https:\/\/hudo.com\/si\/#\/schema\/person\/c2f10ce65d2e6ede2aeda5be2a0611fa\",\"name\":\"M. N., STA\",\"image\":{\"@type\":\"ImageObject\",\"inLanguage\":\"sl-SI\",\"@id\":\"https:\/\/hudo.com\/si\/#\/schema\/person\/image\/\",\"url\":\"https:\/\/secure.gravatar.com\/avatar\/f370d38daa10467f755c5c766a4cac20?s=96&d=mm&r=g\",\"contentUrl\":\"https:\/\/secure.gravatar.com\/avatar\/f370d38daa10467f755c5c766a4cac20?s=96&d=mm&r=g\",\"caption\":\"M. N., STA\"},\"url\":\"https:\/\/hudo.com\/si\/author\/mana\/\"}]}<\/script>\n<!-- \/ Yoast SEO plugin. -->","yoast_head_json":{"title":"Italijanski predsednik Mariu Draghiju podelil mandat za sestavo vlade - Hudo Slovenija","robots":{"index":"index","follow":"follow","max-snippet":"max-snippet:-1","max-image-preview":"max-image-preview:large","max-video-preview":"max-video-preview:-1"},"canonical":"https:\/\/hudo.com\/si\/aktualno\/italijanski-predsednik-mariu-draghiju-podelil-mandat-za-sestavo-vlade\/","og_locale":"sl_SI","og_type":"article","og_title":"Italijanski predsednik Mariu Draghiju podelil mandat za sestavo vlade - Hudo Slovenija","og_description":"Italijanski predsednik Sergio Mattarella je danes mandat za sestavo nove italijanske vlade podelil nekdanjemu predsedniku Evropske centralne banke (ECB) Mariu Draghiju, so sporo\u010dili iz Mattarellovega urada. Dodali so, da je Draghi sprejel mandat.","og_url":"https:\/\/hudo.com\/si\/aktualno\/italijanski-predsednik-mariu-draghiju-podelil-mandat-za-sestavo-vlade\/","og_site_name":"Hudo Slovenija","article_publisher":"https:\/\/www.facebook.com\/hudo.si","article_published_time":"2021-02-03T13:35:17+00:00","og_image":[{"width":1250,"height":833,"url":"https:\/\/hudo.com\/si\/wp-content\/uploads\/sites\/2\/2021\/02\/profimedia-0588433562.jpg","type":"image\/jpeg"}],"author":"M. N., STA","twitter_card":"summary_large_image","twitter_creator":"@hudo_si","twitter_site":"@hudo_si","twitter_misc":{"Written by":"M. N., STA","Est. reading time":"1 minuta"},"schema":{"@context":"https:\/\/schema.org","@graph":[{"@type":"Article","@id":"https:\/\/hudo.com\/si\/aktualno\/italijanski-predsednik-mariu-draghiju-podelil-mandat-za-sestavo-vlade\/#article","isPartOf":{"@id":"https:\/\/hudo.com\/si\/aktualno\/italijanski-predsednik-mariu-draghiju-podelil-mandat-za-sestavo-vlade\/"},"author":{"name":"M. N., STA","@id":"https:\/\/hudo.com\/si\/#\/schema\/person\/c2f10ce65d2e6ede2aeda5be2a0611fa"},"headline":"Italijanski predsednik Mariu Draghiju podelil mandat za sestavo vlade","datePublished":"2021-02-03T13:35:17+00:00","dateModified":"2021-02-03T13:35:17+00:00","mainEntityOfPage":{"@id":"https:\/\/hudo.com\/si\/aktualno\/italijanski-predsednik-mariu-draghiju-podelil-mandat-za-sestavo-vlade\/"},"wordCount":233,"publisher":{"@id":"https:\/\/hudo.com\/si\/#organization"},"keywords":["italija","Mario Draghi","Sergio Mattarella"],"articleSection":["Aktualno"],"inLanguage":"sl-SI"},{"@type":"WebPage","@id":"https:\/\/hudo.com\/si\/aktualno\/italijanski-predsednik-mariu-draghiju-podelil-mandat-za-sestavo-vlade\/","url":"https:\/\/hudo.com\/si\/aktualno\/italijanski-predsednik-mariu-draghiju-podelil-mandat-za-sestavo-vlade\/","name":"Italijanski predsednik Mariu Draghiju podelil mandat za sestavo vlade - Hudo Slovenija","isPartOf":{"@id":"https:\/\/hudo.com\/si\/#website"},"datePublished":"2021-02-03T13:35:17+00:00","dateModified":"2021-02-03T13:35:17+00:00","breadcrumb":{"@id":"https:\/\/hudo.com\/si\/aktualno\/italijanski-predsednik-mariu-draghiju-podelil-mandat-za-sestavo-vlade\/#breadcrumb"},"inLanguage":"sl-SI","potentialAction":[{"@type":"ReadAction","target":["https:\/\/hudo.com\/si\/aktualno\/italijanski-predsednik-mariu-draghiju-podelil-mandat-za-sestavo-vlade\/"]}]},{"@type":"BreadcrumbList","@id":"https:\/\/hudo.com\/si\/aktualno\/italijanski-predsednik-mariu-draghiju-podelil-mandat-za-sestavo-vlade\/#breadcrumb","itemListElement":[{"@type":"ListItem","position":1,"name":"Home","item":"https:\/\/hudo.com\/si\/"},{"@type":"ListItem","position":2,"name":"Italijanski predsednik Mariu Draghiju podelil mandat za sestavo vlade"}]},{"@type":"WebSite","@id":"https:\/\/hudo.com\/si\/#website","url":"https:\/\/hudo.com\/si\/","name":"Hudo Slovenija","description":"Vse novice iz Slovenije in sveta","publisher":{"@id":"https:\/\/hudo.com\/si\/#organization"},"potentialAction":[{"@type":"SearchAction","target":{"@type":"EntryPoint","urlTemplate":"https:\/\/hudo.com\/si\/?s={search_term_string}"},"query-input":"required name=search_term_string"}],"inLanguage":"sl-SI"},{"@type":"Organization","@id":"https:\/\/hudo.com\/si\/#organization","name":"VSN Media","url":"https:\/\/hudo.com\/si\/","logo":{"@type":"ImageObject","inLanguage":"sl-SI","@id":"https:\/\/hudo.com\/si\/#\/schema\/logo\/image\/","url":"https:\/\/hudo.com\/si\/wp-content\/uploads\/sites\/2\/2021\/03\/hudo-app-2.png","contentUrl":"https:\/\/hudo.com\/si\/wp-content\/uploads\/sites\/2\/2021\/03\/hudo-app-2.png","width":2185,"height":2167,"caption":"VSN Media"},"image":{"@id":"https:\/\/hudo.com\/si\/#\/schema\/logo\/image\/"},"sameAs":["https:\/\/www.facebook.com\/hudo.si","https:\/\/twitter.com\/hudo_si"]},{"@type":"Person","@id":"https:\/\/hudo.com\/si\/#\/schema\/person\/c2f10ce65d2e6ede2aeda5be2a0611fa","name":"M. N., STA","image":{"@type":"ImageObject","inLanguage":"sl-SI","@id":"https:\/\/hudo.com\/si\/#\/schema\/person\/image\/","url":"https:\/\/secure.gravatar.com\/avatar\/f370d38daa10467f755c5c766a4cac20?s=96&d=mm&r=g","contentUrl":"https:\/\/secure.gravatar.com\/avatar\/f370d38daa10467f755c5c766a4cac20?s=96&d=mm&r=g","caption":"M. N., STA"},"url":"https:\/\/hudo.com\/si\/author\/mana\/"}]}},"amp_enabled":true,"_links":{"self":[{"href":"https:\/\/hudo.com\/si\/wp-json\/wp\/v2\/posts\/444172"}],"collection":[{"href":"https:\/\/hudo.com\/si\/wp-json\/wp\/v2\/posts"}],"about":[{"href":"https:\/\/hudo.com\/si\/wp-json\/wp\/v2\/types\/post"}],"author":[{"embeddable":true,"href":"https:\/\/hudo.com\/si\/wp-json\/wp\/v2\/users\/8"}],"replies":[{"embeddable":true,"href":"https:\/\/hudo.com\/si\/wp-json\/wp\/v2\/comments?post=444172"}],"version-history":[{"count":1,"href":"https:\/\/hudo.com\/si\/wp-json\/wp\/v2\/posts\/444172\/revisions"}],"predecessor-version":[{"id":444176,"href":"https:\/\/hudo.com\/si\/wp-json\/wp\/v2\/posts\/444172\/revisions\/444176"}],"wp:featuredmedia":[{"embeddable":true,"href":"https:\/\/hudo.com\/si\/wp-json\/wp\/v2\/media\/444173"}],"wp:attachment":[{"href":"https:\/\/hudo.com\/si\/wp-json\/wp\/v2\/media?parent=444172"}],"wp:term":[{"taxonomy":"category","embeddable":true,"href":"https:\/\/hudo.com\/si\/wp-json\/wp\/v2\/categories?post=444172"},{"taxonomy":"post_tag","embeddable":true,"href":"https:\/\/hudo.com\/si\/wp-json\/wp\/v2\/tags?post=444172"},{"taxonomy":"source","embeddable":true,"href":"https:\/\/hudo.com\/si\/wp-json\/wp\/v2\/source?post=444172"},{"taxonomy":"supertag","embeddable":true,"href":"https:\/\/hudo.com\/si\/wp-json\/wp\/v2\/supertag?post=444172"}],"curies":[{"name":"wp","href":"https:\/\/api.w.org\/{rel}","templated":true}]}}