{"id":444190,"date":"2021-02-03T17:24:14","date_gmt":"2021-02-03T16:24:14","guid":{"rendered":"http:\/\/hudo.com\/si\/?p=444190"},"modified":"2021-02-03T17:24:14","modified_gmt":"2021-02-03T16:24:14","slug":"zorcic-vec-kot-ocitno-je-da-desus-ovi-poslanci-podpirajo-jansevo-vlado","status":"publish","type":"post","link":"https:\/\/hudo.com\/si\/aktualno\/zorcic-vec-kot-ocitno-je-da-desus-ovi-poslanci-podpirajo-jansevo-vlado\/","title":{"rendered":"Zor\u010di\u010d: Ve\u010d kot o\u010ditno je, da DeSus-ovi poslanci podpirajo Jan\u0161evo vlado"},"content":{"rendered":"<p>\u010ce bo pri\u0161lo do tega, da se bodo vsi poslanci DeSUS javno opredelili proti koaliciji Janeza Jan\u0161e, bo treba glede na koalicijsko-opozicijska razmerja ponovno razdeliti tudi \u010dlanstvo v delovnih telesih DZ, je v dana\u0161nji izjavi v DZ pojasnil Zor\u010di\u010d (SMC).<\/p>\n<p>Opozoril je, da so glede podpore poslancev DeSUS konstruktivni nezaupnici v torek sli\u0161ali le predsednika te stranke Karla Erjavca, komentarjev posameznih poslancev pa ne. &#8220;Za zdaj nam ne preostane drugega, kot da sklepamo iz tega, kar se dogaja na glasovanjih pri posameznih zakonih in pozneje pri glasovanju o konstruktivni nezaupnici,&#8221; je dejal predsednik DZ.<\/p>\n<p>Po njegovih ocenah ima Jan\u0161eva koalicija \u0161e nekoliko ve\u010d kot 47 glasov v DZ, kot je \u017ee ve\u010dkrat ocenil prvak NSi Matej Tonin. Zor\u010di\u010d je povedal, da sam izhaja iz torkovega glasovanja o osmem protikoronskem zakonu, ki ga je podprlo 51 poslancev iz vrst koalicije, DeSUS, SNS in poslanske skupine narodnih skupnosti.<\/p>\n<p>Stranke KUL so se sicer na dana\u0161njem sestanku dogovorile, da bodo konstruktivno nezaupnico vlo\u017eile prihodnjo sredo z 10 poslanskimi podpisi. Erjavec je danes ponovil, da so bila na torkovem sestanku poslancev DeSUS in vodstva stranke &#8220;dana zagotovila&#8221;, da bodo nezaupnico podprli tudi \u0161tirje poslanci DeSUS.<\/p>\n<p>Vodja poslancev DeSUS Franc Jur\u0161a je v izjavi v DZ danes potrdil, da se je pogovarjal s premierjem Janezom Jan\u0161o in ga seznanil s stali\u0161\u010di DeSUS. Povedal pa mu je, da DeSUS v nobenem primeru ne namerava biti ekstremna opozicija. To Jan\u0161a po Jur\u0161evih besedah razume.<\/p>\n<p>Zor\u010di\u010d je danes napovedal, da se bodo v primeru konstruktivne nezaupnice in glasovanja dr\u017eali poslovni\u0161kih rokov. Po njegovih navedbah bo to treba uskladiti s predvidenim datumom seje DZ, na kateri bodo obravnavali zakon, s katerim spreminjajo meje volilnih okrajev. Ta seja je predvidena za 16. februar, seja o konstruktivni nezaupnici bo verjetno pribli\u017eno takrat.<\/p>\n<p>Predsednik DZ je komentiral tudi dana\u0161nji koalicijski vrh, ki poteka na Brdu pri Kranju. Verjame, da je bilo glede tega sre\u010danja veliko pri\u010dakovanj, ki so izhajala iz torkovega sestanka poslanske skupine DeSUS z vodstvom stranke. Tako se bodo po njegovih navedbah verjetno dotaknili aktualnih zadev in razpravljali o nadaljnjem delu.<\/p>\n","protected":false},"excerpt":{"rendered":"<p>Sode\u010d po glasovanjih DeSUS v DZ po besedah predsednika DZ Igorja Zor\u010di\u010da ni videti, da bi ta poslanska skupina nasprotovala koaliciji Janeza Jan\u0161e. Ta ima izhajajo\u010d iz glasovanja o osmem protikoronskem zakonu \u0161e nekoliko ve\u010d kot 47 glasov v DZ, ocenjuje. Tako status DeSUS v DZ in razrez \u010dlanstva v delovnih telesih za zdaj ostajata enaka.<\/p>\n","protected":false},"author":7,"featured_media":417472,"comment_status":"closed","ping_status":"closed","sticky":false,"template":"","format":"standard","meta":{"footnotes":""},"categories":[1179],"tags":[4527,15874,1595],"source":[4511],"supertag":[5675],"acf":[],"yoast_head":"<!-- This site is optimized with the Yoast SEO plugin v21.3 - https:\/\/yoast.com\/wordpress\/plugins\/seo\/ -->\n<title>Zor\u010di\u010d: Ve\u010d kot o\u010ditno je, da DeSus-ovi poslanci podpirajo Jan\u0161evo vlado - Hudo Slovenija<\/title>\n<meta name=\"robots\" content=\"index, follow, max-snippet:-1, max-image-preview:large, max-video-preview:-1\" \/>\n<link rel=\"canonical\" href=\"https:\/\/hudo.com\/si\/aktualno\/zorcic-vec-kot-ocitno-je-da-desus-ovi-poslanci-podpirajo-jansevo-vlado\/\" \/>\n<meta property=\"og:locale\" content=\"sl_SI\" \/>\n<meta property=\"og:type\" content=\"article\" \/>\n<meta property=\"og:title\" content=\"Zor\u010di\u010d: Ve\u010d kot o\u010ditno je, da DeSus-ovi poslanci podpirajo Jan\u0161evo vlado - Hudo Slovenija\" \/>\n<meta property=\"og:description\" content=\"Sode\u010d po glasovanjih DeSUS v DZ po besedah predsednika DZ Igorja Zor\u010di\u010da ni videti, da bi ta poslanska skupina nasprotovala koaliciji Janeza Jan\u0161e. Ta ima izhajajo\u010d iz glasovanja o osmem protikoronskem zakonu \u0161e nekoliko ve\u010d kot 47 glasov v DZ, ocenjuje. Tako status DeSUS v DZ in razrez \u010dlanstva v delovnih telesih za zdaj ostajata enaka.\" \/>\n<meta property=\"og:url\" content=\"https:\/\/hudo.com\/si\/aktualno\/zorcic-vec-kot-ocitno-je-da-desus-ovi-poslanci-podpirajo-jansevo-vlado\/\" \/>\n<meta property=\"og:site_name\" content=\"Hudo Slovenija\" \/>\n<meta property=\"article:publisher\" content=\"https:\/\/www.facebook.com\/hudo.si\" \/>\n<meta property=\"article:published_time\" content=\"2021-02-03T16:24:14+00:00\" \/>\n<meta property=\"og:image\" content=\"https:\/\/hudo.com\/si\/wp-content\/uploads\/sites\/2\/2020\/03\/20200303-00993209.jpg\" \/>\n\t<meta property=\"og:image:width\" content=\"640\" \/>\n\t<meta property=\"og:image:height\" content=\"426\" \/>\n\t<meta property=\"og:image:type\" content=\"image\/jpeg\" \/>\n<meta name=\"author\" content=\"A. P., STA\" \/>\n<meta name=\"twitter:card\" content=\"summary_large_image\" \/>\n<meta name=\"twitter:creator\" content=\"@hudo_si\" \/>\n<meta name=\"twitter:site\" content=\"@hudo_si\" \/>\n<meta name=\"twitter:label1\" content=\"Written by\" \/>\n\t<meta name=\"twitter:data1\" content=\"A. P., STA\" \/>\n\t<meta name=\"twitter:label2\" content=\"Est. reading time\" \/>\n\t<meta name=\"twitter:data2\" content=\"2 minuti\" \/>\n<script type=\"application\/ld+json\" class=\"yoast-schema-graph\">{\"@context\":\"https:\/\/schema.org\",\"@graph\":[{\"@type\":\"Article\",\"@id\":\"https:\/\/hudo.com\/si\/aktualno\/zorcic-vec-kot-ocitno-je-da-desus-ovi-poslanci-podpirajo-jansevo-vlado\/#article\",\"isPartOf\":{\"@id\":\"https:\/\/hudo.com\/si\/aktualno\/zorcic-vec-kot-ocitno-je-da-desus-ovi-poslanci-podpirajo-jansevo-vlado\/\"},\"author\":{\"name\":\"A. P., STA\",\"@id\":\"https:\/\/hudo.com\/si\/#\/schema\/person\/18f09c02475ba9e606e941a565b80cff\"},\"headline\":\"Zor\u010di\u010d: Ve\u010d kot o\u010ditno je, da DeSus-ovi poslanci podpirajo Jan\u0161evo vlado\",\"datePublished\":\"2021-02-03T16:24:14+00:00\",\"dateModified\":\"2021-02-03T16:24:14+00:00\",\"mainEntityOfPage\":{\"@id\":\"https:\/\/hudo.com\/si\/aktualno\/zorcic-vec-kot-ocitno-je-da-desus-ovi-poslanci-podpirajo-jansevo-vlado\/\"},\"wordCount\":373,\"publisher\":{\"@id\":\"https:\/\/hudo.com\/si\/#organization\"},\"keywords\":[\"DeSUS\",\"Igor Zor\u010di\u010d\",\"Slovenija\"],\"articleSection\":[\"Aktualno\"],\"inLanguage\":\"sl-SI\"},{\"@type\":\"WebPage\",\"@id\":\"https:\/\/hudo.com\/si\/aktualno\/zorcic-vec-kot-ocitno-je-da-desus-ovi-poslanci-podpirajo-jansevo-vlado\/\",\"url\":\"https:\/\/hudo.com\/si\/aktualno\/zorcic-vec-kot-ocitno-je-da-desus-ovi-poslanci-podpirajo-jansevo-vlado\/\",\"name\":\"Zor\u010di\u010d: Ve\u010d kot o\u010ditno je, da DeSus-ovi poslanci podpirajo Jan\u0161evo vlado - Hudo Slovenija\",\"isPartOf\":{\"@id\":\"https:\/\/hudo.com\/si\/#website\"},\"datePublished\":\"2021-02-03T16:24:14+00:00\",\"dateModified\":\"2021-02-03T16:24:14+00:00\",\"breadcrumb\":{\"@id\":\"https:\/\/hudo.com\/si\/aktualno\/zorcic-vec-kot-ocitno-je-da-desus-ovi-poslanci-podpirajo-jansevo-vlado\/#breadcrumb\"},\"inLanguage\":\"sl-SI\",\"potentialAction\":[{\"@type\":\"ReadAction\",\"target\":[\"https:\/\/hudo.com\/si\/aktualno\/zorcic-vec-kot-ocitno-je-da-desus-ovi-poslanci-podpirajo-jansevo-vlado\/\"]}]},{\"@type\":\"BreadcrumbList\",\"@id\":\"https:\/\/hudo.com\/si\/aktualno\/zorcic-vec-kot-ocitno-je-da-desus-ovi-poslanci-podpirajo-jansevo-vlado\/#breadcrumb\",\"itemListElement\":[{\"@type\":\"ListItem\",\"position\":1,\"name\":\"Home\",\"item\":\"https:\/\/hudo.com\/si\/\"},{\"@type\":\"ListItem\",\"position\":2,\"name\":\"Zor\u010di\u010d: Ve\u010d kot o\u010ditno je, da DeSus-ovi poslanci podpirajo Jan\u0161evo vlado\"}]},{\"@type\":\"WebSite\",\"@id\":\"https:\/\/hudo.com\/si\/#website\",\"url\":\"https:\/\/hudo.com\/si\/\",\"name\":\"Hudo Slovenija\",\"description\":\"Vse novice iz Slovenije in sveta\",\"publisher\":{\"@id\":\"https:\/\/hudo.com\/si\/#organization\"},\"potentialAction\":[{\"@type\":\"SearchAction\",\"target\":{\"@type\":\"EntryPoint\",\"urlTemplate\":\"https:\/\/hudo.com\/si\/?s={search_term_string}\"},\"query-input\":\"required name=search_term_string\"}],\"inLanguage\":\"sl-SI\"},{\"@type\":\"Organization\",\"@id\":\"https:\/\/hudo.com\/si\/#organization\",\"name\":\"VSN Media\",\"url\":\"https:\/\/hudo.com\/si\/\",\"logo\":{\"@type\":\"ImageObject\",\"inLanguage\":\"sl-SI\",\"@id\":\"https:\/\/hudo.com\/si\/#\/schema\/logo\/image\/\",\"url\":\"https:\/\/hudo.com\/si\/wp-content\/uploads\/sites\/2\/2021\/03\/hudo-app-2.png\",\"contentUrl\":\"https:\/\/hudo.com\/si\/wp-content\/uploads\/sites\/2\/2021\/03\/hudo-app-2.png\",\"width\":2185,\"height\":2167,\"caption\":\"VSN Media\"},\"image\":{\"@id\":\"https:\/\/hudo.com\/si\/#\/schema\/logo\/image\/\"},\"sameAs\":[\"https:\/\/www.facebook.com\/hudo.si\",\"https:\/\/twitter.com\/hudo_si\"]},{\"@type\":\"Person\",\"@id\":\"https:\/\/hudo.com\/si\/#\/schema\/person\/18f09c02475ba9e606e941a565b80cff\",\"name\":\"A. P., STA\",\"image\":{\"@type\":\"ImageObject\",\"inLanguage\":\"sl-SI\",\"@id\":\"https:\/\/hudo.com\/si\/#\/schema\/person\/image\/\",\"url\":\"https:\/\/secure.gravatar.com\/avatar\/03eac8e609f5f04383125d80eaeaaf3e?s=96&d=mm&r=g\",\"contentUrl\":\"https:\/\/secure.gravatar.com\/avatar\/03eac8e609f5f04383125d80eaeaaf3e?s=96&d=mm&r=g\",\"caption\":\"A. P., STA\"},\"url\":\"https:\/\/hudo.com\/si\/author\/lubu\/\"}]}<\/script>\n<!-- \/ Yoast SEO plugin. -->","yoast_head_json":{"title":"Zor\u010di\u010d: Ve\u010d kot o\u010ditno je, da DeSus-ovi poslanci podpirajo Jan\u0161evo vlado - Hudo Slovenija","robots":{"index":"index","follow":"follow","max-snippet":"max-snippet:-1","max-image-preview":"max-image-preview:large","max-video-preview":"max-video-preview:-1"},"canonical":"https:\/\/hudo.com\/si\/aktualno\/zorcic-vec-kot-ocitno-je-da-desus-ovi-poslanci-podpirajo-jansevo-vlado\/","og_locale":"sl_SI","og_type":"article","og_title":"Zor\u010di\u010d: Ve\u010d kot o\u010ditno je, da DeSus-ovi poslanci podpirajo Jan\u0161evo vlado - Hudo Slovenija","og_description":"Sode\u010d po glasovanjih DeSUS v DZ po besedah predsednika DZ Igorja Zor\u010di\u010da ni videti, da bi ta poslanska skupina nasprotovala koaliciji Janeza Jan\u0161e. Ta ima izhajajo\u010d iz glasovanja o osmem protikoronskem zakonu \u0161e nekoliko ve\u010d kot 47 glasov v DZ, ocenjuje. Tako status DeSUS v DZ in razrez \u010dlanstva v delovnih telesih za zdaj ostajata enaka.","og_url":"https:\/\/hudo.com\/si\/aktualno\/zorcic-vec-kot-ocitno-je-da-desus-ovi-poslanci-podpirajo-jansevo-vlado\/","og_site_name":"Hudo Slovenija","article_publisher":"https:\/\/www.facebook.com\/hudo.si","article_published_time":"2021-02-03T16:24:14+00:00","og_image":[{"width":640,"height":426,"url":"https:\/\/hudo.com\/si\/wp-content\/uploads\/sites\/2\/2020\/03\/20200303-00993209.jpg","type":"image\/jpeg"}],"author":"A. P., STA","twitter_card":"summary_large_image","twitter_creator":"@hudo_si","twitter_site":"@hudo_si","twitter_misc":{"Written by":"A. P., STA","Est. reading time":"2 minuti"},"schema":{"@context":"https:\/\/schema.org","@graph":[{"@type":"Article","@id":"https:\/\/hudo.com\/si\/aktualno\/zorcic-vec-kot-ocitno-je-da-desus-ovi-poslanci-podpirajo-jansevo-vlado\/#article","isPartOf":{"@id":"https:\/\/hudo.com\/si\/aktualno\/zorcic-vec-kot-ocitno-je-da-desus-ovi-poslanci-podpirajo-jansevo-vlado\/"},"author":{"name":"A. P., STA","@id":"https:\/\/hudo.com\/si\/#\/schema\/person\/18f09c02475ba9e606e941a565b80cff"},"headline":"Zor\u010di\u010d: Ve\u010d kot o\u010ditno je, da DeSus-ovi poslanci podpirajo Jan\u0161evo vlado","datePublished":"2021-02-03T16:24:14+00:00","dateModified":"2021-02-03T16:24:14+00:00","mainEntityOfPage":{"@id":"https:\/\/hudo.com\/si\/aktualno\/zorcic-vec-kot-ocitno-je-da-desus-ovi-poslanci-podpirajo-jansevo-vlado\/"},"wordCount":373,"publisher":{"@id":"https:\/\/hudo.com\/si\/#organization"},"keywords":["DeSUS","Igor Zor\u010di\u010d","Slovenija"],"articleSection":["Aktualno"],"inLanguage":"sl-SI"},{"@type":"WebPage","@id":"https:\/\/hudo.com\/si\/aktualno\/zorcic-vec-kot-ocitno-je-da-desus-ovi-poslanci-podpirajo-jansevo-vlado\/","url":"https:\/\/hudo.com\/si\/aktualno\/zorcic-vec-kot-ocitno-je-da-desus-ovi-poslanci-podpirajo-jansevo-vlado\/","name":"Zor\u010di\u010d: Ve\u010d kot o\u010ditno je, da DeSus-ovi poslanci podpirajo Jan\u0161evo vlado - Hudo Slovenija","isPartOf":{"@id":"https:\/\/hudo.com\/si\/#website"},"datePublished":"2021-02-03T16:24:14+00:00","dateModified":"2021-02-03T16:24:14+00:00","breadcrumb":{"@id":"https:\/\/hudo.com\/si\/aktualno\/zorcic-vec-kot-ocitno-je-da-desus-ovi-poslanci-podpirajo-jansevo-vlado\/#breadcrumb"},"inLanguage":"sl-SI","potentialAction":[{"@type":"ReadAction","target":["https:\/\/hudo.com\/si\/aktualno\/zorcic-vec-kot-ocitno-je-da-desus-ovi-poslanci-podpirajo-jansevo-vlado\/"]}]},{"@type":"BreadcrumbList","@id":"https:\/\/hudo.com\/si\/aktualno\/zorcic-vec-kot-ocitno-je-da-desus-ovi-poslanci-podpirajo-jansevo-vlado\/#breadcrumb","itemListElement":[{"@type":"ListItem","position":1,"name":"Home","item":"https:\/\/hudo.com\/si\/"},{"@type":"ListItem","position":2,"name":"Zor\u010di\u010d: Ve\u010d kot o\u010ditno je, da DeSus-ovi poslanci podpirajo Jan\u0161evo vlado"}]},{"@type":"WebSite","@id":"https:\/\/hudo.com\/si\/#website","url":"https:\/\/hudo.com\/si\/","name":"Hudo Slovenija","description":"Vse novice iz Slovenije in sveta","publisher":{"@id":"https:\/\/hudo.com\/si\/#organization"},"potentialAction":[{"@type":"SearchAction","target":{"@type":"EntryPoint","urlTemplate":"https:\/\/hudo.com\/si\/?s={search_term_string}"},"query-input":"required name=search_term_string"}],"inLanguage":"sl-SI"},{"@type":"Organization","@id":"https:\/\/hudo.com\/si\/#organization","name":"VSN Media","url":"https:\/\/hudo.com\/si\/","logo":{"@type":"ImageObject","inLanguage":"sl-SI","@id":"https:\/\/hudo.com\/si\/#\/schema\/logo\/image\/","url":"https:\/\/hudo.com\/si\/wp-content\/uploads\/sites\/2\/2021\/03\/hudo-app-2.png","contentUrl":"https:\/\/hudo.com\/si\/wp-content\/uploads\/sites\/2\/2021\/03\/hudo-app-2.png","width":2185,"height":2167,"caption":"VSN Media"},"image":{"@id":"https:\/\/hudo.com\/si\/#\/schema\/logo\/image\/"},"sameAs":["https:\/\/www.facebook.com\/hudo.si","https:\/\/twitter.com\/hudo_si"]},{"@type":"Person","@id":"https:\/\/hudo.com\/si\/#\/schema\/person\/18f09c02475ba9e606e941a565b80cff","name":"A. P., STA","image":{"@type":"ImageObject","inLanguage":"sl-SI","@id":"https:\/\/hudo.com\/si\/#\/schema\/person\/image\/","url":"https:\/\/secure.gravatar.com\/avatar\/03eac8e609f5f04383125d80eaeaaf3e?s=96&d=mm&r=g","contentUrl":"https:\/\/secure.gravatar.com\/avatar\/03eac8e609f5f04383125d80eaeaaf3e?s=96&d=mm&r=g","caption":"A. P., STA"},"url":"https:\/\/hudo.com\/si\/author\/lubu\/"}]}},"amp_enabled":true,"_links":{"self":[{"href":"https:\/\/hudo.com\/si\/wp-json\/wp\/v2\/posts\/444190"}],"collection":[{"href":"https:\/\/hudo.com\/si\/wp-json\/wp\/v2\/posts"}],"about":[{"href":"https:\/\/hudo.com\/si\/wp-json\/wp\/v2\/types\/post"}],"author":[{"embeddable":true,"href":"https:\/\/hudo.com\/si\/wp-json\/wp\/v2\/users\/7"}],"replies":[{"embeddable":true,"href":"https:\/\/hudo.com\/si\/wp-json\/wp\/v2\/comments?post=444190"}],"version-history":[{"count":1,"href":"https:\/\/hudo.com\/si\/wp-json\/wp\/v2\/posts\/444190\/revisions"}],"predecessor-version":[{"id":444191,"href":"https:\/\/hudo.com\/si\/wp-json\/wp\/v2\/posts\/444190\/revisions\/444191"}],"wp:featuredmedia":[{"embeddable":true,"href":"https:\/\/hudo.com\/si\/wp-json\/wp\/v2\/media\/417472"}],"wp:attachment":[{"href":"https:\/\/hudo.com\/si\/wp-json\/wp\/v2\/media?parent=444190"}],"wp:term":[{"taxonomy":"category","embeddable":true,"href":"https:\/\/hudo.com\/si\/wp-json\/wp\/v2\/categories?post=444190"},{"taxonomy":"post_tag","embeddable":true,"href":"https:\/\/hudo.com\/si\/wp-json\/wp\/v2\/tags?post=444190"},{"taxonomy":"source","embeddable":true,"href":"https:\/\/hudo.com\/si\/wp-json\/wp\/v2\/source?post=444190"},{"taxonomy":"supertag","embeddable":true,"href":"https:\/\/hudo.com\/si\/wp-json\/wp\/v2\/supertag?post=444190"}],"curies":[{"name":"wp","href":"https:\/\/api.w.org\/{rel}","templated":true}]}}