{"id":444273,"date":"2021-02-04T19:34:23","date_gmt":"2021-02-04T18:34:23","guid":{"rendered":"http:\/\/hudo.com\/si\/?p=444273"},"modified":"2021-02-04T19:34:23","modified_gmt":"2021-02-04T18:34:23","slug":"osmi-protikoronski-zakon-bo-veljal-od-petka-za-blazitev-posledic-epidemije-covida-19-se-dodatnih-320-milijonov-evrov","status":"publish","type":"post","link":"https:\/\/hudo.com\/si\/aktualno\/osmi-protikoronski-zakon-bo-veljal-od-petka-za-blazitev-posledic-epidemije-covida-19-se-dodatnih-320-milijonov-evrov\/","title":{"rendered":"Osmi protikoronski zakon bo veljal od petka, za bla\u017eitev posledic epidemije covida-19 \u0161e dodatnih 320 milijonov evrov"},"content":{"rendered":"<p>Klju\u010dna ukrepa sta subvencioniranje dviga minimalne pla\u010de in podalj\u0161anje subvencioniranja \u010dakanja na delo. Slednje bo veljalo \u0161e do konca aprila. Nato ga bo lahko vlada podalj\u0161ala \u0161e dvakrat za po mesec dni. Ukrep bodo lahko koristili delodajalci, registrirani do konca lanskega leta, ki jim bodo prihodki zaradi epidemije letos upadli za ve\u010d kot 20 odstotkov.<\/p>\n<p>Ob tem bo podjetjem v dejavnostih, ki so z vladnimi odloki zaprte, dr\u017eava od 1. februarja letos povrnila nadomestila pla\u010d delavcev v celoti, torej t. i. drugi bruto.<\/p>\n<p>Glede subvencioniranja dviga minimalne pla\u010de pa v zakonu pi\u0161e, da bo dr\u017eava delodajalcem v leto\u0161njem prvem polletju pla\u010devala po 50 evrov subvencije za delavca z minimalno pla\u010do, v drugi polovici pa bodo pla\u010devali prispevke za socialno varnost od ni\u017eje osnove kot doslej.<\/p>\n<p>Krizni dodatek v vi\u0161ini 200 evrov bodo z januarskimi pla\u010dami prejeli tudi zaposleni, ki ga ob decembrski pla\u010di zaradi prejema nagrade za poslovno uspe\u0161nost niso. \u0160iri se tudi krog upravi\u010dencev do enkratnega solidarnostnega dodatka iz sedmega protikoronskega zakona, med drugim na polnoletne dijake.<\/p>\n<p>Med pomembnej\u0161imi ukrepi je tudi podalj\u0161ana obravnava za tiste, ki so preboleli covid-19, a jih \u0161e ni mogo\u010de odpustiti v doma\u010de okolje. V skladu z zakonom se jim bo lahko za 30 dni zagotovilo dodatno zdravstveno nego, fizioterapijo in delovno terapijo.<\/p>\n<p>DZ je zakon sprejel v torek pono\u010di, danes pa sklenil, da o njem ni mogo\u010de odlo\u010dati na referendumu. Opozicija je v razpravi opozarjala, da vsebuje tudi ukrepe, ki niso interventne narave. Eden tak\u0161nih je kaznovanje pravnih oseb, ki bi ravnale v nasprotju s programi cepljenja v \u010dasu epidemije. Predpisane kazi so zelo visoke, tak\u0161nega programa pa sploh \u0161e ni.<\/p>\n","protected":false},"excerpt":{"rendered":"<p>Osmi protikoronski zakon, ki ga je dr\u017eavni zbor sprejel v torek pono\u010di, je bil danes objavljen v uradnem listu in bo za\u010del veljati v petek. Z njegovo uveljavitvijo se dosedanjim ukrepom za bla\u017eitev posledic epidemije covida-19 pridru\u017euje \u0161e za 320 milijonov evrov dodatnih.<\/p>\n","protected":false},"author":8,"featured_media":439109,"comment_status":"closed","ping_status":"closed","sticky":false,"template":"","format":"standard","meta":{"footnotes":""},"categories":[1179],"tags":[15632,18157,10408,18041,1595],"source":[4511],"supertag":[5675],"acf":[],"yoast_head":"<!-- This site is optimized with the Yoast SEO plugin v21.3 - https:\/\/yoast.com\/wordpress\/plugins\/seo\/ -->\n<title>Osmi protikoronski zakon bo veljal od petka, za bla\u017eitev posledic epidemije covida-19 \u0161e dodatnih 320 milijonov evrov - Hudo Slovenija<\/title>\n<meta name=\"robots\" content=\"index, follow, max-snippet:-1, max-image-preview:large, max-video-preview:-1\" \/>\n<link rel=\"canonical\" href=\"https:\/\/hudo.com\/si\/aktualno\/osmi-protikoronski-zakon-bo-veljal-od-petka-za-blazitev-posledic-epidemije-covida-19-se-dodatnih-320-milijonov-evrov\/\" \/>\n<meta property=\"og:locale\" content=\"sl_SI\" \/>\n<meta property=\"og:type\" content=\"article\" \/>\n<meta property=\"og:title\" content=\"Osmi protikoronski zakon bo veljal od petka, za bla\u017eitev posledic epidemije covida-19 \u0161e dodatnih 320 milijonov evrov - Hudo Slovenija\" \/>\n<meta property=\"og:description\" content=\"Osmi protikoronski zakon, ki ga je dr\u017eavni zbor sprejel v torek pono\u010di, je bil danes objavljen v uradnem listu in bo za\u010del veljati v petek. Z njegovo uveljavitvijo se dosedanjim ukrepom za bla\u017eitev posledic epidemije covida-19 pridru\u017euje \u0161e za 320 milijonov evrov dodatnih.\" \/>\n<meta property=\"og:url\" content=\"https:\/\/hudo.com\/si\/aktualno\/osmi-protikoronski-zakon-bo-veljal-od-petka-za-blazitev-posledic-epidemije-covida-19-se-dodatnih-320-milijonov-evrov\/\" \/>\n<meta property=\"og:site_name\" content=\"Hudo Slovenija\" \/>\n<meta property=\"article:publisher\" content=\"https:\/\/www.facebook.com\/hudo.si\" \/>\n<meta property=\"article:published_time\" content=\"2021-02-04T18:34:23+00:00\" \/>\n<meta property=\"og:image\" content=\"https:\/\/hudo.com\/si\/wp-content\/uploads\/sites\/2\/2020\/12\/profimedia-0567633138.jpg\" \/>\n\t<meta property=\"og:image:width\" content=\"1250\" \/>\n\t<meta property=\"og:image:height\" content=\"833\" \/>\n\t<meta property=\"og:image:type\" content=\"image\/jpeg\" \/>\n<meta name=\"author\" content=\"M. N., STA\" \/>\n<meta name=\"twitter:card\" content=\"summary_large_image\" \/>\n<meta name=\"twitter:creator\" content=\"@hudo_si\" \/>\n<meta name=\"twitter:site\" content=\"@hudo_si\" \/>\n<meta name=\"twitter:label1\" content=\"Written by\" \/>\n\t<meta name=\"twitter:data1\" content=\"M. N., STA\" \/>\n\t<meta name=\"twitter:label2\" content=\"Est. reading time\" \/>\n\t<meta name=\"twitter:data2\" content=\"1 minuta\" \/>\n<script type=\"application\/ld+json\" class=\"yoast-schema-graph\">{\"@context\":\"https:\/\/schema.org\",\"@graph\":[{\"@type\":\"Article\",\"@id\":\"https:\/\/hudo.com\/si\/aktualno\/osmi-protikoronski-zakon-bo-veljal-od-petka-za-blazitev-posledic-epidemije-covida-19-se-dodatnih-320-milijonov-evrov\/#article\",\"isPartOf\":{\"@id\":\"https:\/\/hudo.com\/si\/aktualno\/osmi-protikoronski-zakon-bo-veljal-od-petka-za-blazitev-posledic-epidemije-covida-19-se-dodatnih-320-milijonov-evrov\/\"},\"author\":{\"name\":\"M. N., STA\",\"@id\":\"https:\/\/hudo.com\/si\/#\/schema\/person\/c2f10ce65d2e6ede2aeda5be2a0611fa\"},\"headline\":\"Osmi protikoronski zakon bo veljal od petka, za bla\u017eitev posledic epidemije covida-19 \u0161e dodatnih 320 milijonov evrov\",\"datePublished\":\"2021-02-04T18:34:23+00:00\",\"dateModified\":\"2021-02-04T18:34:23+00:00\",\"mainEntityOfPage\":{\"@id\":\"https:\/\/hudo.com\/si\/aktualno\/osmi-protikoronski-zakon-bo-veljal-od-petka-za-blazitev-posledic-epidemije-covida-19-se-dodatnih-320-milijonov-evrov\/\"},\"wordCount\":307,\"publisher\":{\"@id\":\"https:\/\/hudo.com\/si\/#organization\"},\"keywords\":[\"koronavirus\",\"osmi protikoronski zakon\",\"pandemija\",\"pandemija covid-19\",\"Slovenija\"],\"articleSection\":[\"Aktualno\"],\"inLanguage\":\"sl-SI\"},{\"@type\":\"WebPage\",\"@id\":\"https:\/\/hudo.com\/si\/aktualno\/osmi-protikoronski-zakon-bo-veljal-od-petka-za-blazitev-posledic-epidemije-covida-19-se-dodatnih-320-milijonov-evrov\/\",\"url\":\"https:\/\/hudo.com\/si\/aktualno\/osmi-protikoronski-zakon-bo-veljal-od-petka-za-blazitev-posledic-epidemije-covida-19-se-dodatnih-320-milijonov-evrov\/\",\"name\":\"Osmi protikoronski zakon bo veljal od petka, za bla\u017eitev posledic epidemije covida-19 \u0161e dodatnih 320 milijonov evrov - Hudo Slovenija\",\"isPartOf\":{\"@id\":\"https:\/\/hudo.com\/si\/#website\"},\"datePublished\":\"2021-02-04T18:34:23+00:00\",\"dateModified\":\"2021-02-04T18:34:23+00:00\",\"breadcrumb\":{\"@id\":\"https:\/\/hudo.com\/si\/aktualno\/osmi-protikoronski-zakon-bo-veljal-od-petka-za-blazitev-posledic-epidemije-covida-19-se-dodatnih-320-milijonov-evrov\/#breadcrumb\"},\"inLanguage\":\"sl-SI\",\"potentialAction\":[{\"@type\":\"ReadAction\",\"target\":[\"https:\/\/hudo.com\/si\/aktualno\/osmi-protikoronski-zakon-bo-veljal-od-petka-za-blazitev-posledic-epidemije-covida-19-se-dodatnih-320-milijonov-evrov\/\"]}]},{\"@type\":\"BreadcrumbList\",\"@id\":\"https:\/\/hudo.com\/si\/aktualno\/osmi-protikoronski-zakon-bo-veljal-od-petka-za-blazitev-posledic-epidemije-covida-19-se-dodatnih-320-milijonov-evrov\/#breadcrumb\",\"itemListElement\":[{\"@type\":\"ListItem\",\"position\":1,\"name\":\"Home\",\"item\":\"https:\/\/hudo.com\/si\/\"},{\"@type\":\"ListItem\",\"position\":2,\"name\":\"Osmi protikoronski zakon bo veljal od petka, za bla\u017eitev posledic epidemije covida-19 \u0161e dodatnih 320 milijonov evrov\"}]},{\"@type\":\"WebSite\",\"@id\":\"https:\/\/hudo.com\/si\/#website\",\"url\":\"https:\/\/hudo.com\/si\/\",\"name\":\"Hudo Slovenija\",\"description\":\"Vse novice iz Slovenije in sveta\",\"publisher\":{\"@id\":\"https:\/\/hudo.com\/si\/#organization\"},\"potentialAction\":[{\"@type\":\"SearchAction\",\"target\":{\"@type\":\"EntryPoint\",\"urlTemplate\":\"https:\/\/hudo.com\/si\/?s={search_term_string}\"},\"query-input\":\"required name=search_term_string\"}],\"inLanguage\":\"sl-SI\"},{\"@type\":\"Organization\",\"@id\":\"https:\/\/hudo.com\/si\/#organization\",\"name\":\"VSN Media\",\"url\":\"https:\/\/hudo.com\/si\/\",\"logo\":{\"@type\":\"ImageObject\",\"inLanguage\":\"sl-SI\",\"@id\":\"https:\/\/hudo.com\/si\/#\/schema\/logo\/image\/\",\"url\":\"https:\/\/hudo.com\/si\/wp-content\/uploads\/sites\/2\/2021\/03\/hudo-app-2.png\",\"contentUrl\":\"https:\/\/hudo.com\/si\/wp-content\/uploads\/sites\/2\/2021\/03\/hudo-app-2.png\",\"width\":2185,\"height\":2167,\"caption\":\"VSN Media\"},\"image\":{\"@id\":\"https:\/\/hudo.com\/si\/#\/schema\/logo\/image\/\"},\"sameAs\":[\"https:\/\/www.facebook.com\/hudo.si\",\"https:\/\/twitter.com\/hudo_si\"]},{\"@type\":\"Person\",\"@id\":\"https:\/\/hudo.com\/si\/#\/schema\/person\/c2f10ce65d2e6ede2aeda5be2a0611fa\",\"name\":\"M. N., STA\",\"image\":{\"@type\":\"ImageObject\",\"inLanguage\":\"sl-SI\",\"@id\":\"https:\/\/hudo.com\/si\/#\/schema\/person\/image\/\",\"url\":\"https:\/\/secure.gravatar.com\/avatar\/f370d38daa10467f755c5c766a4cac20?s=96&d=mm&r=g\",\"contentUrl\":\"https:\/\/secure.gravatar.com\/avatar\/f370d38daa10467f755c5c766a4cac20?s=96&d=mm&r=g\",\"caption\":\"M. N., STA\"},\"url\":\"https:\/\/hudo.com\/si\/author\/mana\/\"}]}<\/script>\n<!-- \/ Yoast SEO plugin. -->","yoast_head_json":{"title":"Osmi protikoronski zakon bo veljal od petka, za bla\u017eitev posledic epidemije covida-19 \u0161e dodatnih 320 milijonov evrov - Hudo Slovenija","robots":{"index":"index","follow":"follow","max-snippet":"max-snippet:-1","max-image-preview":"max-image-preview:large","max-video-preview":"max-video-preview:-1"},"canonical":"https:\/\/hudo.com\/si\/aktualno\/osmi-protikoronski-zakon-bo-veljal-od-petka-za-blazitev-posledic-epidemije-covida-19-se-dodatnih-320-milijonov-evrov\/","og_locale":"sl_SI","og_type":"article","og_title":"Osmi protikoronski zakon bo veljal od petka, za bla\u017eitev posledic epidemije covida-19 \u0161e dodatnih 320 milijonov evrov - Hudo Slovenija","og_description":"Osmi protikoronski zakon, ki ga je dr\u017eavni zbor sprejel v torek pono\u010di, je bil danes objavljen v uradnem listu in bo za\u010del veljati v petek. Z njegovo uveljavitvijo se dosedanjim ukrepom za bla\u017eitev posledic epidemije covida-19 pridru\u017euje \u0161e za 320 milijonov evrov dodatnih.","og_url":"https:\/\/hudo.com\/si\/aktualno\/osmi-protikoronski-zakon-bo-veljal-od-petka-za-blazitev-posledic-epidemije-covida-19-se-dodatnih-320-milijonov-evrov\/","og_site_name":"Hudo Slovenija","article_publisher":"https:\/\/www.facebook.com\/hudo.si","article_published_time":"2021-02-04T18:34:23+00:00","og_image":[{"width":1250,"height":833,"url":"https:\/\/hudo.com\/si\/wp-content\/uploads\/sites\/2\/2020\/12\/profimedia-0567633138.jpg","type":"image\/jpeg"}],"author":"M. N., STA","twitter_card":"summary_large_image","twitter_creator":"@hudo_si","twitter_site":"@hudo_si","twitter_misc":{"Written by":"M. N., STA","Est. reading time":"1 minuta"},"schema":{"@context":"https:\/\/schema.org","@graph":[{"@type":"Article","@id":"https:\/\/hudo.com\/si\/aktualno\/osmi-protikoronski-zakon-bo-veljal-od-petka-za-blazitev-posledic-epidemije-covida-19-se-dodatnih-320-milijonov-evrov\/#article","isPartOf":{"@id":"https:\/\/hudo.com\/si\/aktualno\/osmi-protikoronski-zakon-bo-veljal-od-petka-za-blazitev-posledic-epidemije-covida-19-se-dodatnih-320-milijonov-evrov\/"},"author":{"name":"M. N., STA","@id":"https:\/\/hudo.com\/si\/#\/schema\/person\/c2f10ce65d2e6ede2aeda5be2a0611fa"},"headline":"Osmi protikoronski zakon bo veljal od petka, za bla\u017eitev posledic epidemije covida-19 \u0161e dodatnih 320 milijonov evrov","datePublished":"2021-02-04T18:34:23+00:00","dateModified":"2021-02-04T18:34:23+00:00","mainEntityOfPage":{"@id":"https:\/\/hudo.com\/si\/aktualno\/osmi-protikoronski-zakon-bo-veljal-od-petka-za-blazitev-posledic-epidemije-covida-19-se-dodatnih-320-milijonov-evrov\/"},"wordCount":307,"publisher":{"@id":"https:\/\/hudo.com\/si\/#organization"},"keywords":["koronavirus","osmi protikoronski zakon","pandemija","pandemija covid-19","Slovenija"],"articleSection":["Aktualno"],"inLanguage":"sl-SI"},{"@type":"WebPage","@id":"https:\/\/hudo.com\/si\/aktualno\/osmi-protikoronski-zakon-bo-veljal-od-petka-za-blazitev-posledic-epidemije-covida-19-se-dodatnih-320-milijonov-evrov\/","url":"https:\/\/hudo.com\/si\/aktualno\/osmi-protikoronski-zakon-bo-veljal-od-petka-za-blazitev-posledic-epidemije-covida-19-se-dodatnih-320-milijonov-evrov\/","name":"Osmi protikoronski zakon bo veljal od petka, za bla\u017eitev posledic epidemije covida-19 \u0161e dodatnih 320 milijonov evrov - Hudo Slovenija","isPartOf":{"@id":"https:\/\/hudo.com\/si\/#website"},"datePublished":"2021-02-04T18:34:23+00:00","dateModified":"2021-02-04T18:34:23+00:00","breadcrumb":{"@id":"https:\/\/hudo.com\/si\/aktualno\/osmi-protikoronski-zakon-bo-veljal-od-petka-za-blazitev-posledic-epidemije-covida-19-se-dodatnih-320-milijonov-evrov\/#breadcrumb"},"inLanguage":"sl-SI","potentialAction":[{"@type":"ReadAction","target":["https:\/\/hudo.com\/si\/aktualno\/osmi-protikoronski-zakon-bo-veljal-od-petka-za-blazitev-posledic-epidemije-covida-19-se-dodatnih-320-milijonov-evrov\/"]}]},{"@type":"BreadcrumbList","@id":"https:\/\/hudo.com\/si\/aktualno\/osmi-protikoronski-zakon-bo-veljal-od-petka-za-blazitev-posledic-epidemije-covida-19-se-dodatnih-320-milijonov-evrov\/#breadcrumb","itemListElement":[{"@type":"ListItem","position":1,"name":"Home","item":"https:\/\/hudo.com\/si\/"},{"@type":"ListItem","position":2,"name":"Osmi protikoronski zakon bo veljal od petka, za bla\u017eitev posledic epidemije covida-19 \u0161e dodatnih 320 milijonov evrov"}]},{"@type":"WebSite","@id":"https:\/\/hudo.com\/si\/#website","url":"https:\/\/hudo.com\/si\/","name":"Hudo Slovenija","description":"Vse novice iz Slovenije in sveta","publisher":{"@id":"https:\/\/hudo.com\/si\/#organization"},"potentialAction":[{"@type":"SearchAction","target":{"@type":"EntryPoint","urlTemplate":"https:\/\/hudo.com\/si\/?s={search_term_string}"},"query-input":"required name=search_term_string"}],"inLanguage":"sl-SI"},{"@type":"Organization","@id":"https:\/\/hudo.com\/si\/#organization","name":"VSN Media","url":"https:\/\/hudo.com\/si\/","logo":{"@type":"ImageObject","inLanguage":"sl-SI","@id":"https:\/\/hudo.com\/si\/#\/schema\/logo\/image\/","url":"https:\/\/hudo.com\/si\/wp-content\/uploads\/sites\/2\/2021\/03\/hudo-app-2.png","contentUrl":"https:\/\/hudo.com\/si\/wp-content\/uploads\/sites\/2\/2021\/03\/hudo-app-2.png","width":2185,"height":2167,"caption":"VSN Media"},"image":{"@id":"https:\/\/hudo.com\/si\/#\/schema\/logo\/image\/"},"sameAs":["https:\/\/www.facebook.com\/hudo.si","https:\/\/twitter.com\/hudo_si"]},{"@type":"Person","@id":"https:\/\/hudo.com\/si\/#\/schema\/person\/c2f10ce65d2e6ede2aeda5be2a0611fa","name":"M. N., STA","image":{"@type":"ImageObject","inLanguage":"sl-SI","@id":"https:\/\/hudo.com\/si\/#\/schema\/person\/image\/","url":"https:\/\/secure.gravatar.com\/avatar\/f370d38daa10467f755c5c766a4cac20?s=96&d=mm&r=g","contentUrl":"https:\/\/secure.gravatar.com\/avatar\/f370d38daa10467f755c5c766a4cac20?s=96&d=mm&r=g","caption":"M. N., STA"},"url":"https:\/\/hudo.com\/si\/author\/mana\/"}]}},"amp_enabled":true,"_links":{"self":[{"href":"https:\/\/hudo.com\/si\/wp-json\/wp\/v2\/posts\/444273"}],"collection":[{"href":"https:\/\/hudo.com\/si\/wp-json\/wp\/v2\/posts"}],"about":[{"href":"https:\/\/hudo.com\/si\/wp-json\/wp\/v2\/types\/post"}],"author":[{"embeddable":true,"href":"https:\/\/hudo.com\/si\/wp-json\/wp\/v2\/users\/8"}],"replies":[{"embeddable":true,"href":"https:\/\/hudo.com\/si\/wp-json\/wp\/v2\/comments?post=444273"}],"version-history":[{"count":1,"href":"https:\/\/hudo.com\/si\/wp-json\/wp\/v2\/posts\/444273\/revisions"}],"predecessor-version":[{"id":444274,"href":"https:\/\/hudo.com\/si\/wp-json\/wp\/v2\/posts\/444273\/revisions\/444274"}],"wp:featuredmedia":[{"embeddable":true,"href":"https:\/\/hudo.com\/si\/wp-json\/wp\/v2\/media\/439109"}],"wp:attachment":[{"href":"https:\/\/hudo.com\/si\/wp-json\/wp\/v2\/media?parent=444273"}],"wp:term":[{"taxonomy":"category","embeddable":true,"href":"https:\/\/hudo.com\/si\/wp-json\/wp\/v2\/categories?post=444273"},{"taxonomy":"post_tag","embeddable":true,"href":"https:\/\/hudo.com\/si\/wp-json\/wp\/v2\/tags?post=444273"},{"taxonomy":"source","embeddable":true,"href":"https:\/\/hudo.com\/si\/wp-json\/wp\/v2\/source?post=444273"},{"taxonomy":"supertag","embeddable":true,"href":"https:\/\/hudo.com\/si\/wp-json\/wp\/v2\/supertag?post=444273"}],"curies":[{"name":"wp","href":"https:\/\/api.w.org\/{rel}","templated":true}]}}