{"id":444597,"date":"2021-02-08T08:44:51","date_gmt":"2021-02-08T07:44:51","guid":{"rendered":"https:\/\/hudo.com\/si\/?p=444597"},"modified":"2021-02-08T09:00:37","modified_gmt":"2021-02-08T08:00:37","slug":"dez-in-tudi-taljenje-snega-na-gorenjskem-povzrocala-tezave","status":"publish","type":"post","link":"https:\/\/hudo.com\/si\/vreme\/dez-in-tudi-taljenje-snega-na-gorenjskem-povzrocala-tezave\/","title":{"rendered":"De\u017e in tudi taljenje snega na Gorenjskem povzro\u010dala te\u017eave"},"content":{"rendered":"<p>Kot poro\u010da Uprava RS za za\u0161\u010dito in re\u0161evanje, se je v nedeljo zve\u010der v Kropi na cesto podrl oporni zid. Prostovoljni gasilci iz Krope so teren nad cesto pokrili s PVC folijo in skupaj z delavci Cestnega podjetja Kranj oziroma Gorenjske gradbene dru\u017ebe odstranili podrto drevje in material s ceste ter postavili polovi\u010dno zaporo ceste.<\/p>\n<p>Cesta Kropa-Jamnik je po poro\u010danju Prometno-informacijskega centra za dr\u017eavne ceste zaradi zemeljskega plazu popolnoma zaprta. Prav tako je popolnoma zaprta cesta Tr\u017ei\u010d-Ljubelj na odseku od Podljubelja do Ljubelja, zaprt pa je tudi mejni prehod Ljubelj, in sicer zaradi meteorne vode in nanosov peska.<\/p>\n<p>Policijska uprava Kranj je \u017ee v nedeljo zve\u010der opozorila voznike, da de\u017e in voda ponekod na cesto prina\u0161ata kamenje, pesek in blato ter da je na posameznih odsekih cest tudi stoje\u010da voda. Zato je velika verjetnost akvaplaninga, ki povzro\u010di izgubo nadzora nad vozilom in pomeni veliko nevarnost za nastanek prometne nesre\u010de. Policisti so tako pozvali k previdnosti, prilagojeni hitrosti vo\u017enje in ve\u010dji varnostni razdalji.<\/p>\n<p>Medtem zaradi nevarnosti sne\u017enih plazov na Bov\u0161kem ostajata zaprti cesti Kal Koritnica-Trenta in Predel-Bovec med Logom pod Mangartom in odcepom za Bav\u0161ico.<\/p>\n<p>De\u017e je na Gorenjskem povzro\u010dal \u0161e nekaj drugih te\u017eav. V Podljubelju je meteorna voda zalila klet ve\u010dstanovanjske hi\u0161e, iz\u010drpali pa so jo tamkaj\u0161nji prostovoljni gasilci. Jeseni\u0161ki poklicni gasilci so na Kosovi ulici na Jesenicah s protipoplavnimi vre\u010dami preusmerili tok meteorne vode. Kranjski poklicni gasilci pa so s tehni\u010dnim posegom odma\u0161ili odtok na strehi objekta v Kranju ter posesali vodo iz prostorov stanovanja, v katerega je za\u010dela vdirati zaradi zama\u0161enega odtoka.<\/p>\n<p>Danes in v torek bo spremenljivo do prete\u017eno obla\u010dno z ob\u010dasnim de\u017ejem, meja sne\u017eenja bo med 600 in 1200 metri nadmorske vi\u0161ine, ka\u017ee vremenska napoved agencije za okolje.<\/p>\n","protected":false},"excerpt":{"rendered":"<p>Meteorna voda je zalila nekaj objektov, na ceste pa je nana\u0161ala kamenje, pesek in blato. Zaradi plazov in nanosov sta zaprta cestna odseka Podljubelj-Ljubelj in Kropa-Jamnik. Zaradi nevarnosti sne\u017enih plazov ostaja zaprtih nekaj cest tudi na Bov\u0161kem.<\/p>\n","protected":false},"author":8,"featured_media":398710,"comment_status":"closed","ping_status":"closed","sticky":false,"template":"","format":"standard","meta":{"footnotes":""},"categories":[18175],"tags":[5405,1595,7677,2149],"source":[4511],"supertag":[5675,12922],"acf":[],"yoast_head":"<!-- This site is optimized with the Yoast SEO plugin v21.3 - https:\/\/yoast.com\/wordpress\/plugins\/seo\/ -->\n<title>De\u017e in tudi taljenje snega na Gorenjskem povzro\u010dala te\u017eave - Hudo Slovenija<\/title>\n<meta name=\"robots\" content=\"index, follow, max-snippet:-1, max-image-preview:large, max-video-preview:-1\" \/>\n<link rel=\"canonical\" href=\"https:\/\/hudo.com\/si\/vreme\/dez-in-tudi-taljenje-snega-na-gorenjskem-povzrocala-tezave\/\" \/>\n<meta property=\"og:locale\" content=\"sl_SI\" \/>\n<meta property=\"og:type\" content=\"article\" \/>\n<meta property=\"og:title\" content=\"De\u017e in tudi taljenje snega na Gorenjskem povzro\u010dala te\u017eave - Hudo Slovenija\" \/>\n<meta property=\"og:description\" content=\"Meteorna voda je zalila nekaj objektov, na ceste pa je nana\u0161ala kamenje, pesek in blato. Zaradi plazov in nanosov sta zaprta cestna odseka Podljubelj-Ljubelj in Kropa-Jamnik. Zaradi nevarnosti sne\u017enih plazov ostaja zaprtih nekaj cest tudi na Bov\u0161kem.\" \/>\n<meta property=\"og:url\" content=\"https:\/\/hudo.com\/si\/vreme\/dez-in-tudi-taljenje-snega-na-gorenjskem-povzrocala-tezave\/\" \/>\n<meta property=\"og:site_name\" content=\"Hudo Slovenija\" \/>\n<meta property=\"article:publisher\" content=\"https:\/\/www.facebook.com\/hudo.si\" \/>\n<meta property=\"article:published_time\" content=\"2021-02-08T07:44:51+00:00\" \/>\n<meta property=\"article:modified_time\" content=\"2021-02-08T08:00:37+00:00\" \/>\n<meta property=\"og:image\" content=\"https:\/\/hudo.com\/si\/wp-content\/uploads\/sites\/2\/2019\/05\/profimedia-0008935516.jpg\" \/>\n\t<meta property=\"og:image:width\" content=\"1250\" \/>\n\t<meta property=\"og:image:height\" content=\"833\" \/>\n\t<meta property=\"og:image:type\" content=\"image\/jpeg\" \/>\n<meta name=\"author\" content=\"M. N., STA\" \/>\n<meta name=\"twitter:card\" content=\"summary_large_image\" \/>\n<meta name=\"twitter:creator\" content=\"@hudo_si\" \/>\n<meta name=\"twitter:site\" content=\"@hudo_si\" \/>\n<meta name=\"twitter:label1\" content=\"Written by\" \/>\n\t<meta name=\"twitter:data1\" content=\"M. N., STA\" \/>\n\t<meta name=\"twitter:label2\" content=\"Est. reading time\" \/>\n\t<meta name=\"twitter:data2\" content=\"2 minuti\" \/>\n<script type=\"application\/ld+json\" class=\"yoast-schema-graph\">{\"@context\":\"https:\/\/schema.org\",\"@graph\":[{\"@type\":\"Article\",\"@id\":\"https:\/\/hudo.com\/si\/vreme\/dez-in-tudi-taljenje-snega-na-gorenjskem-povzrocala-tezave\/#article\",\"isPartOf\":{\"@id\":\"https:\/\/hudo.com\/si\/vreme\/dez-in-tudi-taljenje-snega-na-gorenjskem-povzrocala-tezave\/\"},\"author\":{\"name\":\"M. N., STA\",\"@id\":\"https:\/\/hudo.com\/si\/#\/schema\/person\/c2f10ce65d2e6ede2aeda5be2a0611fa\"},\"headline\":\"De\u017e in tudi taljenje snega na Gorenjskem povzro\u010dala te\u017eave\",\"datePublished\":\"2021-02-08T07:44:51+00:00\",\"dateModified\":\"2021-02-08T08:00:37+00:00\",\"mainEntityOfPage\":{\"@id\":\"https:\/\/hudo.com\/si\/vreme\/dez-in-tudi-taljenje-snega-na-gorenjskem-povzrocala-tezave\/\"},\"wordCount\":330,\"publisher\":{\"@id\":\"https:\/\/hudo.com\/si\/#organization\"},\"keywords\":[\"poplave\",\"Slovenija\",\"sne\u017eni plaz\",\"vreme\"],\"articleSection\":[\"Vreme\"],\"inLanguage\":\"sl-SI\"},{\"@type\":\"WebPage\",\"@id\":\"https:\/\/hudo.com\/si\/vreme\/dez-in-tudi-taljenje-snega-na-gorenjskem-povzrocala-tezave\/\",\"url\":\"https:\/\/hudo.com\/si\/vreme\/dez-in-tudi-taljenje-snega-na-gorenjskem-povzrocala-tezave\/\",\"name\":\"De\u017e in tudi taljenje snega na Gorenjskem povzro\u010dala te\u017eave - Hudo Slovenija\",\"isPartOf\":{\"@id\":\"https:\/\/hudo.com\/si\/#website\"},\"datePublished\":\"2021-02-08T07:44:51+00:00\",\"dateModified\":\"2021-02-08T08:00:37+00:00\",\"breadcrumb\":{\"@id\":\"https:\/\/hudo.com\/si\/vreme\/dez-in-tudi-taljenje-snega-na-gorenjskem-povzrocala-tezave\/#breadcrumb\"},\"inLanguage\":\"sl-SI\",\"potentialAction\":[{\"@type\":\"ReadAction\",\"target\":[\"https:\/\/hudo.com\/si\/vreme\/dez-in-tudi-taljenje-snega-na-gorenjskem-povzrocala-tezave\/\"]}]},{\"@type\":\"BreadcrumbList\",\"@id\":\"https:\/\/hudo.com\/si\/vreme\/dez-in-tudi-taljenje-snega-na-gorenjskem-povzrocala-tezave\/#breadcrumb\",\"itemListElement\":[{\"@type\":\"ListItem\",\"position\":1,\"name\":\"Home\",\"item\":\"https:\/\/hudo.com\/si\/\"},{\"@type\":\"ListItem\",\"position\":2,\"name\":\"De\u017e in tudi taljenje snega na Gorenjskem povzro\u010dala te\u017eave\"}]},{\"@type\":\"WebSite\",\"@id\":\"https:\/\/hudo.com\/si\/#website\",\"url\":\"https:\/\/hudo.com\/si\/\",\"name\":\"Hudo Slovenija\",\"description\":\"Vse novice iz Slovenije in sveta\",\"publisher\":{\"@id\":\"https:\/\/hudo.com\/si\/#organization\"},\"potentialAction\":[{\"@type\":\"SearchAction\",\"target\":{\"@type\":\"EntryPoint\",\"urlTemplate\":\"https:\/\/hudo.com\/si\/?s={search_term_string}\"},\"query-input\":\"required name=search_term_string\"}],\"inLanguage\":\"sl-SI\"},{\"@type\":\"Organization\",\"@id\":\"https:\/\/hudo.com\/si\/#organization\",\"name\":\"VSN Media\",\"url\":\"https:\/\/hudo.com\/si\/\",\"logo\":{\"@type\":\"ImageObject\",\"inLanguage\":\"sl-SI\",\"@id\":\"https:\/\/hudo.com\/si\/#\/schema\/logo\/image\/\",\"url\":\"https:\/\/hudo.com\/si\/wp-content\/uploads\/sites\/2\/2021\/03\/hudo-app-2.png\",\"contentUrl\":\"https:\/\/hudo.com\/si\/wp-content\/uploads\/sites\/2\/2021\/03\/hudo-app-2.png\",\"width\":2185,\"height\":2167,\"caption\":\"VSN Media\"},\"image\":{\"@id\":\"https:\/\/hudo.com\/si\/#\/schema\/logo\/image\/\"},\"sameAs\":[\"https:\/\/www.facebook.com\/hudo.si\",\"https:\/\/twitter.com\/hudo_si\"]},{\"@type\":\"Person\",\"@id\":\"https:\/\/hudo.com\/si\/#\/schema\/person\/c2f10ce65d2e6ede2aeda5be2a0611fa\",\"name\":\"M. N., STA\",\"image\":{\"@type\":\"ImageObject\",\"inLanguage\":\"sl-SI\",\"@id\":\"https:\/\/hudo.com\/si\/#\/schema\/person\/image\/\",\"url\":\"https:\/\/secure.gravatar.com\/avatar\/f370d38daa10467f755c5c766a4cac20?s=96&d=mm&r=g\",\"contentUrl\":\"https:\/\/secure.gravatar.com\/avatar\/f370d38daa10467f755c5c766a4cac20?s=96&d=mm&r=g\",\"caption\":\"M. N., STA\"},\"url\":\"https:\/\/hudo.com\/si\/author\/mana\/\"}]}<\/script>\n<!-- \/ Yoast SEO plugin. -->","yoast_head_json":{"title":"De\u017e in tudi taljenje snega na Gorenjskem povzro\u010dala te\u017eave - Hudo Slovenija","robots":{"index":"index","follow":"follow","max-snippet":"max-snippet:-1","max-image-preview":"max-image-preview:large","max-video-preview":"max-video-preview:-1"},"canonical":"https:\/\/hudo.com\/si\/vreme\/dez-in-tudi-taljenje-snega-na-gorenjskem-povzrocala-tezave\/","og_locale":"sl_SI","og_type":"article","og_title":"De\u017e in tudi taljenje snega na Gorenjskem povzro\u010dala te\u017eave - Hudo Slovenija","og_description":"Meteorna voda je zalila nekaj objektov, na ceste pa je nana\u0161ala kamenje, pesek in blato. Zaradi plazov in nanosov sta zaprta cestna odseka Podljubelj-Ljubelj in Kropa-Jamnik. Zaradi nevarnosti sne\u017enih plazov ostaja zaprtih nekaj cest tudi na Bov\u0161kem.","og_url":"https:\/\/hudo.com\/si\/vreme\/dez-in-tudi-taljenje-snega-na-gorenjskem-povzrocala-tezave\/","og_site_name":"Hudo Slovenija","article_publisher":"https:\/\/www.facebook.com\/hudo.si","article_published_time":"2021-02-08T07:44:51+00:00","article_modified_time":"2021-02-08T08:00:37+00:00","og_image":[{"width":1250,"height":833,"url":"https:\/\/hudo.com\/si\/wp-content\/uploads\/sites\/2\/2019\/05\/profimedia-0008935516.jpg","type":"image\/jpeg"}],"author":"M. N., STA","twitter_card":"summary_large_image","twitter_creator":"@hudo_si","twitter_site":"@hudo_si","twitter_misc":{"Written by":"M. N., STA","Est. reading time":"2 minuti"},"schema":{"@context":"https:\/\/schema.org","@graph":[{"@type":"Article","@id":"https:\/\/hudo.com\/si\/vreme\/dez-in-tudi-taljenje-snega-na-gorenjskem-povzrocala-tezave\/#article","isPartOf":{"@id":"https:\/\/hudo.com\/si\/vreme\/dez-in-tudi-taljenje-snega-na-gorenjskem-povzrocala-tezave\/"},"author":{"name":"M. N., STA","@id":"https:\/\/hudo.com\/si\/#\/schema\/person\/c2f10ce65d2e6ede2aeda5be2a0611fa"},"headline":"De\u017e in tudi taljenje snega na Gorenjskem povzro\u010dala te\u017eave","datePublished":"2021-02-08T07:44:51+00:00","dateModified":"2021-02-08T08:00:37+00:00","mainEntityOfPage":{"@id":"https:\/\/hudo.com\/si\/vreme\/dez-in-tudi-taljenje-snega-na-gorenjskem-povzrocala-tezave\/"},"wordCount":330,"publisher":{"@id":"https:\/\/hudo.com\/si\/#organization"},"keywords":["poplave","Slovenija","sne\u017eni plaz","vreme"],"articleSection":["Vreme"],"inLanguage":"sl-SI"},{"@type":"WebPage","@id":"https:\/\/hudo.com\/si\/vreme\/dez-in-tudi-taljenje-snega-na-gorenjskem-povzrocala-tezave\/","url":"https:\/\/hudo.com\/si\/vreme\/dez-in-tudi-taljenje-snega-na-gorenjskem-povzrocala-tezave\/","name":"De\u017e in tudi taljenje snega na Gorenjskem povzro\u010dala te\u017eave - Hudo Slovenija","isPartOf":{"@id":"https:\/\/hudo.com\/si\/#website"},"datePublished":"2021-02-08T07:44:51+00:00","dateModified":"2021-02-08T08:00:37+00:00","breadcrumb":{"@id":"https:\/\/hudo.com\/si\/vreme\/dez-in-tudi-taljenje-snega-na-gorenjskem-povzrocala-tezave\/#breadcrumb"},"inLanguage":"sl-SI","potentialAction":[{"@type":"ReadAction","target":["https:\/\/hudo.com\/si\/vreme\/dez-in-tudi-taljenje-snega-na-gorenjskem-povzrocala-tezave\/"]}]},{"@type":"BreadcrumbList","@id":"https:\/\/hudo.com\/si\/vreme\/dez-in-tudi-taljenje-snega-na-gorenjskem-povzrocala-tezave\/#breadcrumb","itemListElement":[{"@type":"ListItem","position":1,"name":"Home","item":"https:\/\/hudo.com\/si\/"},{"@type":"ListItem","position":2,"name":"De\u017e in tudi taljenje snega na Gorenjskem povzro\u010dala te\u017eave"}]},{"@type":"WebSite","@id":"https:\/\/hudo.com\/si\/#website","url":"https:\/\/hudo.com\/si\/","name":"Hudo Slovenija","description":"Vse novice iz Slovenije in sveta","publisher":{"@id":"https:\/\/hudo.com\/si\/#organization"},"potentialAction":[{"@type":"SearchAction","target":{"@type":"EntryPoint","urlTemplate":"https:\/\/hudo.com\/si\/?s={search_term_string}"},"query-input":"required name=search_term_string"}],"inLanguage":"sl-SI"},{"@type":"Organization","@id":"https:\/\/hudo.com\/si\/#organization","name":"VSN Media","url":"https:\/\/hudo.com\/si\/","logo":{"@type":"ImageObject","inLanguage":"sl-SI","@id":"https:\/\/hudo.com\/si\/#\/schema\/logo\/image\/","url":"https:\/\/hudo.com\/si\/wp-content\/uploads\/sites\/2\/2021\/03\/hudo-app-2.png","contentUrl":"https:\/\/hudo.com\/si\/wp-content\/uploads\/sites\/2\/2021\/03\/hudo-app-2.png","width":2185,"height":2167,"caption":"VSN Media"},"image":{"@id":"https:\/\/hudo.com\/si\/#\/schema\/logo\/image\/"},"sameAs":["https:\/\/www.facebook.com\/hudo.si","https:\/\/twitter.com\/hudo_si"]},{"@type":"Person","@id":"https:\/\/hudo.com\/si\/#\/schema\/person\/c2f10ce65d2e6ede2aeda5be2a0611fa","name":"M. N., STA","image":{"@type":"ImageObject","inLanguage":"sl-SI","@id":"https:\/\/hudo.com\/si\/#\/schema\/person\/image\/","url":"https:\/\/secure.gravatar.com\/avatar\/f370d38daa10467f755c5c766a4cac20?s=96&d=mm&r=g","contentUrl":"https:\/\/secure.gravatar.com\/avatar\/f370d38daa10467f755c5c766a4cac20?s=96&d=mm&r=g","caption":"M. N., STA"},"url":"https:\/\/hudo.com\/si\/author\/mana\/"}]}},"amp_enabled":true,"_links":{"self":[{"href":"https:\/\/hudo.com\/si\/wp-json\/wp\/v2\/posts\/444597"}],"collection":[{"href":"https:\/\/hudo.com\/si\/wp-json\/wp\/v2\/posts"}],"about":[{"href":"https:\/\/hudo.com\/si\/wp-json\/wp\/v2\/types\/post"}],"author":[{"embeddable":true,"href":"https:\/\/hudo.com\/si\/wp-json\/wp\/v2\/users\/8"}],"replies":[{"embeddable":true,"href":"https:\/\/hudo.com\/si\/wp-json\/wp\/v2\/comments?post=444597"}],"version-history":[{"count":1,"href":"https:\/\/hudo.com\/si\/wp-json\/wp\/v2\/posts\/444597\/revisions"}],"predecessor-version":[{"id":444598,"href":"https:\/\/hudo.com\/si\/wp-json\/wp\/v2\/posts\/444597\/revisions\/444598"}],"wp:featuredmedia":[{"embeddable":true,"href":"https:\/\/hudo.com\/si\/wp-json\/wp\/v2\/media\/398710"}],"wp:attachment":[{"href":"https:\/\/hudo.com\/si\/wp-json\/wp\/v2\/media?parent=444597"}],"wp:term":[{"taxonomy":"category","embeddable":true,"href":"https:\/\/hudo.com\/si\/wp-json\/wp\/v2\/categories?post=444597"},{"taxonomy":"post_tag","embeddable":true,"href":"https:\/\/hudo.com\/si\/wp-json\/wp\/v2\/tags?post=444597"},{"taxonomy":"source","embeddable":true,"href":"https:\/\/hudo.com\/si\/wp-json\/wp\/v2\/source?post=444597"},{"taxonomy":"supertag","embeddable":true,"href":"https:\/\/hudo.com\/si\/wp-json\/wp\/v2\/supertag?post=444597"}],"curies":[{"name":"wp","href":"https:\/\/api.w.org\/{rel}","templated":true}]}}