{"id":444890,"date":"2021-02-09T14:50:44","date_gmt":"2021-02-09T13:50:44","guid":{"rendered":"https:\/\/hudo.com\/si\/?p=444890"},"modified":"2021-02-09T14:50:44","modified_gmt":"2021-02-09T13:50:44","slug":"mocno-snezenje-in-ledeni-mraz-povzrocata-kaos-v-nemciji-in-veliki-britaniji","status":"publish","type":"post","link":"https:\/\/hudo.com\/si\/aktualno\/mocno-snezenje-in-ledeni-mraz-povzrocata-kaos-v-nemciji-in-veliki-britaniji\/","title":{"rendered":"Mo\u010dno sne\u017eenje in ledeni mraz povzro\u010data kaos v Nem\u010diji in Veliki Britaniji"},"content":{"rendered":"<p>Sneg in mraz sta najhuje prizadela severno in vzhodno Nem\u010dijo v nedeljo in ponedeljek. Iz zvezne de\u017eele Sa\u0161ka-Anhalt poro\u010dajo o mo\u0161kem, ki so ga na\u0161li mrtvega pokopanega pod snegom ob njegovem traktorju. Pri Bielefeldu pa so v ponedeljek na\u0161li mrtvega mo\u0161kega na zasne\u017eeni cesti, ki pa je najverjetneje umrl zaradi zdravstvenih te\u017eav.<\/p>\n<p>V bli\u017eini nem\u0161kega kraja Bielefeld na zahodu dr\u017eave je zaradi zastoja tovornjakov v ponedeljek nastal prometni kaos. Nastal je 37 kilometrov dolg zastoj, ki se ni sprostil do danes zjutraj. \u0160tevilni vozniki so bili ujeti v svojih avtomobilih tudi 16 ur, brez hrane ob minus 12 stopinjah Celzija.<\/p>\n<p>O huj\u0161ih zastojih so poro\u010dali tudi iz zvezne de\u017eele Hessen. Oblasti so prosile prebivalce, naj vse nenujne poti prelo\u017eijo do najmanj srede. O motnjah poro\u010dajo tudi v \u017eelezni\u0161kem prometu, ve\u010d vlakov so morali odpovedati ali pa imajo zamude.<\/p>\n<p>V prihodnjih dneh naj bi se sne\u017eenje umirilo, pri\u010dakujejo pa do minus 18 stopinj. Zaradi vetra vremenoslovci svarijo, da bi se lahko temperature pono\u010di ob\u010dutile tudi kot minus 30 stopinj.<\/p>\n<p>Ve\u010d nevladnih organizacij je pozvalo hotelirje, naj v teh neugodnih razmerah prisko\u010dijo na pomo\u010d tistim brez strehe nad glavo. Zaradi pandemije covida-19 so namre\u010d hoteli prazni, zdaj pa bi lahko slu\u017eili kot za\u010dasne namestitve za brezdomce, poro\u010da nem\u0161ka tiskovna agencija dpa.<\/p>\n<p>O mo\u010dnem sne\u017eenju sicer poro\u010dajo iz ve\u010d dr\u017eav na severu Evrope, med drugim Belgije, Nizozemske in Danske.<\/p>\n<p>Te\u017eave imajo tudi v Angliji, na \u0160kotskem in Severnem Irskem, kjer svarijo pred motnjami v prometu. Zaradi zimskih razmer je danes ostalo zaprtih ve\u010d centrov za cepljenje v Angliji.<\/p>\n","protected":false},"excerpt":{"rendered":"<p>V Nem\u010diji je zaradi zimskih razmer na cesti obti\u010dalo ogromno voznikov, ki so morali tudi 16 ur zdr\u017eati pri temperaturah krepko pod ledi\u0161\u010dem. Iz Velike Britanije pa poro\u010dajo, da so danes ostali zaprti nekateri centri za cepljenje proti covidu-19, poro\u010da francoska tiskovna agencija AFP.<\/p>\n","protected":false},"author":8,"featured_media":331347,"comment_status":"closed","ping_status":"closed","sticky":false,"template":"","format":"standard","meta":{"footnotes":""},"categories":[1179],"tags":[3628,1919,7507,1643,7531],"source":[4511],"supertag":[],"acf":[],"yoast_head":"<!-- This site is optimized with the Yoast SEO plugin v21.3 - https:\/\/yoast.com\/wordpress\/plugins\/seo\/ -->\n<title>Mo\u010dno sne\u017eenje in ledeni mraz povzro\u010data kaos v Nem\u010diji in Veliki Britaniji - Hudo Slovenija<\/title>\n<meta name=\"robots\" content=\"index, follow, max-snippet:-1, max-image-preview:large, max-video-preview:-1\" \/>\n<link rel=\"canonical\" href=\"https:\/\/hudo.com\/si\/aktualno\/mocno-snezenje-in-ledeni-mraz-povzrocata-kaos-v-nemciji-in-veliki-britaniji\/\" \/>\n<meta property=\"og:locale\" content=\"sl_SI\" \/>\n<meta property=\"og:type\" content=\"article\" \/>\n<meta property=\"og:title\" content=\"Mo\u010dno sne\u017eenje in ledeni mraz povzro\u010data kaos v Nem\u010diji in Veliki Britaniji - Hudo Slovenija\" \/>\n<meta property=\"og:description\" content=\"V Nem\u010diji je zaradi zimskih razmer na cesti obti\u010dalo ogromno voznikov, ki so morali tudi 16 ur zdr\u017eati pri temperaturah krepko pod ledi\u0161\u010dem. Iz Velike Britanije pa poro\u010dajo, da so danes ostali zaprti nekateri centri za cepljenje proti covidu-19, poro\u010da francoska tiskovna agencija AFP.\" \/>\n<meta property=\"og:url\" content=\"https:\/\/hudo.com\/si\/aktualno\/mocno-snezenje-in-ledeni-mraz-povzrocata-kaos-v-nemciji-in-veliki-britaniji\/\" \/>\n<meta property=\"og:site_name\" content=\"Hudo Slovenija\" \/>\n<meta property=\"article:publisher\" content=\"https:\/\/www.facebook.com\/hudo.si\" \/>\n<meta property=\"article:published_time\" content=\"2021-02-09T13:50:44+00:00\" \/>\n<meta property=\"og:image\" content=\"https:\/\/hudo.com\/si\/wp-content\/uploads\/sites\/2\/2017\/12\/profimedia-0357236711.jpg\" \/>\n\t<meta property=\"og:image:width\" content=\"1250\" \/>\n\t<meta property=\"og:image:height\" content=\"833\" \/>\n\t<meta property=\"og:image:type\" content=\"image\/jpeg\" \/>\n<meta name=\"author\" content=\"M. N., STA\" \/>\n<meta name=\"twitter:card\" content=\"summary_large_image\" \/>\n<meta name=\"twitter:creator\" content=\"@hudo_si\" \/>\n<meta name=\"twitter:site\" content=\"@hudo_si\" \/>\n<meta name=\"twitter:label1\" content=\"Written by\" \/>\n\t<meta name=\"twitter:data1\" content=\"M. N., STA\" \/>\n\t<meta name=\"twitter:label2\" content=\"Est. reading time\" \/>\n\t<meta name=\"twitter:data2\" content=\"1 minuta\" \/>\n<script type=\"application\/ld+json\" class=\"yoast-schema-graph\">{\"@context\":\"https:\/\/schema.org\",\"@graph\":[{\"@type\":\"Article\",\"@id\":\"https:\/\/hudo.com\/si\/aktualno\/mocno-snezenje-in-ledeni-mraz-povzrocata-kaos-v-nemciji-in-veliki-britaniji\/#article\",\"isPartOf\":{\"@id\":\"https:\/\/hudo.com\/si\/aktualno\/mocno-snezenje-in-ledeni-mraz-povzrocata-kaos-v-nemciji-in-veliki-britaniji\/\"},\"author\":{\"name\":\"M. N., STA\",\"@id\":\"https:\/\/hudo.com\/si\/#\/schema\/person\/c2f10ce65d2e6ede2aeda5be2a0611fa\"},\"headline\":\"Mo\u010dno sne\u017eenje in ledeni mraz povzro\u010data kaos v Nem\u010diji in Veliki Britaniji\",\"datePublished\":\"2021-02-09T13:50:44+00:00\",\"dateModified\":\"2021-02-09T13:50:44+00:00\",\"mainEntityOfPage\":{\"@id\":\"https:\/\/hudo.com\/si\/aktualno\/mocno-snezenje-in-ledeni-mraz-povzrocata-kaos-v-nemciji-in-veliki-britaniji\/\"},\"wordCount\":299,\"publisher\":{\"@id\":\"https:\/\/hudo.com\/si\/#organization\"},\"keywords\":[\"nem\u010dija\",\"sneg\",\"sne\u017eenje\",\"Velika Britanija\",\"vremenske razmere\"],\"articleSection\":[\"Aktualno\"],\"inLanguage\":\"sl-SI\"},{\"@type\":\"WebPage\",\"@id\":\"https:\/\/hudo.com\/si\/aktualno\/mocno-snezenje-in-ledeni-mraz-povzrocata-kaos-v-nemciji-in-veliki-britaniji\/\",\"url\":\"https:\/\/hudo.com\/si\/aktualno\/mocno-snezenje-in-ledeni-mraz-povzrocata-kaos-v-nemciji-in-veliki-britaniji\/\",\"name\":\"Mo\u010dno sne\u017eenje in ledeni mraz povzro\u010data kaos v Nem\u010diji in Veliki Britaniji - Hudo Slovenija\",\"isPartOf\":{\"@id\":\"https:\/\/hudo.com\/si\/#website\"},\"datePublished\":\"2021-02-09T13:50:44+00:00\",\"dateModified\":\"2021-02-09T13:50:44+00:00\",\"breadcrumb\":{\"@id\":\"https:\/\/hudo.com\/si\/aktualno\/mocno-snezenje-in-ledeni-mraz-povzrocata-kaos-v-nemciji-in-veliki-britaniji\/#breadcrumb\"},\"inLanguage\":\"sl-SI\",\"potentialAction\":[{\"@type\":\"ReadAction\",\"target\":[\"https:\/\/hudo.com\/si\/aktualno\/mocno-snezenje-in-ledeni-mraz-povzrocata-kaos-v-nemciji-in-veliki-britaniji\/\"]}]},{\"@type\":\"BreadcrumbList\",\"@id\":\"https:\/\/hudo.com\/si\/aktualno\/mocno-snezenje-in-ledeni-mraz-povzrocata-kaos-v-nemciji-in-veliki-britaniji\/#breadcrumb\",\"itemListElement\":[{\"@type\":\"ListItem\",\"position\":1,\"name\":\"Home\",\"item\":\"https:\/\/hudo.com\/si\/\"},{\"@type\":\"ListItem\",\"position\":2,\"name\":\"Mo\u010dno sne\u017eenje in ledeni mraz povzro\u010data kaos v Nem\u010diji in Veliki Britaniji\"}]},{\"@type\":\"WebSite\",\"@id\":\"https:\/\/hudo.com\/si\/#website\",\"url\":\"https:\/\/hudo.com\/si\/\",\"name\":\"Hudo Slovenija\",\"description\":\"Vse novice iz Slovenije in sveta\",\"publisher\":{\"@id\":\"https:\/\/hudo.com\/si\/#organization\"},\"potentialAction\":[{\"@type\":\"SearchAction\",\"target\":{\"@type\":\"EntryPoint\",\"urlTemplate\":\"https:\/\/hudo.com\/si\/?s={search_term_string}\"},\"query-input\":\"required name=search_term_string\"}],\"inLanguage\":\"sl-SI\"},{\"@type\":\"Organization\",\"@id\":\"https:\/\/hudo.com\/si\/#organization\",\"name\":\"VSN Media\",\"url\":\"https:\/\/hudo.com\/si\/\",\"logo\":{\"@type\":\"ImageObject\",\"inLanguage\":\"sl-SI\",\"@id\":\"https:\/\/hudo.com\/si\/#\/schema\/logo\/image\/\",\"url\":\"https:\/\/hudo.com\/si\/wp-content\/uploads\/sites\/2\/2021\/03\/hudo-app-2.png\",\"contentUrl\":\"https:\/\/hudo.com\/si\/wp-content\/uploads\/sites\/2\/2021\/03\/hudo-app-2.png\",\"width\":2185,\"height\":2167,\"caption\":\"VSN Media\"},\"image\":{\"@id\":\"https:\/\/hudo.com\/si\/#\/schema\/logo\/image\/\"},\"sameAs\":[\"https:\/\/www.facebook.com\/hudo.si\",\"https:\/\/twitter.com\/hudo_si\"]},{\"@type\":\"Person\",\"@id\":\"https:\/\/hudo.com\/si\/#\/schema\/person\/c2f10ce65d2e6ede2aeda5be2a0611fa\",\"name\":\"M. N., STA\",\"image\":{\"@type\":\"ImageObject\",\"inLanguage\":\"sl-SI\",\"@id\":\"https:\/\/hudo.com\/si\/#\/schema\/person\/image\/\",\"url\":\"https:\/\/secure.gravatar.com\/avatar\/f370d38daa10467f755c5c766a4cac20?s=96&d=mm&r=g\",\"contentUrl\":\"https:\/\/secure.gravatar.com\/avatar\/f370d38daa10467f755c5c766a4cac20?s=96&d=mm&r=g\",\"caption\":\"M. N., STA\"},\"url\":\"https:\/\/hudo.com\/si\/author\/mana\/\"}]}<\/script>\n<!-- \/ Yoast SEO plugin. -->","yoast_head_json":{"title":"Mo\u010dno sne\u017eenje in ledeni mraz povzro\u010data kaos v Nem\u010diji in Veliki Britaniji - Hudo Slovenija","robots":{"index":"index","follow":"follow","max-snippet":"max-snippet:-1","max-image-preview":"max-image-preview:large","max-video-preview":"max-video-preview:-1"},"canonical":"https:\/\/hudo.com\/si\/aktualno\/mocno-snezenje-in-ledeni-mraz-povzrocata-kaos-v-nemciji-in-veliki-britaniji\/","og_locale":"sl_SI","og_type":"article","og_title":"Mo\u010dno sne\u017eenje in ledeni mraz povzro\u010data kaos v Nem\u010diji in Veliki Britaniji - Hudo Slovenija","og_description":"V Nem\u010diji je zaradi zimskih razmer na cesti obti\u010dalo ogromno voznikov, ki so morali tudi 16 ur zdr\u017eati pri temperaturah krepko pod ledi\u0161\u010dem. Iz Velike Britanije pa poro\u010dajo, da so danes ostali zaprti nekateri centri za cepljenje proti covidu-19, poro\u010da francoska tiskovna agencija AFP.","og_url":"https:\/\/hudo.com\/si\/aktualno\/mocno-snezenje-in-ledeni-mraz-povzrocata-kaos-v-nemciji-in-veliki-britaniji\/","og_site_name":"Hudo Slovenija","article_publisher":"https:\/\/www.facebook.com\/hudo.si","article_published_time":"2021-02-09T13:50:44+00:00","og_image":[{"width":1250,"height":833,"url":"https:\/\/hudo.com\/si\/wp-content\/uploads\/sites\/2\/2017\/12\/profimedia-0357236711.jpg","type":"image\/jpeg"}],"author":"M. N., STA","twitter_card":"summary_large_image","twitter_creator":"@hudo_si","twitter_site":"@hudo_si","twitter_misc":{"Written by":"M. N., STA","Est. reading time":"1 minuta"},"schema":{"@context":"https:\/\/schema.org","@graph":[{"@type":"Article","@id":"https:\/\/hudo.com\/si\/aktualno\/mocno-snezenje-in-ledeni-mraz-povzrocata-kaos-v-nemciji-in-veliki-britaniji\/#article","isPartOf":{"@id":"https:\/\/hudo.com\/si\/aktualno\/mocno-snezenje-in-ledeni-mraz-povzrocata-kaos-v-nemciji-in-veliki-britaniji\/"},"author":{"name":"M. N., STA","@id":"https:\/\/hudo.com\/si\/#\/schema\/person\/c2f10ce65d2e6ede2aeda5be2a0611fa"},"headline":"Mo\u010dno sne\u017eenje in ledeni mraz povzro\u010data kaos v Nem\u010diji in Veliki Britaniji","datePublished":"2021-02-09T13:50:44+00:00","dateModified":"2021-02-09T13:50:44+00:00","mainEntityOfPage":{"@id":"https:\/\/hudo.com\/si\/aktualno\/mocno-snezenje-in-ledeni-mraz-povzrocata-kaos-v-nemciji-in-veliki-britaniji\/"},"wordCount":299,"publisher":{"@id":"https:\/\/hudo.com\/si\/#organization"},"keywords":["nem\u010dija","sneg","sne\u017eenje","Velika Britanija","vremenske razmere"],"articleSection":["Aktualno"],"inLanguage":"sl-SI"},{"@type":"WebPage","@id":"https:\/\/hudo.com\/si\/aktualno\/mocno-snezenje-in-ledeni-mraz-povzrocata-kaos-v-nemciji-in-veliki-britaniji\/","url":"https:\/\/hudo.com\/si\/aktualno\/mocno-snezenje-in-ledeni-mraz-povzrocata-kaos-v-nemciji-in-veliki-britaniji\/","name":"Mo\u010dno sne\u017eenje in ledeni mraz povzro\u010data kaos v Nem\u010diji in Veliki Britaniji - Hudo Slovenija","isPartOf":{"@id":"https:\/\/hudo.com\/si\/#website"},"datePublished":"2021-02-09T13:50:44+00:00","dateModified":"2021-02-09T13:50:44+00:00","breadcrumb":{"@id":"https:\/\/hudo.com\/si\/aktualno\/mocno-snezenje-in-ledeni-mraz-povzrocata-kaos-v-nemciji-in-veliki-britaniji\/#breadcrumb"},"inLanguage":"sl-SI","potentialAction":[{"@type":"ReadAction","target":["https:\/\/hudo.com\/si\/aktualno\/mocno-snezenje-in-ledeni-mraz-povzrocata-kaos-v-nemciji-in-veliki-britaniji\/"]}]},{"@type":"BreadcrumbList","@id":"https:\/\/hudo.com\/si\/aktualno\/mocno-snezenje-in-ledeni-mraz-povzrocata-kaos-v-nemciji-in-veliki-britaniji\/#breadcrumb","itemListElement":[{"@type":"ListItem","position":1,"name":"Home","item":"https:\/\/hudo.com\/si\/"},{"@type":"ListItem","position":2,"name":"Mo\u010dno sne\u017eenje in ledeni mraz povzro\u010data kaos v Nem\u010diji in Veliki Britaniji"}]},{"@type":"WebSite","@id":"https:\/\/hudo.com\/si\/#website","url":"https:\/\/hudo.com\/si\/","name":"Hudo Slovenija","description":"Vse novice iz Slovenije in sveta","publisher":{"@id":"https:\/\/hudo.com\/si\/#organization"},"potentialAction":[{"@type":"SearchAction","target":{"@type":"EntryPoint","urlTemplate":"https:\/\/hudo.com\/si\/?s={search_term_string}"},"query-input":"required name=search_term_string"}],"inLanguage":"sl-SI"},{"@type":"Organization","@id":"https:\/\/hudo.com\/si\/#organization","name":"VSN Media","url":"https:\/\/hudo.com\/si\/","logo":{"@type":"ImageObject","inLanguage":"sl-SI","@id":"https:\/\/hudo.com\/si\/#\/schema\/logo\/image\/","url":"https:\/\/hudo.com\/si\/wp-content\/uploads\/sites\/2\/2021\/03\/hudo-app-2.png","contentUrl":"https:\/\/hudo.com\/si\/wp-content\/uploads\/sites\/2\/2021\/03\/hudo-app-2.png","width":2185,"height":2167,"caption":"VSN Media"},"image":{"@id":"https:\/\/hudo.com\/si\/#\/schema\/logo\/image\/"},"sameAs":["https:\/\/www.facebook.com\/hudo.si","https:\/\/twitter.com\/hudo_si"]},{"@type":"Person","@id":"https:\/\/hudo.com\/si\/#\/schema\/person\/c2f10ce65d2e6ede2aeda5be2a0611fa","name":"M. N., STA","image":{"@type":"ImageObject","inLanguage":"sl-SI","@id":"https:\/\/hudo.com\/si\/#\/schema\/person\/image\/","url":"https:\/\/secure.gravatar.com\/avatar\/f370d38daa10467f755c5c766a4cac20?s=96&d=mm&r=g","contentUrl":"https:\/\/secure.gravatar.com\/avatar\/f370d38daa10467f755c5c766a4cac20?s=96&d=mm&r=g","caption":"M. N., STA"},"url":"https:\/\/hudo.com\/si\/author\/mana\/"}]}},"amp_enabled":true,"_links":{"self":[{"href":"https:\/\/hudo.com\/si\/wp-json\/wp\/v2\/posts\/444890"}],"collection":[{"href":"https:\/\/hudo.com\/si\/wp-json\/wp\/v2\/posts"}],"about":[{"href":"https:\/\/hudo.com\/si\/wp-json\/wp\/v2\/types\/post"}],"author":[{"embeddable":true,"href":"https:\/\/hudo.com\/si\/wp-json\/wp\/v2\/users\/8"}],"replies":[{"embeddable":true,"href":"https:\/\/hudo.com\/si\/wp-json\/wp\/v2\/comments?post=444890"}],"version-history":[{"count":1,"href":"https:\/\/hudo.com\/si\/wp-json\/wp\/v2\/posts\/444890\/revisions"}],"predecessor-version":[{"id":444892,"href":"https:\/\/hudo.com\/si\/wp-json\/wp\/v2\/posts\/444890\/revisions\/444892"}],"wp:featuredmedia":[{"embeddable":true,"href":"https:\/\/hudo.com\/si\/wp-json\/wp\/v2\/media\/331347"}],"wp:attachment":[{"href":"https:\/\/hudo.com\/si\/wp-json\/wp\/v2\/media?parent=444890"}],"wp:term":[{"taxonomy":"category","embeddable":true,"href":"https:\/\/hudo.com\/si\/wp-json\/wp\/v2\/categories?post=444890"},{"taxonomy":"post_tag","embeddable":true,"href":"https:\/\/hudo.com\/si\/wp-json\/wp\/v2\/tags?post=444890"},{"taxonomy":"source","embeddable":true,"href":"https:\/\/hudo.com\/si\/wp-json\/wp\/v2\/source?post=444890"},{"taxonomy":"supertag","embeddable":true,"href":"https:\/\/hudo.com\/si\/wp-json\/wp\/v2\/supertag?post=444890"}],"curies":[{"name":"wp","href":"https:\/\/api.w.org\/{rel}","templated":true}]}}