{"id":444893,"date":"2021-02-09T15:21:21","date_gmt":"2021-02-09T14:21:21","guid":{"rendered":"https:\/\/hudo.com\/si\/?p=444893"},"modified":"2021-02-09T15:21:21","modified_gmt":"2021-02-09T14:21:21","slug":"orban-poskusa-ukiniti-se-enega-zadnjih-neodvisnih-medijev-na-madzarskem","status":"publish","type":"post","link":"https:\/\/hudo.com\/si\/aktualno\/orban-poskusa-ukiniti-se-enega-zadnjih-neodvisnih-medijev-na-madzarskem\/","title":{"rendered":"Orban posku\u0161a ukiniti \u0161e enega zadnjih neodvisnih medijev na Mad\u017earskem"},"content":{"rendered":"<p>&#8220;Odlo\u010ditev, \u010deprav pri\u010dakovana, je sramotna in strahopetna. Prito\u017eili se bomo na vrhovno sodi\u0161\u010de,&#8221; je sporo\u010dil direktor radia Andras Arato.<\/p>\n<h2>Kazen za kriti\u010dno poro\u010danje pod krinko birokracije<\/h2>\n<p>Napovedal je, da bo radio, ki je pogosto kriti\u010den do mad\u017earske vlade, od ponedeljka oddajal preko spleta.<\/p>\n<p>Mad\u017earski medijski regulator NMHH je septembra lani sporo\u010dil, da je Klubradio, ki je sli\u0161en predvsem v Budimpe\u0161ti, ve\u010dkrat kr\u0161il pravila, ker je zamujal z oddajo dokumentov.<\/p>\n<p>Regulator je zato postaji zavrnil podalj\u0161anje sedemletnega dovoljenja za oddajanje, ki se izte\u010de 14. februarja.<\/p>\n<p>Radio se je prito\u017eil na sodi\u0161\u010de in zahteval odobritev za\u010dasnega dovoljenja, vendar je bila prito\u017eba zavrnjena.<\/p>\n<p>Klubradio ter \u0161e dve postaji so sicer na javnem razpisu NMHH vlo\u017eili pro\u0161njo za uporabo iste frekvence, vendar odlo\u010ditve ni pri\u010dakovati \u0161e ve\u010d mesecev, poro\u010da francoska tiskovna agencija AFP.<\/p>\n<p>Odlo\u010ditev glede Klubradia je znova opozorila na politi\u010dne pritiske desni\u010darske vlade pod vodstvom Viktorja Orbana na neodvisne medije na Mad\u017earskem.<\/p>\n","protected":false},"excerpt":{"rendered":"<p>Vodilna neodvisna radijska postaja na Mad\u017earskem Klubradio je danes sporo\u010dila, je izgubila prito\u017ebo na odvzem dovoljenja za oddajanje. Dr\u017eavni medijski regulator ji je namre\u010d odvzel dovoljenje, ker da je kr\u0161ila pravila.<\/p>\n","protected":false},"author":7,"featured_media":438331,"comment_status":"closed","ping_status":"closed","sticky":false,"template":"","format":"standard","meta":{"footnotes":""},"categories":[1179],"tags":[2534,17076,6130],"source":[4511],"supertag":[],"acf":[],"yoast_head":"<!-- This site is optimized with the Yoast SEO plugin v21.3 - https:\/\/yoast.com\/wordpress\/plugins\/seo\/ -->\n<title>Orban posku\u0161a ukiniti \u0161e enega zadnjih neodvisnih medijev na Mad\u017earskem - Hudo Slovenija<\/title>\n<meta name=\"robots\" content=\"index, follow, max-snippet:-1, max-image-preview:large, max-video-preview:-1\" \/>\n<link rel=\"canonical\" href=\"https:\/\/hudo.com\/si\/aktualno\/orban-poskusa-ukiniti-se-enega-zadnjih-neodvisnih-medijev-na-madzarskem\/\" \/>\n<meta property=\"og:locale\" content=\"sl_SI\" \/>\n<meta property=\"og:type\" content=\"article\" \/>\n<meta property=\"og:title\" content=\"Orban posku\u0161a ukiniti \u0161e enega zadnjih neodvisnih medijev na Mad\u017earskem - Hudo Slovenija\" \/>\n<meta property=\"og:description\" content=\"Vodilna neodvisna radijska postaja na Mad\u017earskem Klubradio je danes sporo\u010dila, je izgubila prito\u017ebo na odvzem dovoljenja za oddajanje. Dr\u017eavni medijski regulator ji je namre\u010d odvzel dovoljenje, ker da je kr\u0161ila pravila.\" \/>\n<meta property=\"og:url\" content=\"https:\/\/hudo.com\/si\/aktualno\/orban-poskusa-ukiniti-se-enega-zadnjih-neodvisnih-medijev-na-madzarskem\/\" \/>\n<meta property=\"og:site_name\" content=\"Hudo Slovenija\" \/>\n<meta property=\"article:publisher\" content=\"https:\/\/www.facebook.com\/hudo.si\" \/>\n<meta property=\"article:published_time\" content=\"2021-02-09T14:21:21+00:00\" \/>\n<meta property=\"og:image\" content=\"https:\/\/hudo.com\/si\/wp-content\/uploads\/sites\/2\/2020\/11\/profimedia-0562580105.jpg\" \/>\n\t<meta property=\"og:image:width\" content=\"1250\" \/>\n\t<meta property=\"og:image:height\" content=\"877\" \/>\n\t<meta property=\"og:image:type\" content=\"image\/jpeg\" \/>\n<meta name=\"author\" content=\"A. P., STA\" \/>\n<meta name=\"twitter:card\" content=\"summary_large_image\" \/>\n<meta name=\"twitter:creator\" content=\"@hudo_si\" \/>\n<meta name=\"twitter:site\" content=\"@hudo_si\" \/>\n<meta name=\"twitter:label1\" content=\"Written by\" \/>\n\t<meta name=\"twitter:data1\" content=\"A. P., STA\" \/>\n\t<meta name=\"twitter:label2\" content=\"Est. reading time\" \/>\n\t<meta name=\"twitter:data2\" content=\"1 minuta\" \/>\n<script type=\"application\/ld+json\" class=\"yoast-schema-graph\">{\"@context\":\"https:\/\/schema.org\",\"@graph\":[{\"@type\":\"Article\",\"@id\":\"https:\/\/hudo.com\/si\/aktualno\/orban-poskusa-ukiniti-se-enega-zadnjih-neodvisnih-medijev-na-madzarskem\/#article\",\"isPartOf\":{\"@id\":\"https:\/\/hudo.com\/si\/aktualno\/orban-poskusa-ukiniti-se-enega-zadnjih-neodvisnih-medijev-na-madzarskem\/\"},\"author\":{\"name\":\"A. P., STA\",\"@id\":\"https:\/\/hudo.com\/si\/#\/schema\/person\/18f09c02475ba9e606e941a565b80cff\"},\"headline\":\"Orban posku\u0161a ukiniti \u0161e enega zadnjih neodvisnih medijev na Mad\u017earskem\",\"datePublished\":\"2021-02-09T14:21:21+00:00\",\"dateModified\":\"2021-02-09T14:21:21+00:00\",\"mainEntityOfPage\":{\"@id\":\"https:\/\/hudo.com\/si\/aktualno\/orban-poskusa-ukiniti-se-enega-zadnjih-neodvisnih-medijev-na-madzarskem\/\"},\"wordCount\":190,\"publisher\":{\"@id\":\"https:\/\/hudo.com\/si\/#organization\"},\"keywords\":[\"Mad\u017earska\",\"svoboda medijev\",\"viktor orban\"],\"articleSection\":[\"Aktualno\"],\"inLanguage\":\"sl-SI\"},{\"@type\":\"WebPage\",\"@id\":\"https:\/\/hudo.com\/si\/aktualno\/orban-poskusa-ukiniti-se-enega-zadnjih-neodvisnih-medijev-na-madzarskem\/\",\"url\":\"https:\/\/hudo.com\/si\/aktualno\/orban-poskusa-ukiniti-se-enega-zadnjih-neodvisnih-medijev-na-madzarskem\/\",\"name\":\"Orban posku\u0161a ukiniti \u0161e enega zadnjih neodvisnih medijev na Mad\u017earskem - Hudo Slovenija\",\"isPartOf\":{\"@id\":\"https:\/\/hudo.com\/si\/#website\"},\"datePublished\":\"2021-02-09T14:21:21+00:00\",\"dateModified\":\"2021-02-09T14:21:21+00:00\",\"breadcrumb\":{\"@id\":\"https:\/\/hudo.com\/si\/aktualno\/orban-poskusa-ukiniti-se-enega-zadnjih-neodvisnih-medijev-na-madzarskem\/#breadcrumb\"},\"inLanguage\":\"sl-SI\",\"potentialAction\":[{\"@type\":\"ReadAction\",\"target\":[\"https:\/\/hudo.com\/si\/aktualno\/orban-poskusa-ukiniti-se-enega-zadnjih-neodvisnih-medijev-na-madzarskem\/\"]}]},{\"@type\":\"BreadcrumbList\",\"@id\":\"https:\/\/hudo.com\/si\/aktualno\/orban-poskusa-ukiniti-se-enega-zadnjih-neodvisnih-medijev-na-madzarskem\/#breadcrumb\",\"itemListElement\":[{\"@type\":\"ListItem\",\"position\":1,\"name\":\"Home\",\"item\":\"https:\/\/hudo.com\/si\/\"},{\"@type\":\"ListItem\",\"position\":2,\"name\":\"Orban posku\u0161a ukiniti \u0161e enega zadnjih neodvisnih medijev na Mad\u017earskem\"}]},{\"@type\":\"WebSite\",\"@id\":\"https:\/\/hudo.com\/si\/#website\",\"url\":\"https:\/\/hudo.com\/si\/\",\"name\":\"Hudo Slovenija\",\"description\":\"Vse novice iz Slovenije in sveta\",\"publisher\":{\"@id\":\"https:\/\/hudo.com\/si\/#organization\"},\"potentialAction\":[{\"@type\":\"SearchAction\",\"target\":{\"@type\":\"EntryPoint\",\"urlTemplate\":\"https:\/\/hudo.com\/si\/?s={search_term_string}\"},\"query-input\":\"required name=search_term_string\"}],\"inLanguage\":\"sl-SI\"},{\"@type\":\"Organization\",\"@id\":\"https:\/\/hudo.com\/si\/#organization\",\"name\":\"VSN Media\",\"url\":\"https:\/\/hudo.com\/si\/\",\"logo\":{\"@type\":\"ImageObject\",\"inLanguage\":\"sl-SI\",\"@id\":\"https:\/\/hudo.com\/si\/#\/schema\/logo\/image\/\",\"url\":\"https:\/\/hudo.com\/si\/wp-content\/uploads\/sites\/2\/2021\/03\/hudo-app-2.png\",\"contentUrl\":\"https:\/\/hudo.com\/si\/wp-content\/uploads\/sites\/2\/2021\/03\/hudo-app-2.png\",\"width\":2185,\"height\":2167,\"caption\":\"VSN Media\"},\"image\":{\"@id\":\"https:\/\/hudo.com\/si\/#\/schema\/logo\/image\/\"},\"sameAs\":[\"https:\/\/www.facebook.com\/hudo.si\",\"https:\/\/twitter.com\/hudo_si\"]},{\"@type\":\"Person\",\"@id\":\"https:\/\/hudo.com\/si\/#\/schema\/person\/18f09c02475ba9e606e941a565b80cff\",\"name\":\"A. P., STA\",\"image\":{\"@type\":\"ImageObject\",\"inLanguage\":\"sl-SI\",\"@id\":\"https:\/\/hudo.com\/si\/#\/schema\/person\/image\/\",\"url\":\"https:\/\/secure.gravatar.com\/avatar\/03eac8e609f5f04383125d80eaeaaf3e?s=96&d=mm&r=g\",\"contentUrl\":\"https:\/\/secure.gravatar.com\/avatar\/03eac8e609f5f04383125d80eaeaaf3e?s=96&d=mm&r=g\",\"caption\":\"A. P., STA\"},\"url\":\"https:\/\/hudo.com\/si\/author\/lubu\/\"}]}<\/script>\n<!-- \/ Yoast SEO plugin. -->","yoast_head_json":{"title":"Orban posku\u0161a ukiniti \u0161e enega zadnjih neodvisnih medijev na Mad\u017earskem - Hudo Slovenija","robots":{"index":"index","follow":"follow","max-snippet":"max-snippet:-1","max-image-preview":"max-image-preview:large","max-video-preview":"max-video-preview:-1"},"canonical":"https:\/\/hudo.com\/si\/aktualno\/orban-poskusa-ukiniti-se-enega-zadnjih-neodvisnih-medijev-na-madzarskem\/","og_locale":"sl_SI","og_type":"article","og_title":"Orban posku\u0161a ukiniti \u0161e enega zadnjih neodvisnih medijev na Mad\u017earskem - Hudo Slovenija","og_description":"Vodilna neodvisna radijska postaja na Mad\u017earskem Klubradio je danes sporo\u010dila, je izgubila prito\u017ebo na odvzem dovoljenja za oddajanje. Dr\u017eavni medijski regulator ji je namre\u010d odvzel dovoljenje, ker da je kr\u0161ila pravila.","og_url":"https:\/\/hudo.com\/si\/aktualno\/orban-poskusa-ukiniti-se-enega-zadnjih-neodvisnih-medijev-na-madzarskem\/","og_site_name":"Hudo Slovenija","article_publisher":"https:\/\/www.facebook.com\/hudo.si","article_published_time":"2021-02-09T14:21:21+00:00","og_image":[{"width":1250,"height":877,"url":"https:\/\/hudo.com\/si\/wp-content\/uploads\/sites\/2\/2020\/11\/profimedia-0562580105.jpg","type":"image\/jpeg"}],"author":"A. P., STA","twitter_card":"summary_large_image","twitter_creator":"@hudo_si","twitter_site":"@hudo_si","twitter_misc":{"Written by":"A. P., STA","Est. reading time":"1 minuta"},"schema":{"@context":"https:\/\/schema.org","@graph":[{"@type":"Article","@id":"https:\/\/hudo.com\/si\/aktualno\/orban-poskusa-ukiniti-se-enega-zadnjih-neodvisnih-medijev-na-madzarskem\/#article","isPartOf":{"@id":"https:\/\/hudo.com\/si\/aktualno\/orban-poskusa-ukiniti-se-enega-zadnjih-neodvisnih-medijev-na-madzarskem\/"},"author":{"name":"A. P., STA","@id":"https:\/\/hudo.com\/si\/#\/schema\/person\/18f09c02475ba9e606e941a565b80cff"},"headline":"Orban posku\u0161a ukiniti \u0161e enega zadnjih neodvisnih medijev na Mad\u017earskem","datePublished":"2021-02-09T14:21:21+00:00","dateModified":"2021-02-09T14:21:21+00:00","mainEntityOfPage":{"@id":"https:\/\/hudo.com\/si\/aktualno\/orban-poskusa-ukiniti-se-enega-zadnjih-neodvisnih-medijev-na-madzarskem\/"},"wordCount":190,"publisher":{"@id":"https:\/\/hudo.com\/si\/#organization"},"keywords":["Mad\u017earska","svoboda medijev","viktor orban"],"articleSection":["Aktualno"],"inLanguage":"sl-SI"},{"@type":"WebPage","@id":"https:\/\/hudo.com\/si\/aktualno\/orban-poskusa-ukiniti-se-enega-zadnjih-neodvisnih-medijev-na-madzarskem\/","url":"https:\/\/hudo.com\/si\/aktualno\/orban-poskusa-ukiniti-se-enega-zadnjih-neodvisnih-medijev-na-madzarskem\/","name":"Orban posku\u0161a ukiniti \u0161e enega zadnjih neodvisnih medijev na Mad\u017earskem - Hudo Slovenija","isPartOf":{"@id":"https:\/\/hudo.com\/si\/#website"},"datePublished":"2021-02-09T14:21:21+00:00","dateModified":"2021-02-09T14:21:21+00:00","breadcrumb":{"@id":"https:\/\/hudo.com\/si\/aktualno\/orban-poskusa-ukiniti-se-enega-zadnjih-neodvisnih-medijev-na-madzarskem\/#breadcrumb"},"inLanguage":"sl-SI","potentialAction":[{"@type":"ReadAction","target":["https:\/\/hudo.com\/si\/aktualno\/orban-poskusa-ukiniti-se-enega-zadnjih-neodvisnih-medijev-na-madzarskem\/"]}]},{"@type":"BreadcrumbList","@id":"https:\/\/hudo.com\/si\/aktualno\/orban-poskusa-ukiniti-se-enega-zadnjih-neodvisnih-medijev-na-madzarskem\/#breadcrumb","itemListElement":[{"@type":"ListItem","position":1,"name":"Home","item":"https:\/\/hudo.com\/si\/"},{"@type":"ListItem","position":2,"name":"Orban posku\u0161a ukiniti \u0161e enega zadnjih neodvisnih medijev na Mad\u017earskem"}]},{"@type":"WebSite","@id":"https:\/\/hudo.com\/si\/#website","url":"https:\/\/hudo.com\/si\/","name":"Hudo Slovenija","description":"Vse novice iz Slovenije in sveta","publisher":{"@id":"https:\/\/hudo.com\/si\/#organization"},"potentialAction":[{"@type":"SearchAction","target":{"@type":"EntryPoint","urlTemplate":"https:\/\/hudo.com\/si\/?s={search_term_string}"},"query-input":"required name=search_term_string"}],"inLanguage":"sl-SI"},{"@type":"Organization","@id":"https:\/\/hudo.com\/si\/#organization","name":"VSN Media","url":"https:\/\/hudo.com\/si\/","logo":{"@type":"ImageObject","inLanguage":"sl-SI","@id":"https:\/\/hudo.com\/si\/#\/schema\/logo\/image\/","url":"https:\/\/hudo.com\/si\/wp-content\/uploads\/sites\/2\/2021\/03\/hudo-app-2.png","contentUrl":"https:\/\/hudo.com\/si\/wp-content\/uploads\/sites\/2\/2021\/03\/hudo-app-2.png","width":2185,"height":2167,"caption":"VSN Media"},"image":{"@id":"https:\/\/hudo.com\/si\/#\/schema\/logo\/image\/"},"sameAs":["https:\/\/www.facebook.com\/hudo.si","https:\/\/twitter.com\/hudo_si"]},{"@type":"Person","@id":"https:\/\/hudo.com\/si\/#\/schema\/person\/18f09c02475ba9e606e941a565b80cff","name":"A. P., STA","image":{"@type":"ImageObject","inLanguage":"sl-SI","@id":"https:\/\/hudo.com\/si\/#\/schema\/person\/image\/","url":"https:\/\/secure.gravatar.com\/avatar\/03eac8e609f5f04383125d80eaeaaf3e?s=96&d=mm&r=g","contentUrl":"https:\/\/secure.gravatar.com\/avatar\/03eac8e609f5f04383125d80eaeaaf3e?s=96&d=mm&r=g","caption":"A. P., STA"},"url":"https:\/\/hudo.com\/si\/author\/lubu\/"}]}},"amp_enabled":true,"_links":{"self":[{"href":"https:\/\/hudo.com\/si\/wp-json\/wp\/v2\/posts\/444893"}],"collection":[{"href":"https:\/\/hudo.com\/si\/wp-json\/wp\/v2\/posts"}],"about":[{"href":"https:\/\/hudo.com\/si\/wp-json\/wp\/v2\/types\/post"}],"author":[{"embeddable":true,"href":"https:\/\/hudo.com\/si\/wp-json\/wp\/v2\/users\/7"}],"replies":[{"embeddable":true,"href":"https:\/\/hudo.com\/si\/wp-json\/wp\/v2\/comments?post=444893"}],"version-history":[{"count":1,"href":"https:\/\/hudo.com\/si\/wp-json\/wp\/v2\/posts\/444893\/revisions"}],"predecessor-version":[{"id":444894,"href":"https:\/\/hudo.com\/si\/wp-json\/wp\/v2\/posts\/444893\/revisions\/444894"}],"wp:featuredmedia":[{"embeddable":true,"href":"https:\/\/hudo.com\/si\/wp-json\/wp\/v2\/media\/438331"}],"wp:attachment":[{"href":"https:\/\/hudo.com\/si\/wp-json\/wp\/v2\/media?parent=444893"}],"wp:term":[{"taxonomy":"category","embeddable":true,"href":"https:\/\/hudo.com\/si\/wp-json\/wp\/v2\/categories?post=444893"},{"taxonomy":"post_tag","embeddable":true,"href":"https:\/\/hudo.com\/si\/wp-json\/wp\/v2\/tags?post=444893"},{"taxonomy":"source","embeddable":true,"href":"https:\/\/hudo.com\/si\/wp-json\/wp\/v2\/source?post=444893"},{"taxonomy":"supertag","embeddable":true,"href":"https:\/\/hudo.com\/si\/wp-json\/wp\/v2\/supertag?post=444893"}],"curies":[{"name":"wp","href":"https:\/\/api.w.org\/{rel}","templated":true}]}}