{"id":44507,"date":"2016-05-03T13:00:00","date_gmt":"2016-05-03T11:00:00","guid":{"rendered":"http:\/\/hudo.com\/si\/2016\/05\/03\/oblak-se-bo-moral-se-izkazati\/"},"modified":"2016-05-04T09:37:21","modified_gmt":"2016-05-04T07:37:21","slug":"oblak-se-bo-moral-se-izkazati","status":"publish","type":"post","link":"https:\/\/hudo.com\/si\/aktualno\/oblak-se-bo-moral-se-izkazati\/","title":{"rendered":"Oblak se bo moral \u0161e izkazati"},"content":{"rendered":"<p>Kategorija: Nogomet Tue, 03 May 2016 15:00:00 +0200  Madrid \u2013 Nekdanji dolgoletni vratar Ajaxa in nizozemske reprezentance Edwin van der Sar bo julija spet stopil med vratnici na \u0161tadionu Santiago Bernabeu, kjer je neko\u010d zaustavljal strele najve\u010djih Realovih zvezdnikov. To pot na dobrodelni tekmi med legendami Ajaxa in Reala. Sicer si je pred povratno polfinala lige prvakov med Madrid\u010dani in Manchester Cityjem ogledal trening vratarjev kraljevskega kluba ter si vzel nekaj minut za Delo. Kdo je ta \u010das najbolj\u0161i vratar v \u0160paniji? Te\u017eko bi rekel. V \u0161panski ligi je nekaj izjemnih vratarjev in te\u017eko bi izpostavil le enega. Atleticov vratar Jan Oblak je doslej prejel najmanj golov in bo na koncu sezone za to br\u017ekone prejel tudi nagrado. Pri klubu je od prej\u0161nje sezone, mlad je in ima \u0161e veliko \u010dasa, da se izka\u017ee. To sezono je doslej\u00a0&#8230;<\/p>\n","protected":false},"excerpt":{"rendered":"<p>Kategorija: Nogomet Tue, 03 May 2016 15:00:00 +0200  Madrid \u2013 Nekdanji dolgoletni vratar Ajaxa in nizozemske reprezentance Edwin van der Sar bo julija spet stopil med vratnici na \u0161tadionu Santiago Bernabeu, kjer je neko\u010d zaustavljal strele najve\u010djih Realovih zvezdnikov. To pot na dobrodelni tekmi med legendami Ajaxa in Reala. Sicer si je pred povratno polfinala lige prvakov med Madrid\u010dani in Manchester Cityjem ogledal trening vratarjev kraljevskega kluba ter si vzel nekaj minut za Delo. Kdo je ta \u010das najbolj\u0161i vratar v \u0160paniji? Te\u017eko bi rekel. V \u0161panski ligi je nekaj izjemnih vratarjev in te\u017eko bi izpostavil le enega. Atleticov vratar Jan Oblak je doslej prejel najmanj golov in bo na koncu sezone za to br\u017ekone prejel tudi nagrado. Pri klubu je od prej\u0161nje sezone, mlad je in ima \u0161e veliko \u010dasa, da se izka\u017ee. To sezono je doslej\u00a0&#8230;<\/p>\n","protected":false},"author":1,"featured_media":0,"comment_status":"closed","ping_status":"closed","sticky":false,"template":"","format":"standard","meta":{"footnotes":""},"categories":[1179],"tags":[],"source":[4511],"supertag":[],"acf":[],"yoast_head":"<!-- This site is optimized with the Yoast SEO plugin v21.3 - https:\/\/yoast.com\/wordpress\/plugins\/seo\/ -->\n<title>Oblak se bo moral \u0161e izkazati - Hudo Slovenija<\/title>\n<meta name=\"robots\" content=\"index, follow, max-snippet:-1, max-image-preview:large, max-video-preview:-1\" \/>\n<link rel=\"canonical\" href=\"https:\/\/hudo.com\/si\/aktualno\/oblak-se-bo-moral-se-izkazati\/\" \/>\n<meta property=\"og:locale\" content=\"sl_SI\" \/>\n<meta property=\"og:type\" content=\"article\" \/>\n<meta property=\"og:title\" content=\"Oblak se bo moral \u0161e izkazati - Hudo Slovenija\" \/>\n<meta property=\"og:description\" content=\"Kategorija: Nogomet Tue, 03 May 2016 15:00:00 +0200 Madrid \u2013 Nekdanji dolgoletni vratar Ajaxa in nizozemske reprezentance Edwin van der Sar bo julija spet stopil med vratnici na \u0161tadionu Santiago Bernabeu, kjer je neko\u010d zaustavljal strele najve\u010djih Realovih zvezdnikov. To pot na dobrodelni tekmi med legendami Ajaxa in Reala. Sicer si je pred povratno polfinala lige prvakov med Madrid\u010dani in Manchester Cityjem ogledal trening vratarjev kraljevskega kluba ter si vzel nekaj minut za Delo. Kdo je ta \u010das najbolj\u0161i vratar v \u0160paniji? Te\u017eko bi rekel. V \u0161panski ligi je nekaj izjemnih vratarjev in te\u017eko bi izpostavil le enega. Atleticov vratar Jan Oblak je doslej prejel najmanj golov in bo na koncu sezone za to br\u017ekone prejel tudi nagrado. Pri klubu je od prej\u0161nje sezone, mlad je in ima \u0161e veliko \u010dasa, da se izka\u017ee. To sezono je doslej\u00a0...\" \/>\n<meta property=\"og:url\" content=\"https:\/\/hudo.com\/si\/aktualno\/oblak-se-bo-moral-se-izkazati\/\" \/>\n<meta property=\"og:site_name\" content=\"Hudo Slovenija\" \/>\n<meta property=\"article:publisher\" content=\"https:\/\/www.facebook.com\/hudo.si\" \/>\n<meta property=\"article:published_time\" content=\"2016-05-03T11:00:00+00:00\" \/>\n<meta property=\"article:modified_time\" content=\"2016-05-04T07:37:21+00:00\" \/>\n<meta property=\"og:image\" content=\"https:\/\/hudo.com\/si\/wp-content\/uploads\/sites\/2\/2016\/05\/480x290_Sport__RTR2XWJB_hires.jpeg0_.jpeg\" \/>\n\t<meta property=\"og:image:width\" content=\"480\" \/>\n\t<meta property=\"og:image:height\" content=\"290\" \/>\n\t<meta property=\"og:image:type\" content=\"image\/jpeg\" \/>\n<meta name=\"author\" content=\"hudo\" \/>\n<meta name=\"twitter:card\" content=\"summary_large_image\" \/>\n<meta name=\"twitter:creator\" content=\"@hudo_si\" \/>\n<meta name=\"twitter:site\" content=\"@hudo_si\" \/>\n<meta name=\"twitter:label1\" content=\"Written by\" \/>\n\t<meta name=\"twitter:data1\" content=\"hudo\" \/>\n\t<meta name=\"twitter:label2\" content=\"Est. reading time\" \/>\n\t<meta name=\"twitter:data2\" content=\"1 minuta\" \/>\n<script type=\"application\/ld+json\" class=\"yoast-schema-graph\">{\"@context\":\"https:\/\/schema.org\",\"@graph\":[{\"@type\":\"Article\",\"@id\":\"https:\/\/hudo.com\/si\/aktualno\/oblak-se-bo-moral-se-izkazati\/#article\",\"isPartOf\":{\"@id\":\"https:\/\/hudo.com\/si\/aktualno\/oblak-se-bo-moral-se-izkazati\/\"},\"author\":{\"name\":\"hudo\",\"@id\":\"https:\/\/hudo.com\/si\/#\/schema\/person\/601cf3379633985b20f7e50f2bb47707\"},\"headline\":\"Oblak se bo moral \u0161e izkazati\",\"datePublished\":\"2016-05-03T11:00:00+00:00\",\"dateModified\":\"2016-05-04T07:37:21+00:00\",\"mainEntityOfPage\":{\"@id\":\"https:\/\/hudo.com\/si\/aktualno\/oblak-se-bo-moral-se-izkazati\/\"},\"wordCount\":147,\"publisher\":{\"@id\":\"https:\/\/hudo.com\/si\/#organization\"},\"articleSection\":[\"Aktualno\"],\"inLanguage\":\"sl-SI\"},{\"@type\":\"WebPage\",\"@id\":\"https:\/\/hudo.com\/si\/aktualno\/oblak-se-bo-moral-se-izkazati\/\",\"url\":\"https:\/\/hudo.com\/si\/aktualno\/oblak-se-bo-moral-se-izkazati\/\",\"name\":\"Oblak se bo moral \u0161e izkazati - Hudo Slovenija\",\"isPartOf\":{\"@id\":\"https:\/\/hudo.com\/si\/#website\"},\"datePublished\":\"2016-05-03T11:00:00+00:00\",\"dateModified\":\"2016-05-04T07:37:21+00:00\",\"breadcrumb\":{\"@id\":\"https:\/\/hudo.com\/si\/aktualno\/oblak-se-bo-moral-se-izkazati\/#breadcrumb\"},\"inLanguage\":\"sl-SI\",\"potentialAction\":[{\"@type\":\"ReadAction\",\"target\":[\"https:\/\/hudo.com\/si\/aktualno\/oblak-se-bo-moral-se-izkazati\/\"]}]},{\"@type\":\"BreadcrumbList\",\"@id\":\"https:\/\/hudo.com\/si\/aktualno\/oblak-se-bo-moral-se-izkazati\/#breadcrumb\",\"itemListElement\":[{\"@type\":\"ListItem\",\"position\":1,\"name\":\"Home\",\"item\":\"https:\/\/hudo.com\/si\/\"},{\"@type\":\"ListItem\",\"position\":2,\"name\":\"Oblak se bo moral \u0161e izkazati\"}]},{\"@type\":\"WebSite\",\"@id\":\"https:\/\/hudo.com\/si\/#website\",\"url\":\"https:\/\/hudo.com\/si\/\",\"name\":\"Hudo Slovenija\",\"description\":\"Vse novice iz Slovenije in sveta\",\"publisher\":{\"@id\":\"https:\/\/hudo.com\/si\/#organization\"},\"potentialAction\":[{\"@type\":\"SearchAction\",\"target\":{\"@type\":\"EntryPoint\",\"urlTemplate\":\"https:\/\/hudo.com\/si\/?s={search_term_string}\"},\"query-input\":\"required name=search_term_string\"}],\"inLanguage\":\"sl-SI\"},{\"@type\":\"Organization\",\"@id\":\"https:\/\/hudo.com\/si\/#organization\",\"name\":\"VSN Media\",\"url\":\"https:\/\/hudo.com\/si\/\",\"logo\":{\"@type\":\"ImageObject\",\"inLanguage\":\"sl-SI\",\"@id\":\"https:\/\/hudo.com\/si\/#\/schema\/logo\/image\/\",\"url\":\"https:\/\/hudo.com\/si\/wp-content\/uploads\/sites\/2\/2021\/03\/hudo-app-2.png\",\"contentUrl\":\"https:\/\/hudo.com\/si\/wp-content\/uploads\/sites\/2\/2021\/03\/hudo-app-2.png\",\"width\":2185,\"height\":2167,\"caption\":\"VSN Media\"},\"image\":{\"@id\":\"https:\/\/hudo.com\/si\/#\/schema\/logo\/image\/\"},\"sameAs\":[\"https:\/\/www.facebook.com\/hudo.si\",\"https:\/\/twitter.com\/hudo_si\"]},{\"@type\":\"Person\",\"@id\":\"https:\/\/hudo.com\/si\/#\/schema\/person\/601cf3379633985b20f7e50f2bb47707\",\"name\":\"hudo\",\"image\":{\"@type\":\"ImageObject\",\"inLanguage\":\"sl-SI\",\"@id\":\"https:\/\/hudo.com\/si\/#\/schema\/person\/image\/\",\"url\":\"https:\/\/secure.gravatar.com\/avatar\/c4ca25fa72cace7a696b52ff5db9e095?s=96&d=mm&r=g\",\"contentUrl\":\"https:\/\/secure.gravatar.com\/avatar\/c4ca25fa72cace7a696b52ff5db9e095?s=96&d=mm&r=g\",\"caption\":\"hudo\"},\"url\":\"https:\/\/hudo.com\/si\/author\/hudo\/\"}]}<\/script>\n<!-- \/ Yoast SEO plugin. -->","yoast_head_json":{"title":"Oblak se bo moral \u0161e izkazati - Hudo Slovenija","robots":{"index":"index","follow":"follow","max-snippet":"max-snippet:-1","max-image-preview":"max-image-preview:large","max-video-preview":"max-video-preview:-1"},"canonical":"https:\/\/hudo.com\/si\/aktualno\/oblak-se-bo-moral-se-izkazati\/","og_locale":"sl_SI","og_type":"article","og_title":"Oblak se bo moral \u0161e izkazati - Hudo Slovenija","og_description":"Kategorija: Nogomet Tue, 03 May 2016 15:00:00 +0200 Madrid \u2013 Nekdanji dolgoletni vratar Ajaxa in nizozemske reprezentance Edwin van der Sar bo julija spet stopil med vratnici na \u0161tadionu Santiago Bernabeu, kjer je neko\u010d zaustavljal strele najve\u010djih Realovih zvezdnikov. To pot na dobrodelni tekmi med legendami Ajaxa in Reala. Sicer si je pred povratno polfinala lige prvakov med Madrid\u010dani in Manchester Cityjem ogledal trening vratarjev kraljevskega kluba ter si vzel nekaj minut za Delo. Kdo je ta \u010das najbolj\u0161i vratar v \u0160paniji? Te\u017eko bi rekel. V \u0161panski ligi je nekaj izjemnih vratarjev in te\u017eko bi izpostavil le enega. Atleticov vratar Jan Oblak je doslej prejel najmanj golov in bo na koncu sezone za to br\u017ekone prejel tudi nagrado. Pri klubu je od prej\u0161nje sezone, mlad je in ima \u0161e veliko \u010dasa, da se izka\u017ee. To sezono je doslej\u00a0...","og_url":"https:\/\/hudo.com\/si\/aktualno\/oblak-se-bo-moral-se-izkazati\/","og_site_name":"Hudo Slovenija","article_publisher":"https:\/\/www.facebook.com\/hudo.si","article_published_time":"2016-05-03T11:00:00+00:00","article_modified_time":"2016-05-04T07:37:21+00:00","og_image":[{"width":480,"height":290,"url":"https:\/\/hudo.com\/si\/wp-content\/uploads\/sites\/2\/2016\/05\/480x290_Sport__RTR2XWJB_hires.jpeg0_.jpeg","type":"image\/jpeg"}],"author":"hudo","twitter_card":"summary_large_image","twitter_creator":"@hudo_si","twitter_site":"@hudo_si","twitter_misc":{"Written by":"hudo","Est. reading time":"1 minuta"},"schema":{"@context":"https:\/\/schema.org","@graph":[{"@type":"Article","@id":"https:\/\/hudo.com\/si\/aktualno\/oblak-se-bo-moral-se-izkazati\/#article","isPartOf":{"@id":"https:\/\/hudo.com\/si\/aktualno\/oblak-se-bo-moral-se-izkazati\/"},"author":{"name":"hudo","@id":"https:\/\/hudo.com\/si\/#\/schema\/person\/601cf3379633985b20f7e50f2bb47707"},"headline":"Oblak se bo moral \u0161e izkazati","datePublished":"2016-05-03T11:00:00+00:00","dateModified":"2016-05-04T07:37:21+00:00","mainEntityOfPage":{"@id":"https:\/\/hudo.com\/si\/aktualno\/oblak-se-bo-moral-se-izkazati\/"},"wordCount":147,"publisher":{"@id":"https:\/\/hudo.com\/si\/#organization"},"articleSection":["Aktualno"],"inLanguage":"sl-SI"},{"@type":"WebPage","@id":"https:\/\/hudo.com\/si\/aktualno\/oblak-se-bo-moral-se-izkazati\/","url":"https:\/\/hudo.com\/si\/aktualno\/oblak-se-bo-moral-se-izkazati\/","name":"Oblak se bo moral \u0161e izkazati - Hudo Slovenija","isPartOf":{"@id":"https:\/\/hudo.com\/si\/#website"},"datePublished":"2016-05-03T11:00:00+00:00","dateModified":"2016-05-04T07:37:21+00:00","breadcrumb":{"@id":"https:\/\/hudo.com\/si\/aktualno\/oblak-se-bo-moral-se-izkazati\/#breadcrumb"},"inLanguage":"sl-SI","potentialAction":[{"@type":"ReadAction","target":["https:\/\/hudo.com\/si\/aktualno\/oblak-se-bo-moral-se-izkazati\/"]}]},{"@type":"BreadcrumbList","@id":"https:\/\/hudo.com\/si\/aktualno\/oblak-se-bo-moral-se-izkazati\/#breadcrumb","itemListElement":[{"@type":"ListItem","position":1,"name":"Home","item":"https:\/\/hudo.com\/si\/"},{"@type":"ListItem","position":2,"name":"Oblak se bo moral \u0161e izkazati"}]},{"@type":"WebSite","@id":"https:\/\/hudo.com\/si\/#website","url":"https:\/\/hudo.com\/si\/","name":"Hudo Slovenija","description":"Vse novice iz Slovenije in sveta","publisher":{"@id":"https:\/\/hudo.com\/si\/#organization"},"potentialAction":[{"@type":"SearchAction","target":{"@type":"EntryPoint","urlTemplate":"https:\/\/hudo.com\/si\/?s={search_term_string}"},"query-input":"required name=search_term_string"}],"inLanguage":"sl-SI"},{"@type":"Organization","@id":"https:\/\/hudo.com\/si\/#organization","name":"VSN Media","url":"https:\/\/hudo.com\/si\/","logo":{"@type":"ImageObject","inLanguage":"sl-SI","@id":"https:\/\/hudo.com\/si\/#\/schema\/logo\/image\/","url":"https:\/\/hudo.com\/si\/wp-content\/uploads\/sites\/2\/2021\/03\/hudo-app-2.png","contentUrl":"https:\/\/hudo.com\/si\/wp-content\/uploads\/sites\/2\/2021\/03\/hudo-app-2.png","width":2185,"height":2167,"caption":"VSN Media"},"image":{"@id":"https:\/\/hudo.com\/si\/#\/schema\/logo\/image\/"},"sameAs":["https:\/\/www.facebook.com\/hudo.si","https:\/\/twitter.com\/hudo_si"]},{"@type":"Person","@id":"https:\/\/hudo.com\/si\/#\/schema\/person\/601cf3379633985b20f7e50f2bb47707","name":"hudo","image":{"@type":"ImageObject","inLanguage":"sl-SI","@id":"https:\/\/hudo.com\/si\/#\/schema\/person\/image\/","url":"https:\/\/secure.gravatar.com\/avatar\/c4ca25fa72cace7a696b52ff5db9e095?s=96&d=mm&r=g","contentUrl":"https:\/\/secure.gravatar.com\/avatar\/c4ca25fa72cace7a696b52ff5db9e095?s=96&d=mm&r=g","caption":"hudo"},"url":"https:\/\/hudo.com\/si\/author\/hudo\/"}]}},"amp_enabled":true,"_links":{"self":[{"href":"https:\/\/hudo.com\/si\/wp-json\/wp\/v2\/posts\/44507"}],"collection":[{"href":"https:\/\/hudo.com\/si\/wp-json\/wp\/v2\/posts"}],"about":[{"href":"https:\/\/hudo.com\/si\/wp-json\/wp\/v2\/types\/post"}],"author":[{"embeddable":true,"href":"https:\/\/hudo.com\/si\/wp-json\/wp\/v2\/users\/1"}],"replies":[{"embeddable":true,"href":"https:\/\/hudo.com\/si\/wp-json\/wp\/v2\/comments?post=44507"}],"version-history":[{"count":1,"href":"https:\/\/hudo.com\/si\/wp-json\/wp\/v2\/posts\/44507\/revisions"}],"predecessor-version":[{"id":44614,"href":"https:\/\/hudo.com\/si\/wp-json\/wp\/v2\/posts\/44507\/revisions\/44614"}],"wp:attachment":[{"href":"https:\/\/hudo.com\/si\/wp-json\/wp\/v2\/media?parent=44507"}],"wp:term":[{"taxonomy":"category","embeddable":true,"href":"https:\/\/hudo.com\/si\/wp-json\/wp\/v2\/categories?post=44507"},{"taxonomy":"post_tag","embeddable":true,"href":"https:\/\/hudo.com\/si\/wp-json\/wp\/v2\/tags?post=44507"},{"taxonomy":"source","embeddable":true,"href":"https:\/\/hudo.com\/si\/wp-json\/wp\/v2\/source?post=44507"},{"taxonomy":"supertag","embeddable":true,"href":"https:\/\/hudo.com\/si\/wp-json\/wp\/v2\/supertag?post=44507"}],"curies":[{"name":"wp","href":"https:\/\/api.w.org\/{rel}","templated":true}]}}