{"id":445321,"date":"2021-02-14T20:56:15","date_gmt":"2021-02-14T19:56:15","guid":{"rendered":"https:\/\/hudo.com\/si\/?p=445321"},"modified":"2021-02-14T21:10:55","modified_gmt":"2021-02-14T20:10:55","slug":"koncno-sta-uradno-potrdila-govorice-meghan-in-harry-pricakujeta-drugega-otroka","status":"publish","type":"post","link":"https:\/\/hudo.com\/si\/aktualno\/svet\/koncno-sta-uradno-potrdila-govorice-meghan-in-harry-pricakujeta-drugega-otroka\/","title":{"rendered":"Kon\u010dno sta uradno potrdila govorice: Meghan in Harry pri\u010dakujeta drugega otroka!"},"content":{"rendered":"<p dir=\"ltr\">Princ Archie, ki bo 2. maja dopolnil drugi rojstni dan, bo kmalu postal starej\u0161i bratec. &#8220;Lahko potrdimo, da bo Archie postal bratec. Vojvoda in vojvodinja Suse\u0161ka sta presre\u010dna, saj pri\u010dakujeta drugega otroka,&#8221; je njun predstavnik za medije potrdil za revijo People.<\/p>\n<blockquote class=\"instagram-media\" style=\"background: #FFF; border: 0; border-radius: 3px; box-shadow: 0 0 1px 0 rgba(0,0,0,0.5),0 1px 10px 0 rgba(0,0,0,0.15); margin: 1px; max-width: 540px; min-width: 326px; padding: 0; width: calc(100% - 2px);\" data-instgrm-captioned=\"\" data-instgrm-permalink=\"https:\/\/www.instagram.com\/p\/CLSNEZlpOJ9\/?utm_source=ig_embed&amp;utm_campaign=loading\" data-instgrm-version=\"13\">\n<div style=\"padding: 16px;\">\n<div style=\"display: flex; flex-direction: row; align-items: center;\">\n<div style=\"background-color: #f4f4f4; border-radius: 50%; flex-grow: 0; height: 40px; margin-right: 14px; width: 40px;\"><\/div>\n<div style=\"display: flex; flex-direction: column; flex-grow: 1; justify-content: center;\">\n<div style=\"background-color: #f4f4f4; border-radius: 4px; flex-grow: 0; height: 14px; margin-bottom: 6px; width: 100px;\"><\/div>\n<div style=\"background-color: #f4f4f4; border-radius: 4px; flex-grow: 0; height: 14px; width: 60px;\"><\/div>\n<\/div>\n<\/div>\n<div style=\"padding: 19% 0;\"><\/div>\n<div style=\"display: block; height: 50px; margin: 0 auto 12px; width: 50px;\"><\/div>\n<div style=\"padding-top: 8px;\">\n<div style=\"color: #3897f0; font-family: Arial,sans-serif; font-size: 14px; font-style: normal; font-weight: 550; line-height: 18px;\">View this post on Instagram<\/div>\n<\/div>\n<div style=\"padding: 12.5% 0;\"><\/div>\n<div style=\"display: flex; flex-direction: row; margin-bottom: 14px; align-items: center;\">\n<div>\n<div style=\"background-color: #f4f4f4; border-radius: 50%; height: 12.5px; width: 12.5px; transform: translateX(0px) translateY(7px);\"><\/div>\n<div style=\"background-color: #f4f4f4; height: 12.5px; transform: rotate(-45deg) translateX(3px) translateY(1px); width: 12.5px; flex-grow: 0; margin-right: 14px; margin-left: 2px;\"><\/div>\n<div style=\"background-color: #f4f4f4; border-radius: 50%; height: 12.5px; width: 12.5px; transform: translateX(9px) translateY(-18px);\"><\/div>\n<\/div>\n<div style=\"margin-left: 8px;\">\n<div style=\"background-color: #f4f4f4; border-radius: 50%; flex-grow: 0; height: 20px; width: 20px;\"><\/div>\n<div style=\"width: 0; height: 0; border-top: 2px solid transparent; border-left: 6px solid #f4f4f4; border-bottom: 2px solid transparent; transform: translateX(16px) translateY(-4px) rotate(30deg);\"><\/div>\n<\/div>\n<div style=\"margin-left: auto;\">\n<div style=\"width: 0px; border-top: 8px solid #F4F4F4; border-right: 8px solid transparent; transform: translateY(16px);\"><\/div>\n<div style=\"background-color: #f4f4f4; flex-grow: 0; height: 12px; width: 16px; transform: translateY(-4px);\"><\/div>\n<div style=\"width: 0; height: 0; border-top: 8px solid #F4F4F4; border-left: 8px solid transparent; transform: translateY(-4px) translateX(8px);\"><\/div>\n<\/div>\n<\/div>\n<div style=\"display: flex; flex-direction: column; flex-grow: 1; justify-content: center; margin-bottom: 24px;\">\n<div style=\"background-color: #f4f4f4; border-radius: 4px; flex-grow: 0; height: 14px; margin-bottom: 6px; width: 224px;\"><\/div>\n<div style=\"background-color: #f4f4f4; border-radius: 4px; flex-grow: 0; height: 14px; width: 144px;\"><\/div>\n<\/div>\n<p>&nbsp;<\/p>\n<p style=\"color: #c9c8cd; font-family: Arial,sans-serif; font-size: 14px; line-height: 17px; margin-bottom: 0; margin-top: 8px; overflow: hidden; padding: 8px 0 7px; text-align: center; text-overflow: ellipsis; white-space: nowrap;\"><a style=\"color: #c9c8cd; font-family: Arial,sans-serif; font-size: 14px; font-style: normal; font-weight: normal; line-height: 17px; text-decoration: none;\" href=\"https:\/\/www.instagram.com\/p\/CLSNEZlpOJ9\/?utm_source=ig_embed&amp;utm_campaign=loading\" target=\"_blank\" rel=\"noopener noreferrer\">A post shared by People Magazine (@people)<\/a><\/p>\n<\/div>\n<\/blockquote>\n<p><div class=\"embed-notice\">Za ogled vstavljene vsebine morate omogo\u010diti <a href=\"#\" onclick=\"Optanon.ToggleInfoDisplay()\">shranjevanje pi\u0161kotkov v napravi<\/a><\/div><script async type=\"text\/plain\" class=\"optanon-category-C0002-C0003-C0004\" optanon-src=\"\/\/www.instagram.com\/embed.js\"><\/script><\/p>\n<p>Po tem, ko je imela Meghan julija lansko leto splav, se sedaj dru\u017eina kon\u010dno lahko veseli prihoda novega dru\u017einskega \u010dlana. Slavni par je novico potrdil s \u010drno-belo fotogafijo, ki jo je na daljavo peko iPada posnel njun dolgoletni prijatelj, fotograf Misan Harriman. Meghan, ki je tako \u017ee pokazala svoj nose\u010dni\u0161ki trebu\u0161\u010dek, nosi \u010dudovito obleko, ki jo je oblikovala Carolina Herrera, in jo je nosila \u017ee ko je bila nose\u010da z Archijem.<\/p>\n<div class=\"div-sm-highImpact \"><\/div>\n","protected":false},"excerpt":{"rendered":"<p>\u017de nekaj \u010dasa se je \u0161u\u0161ljalo, a govorice so zdaj tudi uradno potrjene. Princ Harry in njegova Meghan pri\u010dakujeta drugega otroka, je potrdila revija People.<\/p>\n","protected":false},"author":19,"featured_media":445322,"comment_status":"closed","ping_status":"closed","sticky":false,"template":"","format":"standard","meta":{"footnotes":""},"categories":[18202],"tags":[6934,17882,12192,3240],"source":[4511],"supertag":[],"acf":[],"yoast_head":"<!-- This site is optimized with the Yoast SEO plugin v21.3 - https:\/\/yoast.com\/wordpress\/plugins\/seo\/ -->\n<title>Kon\u010dno sta uradno potrdila govorice: Meghan in Harry pri\u010dakujeta drugega otroka! - Hudo Slovenija<\/title>\n<meta name=\"robots\" content=\"index, follow, max-snippet:-1, max-image-preview:large, max-video-preview:-1\" \/>\n<link rel=\"canonical\" href=\"https:\/\/hudo.com\/si\/aktualno\/svet\/koncno-sta-uradno-potrdila-govorice-meghan-in-harry-pricakujeta-drugega-otroka\/\" \/>\n<meta property=\"og:locale\" content=\"sl_SI\" \/>\n<meta property=\"og:type\" content=\"article\" \/>\n<meta property=\"og:title\" content=\"Kon\u010dno sta uradno potrdila govorice: Meghan in Harry pri\u010dakujeta drugega otroka! - Hudo Slovenija\" \/>\n<meta property=\"og:description\" content=\"\u017de nekaj \u010dasa se je \u0161u\u0161ljalo, a govorice so zdaj tudi uradno potrjene. Princ Harry in njegova Meghan pri\u010dakujeta drugega otroka, je potrdila revija People.\" \/>\n<meta property=\"og:url\" content=\"https:\/\/hudo.com\/si\/aktualno\/svet\/koncno-sta-uradno-potrdila-govorice-meghan-in-harry-pricakujeta-drugega-otroka\/\" \/>\n<meta property=\"og:site_name\" content=\"Hudo Slovenija\" \/>\n<meta property=\"article:publisher\" content=\"https:\/\/www.facebook.com\/hudo.si\" \/>\n<meta property=\"article:published_time\" content=\"2021-02-14T19:56:15+00:00\" \/>\n<meta property=\"article:modified_time\" content=\"2021-02-14T20:10:55+00:00\" \/>\n<meta property=\"og:image\" content=\"https:\/\/hudo.com\/si\/wp-content\/uploads\/sites\/2\/2021\/02\/profimedia-0578132328-1.jpg\" \/>\n\t<meta property=\"og:image:width\" content=\"819\" \/>\n\t<meta property=\"og:image:height\" content=\"1024\" \/>\n\t<meta property=\"og:image:type\" content=\"image\/jpeg\" \/>\n<meta name=\"author\" content=\"S. L.\" \/>\n<meta name=\"twitter:card\" content=\"summary_large_image\" \/>\n<meta name=\"twitter:creator\" content=\"@hudo_si\" \/>\n<meta name=\"twitter:site\" content=\"@hudo_si\" \/>\n<meta name=\"twitter:label1\" content=\"Written by\" \/>\n\t<meta name=\"twitter:data1\" content=\"S. L.\" \/>\n\t<meta name=\"twitter:label2\" content=\"Est. reading time\" \/>\n\t<meta name=\"twitter:data2\" content=\"1 minuta\" \/>\n<script type=\"application\/ld+json\" class=\"yoast-schema-graph\">{\"@context\":\"https:\/\/schema.org\",\"@graph\":[{\"@type\":\"Article\",\"@id\":\"https:\/\/hudo.com\/si\/aktualno\/svet\/koncno-sta-uradno-potrdila-govorice-meghan-in-harry-pricakujeta-drugega-otroka\/#article\",\"isPartOf\":{\"@id\":\"https:\/\/hudo.com\/si\/aktualno\/svet\/koncno-sta-uradno-potrdila-govorice-meghan-in-harry-pricakujeta-drugega-otroka\/\"},\"author\":{\"name\":\"S. L.\",\"@id\":\"https:\/\/hudo.com\/si\/#\/schema\/person\/03ac96d1c5d29d7c12a3d6084bb64149\"},\"headline\":\"Kon\u010dno sta uradno potrdila govorice: Meghan in Harry pri\u010dakujeta drugega otroka!\",\"datePublished\":\"2021-02-14T19:56:15+00:00\",\"dateModified\":\"2021-02-14T20:10:55+00:00\",\"mainEntityOfPage\":{\"@id\":\"https:\/\/hudo.com\/si\/aktualno\/svet\/koncno-sta-uradno-potrdila-govorice-meghan-in-harry-pricakujeta-drugega-otroka\/\"},\"wordCount\":148,\"publisher\":{\"@id\":\"https:\/\/hudo.com\/si\/#organization\"},\"keywords\":[\"Meghan Markle\",\"meghan markle drugi\u010d nose\u010da\",\"meghan markle nose\u010da\",\"princ Harry\"],\"articleSection\":[\"Svet\"],\"inLanguage\":\"sl-SI\"},{\"@type\":\"WebPage\",\"@id\":\"https:\/\/hudo.com\/si\/aktualno\/svet\/koncno-sta-uradno-potrdila-govorice-meghan-in-harry-pricakujeta-drugega-otroka\/\",\"url\":\"https:\/\/hudo.com\/si\/aktualno\/svet\/koncno-sta-uradno-potrdila-govorice-meghan-in-harry-pricakujeta-drugega-otroka\/\",\"name\":\"Kon\u010dno sta uradno potrdila govorice: Meghan in Harry pri\u010dakujeta drugega otroka! - Hudo Slovenija\",\"isPartOf\":{\"@id\":\"https:\/\/hudo.com\/si\/#website\"},\"datePublished\":\"2021-02-14T19:56:15+00:00\",\"dateModified\":\"2021-02-14T20:10:55+00:00\",\"breadcrumb\":{\"@id\":\"https:\/\/hudo.com\/si\/aktualno\/svet\/koncno-sta-uradno-potrdila-govorice-meghan-in-harry-pricakujeta-drugega-otroka\/#breadcrumb\"},\"inLanguage\":\"sl-SI\",\"potentialAction\":[{\"@type\":\"ReadAction\",\"target\":[\"https:\/\/hudo.com\/si\/aktualno\/svet\/koncno-sta-uradno-potrdila-govorice-meghan-in-harry-pricakujeta-drugega-otroka\/\"]}]},{\"@type\":\"BreadcrumbList\",\"@id\":\"https:\/\/hudo.com\/si\/aktualno\/svet\/koncno-sta-uradno-potrdila-govorice-meghan-in-harry-pricakujeta-drugega-otroka\/#breadcrumb\",\"itemListElement\":[{\"@type\":\"ListItem\",\"position\":1,\"name\":\"Home\",\"item\":\"https:\/\/hudo.com\/si\/\"},{\"@type\":\"ListItem\",\"position\":2,\"name\":\"Kon\u010dno sta uradno potrdila govorice: Meghan in Harry pri\u010dakujeta drugega otroka!\"}]},{\"@type\":\"WebSite\",\"@id\":\"https:\/\/hudo.com\/si\/#website\",\"url\":\"https:\/\/hudo.com\/si\/\",\"name\":\"Hudo Slovenija\",\"description\":\"Vse novice iz Slovenije in sveta\",\"publisher\":{\"@id\":\"https:\/\/hudo.com\/si\/#organization\"},\"potentialAction\":[{\"@type\":\"SearchAction\",\"target\":{\"@type\":\"EntryPoint\",\"urlTemplate\":\"https:\/\/hudo.com\/si\/?s={search_term_string}\"},\"query-input\":\"required name=search_term_string\"}],\"inLanguage\":\"sl-SI\"},{\"@type\":\"Organization\",\"@id\":\"https:\/\/hudo.com\/si\/#organization\",\"name\":\"VSN Media\",\"url\":\"https:\/\/hudo.com\/si\/\",\"logo\":{\"@type\":\"ImageObject\",\"inLanguage\":\"sl-SI\",\"@id\":\"https:\/\/hudo.com\/si\/#\/schema\/logo\/image\/\",\"url\":\"https:\/\/hudo.com\/si\/wp-content\/uploads\/sites\/2\/2021\/03\/hudo-app-2.png\",\"contentUrl\":\"https:\/\/hudo.com\/si\/wp-content\/uploads\/sites\/2\/2021\/03\/hudo-app-2.png\",\"width\":2185,\"height\":2167,\"caption\":\"VSN Media\"},\"image\":{\"@id\":\"https:\/\/hudo.com\/si\/#\/schema\/logo\/image\/\"},\"sameAs\":[\"https:\/\/www.facebook.com\/hudo.si\",\"https:\/\/twitter.com\/hudo_si\"]},{\"@type\":\"Person\",\"@id\":\"https:\/\/hudo.com\/si\/#\/schema\/person\/03ac96d1c5d29d7c12a3d6084bb64149\",\"name\":\"S. L.\",\"image\":{\"@type\":\"ImageObject\",\"inLanguage\":\"sl-SI\",\"@id\":\"https:\/\/hudo.com\/si\/#\/schema\/person\/image\/\",\"url\":\"https:\/\/secure.gravatar.com\/avatar\/837b88bc3dbee0548c80ebab0884d5d2?s=96&d=mm&r=g\",\"contentUrl\":\"https:\/\/secure.gravatar.com\/avatar\/837b88bc3dbee0548c80ebab0884d5d2?s=96&d=mm&r=g\",\"caption\":\"S. L.\"},\"url\":\"https:\/\/hudo.com\/si\/author\/sabinaleskovec\/\"}]}<\/script>\n<!-- \/ Yoast SEO plugin. -->","yoast_head_json":{"title":"Kon\u010dno sta uradno potrdila govorice: Meghan in Harry pri\u010dakujeta drugega otroka! - Hudo Slovenija","robots":{"index":"index","follow":"follow","max-snippet":"max-snippet:-1","max-image-preview":"max-image-preview:large","max-video-preview":"max-video-preview:-1"},"canonical":"https:\/\/hudo.com\/si\/aktualno\/svet\/koncno-sta-uradno-potrdila-govorice-meghan-in-harry-pricakujeta-drugega-otroka\/","og_locale":"sl_SI","og_type":"article","og_title":"Kon\u010dno sta uradno potrdila govorice: Meghan in Harry pri\u010dakujeta drugega otroka! - Hudo Slovenija","og_description":"\u017de nekaj \u010dasa se je \u0161u\u0161ljalo, a govorice so zdaj tudi uradno potrjene. Princ Harry in njegova Meghan pri\u010dakujeta drugega otroka, je potrdila revija People.","og_url":"https:\/\/hudo.com\/si\/aktualno\/svet\/koncno-sta-uradno-potrdila-govorice-meghan-in-harry-pricakujeta-drugega-otroka\/","og_site_name":"Hudo Slovenija","article_publisher":"https:\/\/www.facebook.com\/hudo.si","article_published_time":"2021-02-14T19:56:15+00:00","article_modified_time":"2021-02-14T20:10:55+00:00","og_image":[{"width":819,"height":1024,"url":"https:\/\/hudo.com\/si\/wp-content\/uploads\/sites\/2\/2021\/02\/profimedia-0578132328-1.jpg","type":"image\/jpeg"}],"author":"S. L.","twitter_card":"summary_large_image","twitter_creator":"@hudo_si","twitter_site":"@hudo_si","twitter_misc":{"Written by":"S. L.","Est. reading time":"1 minuta"},"schema":{"@context":"https:\/\/schema.org","@graph":[{"@type":"Article","@id":"https:\/\/hudo.com\/si\/aktualno\/svet\/koncno-sta-uradno-potrdila-govorice-meghan-in-harry-pricakujeta-drugega-otroka\/#article","isPartOf":{"@id":"https:\/\/hudo.com\/si\/aktualno\/svet\/koncno-sta-uradno-potrdila-govorice-meghan-in-harry-pricakujeta-drugega-otroka\/"},"author":{"name":"S. L.","@id":"https:\/\/hudo.com\/si\/#\/schema\/person\/03ac96d1c5d29d7c12a3d6084bb64149"},"headline":"Kon\u010dno sta uradno potrdila govorice: Meghan in Harry pri\u010dakujeta drugega otroka!","datePublished":"2021-02-14T19:56:15+00:00","dateModified":"2021-02-14T20:10:55+00:00","mainEntityOfPage":{"@id":"https:\/\/hudo.com\/si\/aktualno\/svet\/koncno-sta-uradno-potrdila-govorice-meghan-in-harry-pricakujeta-drugega-otroka\/"},"wordCount":148,"publisher":{"@id":"https:\/\/hudo.com\/si\/#organization"},"keywords":["Meghan Markle","meghan markle drugi\u010d nose\u010da","meghan markle nose\u010da","princ Harry"],"articleSection":["Svet"],"inLanguage":"sl-SI"},{"@type":"WebPage","@id":"https:\/\/hudo.com\/si\/aktualno\/svet\/koncno-sta-uradno-potrdila-govorice-meghan-in-harry-pricakujeta-drugega-otroka\/","url":"https:\/\/hudo.com\/si\/aktualno\/svet\/koncno-sta-uradno-potrdila-govorice-meghan-in-harry-pricakujeta-drugega-otroka\/","name":"Kon\u010dno sta uradno potrdila govorice: Meghan in Harry pri\u010dakujeta drugega otroka! - Hudo Slovenija","isPartOf":{"@id":"https:\/\/hudo.com\/si\/#website"},"datePublished":"2021-02-14T19:56:15+00:00","dateModified":"2021-02-14T20:10:55+00:00","breadcrumb":{"@id":"https:\/\/hudo.com\/si\/aktualno\/svet\/koncno-sta-uradno-potrdila-govorice-meghan-in-harry-pricakujeta-drugega-otroka\/#breadcrumb"},"inLanguage":"sl-SI","potentialAction":[{"@type":"ReadAction","target":["https:\/\/hudo.com\/si\/aktualno\/svet\/koncno-sta-uradno-potrdila-govorice-meghan-in-harry-pricakujeta-drugega-otroka\/"]}]},{"@type":"BreadcrumbList","@id":"https:\/\/hudo.com\/si\/aktualno\/svet\/koncno-sta-uradno-potrdila-govorice-meghan-in-harry-pricakujeta-drugega-otroka\/#breadcrumb","itemListElement":[{"@type":"ListItem","position":1,"name":"Home","item":"https:\/\/hudo.com\/si\/"},{"@type":"ListItem","position":2,"name":"Kon\u010dno sta uradno potrdila govorice: Meghan in Harry pri\u010dakujeta drugega otroka!"}]},{"@type":"WebSite","@id":"https:\/\/hudo.com\/si\/#website","url":"https:\/\/hudo.com\/si\/","name":"Hudo Slovenija","description":"Vse novice iz Slovenije in sveta","publisher":{"@id":"https:\/\/hudo.com\/si\/#organization"},"potentialAction":[{"@type":"SearchAction","target":{"@type":"EntryPoint","urlTemplate":"https:\/\/hudo.com\/si\/?s={search_term_string}"},"query-input":"required name=search_term_string"}],"inLanguage":"sl-SI"},{"@type":"Organization","@id":"https:\/\/hudo.com\/si\/#organization","name":"VSN Media","url":"https:\/\/hudo.com\/si\/","logo":{"@type":"ImageObject","inLanguage":"sl-SI","@id":"https:\/\/hudo.com\/si\/#\/schema\/logo\/image\/","url":"https:\/\/hudo.com\/si\/wp-content\/uploads\/sites\/2\/2021\/03\/hudo-app-2.png","contentUrl":"https:\/\/hudo.com\/si\/wp-content\/uploads\/sites\/2\/2021\/03\/hudo-app-2.png","width":2185,"height":2167,"caption":"VSN Media"},"image":{"@id":"https:\/\/hudo.com\/si\/#\/schema\/logo\/image\/"},"sameAs":["https:\/\/www.facebook.com\/hudo.si","https:\/\/twitter.com\/hudo_si"]},{"@type":"Person","@id":"https:\/\/hudo.com\/si\/#\/schema\/person\/03ac96d1c5d29d7c12a3d6084bb64149","name":"S. L.","image":{"@type":"ImageObject","inLanguage":"sl-SI","@id":"https:\/\/hudo.com\/si\/#\/schema\/person\/image\/","url":"https:\/\/secure.gravatar.com\/avatar\/837b88bc3dbee0548c80ebab0884d5d2?s=96&d=mm&r=g","contentUrl":"https:\/\/secure.gravatar.com\/avatar\/837b88bc3dbee0548c80ebab0884d5d2?s=96&d=mm&r=g","caption":"S. L."},"url":"https:\/\/hudo.com\/si\/author\/sabinaleskovec\/"}]}},"amp_enabled":true,"_links":{"self":[{"href":"https:\/\/hudo.com\/si\/wp-json\/wp\/v2\/posts\/445321"}],"collection":[{"href":"https:\/\/hudo.com\/si\/wp-json\/wp\/v2\/posts"}],"about":[{"href":"https:\/\/hudo.com\/si\/wp-json\/wp\/v2\/types\/post"}],"author":[{"embeddable":true,"href":"https:\/\/hudo.com\/si\/wp-json\/wp\/v2\/users\/19"}],"replies":[{"embeddable":true,"href":"https:\/\/hudo.com\/si\/wp-json\/wp\/v2\/comments?post=445321"}],"version-history":[{"count":4,"href":"https:\/\/hudo.com\/si\/wp-json\/wp\/v2\/posts\/445321\/revisions"}],"predecessor-version":[{"id":445326,"href":"https:\/\/hudo.com\/si\/wp-json\/wp\/v2\/posts\/445321\/revisions\/445326"}],"wp:featuredmedia":[{"embeddable":true,"href":"https:\/\/hudo.com\/si\/wp-json\/wp\/v2\/media\/445322"}],"wp:attachment":[{"href":"https:\/\/hudo.com\/si\/wp-json\/wp\/v2\/media?parent=445321"}],"wp:term":[{"taxonomy":"category","embeddable":true,"href":"https:\/\/hudo.com\/si\/wp-json\/wp\/v2\/categories?post=445321"},{"taxonomy":"post_tag","embeddable":true,"href":"https:\/\/hudo.com\/si\/wp-json\/wp\/v2\/tags?post=445321"},{"taxonomy":"source","embeddable":true,"href":"https:\/\/hudo.com\/si\/wp-json\/wp\/v2\/source?post=445321"},{"taxonomy":"supertag","embeddable":true,"href":"https:\/\/hudo.com\/si\/wp-json\/wp\/v2\/supertag?post=445321"}],"curies":[{"name":"wp","href":"https:\/\/api.w.org\/{rel}","templated":true}]}}