{"id":445383,"date":"2021-02-15T12:37:45","date_gmt":"2021-02-15T11:37:45","guid":{"rendered":"https:\/\/hudo.com\/si\/?p=445383"},"modified":"2021-02-15T12:37:45","modified_gmt":"2021-02-15T11:37:45","slug":"fortejeva-do-konca-epidemije-nas-caka-se-vsaj-nekaj-tednov-mogoce-mesecev","status":"publish","type":"post","link":"https:\/\/hudo.com\/si\/aktualno\/slovenija\/fortejeva-do-konca-epidemije-nas-caka-se-vsaj-nekaj-tednov-mogoce-mesecev\/","title":{"rendered":"Fortejeva: Do konca epidemije nas \u010daka \u0161e vsaj nekaj tednov, mogo\u010de mesecev"},"content":{"rendered":"<p>Na podlagi izbolj\u0161anja epidemiolo\u0161ke situacije, s \u010dimer je dr\u017eava pre\u0161la v t. i. oran\u017eno epidemi\u010dno fazo, so se danes odprle osnovne \u0161ole za vse u\u010dence in srednje \u0161ole za dijake zaklju\u010dnih letnikov, znova je neomejeno prehajanje ob\u010dinskih in regijskih meja, od danes je dovoljeno zbiranje do deset ljudi, odprle so se lahko vse trgovine v dr\u017eavi.<\/p>\n<p>A Fortejeva svari, da je do konca epidemije \u0161e vsaj nekaj tednov ali celo mesecev, zato sprostitev ukrepov ne pomeni, da ukrepov za prepre\u010devanje \u0161irjenja oku\u017ebe z novim koronavirusom ni treba upo\u0161tevati. Tako dr\u017eavna sekretarka poziva ljudi, ki ka\u017eejo znake nahoda, slabega po\u010dutja, bole\u010din v mi\u0161icah, imajo povi\u0161ano temperaturo, ka\u0161elj, naj ostanejo doma in pokli\u010dejo svojega zdravnika.<\/p>\n<p>Poziva tudi k izogibanju zaprtih prostorov, v katerih se zadr\u017euje veliko \u0161tevilo ljudi. Ker je prezra\u010devanje eden klju\u010dnih ukrepov pri omejevanju \u0161irjenja novega koronavirusa, naj se ti prostori ve\u010dkrat na dan dobro prezra\u010dijo.<\/p>\n<p>Prav tako svetuje izogibanje telesnim stikom s tistimi, ki ka\u017eejo bolezni, nasploh je svetovana varna razdalja 1,5 ali \u0161e bolje dveh metrov. Poleg tega naj si ljudje redno in temeljito umivajo roke z milom in vodo, \u010de tega nimamo pri roki, pa naj si roke razku\u017eujejo. Z neumitimi oz. nerazku\u017eenimi rokami naj se ne dotikajo obraza, zlasti o\u010di ali ust. Upo\u0161tevajo naj tudi pravilno higieno ka\u0161lja, pri \u010demer uporabljene rob\u010dke zavr\u017eemo, roke pa si potem razku\u017eimo. Pri rokovanju z za\u0161\u010ditno masko je izpostavila, naj se z rokami dotikamo le gumic na maski.<\/p>\n<p>V trgovinah naj si ljudje vedno temeljito razku\u017eijo roke, na blagajnah naj dr\u017eijo medsebojno razdaljo dveh metrov.<\/p>\n<p>Poleg tega je pomembno, da smo redno telesno aktivni na sve\u017eem zraku, svetuje se u\u017eivanje zdrave hrane z zadostno koli\u010dino vitaminov.<\/p>\n<p>Fortejeva je poudarila, da bo zaradi odpiranja dejavnosti in s tem povezanih testiranj zaposlenih v naslednjih dneh hitro testiranje na oku\u017ebo z novim koronavirusom izjemen logisti\u010dni zalogaj za celotni zdravstveni sistem. Prej\u0161nji teden so sprejeli nekaj sprememb, za katere skupine prebivalstva ne bo potrebno hitro testiranje.<\/p>\n<p>Testiranje ne bo potrebno za tiste, ki so bili \u017ee dvakrat cepljeni, ali so \u017ee preboleli covid-19. Za\u0161\u010dita cepiva Pfizerja in BioNTecha je vzpostavljena po sedmih dneh od drugega odmerka, pri Moderninem cepivu po 14 dneh od drugega odmerka in pri cepivu AstraZenece po 21 dneh po drugem odmerku.<\/p>\n<p>Vsi, ki so preboleli koronavirusno bolezen, pa ne potrebujejo testiranja, \u010de imajo potrdilo o pozitivnem testu, ki je starej\u0161i od 21 dni, a ne od \u0161estih mesecev.<\/p>\n<p>Kot je \u0161e dejala, na ministrstvu i\u0161\u010dejo re\u0161itev, kako omogo\u010diti, da bo izdaja potrdila o preboleli bolezni brezpla\u010dno, da bo \u010dim manj obremenjevala zdravstveni sistem, so\u010dasno pa podala verodostojne podatke. Rezultate testiranja od srede decembra si lahko imetniki digitalnega potrdila natisnejo tudi iz portala zVem, kjer najdete povzetek testiranj in mikrobiolo\u0161ke izvide testiranj.<\/p>\n<p>Fortejeva poziva ljudi, naj se v \u010dim ve\u010djem \u0161tevilu poslu\u017eujejo digitalnega potrdila, da ne bi po nepotrebnem obremenjevali \u017ee tako preobremenjenih dru\u017einskih zdravnikov.<\/p>\n","protected":false},"excerpt":{"rendered":"<p>Dr\u017eavna sekretarka na ministrstvu za zdravje Alenka Forte je na novinarski konferenci opozorila, da spro\u0161\u010danje protikoronskih omejitev ne pomeni, da ni treba upo\u0161tevati samoza\u0161\u010ditnih ukrepov. Vse ukrepe je treba nujno in dosledno izvajati, saj nam lahko le tako uspe, da se bo \u0161tevilo oku\u017eenih in hospitaliziranih bolnikov \u0161e naprej zmanj\u0161evalo.<\/p>\n","protected":false},"author":5,"featured_media":445384,"comment_status":"closed","ping_status":"closed","sticky":false,"template":"","format":"standard","meta":{"footnotes":""},"categories":[18201],"tags":[18246,15632,1595],"source":[4511],"supertag":[5675],"acf":[],"yoast_head":"<!-- This site is optimized with the Yoast SEO plugin v21.3 - https:\/\/yoast.com\/wordpress\/plugins\/seo\/ -->\n<title>Fortejeva: Do konca epidemije nas \u010daka \u0161e vsaj nekaj tednov, mogo\u010de mesecev - Hudo Slovenija<\/title>\n<meta name=\"robots\" content=\"index, follow, max-snippet:-1, max-image-preview:large, max-video-preview:-1\" \/>\n<link rel=\"canonical\" href=\"https:\/\/hudo.com\/si\/aktualno\/slovenija\/fortejeva-do-konca-epidemije-nas-caka-se-vsaj-nekaj-tednov-mogoce-mesecev\/\" \/>\n<meta property=\"og:locale\" content=\"sl_SI\" \/>\n<meta property=\"og:type\" content=\"article\" \/>\n<meta property=\"og:title\" content=\"Fortejeva: Do konca epidemije nas \u010daka \u0161e vsaj nekaj tednov, mogo\u010de mesecev - Hudo Slovenija\" \/>\n<meta property=\"og:description\" content=\"Dr\u017eavna sekretarka na ministrstvu za zdravje Alenka Forte je na novinarski konferenci opozorila, da spro\u0161\u010danje protikoronskih omejitev ne pomeni, da ni treba upo\u0161tevati samoza\u0161\u010ditnih ukrepov. Vse ukrepe je treba nujno in dosledno izvajati, saj nam lahko le tako uspe, da se bo \u0161tevilo oku\u017eenih in hospitaliziranih bolnikov \u0161e naprej zmanj\u0161evalo.\" \/>\n<meta property=\"og:url\" content=\"https:\/\/hudo.com\/si\/aktualno\/slovenija\/fortejeva-do-konca-epidemije-nas-caka-se-vsaj-nekaj-tednov-mogoce-mesecev\/\" \/>\n<meta property=\"og:site_name\" content=\"Hudo Slovenija\" \/>\n<meta property=\"article:publisher\" content=\"https:\/\/www.facebook.com\/hudo.si\" \/>\n<meta property=\"article:published_time\" content=\"2021-02-15T11:37:45+00:00\" \/>\n<meta property=\"og:image\" content=\"https:\/\/hudo.com\/si\/wp-content\/uploads\/sites\/2\/2021\/02\/Screenshot-from-2021-02-15-12-37-01.jpg\" \/>\n\t<meta property=\"og:image:width\" content=\"909\" \/>\n\t<meta property=\"og:image:height\" content=\"604\" \/>\n\t<meta property=\"og:image:type\" content=\"image\/jpeg\" \/>\n<meta name=\"author\" content=\"A. G., STA\" \/>\n<meta name=\"twitter:card\" content=\"summary_large_image\" \/>\n<meta name=\"twitter:creator\" content=\"@hudo_si\" \/>\n<meta name=\"twitter:site\" content=\"@hudo_si\" \/>\n<meta name=\"twitter:label1\" content=\"Written by\" \/>\n\t<meta name=\"twitter:data1\" content=\"A. G., STA\" \/>\n\t<meta name=\"twitter:label2\" content=\"Est. reading time\" \/>\n\t<meta name=\"twitter:data2\" content=\"3 minute\" \/>\n<script type=\"application\/ld+json\" class=\"yoast-schema-graph\">{\"@context\":\"https:\/\/schema.org\",\"@graph\":[{\"@type\":\"Article\",\"@id\":\"https:\/\/hudo.com\/si\/aktualno\/slovenija\/fortejeva-do-konca-epidemije-nas-caka-se-vsaj-nekaj-tednov-mogoce-mesecev\/#article\",\"isPartOf\":{\"@id\":\"https:\/\/hudo.com\/si\/aktualno\/slovenija\/fortejeva-do-konca-epidemije-nas-caka-se-vsaj-nekaj-tednov-mogoce-mesecev\/\"},\"author\":{\"name\":\"A. G., STA\",\"@id\":\"https:\/\/hudo.com\/si\/#\/schema\/person\/2391667a63ea075ba94f2f2dc6b77537\"},\"headline\":\"Fortejeva: Do konca epidemije nas \u010daka \u0161e vsaj nekaj tednov, mogo\u010de mesecev\",\"datePublished\":\"2021-02-15T11:37:45+00:00\",\"dateModified\":\"2021-02-15T11:37:45+00:00\",\"mainEntityOfPage\":{\"@id\":\"https:\/\/hudo.com\/si\/aktualno\/slovenija\/fortejeva-do-konca-epidemije-nas-caka-se-vsaj-nekaj-tednov-mogoce-mesecev\/\"},\"wordCount\":538,\"publisher\":{\"@id\":\"https:\/\/hudo.com\/si\/#organization\"},\"keywords\":[\"Alenka Forte\",\"koronavirus\",\"Slovenija\"],\"articleSection\":[\"Slovenija\"],\"inLanguage\":\"sl-SI\"},{\"@type\":\"WebPage\",\"@id\":\"https:\/\/hudo.com\/si\/aktualno\/slovenija\/fortejeva-do-konca-epidemije-nas-caka-se-vsaj-nekaj-tednov-mogoce-mesecev\/\",\"url\":\"https:\/\/hudo.com\/si\/aktualno\/slovenija\/fortejeva-do-konca-epidemije-nas-caka-se-vsaj-nekaj-tednov-mogoce-mesecev\/\",\"name\":\"Fortejeva: Do konca epidemije nas \u010daka \u0161e vsaj nekaj tednov, mogo\u010de mesecev - Hudo Slovenija\",\"isPartOf\":{\"@id\":\"https:\/\/hudo.com\/si\/#website\"},\"datePublished\":\"2021-02-15T11:37:45+00:00\",\"dateModified\":\"2021-02-15T11:37:45+00:00\",\"breadcrumb\":{\"@id\":\"https:\/\/hudo.com\/si\/aktualno\/slovenija\/fortejeva-do-konca-epidemije-nas-caka-se-vsaj-nekaj-tednov-mogoce-mesecev\/#breadcrumb\"},\"inLanguage\":\"sl-SI\",\"potentialAction\":[{\"@type\":\"ReadAction\",\"target\":[\"https:\/\/hudo.com\/si\/aktualno\/slovenija\/fortejeva-do-konca-epidemije-nas-caka-se-vsaj-nekaj-tednov-mogoce-mesecev\/\"]}]},{\"@type\":\"BreadcrumbList\",\"@id\":\"https:\/\/hudo.com\/si\/aktualno\/slovenija\/fortejeva-do-konca-epidemije-nas-caka-se-vsaj-nekaj-tednov-mogoce-mesecev\/#breadcrumb\",\"itemListElement\":[{\"@type\":\"ListItem\",\"position\":1,\"name\":\"Home\",\"item\":\"https:\/\/hudo.com\/si\/\"},{\"@type\":\"ListItem\",\"position\":2,\"name\":\"Fortejeva: Do konca epidemije nas \u010daka \u0161e vsaj nekaj tednov, mogo\u010de mesecev\"}]},{\"@type\":\"WebSite\",\"@id\":\"https:\/\/hudo.com\/si\/#website\",\"url\":\"https:\/\/hudo.com\/si\/\",\"name\":\"Hudo Slovenija\",\"description\":\"Vse novice iz Slovenije in sveta\",\"publisher\":{\"@id\":\"https:\/\/hudo.com\/si\/#organization\"},\"potentialAction\":[{\"@type\":\"SearchAction\",\"target\":{\"@type\":\"EntryPoint\",\"urlTemplate\":\"https:\/\/hudo.com\/si\/?s={search_term_string}\"},\"query-input\":\"required name=search_term_string\"}],\"inLanguage\":\"sl-SI\"},{\"@type\":\"Organization\",\"@id\":\"https:\/\/hudo.com\/si\/#organization\",\"name\":\"VSN Media\",\"url\":\"https:\/\/hudo.com\/si\/\",\"logo\":{\"@type\":\"ImageObject\",\"inLanguage\":\"sl-SI\",\"@id\":\"https:\/\/hudo.com\/si\/#\/schema\/logo\/image\/\",\"url\":\"https:\/\/hudo.com\/si\/wp-content\/uploads\/sites\/2\/2021\/03\/hudo-app-2.png\",\"contentUrl\":\"https:\/\/hudo.com\/si\/wp-content\/uploads\/sites\/2\/2021\/03\/hudo-app-2.png\",\"width\":2185,\"height\":2167,\"caption\":\"VSN Media\"},\"image\":{\"@id\":\"https:\/\/hudo.com\/si\/#\/schema\/logo\/image\/\"},\"sameAs\":[\"https:\/\/www.facebook.com\/hudo.si\",\"https:\/\/twitter.com\/hudo_si\"]},{\"@type\":\"Person\",\"@id\":\"https:\/\/hudo.com\/si\/#\/schema\/person\/2391667a63ea075ba94f2f2dc6b77537\",\"name\":\"A. G., STA\",\"image\":{\"@type\":\"ImageObject\",\"inLanguage\":\"sl-SI\",\"@id\":\"https:\/\/hudo.com\/si\/#\/schema\/person\/image\/\",\"url\":\"https:\/\/secure.gravatar.com\/avatar\/e13d22ac3e442658d5025fbbe6238a79?s=96&d=mm&r=g\",\"contentUrl\":\"https:\/\/secure.gravatar.com\/avatar\/e13d22ac3e442658d5025fbbe6238a79?s=96&d=mm&r=g\",\"caption\":\"A. G., STA\"},\"url\":\"https:\/\/hudo.com\/si\/author\/alenka\/\"}]}<\/script>\n<!-- \/ Yoast SEO plugin. -->","yoast_head_json":{"title":"Fortejeva: Do konca epidemije nas \u010daka \u0161e vsaj nekaj tednov, mogo\u010de mesecev - Hudo Slovenija","robots":{"index":"index","follow":"follow","max-snippet":"max-snippet:-1","max-image-preview":"max-image-preview:large","max-video-preview":"max-video-preview:-1"},"canonical":"https:\/\/hudo.com\/si\/aktualno\/slovenija\/fortejeva-do-konca-epidemije-nas-caka-se-vsaj-nekaj-tednov-mogoce-mesecev\/","og_locale":"sl_SI","og_type":"article","og_title":"Fortejeva: Do konca epidemije nas \u010daka \u0161e vsaj nekaj tednov, mogo\u010de mesecev - Hudo Slovenija","og_description":"Dr\u017eavna sekretarka na ministrstvu za zdravje Alenka Forte je na novinarski konferenci opozorila, da spro\u0161\u010danje protikoronskih omejitev ne pomeni, da ni treba upo\u0161tevati samoza\u0161\u010ditnih ukrepov. Vse ukrepe je treba nujno in dosledno izvajati, saj nam lahko le tako uspe, da se bo \u0161tevilo oku\u017eenih in hospitaliziranih bolnikov \u0161e naprej zmanj\u0161evalo.","og_url":"https:\/\/hudo.com\/si\/aktualno\/slovenija\/fortejeva-do-konca-epidemije-nas-caka-se-vsaj-nekaj-tednov-mogoce-mesecev\/","og_site_name":"Hudo Slovenija","article_publisher":"https:\/\/www.facebook.com\/hudo.si","article_published_time":"2021-02-15T11:37:45+00:00","og_image":[{"width":909,"height":604,"url":"https:\/\/hudo.com\/si\/wp-content\/uploads\/sites\/2\/2021\/02\/Screenshot-from-2021-02-15-12-37-01.jpg","type":"image\/jpeg"}],"author":"A. G., STA","twitter_card":"summary_large_image","twitter_creator":"@hudo_si","twitter_site":"@hudo_si","twitter_misc":{"Written by":"A. G., STA","Est. reading time":"3 minute"},"schema":{"@context":"https:\/\/schema.org","@graph":[{"@type":"Article","@id":"https:\/\/hudo.com\/si\/aktualno\/slovenija\/fortejeva-do-konca-epidemije-nas-caka-se-vsaj-nekaj-tednov-mogoce-mesecev\/#article","isPartOf":{"@id":"https:\/\/hudo.com\/si\/aktualno\/slovenija\/fortejeva-do-konca-epidemije-nas-caka-se-vsaj-nekaj-tednov-mogoce-mesecev\/"},"author":{"name":"A. G., STA","@id":"https:\/\/hudo.com\/si\/#\/schema\/person\/2391667a63ea075ba94f2f2dc6b77537"},"headline":"Fortejeva: Do konca epidemije nas \u010daka \u0161e vsaj nekaj tednov, mogo\u010de mesecev","datePublished":"2021-02-15T11:37:45+00:00","dateModified":"2021-02-15T11:37:45+00:00","mainEntityOfPage":{"@id":"https:\/\/hudo.com\/si\/aktualno\/slovenija\/fortejeva-do-konca-epidemije-nas-caka-se-vsaj-nekaj-tednov-mogoce-mesecev\/"},"wordCount":538,"publisher":{"@id":"https:\/\/hudo.com\/si\/#organization"},"keywords":["Alenka Forte","koronavirus","Slovenija"],"articleSection":["Slovenija"],"inLanguage":"sl-SI"},{"@type":"WebPage","@id":"https:\/\/hudo.com\/si\/aktualno\/slovenija\/fortejeva-do-konca-epidemije-nas-caka-se-vsaj-nekaj-tednov-mogoce-mesecev\/","url":"https:\/\/hudo.com\/si\/aktualno\/slovenija\/fortejeva-do-konca-epidemije-nas-caka-se-vsaj-nekaj-tednov-mogoce-mesecev\/","name":"Fortejeva: Do konca epidemije nas \u010daka \u0161e vsaj nekaj tednov, mogo\u010de mesecev - Hudo Slovenija","isPartOf":{"@id":"https:\/\/hudo.com\/si\/#website"},"datePublished":"2021-02-15T11:37:45+00:00","dateModified":"2021-02-15T11:37:45+00:00","breadcrumb":{"@id":"https:\/\/hudo.com\/si\/aktualno\/slovenija\/fortejeva-do-konca-epidemije-nas-caka-se-vsaj-nekaj-tednov-mogoce-mesecev\/#breadcrumb"},"inLanguage":"sl-SI","potentialAction":[{"@type":"ReadAction","target":["https:\/\/hudo.com\/si\/aktualno\/slovenija\/fortejeva-do-konca-epidemije-nas-caka-se-vsaj-nekaj-tednov-mogoce-mesecev\/"]}]},{"@type":"BreadcrumbList","@id":"https:\/\/hudo.com\/si\/aktualno\/slovenija\/fortejeva-do-konca-epidemije-nas-caka-se-vsaj-nekaj-tednov-mogoce-mesecev\/#breadcrumb","itemListElement":[{"@type":"ListItem","position":1,"name":"Home","item":"https:\/\/hudo.com\/si\/"},{"@type":"ListItem","position":2,"name":"Fortejeva: Do konca epidemije nas \u010daka \u0161e vsaj nekaj tednov, mogo\u010de mesecev"}]},{"@type":"WebSite","@id":"https:\/\/hudo.com\/si\/#website","url":"https:\/\/hudo.com\/si\/","name":"Hudo Slovenija","description":"Vse novice iz Slovenije in sveta","publisher":{"@id":"https:\/\/hudo.com\/si\/#organization"},"potentialAction":[{"@type":"SearchAction","target":{"@type":"EntryPoint","urlTemplate":"https:\/\/hudo.com\/si\/?s={search_term_string}"},"query-input":"required name=search_term_string"}],"inLanguage":"sl-SI"},{"@type":"Organization","@id":"https:\/\/hudo.com\/si\/#organization","name":"VSN Media","url":"https:\/\/hudo.com\/si\/","logo":{"@type":"ImageObject","inLanguage":"sl-SI","@id":"https:\/\/hudo.com\/si\/#\/schema\/logo\/image\/","url":"https:\/\/hudo.com\/si\/wp-content\/uploads\/sites\/2\/2021\/03\/hudo-app-2.png","contentUrl":"https:\/\/hudo.com\/si\/wp-content\/uploads\/sites\/2\/2021\/03\/hudo-app-2.png","width":2185,"height":2167,"caption":"VSN Media"},"image":{"@id":"https:\/\/hudo.com\/si\/#\/schema\/logo\/image\/"},"sameAs":["https:\/\/www.facebook.com\/hudo.si","https:\/\/twitter.com\/hudo_si"]},{"@type":"Person","@id":"https:\/\/hudo.com\/si\/#\/schema\/person\/2391667a63ea075ba94f2f2dc6b77537","name":"A. G., STA","image":{"@type":"ImageObject","inLanguage":"sl-SI","@id":"https:\/\/hudo.com\/si\/#\/schema\/person\/image\/","url":"https:\/\/secure.gravatar.com\/avatar\/e13d22ac3e442658d5025fbbe6238a79?s=96&d=mm&r=g","contentUrl":"https:\/\/secure.gravatar.com\/avatar\/e13d22ac3e442658d5025fbbe6238a79?s=96&d=mm&r=g","caption":"A. G., STA"},"url":"https:\/\/hudo.com\/si\/author\/alenka\/"}]}},"amp_enabled":true,"_links":{"self":[{"href":"https:\/\/hudo.com\/si\/wp-json\/wp\/v2\/posts\/445383"}],"collection":[{"href":"https:\/\/hudo.com\/si\/wp-json\/wp\/v2\/posts"}],"about":[{"href":"https:\/\/hudo.com\/si\/wp-json\/wp\/v2\/types\/post"}],"author":[{"embeddable":true,"href":"https:\/\/hudo.com\/si\/wp-json\/wp\/v2\/users\/5"}],"replies":[{"embeddable":true,"href":"https:\/\/hudo.com\/si\/wp-json\/wp\/v2\/comments?post=445383"}],"version-history":[{"count":1,"href":"https:\/\/hudo.com\/si\/wp-json\/wp\/v2\/posts\/445383\/revisions"}],"predecessor-version":[{"id":445385,"href":"https:\/\/hudo.com\/si\/wp-json\/wp\/v2\/posts\/445383\/revisions\/445385"}],"wp:featuredmedia":[{"embeddable":true,"href":"https:\/\/hudo.com\/si\/wp-json\/wp\/v2\/media\/445384"}],"wp:attachment":[{"href":"https:\/\/hudo.com\/si\/wp-json\/wp\/v2\/media?parent=445383"}],"wp:term":[{"taxonomy":"category","embeddable":true,"href":"https:\/\/hudo.com\/si\/wp-json\/wp\/v2\/categories?post=445383"},{"taxonomy":"post_tag","embeddable":true,"href":"https:\/\/hudo.com\/si\/wp-json\/wp\/v2\/tags?post=445383"},{"taxonomy":"source","embeddable":true,"href":"https:\/\/hudo.com\/si\/wp-json\/wp\/v2\/source?post=445383"},{"taxonomy":"supertag","embeddable":true,"href":"https:\/\/hudo.com\/si\/wp-json\/wp\/v2\/supertag?post=445383"}],"curies":[{"name":"wp","href":"https:\/\/api.w.org\/{rel}","templated":true}]}}