{"id":445477,"date":"2021-02-16T18:49:27","date_gmt":"2021-02-16T17:49:27","guid":{"rendered":"https:\/\/hudo.com\/si\/?p=445477"},"modified":"2021-02-16T18:49:27","modified_gmt":"2021-02-16T17:49:27","slug":"drzavni-zbor-je-izglasoval-spremembo-volilnih-okrajev","status":"publish","type":"post","link":"https:\/\/hudo.com\/si\/aktualno\/slovenija\/drzavni-zbor-je-izglasoval-spremembo-volilnih-okrajev\/","title":{"rendered":"Dr\u017eavni zbor je izglasoval spremembo volilnih okrajev"},"content":{"rendered":"<p>Spremembe v ni\u010demer ne spreminjajo obsega prve, druge in tretje volilne enote, vklju\u010dujejo pa spremembe v ostalih petih volilnih enotah. Znotraj slednjih zakon vsebuje spremembe pri skupno 15 volilnih okrajih.<\/p>\n<p>Tako se bo v volilni enoti Ljubljana &#8211; Be\u017eigrad volilni okraj Ribnica pove\u010dal za obmo\u010dje ob\u010dine Dobrepolje, volilni okraj Grosuplje pa se bo zmanj\u0161al tako, da bo obsegal le \u0161e ob\u010dino Grosuplje. Vzpostavil se bo nov okraj Ivan\u010dna Gorica, ki bo obsegal obmo\u010dje omenjene ob\u010dine, razen krajevne skupnosti Sobra\u010de.<\/p>\n<p>Sprememba v celjski volilni enoti obsega spremembo okraja \u017dalec II, ki se bo zmanj\u0161al za majhen del ob\u010dine Trbovlje.<\/p>\n<p>V volilni enoti Novo mesto se bo okraj Novo mesto I zmanj\u0161al za obmo\u010dje ob\u010dine \u0160kocjan, volilni okraj Trebnje pa se bo pove\u010dal za del ob\u010dine \u0160entrupert. Ta je bil doslej del volilnih okrajev Sevnica in Litija. Okraj Sevnica se bo pove\u010dal za ob\u010dino \u0160kocjan, zmanj\u0161al pa za del ob\u010dine \u0160entrupert.<\/p>\n<p>Volilni okraj Litija, ki je bil doslej del volilne enote Ljubljana &#8211; Be\u017eigrad, bo odslej sodil pod volilno enoto Novo mesto, pri \u010demer se bo zmanj\u0161al za del ob\u010dine \u0160entrupert. Okraj Trbovlje &#8211; Hrastnik pa se bo pove\u010dal za obmo\u010dje ob\u010dine Hrastnik, k temu okraju bodo dodali \u0161e manj\u0161i del ob\u010dine Trbovlje.<\/p>\n<p>Spremembe obsegajo tudi okraje v mariborski volilni enoti. Okraj Slovenska Bistrica se bo zmanj\u0161al za krajevne skupnosti Pragersko ter Spodnja in Zgornja Polskava, hkrati pa se bo za te krajevne skupnosti pove\u010dal okraj Maribor I. Volilni okraj Maribor III se bo zmanj\u0161al za del ob\u010dine Pesnica, ta del pa se bo priklju\u010dil ptujski volilni enoti, in sicer okraju Pesnica.<\/p>\n<p>Po navedbah predlagateljev zakona se bodo okraji spremenili tako, da se zmanj\u0161ajo razlike v velikosti volilnih okrajev po \u0161tevilu prebivalcev in se upo\u0161tevajo geografska zaokro\u017eenost ter skupne kulturne in druge zna\u010dilnosti volilnih okrajev.<\/p>\n<p>Po dosedanji ureditvi je bilo namre\u010d razmerje med najmanj\u0161im volilnim okrajem po \u0161tevilu prebivalcev (Hrastnik z 9214 prebivalcev) in najve\u010djim volilnim okrajem (Grosuplje s 40.813 prebivalcev) 1:3,73. Glede na danes sprejete spremembe pa je najve\u010dji volilni okraj Celje I s 36.150 prebivalci, najmanj\u0161i pa Ilirska Bistrica, ki ima 13.370 prebivalcev. Razmerje med njuno velikostjo je 1:2,7.<\/p>\n<p>Povpre\u010dno velika volilna enota v Sloveniji ima 23.324 prebivalcev, skupno odstopanje osmih volilnih enot od navedenega je 21,6 odstotka, torej povpre\u010dno 2,7 odstotka.<\/p>\n<p>DZ je namre\u010d po ve\u010d kot dveh letih, odkar je ustavno sodi\u0161\u010de ugotovilo neustavnost dela volilne zakonodaje, danes s 45 glasovi za in 28 proti sprejel novelo zakona o dolo\u010ditvi volilnih enot, ki spreminja meje nekaterih volilnih okrajev. Odlo\u010ditev je bila sprejeta brez konsenza poslancev o tem, ali spremembe dejansko odpravljajo ugotovljeno neustavnost.<\/p>\n","protected":false},"excerpt":{"rendered":"<p>Z danes sprejeto novelo zakona o dolo\u010ditvi volilnih enot za volitve poslancev v DZ se bodo spremenila obmo\u010dja 15 volilnih okrajev v petih volilnih enotah. Najve\u010d sprememb se obeta v volilni enoti Novo mesto, v dveh primerih pa se bosta volilna okraja preselila v drugo volilno enoto.<\/p>\n","protected":false},"author":7,"featured_media":174597,"comment_status":"closed","ping_status":"closed","sticky":false,"template":"","format":"standard","meta":{"footnotes":""},"categories":[18201],"tags":[4617,1595],"source":[4511],"supertag":[5675],"acf":[],"yoast_head":"<!-- This site is optimized with the Yoast SEO plugin v21.3 - https:\/\/yoast.com\/wordpress\/plugins\/seo\/ -->\n<title>Dr\u017eavni zbor je izglasoval spremembo volilnih okrajev - Hudo Slovenija<\/title>\n<meta name=\"robots\" content=\"index, follow, max-snippet:-1, max-image-preview:large, max-video-preview:-1\" \/>\n<link rel=\"canonical\" href=\"https:\/\/hudo.com\/si\/aktualno\/slovenija\/drzavni-zbor-je-izglasoval-spremembo-volilnih-okrajev\/\" \/>\n<meta property=\"og:locale\" content=\"sl_SI\" \/>\n<meta property=\"og:type\" content=\"article\" \/>\n<meta property=\"og:title\" content=\"Dr\u017eavni zbor je izglasoval spremembo volilnih okrajev - Hudo Slovenija\" \/>\n<meta property=\"og:description\" content=\"Z danes sprejeto novelo zakona o dolo\u010ditvi volilnih enot za volitve poslancev v DZ se bodo spremenila obmo\u010dja 15 volilnih okrajev v petih volilnih enotah. Najve\u010d sprememb se obeta v volilni enoti Novo mesto, v dveh primerih pa se bosta volilna okraja preselila v drugo volilno enoto.\" \/>\n<meta property=\"og:url\" content=\"https:\/\/hudo.com\/si\/aktualno\/slovenija\/drzavni-zbor-je-izglasoval-spremembo-volilnih-okrajev\/\" \/>\n<meta property=\"og:site_name\" content=\"Hudo Slovenija\" \/>\n<meta property=\"article:publisher\" content=\"https:\/\/www.facebook.com\/hudo.si\" \/>\n<meta property=\"article:published_time\" content=\"2021-02-16T17:49:27+00:00\" \/>\n<meta property=\"og:image\" content=\"https:\/\/hudo.com\/si\/wp-content\/uploads\/sites\/2\/2016\/11\/profimedia-0004770752.jpg\" \/>\n\t<meta property=\"og:image:width\" content=\"1250\" \/>\n\t<meta property=\"og:image:height\" content=\"803\" \/>\n\t<meta property=\"og:image:type\" content=\"image\/jpeg\" \/>\n<meta name=\"author\" content=\"A. P., STA\" \/>\n<meta name=\"twitter:card\" content=\"summary_large_image\" \/>\n<meta name=\"twitter:creator\" content=\"@hudo_si\" \/>\n<meta name=\"twitter:site\" content=\"@hudo_si\" \/>\n<meta name=\"twitter:label1\" content=\"Written by\" \/>\n\t<meta name=\"twitter:data1\" content=\"A. P., STA\" \/>\n\t<meta name=\"twitter:label2\" content=\"Est. reading time\" \/>\n\t<meta name=\"twitter:data2\" content=\"2 minuti\" \/>\n<script type=\"application\/ld+json\" class=\"yoast-schema-graph\">{\"@context\":\"https:\/\/schema.org\",\"@graph\":[{\"@type\":\"Article\",\"@id\":\"https:\/\/hudo.com\/si\/aktualno\/slovenija\/drzavni-zbor-je-izglasoval-spremembo-volilnih-okrajev\/#article\",\"isPartOf\":{\"@id\":\"https:\/\/hudo.com\/si\/aktualno\/slovenija\/drzavni-zbor-je-izglasoval-spremembo-volilnih-okrajev\/\"},\"author\":{\"name\":\"A. P., STA\",\"@id\":\"https:\/\/hudo.com\/si\/#\/schema\/person\/18f09c02475ba9e606e941a565b80cff\"},\"headline\":\"Dr\u017eavni zbor je izglasoval spremembo volilnih okrajev\",\"datePublished\":\"2021-02-16T17:49:27+00:00\",\"dateModified\":\"2021-02-16T17:49:27+00:00\",\"mainEntityOfPage\":{\"@id\":\"https:\/\/hudo.com\/si\/aktualno\/slovenija\/drzavni-zbor-je-izglasoval-spremembo-volilnih-okrajev\/\"},\"wordCount\":470,\"publisher\":{\"@id\":\"https:\/\/hudo.com\/si\/#organization\"},\"keywords\":[\"DZ\",\"Slovenija\"],\"articleSection\":[\"Slovenija\"],\"inLanguage\":\"sl-SI\"},{\"@type\":\"WebPage\",\"@id\":\"https:\/\/hudo.com\/si\/aktualno\/slovenija\/drzavni-zbor-je-izglasoval-spremembo-volilnih-okrajev\/\",\"url\":\"https:\/\/hudo.com\/si\/aktualno\/slovenija\/drzavni-zbor-je-izglasoval-spremembo-volilnih-okrajev\/\",\"name\":\"Dr\u017eavni zbor je izglasoval spremembo volilnih okrajev - Hudo Slovenija\",\"isPartOf\":{\"@id\":\"https:\/\/hudo.com\/si\/#website\"},\"datePublished\":\"2021-02-16T17:49:27+00:00\",\"dateModified\":\"2021-02-16T17:49:27+00:00\",\"breadcrumb\":{\"@id\":\"https:\/\/hudo.com\/si\/aktualno\/slovenija\/drzavni-zbor-je-izglasoval-spremembo-volilnih-okrajev\/#breadcrumb\"},\"inLanguage\":\"sl-SI\",\"potentialAction\":[{\"@type\":\"ReadAction\",\"target\":[\"https:\/\/hudo.com\/si\/aktualno\/slovenija\/drzavni-zbor-je-izglasoval-spremembo-volilnih-okrajev\/\"]}]},{\"@type\":\"BreadcrumbList\",\"@id\":\"https:\/\/hudo.com\/si\/aktualno\/slovenija\/drzavni-zbor-je-izglasoval-spremembo-volilnih-okrajev\/#breadcrumb\",\"itemListElement\":[{\"@type\":\"ListItem\",\"position\":1,\"name\":\"Home\",\"item\":\"https:\/\/hudo.com\/si\/\"},{\"@type\":\"ListItem\",\"position\":2,\"name\":\"Dr\u017eavni zbor je izglasoval spremembo volilnih okrajev\"}]},{\"@type\":\"WebSite\",\"@id\":\"https:\/\/hudo.com\/si\/#website\",\"url\":\"https:\/\/hudo.com\/si\/\",\"name\":\"Hudo Slovenija\",\"description\":\"Vse novice iz Slovenije in sveta\",\"publisher\":{\"@id\":\"https:\/\/hudo.com\/si\/#organization\"},\"potentialAction\":[{\"@type\":\"SearchAction\",\"target\":{\"@type\":\"EntryPoint\",\"urlTemplate\":\"https:\/\/hudo.com\/si\/?s={search_term_string}\"},\"query-input\":\"required name=search_term_string\"}],\"inLanguage\":\"sl-SI\"},{\"@type\":\"Organization\",\"@id\":\"https:\/\/hudo.com\/si\/#organization\",\"name\":\"VSN Media\",\"url\":\"https:\/\/hudo.com\/si\/\",\"logo\":{\"@type\":\"ImageObject\",\"inLanguage\":\"sl-SI\",\"@id\":\"https:\/\/hudo.com\/si\/#\/schema\/logo\/image\/\",\"url\":\"https:\/\/hudo.com\/si\/wp-content\/uploads\/sites\/2\/2021\/03\/hudo-app-2.png\",\"contentUrl\":\"https:\/\/hudo.com\/si\/wp-content\/uploads\/sites\/2\/2021\/03\/hudo-app-2.png\",\"width\":2185,\"height\":2167,\"caption\":\"VSN Media\"},\"image\":{\"@id\":\"https:\/\/hudo.com\/si\/#\/schema\/logo\/image\/\"},\"sameAs\":[\"https:\/\/www.facebook.com\/hudo.si\",\"https:\/\/twitter.com\/hudo_si\"]},{\"@type\":\"Person\",\"@id\":\"https:\/\/hudo.com\/si\/#\/schema\/person\/18f09c02475ba9e606e941a565b80cff\",\"name\":\"A. P., STA\",\"image\":{\"@type\":\"ImageObject\",\"inLanguage\":\"sl-SI\",\"@id\":\"https:\/\/hudo.com\/si\/#\/schema\/person\/image\/\",\"url\":\"https:\/\/secure.gravatar.com\/avatar\/03eac8e609f5f04383125d80eaeaaf3e?s=96&d=mm&r=g\",\"contentUrl\":\"https:\/\/secure.gravatar.com\/avatar\/03eac8e609f5f04383125d80eaeaaf3e?s=96&d=mm&r=g\",\"caption\":\"A. P., STA\"},\"url\":\"https:\/\/hudo.com\/si\/author\/lubu\/\"}]}<\/script>\n<!-- \/ Yoast SEO plugin. -->","yoast_head_json":{"title":"Dr\u017eavni zbor je izglasoval spremembo volilnih okrajev - Hudo Slovenija","robots":{"index":"index","follow":"follow","max-snippet":"max-snippet:-1","max-image-preview":"max-image-preview:large","max-video-preview":"max-video-preview:-1"},"canonical":"https:\/\/hudo.com\/si\/aktualno\/slovenija\/drzavni-zbor-je-izglasoval-spremembo-volilnih-okrajev\/","og_locale":"sl_SI","og_type":"article","og_title":"Dr\u017eavni zbor je izglasoval spremembo volilnih okrajev - Hudo Slovenija","og_description":"Z danes sprejeto novelo zakona o dolo\u010ditvi volilnih enot za volitve poslancev v DZ se bodo spremenila obmo\u010dja 15 volilnih okrajev v petih volilnih enotah. Najve\u010d sprememb se obeta v volilni enoti Novo mesto, v dveh primerih pa se bosta volilna okraja preselila v drugo volilno enoto.","og_url":"https:\/\/hudo.com\/si\/aktualno\/slovenija\/drzavni-zbor-je-izglasoval-spremembo-volilnih-okrajev\/","og_site_name":"Hudo Slovenija","article_publisher":"https:\/\/www.facebook.com\/hudo.si","article_published_time":"2021-02-16T17:49:27+00:00","og_image":[{"width":1250,"height":803,"url":"https:\/\/hudo.com\/si\/wp-content\/uploads\/sites\/2\/2016\/11\/profimedia-0004770752.jpg","type":"image\/jpeg"}],"author":"A. P., STA","twitter_card":"summary_large_image","twitter_creator":"@hudo_si","twitter_site":"@hudo_si","twitter_misc":{"Written by":"A. P., STA","Est. reading time":"2 minuti"},"schema":{"@context":"https:\/\/schema.org","@graph":[{"@type":"Article","@id":"https:\/\/hudo.com\/si\/aktualno\/slovenija\/drzavni-zbor-je-izglasoval-spremembo-volilnih-okrajev\/#article","isPartOf":{"@id":"https:\/\/hudo.com\/si\/aktualno\/slovenija\/drzavni-zbor-je-izglasoval-spremembo-volilnih-okrajev\/"},"author":{"name":"A. P., STA","@id":"https:\/\/hudo.com\/si\/#\/schema\/person\/18f09c02475ba9e606e941a565b80cff"},"headline":"Dr\u017eavni zbor je izglasoval spremembo volilnih okrajev","datePublished":"2021-02-16T17:49:27+00:00","dateModified":"2021-02-16T17:49:27+00:00","mainEntityOfPage":{"@id":"https:\/\/hudo.com\/si\/aktualno\/slovenija\/drzavni-zbor-je-izglasoval-spremembo-volilnih-okrajev\/"},"wordCount":470,"publisher":{"@id":"https:\/\/hudo.com\/si\/#organization"},"keywords":["DZ","Slovenija"],"articleSection":["Slovenija"],"inLanguage":"sl-SI"},{"@type":"WebPage","@id":"https:\/\/hudo.com\/si\/aktualno\/slovenija\/drzavni-zbor-je-izglasoval-spremembo-volilnih-okrajev\/","url":"https:\/\/hudo.com\/si\/aktualno\/slovenija\/drzavni-zbor-je-izglasoval-spremembo-volilnih-okrajev\/","name":"Dr\u017eavni zbor je izglasoval spremembo volilnih okrajev - Hudo Slovenija","isPartOf":{"@id":"https:\/\/hudo.com\/si\/#website"},"datePublished":"2021-02-16T17:49:27+00:00","dateModified":"2021-02-16T17:49:27+00:00","breadcrumb":{"@id":"https:\/\/hudo.com\/si\/aktualno\/slovenija\/drzavni-zbor-je-izglasoval-spremembo-volilnih-okrajev\/#breadcrumb"},"inLanguage":"sl-SI","potentialAction":[{"@type":"ReadAction","target":["https:\/\/hudo.com\/si\/aktualno\/slovenija\/drzavni-zbor-je-izglasoval-spremembo-volilnih-okrajev\/"]}]},{"@type":"BreadcrumbList","@id":"https:\/\/hudo.com\/si\/aktualno\/slovenija\/drzavni-zbor-je-izglasoval-spremembo-volilnih-okrajev\/#breadcrumb","itemListElement":[{"@type":"ListItem","position":1,"name":"Home","item":"https:\/\/hudo.com\/si\/"},{"@type":"ListItem","position":2,"name":"Dr\u017eavni zbor je izglasoval spremembo volilnih okrajev"}]},{"@type":"WebSite","@id":"https:\/\/hudo.com\/si\/#website","url":"https:\/\/hudo.com\/si\/","name":"Hudo Slovenija","description":"Vse novice iz Slovenije in sveta","publisher":{"@id":"https:\/\/hudo.com\/si\/#organization"},"potentialAction":[{"@type":"SearchAction","target":{"@type":"EntryPoint","urlTemplate":"https:\/\/hudo.com\/si\/?s={search_term_string}"},"query-input":"required name=search_term_string"}],"inLanguage":"sl-SI"},{"@type":"Organization","@id":"https:\/\/hudo.com\/si\/#organization","name":"VSN Media","url":"https:\/\/hudo.com\/si\/","logo":{"@type":"ImageObject","inLanguage":"sl-SI","@id":"https:\/\/hudo.com\/si\/#\/schema\/logo\/image\/","url":"https:\/\/hudo.com\/si\/wp-content\/uploads\/sites\/2\/2021\/03\/hudo-app-2.png","contentUrl":"https:\/\/hudo.com\/si\/wp-content\/uploads\/sites\/2\/2021\/03\/hudo-app-2.png","width":2185,"height":2167,"caption":"VSN Media"},"image":{"@id":"https:\/\/hudo.com\/si\/#\/schema\/logo\/image\/"},"sameAs":["https:\/\/www.facebook.com\/hudo.si","https:\/\/twitter.com\/hudo_si"]},{"@type":"Person","@id":"https:\/\/hudo.com\/si\/#\/schema\/person\/18f09c02475ba9e606e941a565b80cff","name":"A. P., STA","image":{"@type":"ImageObject","inLanguage":"sl-SI","@id":"https:\/\/hudo.com\/si\/#\/schema\/person\/image\/","url":"https:\/\/secure.gravatar.com\/avatar\/03eac8e609f5f04383125d80eaeaaf3e?s=96&d=mm&r=g","contentUrl":"https:\/\/secure.gravatar.com\/avatar\/03eac8e609f5f04383125d80eaeaaf3e?s=96&d=mm&r=g","caption":"A. P., STA"},"url":"https:\/\/hudo.com\/si\/author\/lubu\/"}]}},"amp_enabled":true,"_links":{"self":[{"href":"https:\/\/hudo.com\/si\/wp-json\/wp\/v2\/posts\/445477"}],"collection":[{"href":"https:\/\/hudo.com\/si\/wp-json\/wp\/v2\/posts"}],"about":[{"href":"https:\/\/hudo.com\/si\/wp-json\/wp\/v2\/types\/post"}],"author":[{"embeddable":true,"href":"https:\/\/hudo.com\/si\/wp-json\/wp\/v2\/users\/7"}],"replies":[{"embeddable":true,"href":"https:\/\/hudo.com\/si\/wp-json\/wp\/v2\/comments?post=445477"}],"version-history":[{"count":1,"href":"https:\/\/hudo.com\/si\/wp-json\/wp\/v2\/posts\/445477\/revisions"}],"predecessor-version":[{"id":445478,"href":"https:\/\/hudo.com\/si\/wp-json\/wp\/v2\/posts\/445477\/revisions\/445478"}],"wp:featuredmedia":[{"embeddable":true,"href":"https:\/\/hudo.com\/si\/wp-json\/wp\/v2\/media\/174597"}],"wp:attachment":[{"href":"https:\/\/hudo.com\/si\/wp-json\/wp\/v2\/media?parent=445477"}],"wp:term":[{"taxonomy":"category","embeddable":true,"href":"https:\/\/hudo.com\/si\/wp-json\/wp\/v2\/categories?post=445477"},{"taxonomy":"post_tag","embeddable":true,"href":"https:\/\/hudo.com\/si\/wp-json\/wp\/v2\/tags?post=445477"},{"taxonomy":"source","embeddable":true,"href":"https:\/\/hudo.com\/si\/wp-json\/wp\/v2\/source?post=445477"},{"taxonomy":"supertag","embeddable":true,"href":"https:\/\/hudo.com\/si\/wp-json\/wp\/v2\/supertag?post=445477"}],"curies":[{"name":"wp","href":"https:\/\/api.w.org\/{rel}","templated":true}]}}