{"id":445737,"date":"2021-02-19T13:51:10","date_gmt":"2021-02-19T12:51:10","guid":{"rendered":"https:\/\/hudo.com\/si\/?p=445737"},"modified":"2021-02-21T09:19:31","modified_gmt":"2021-02-21T08:19:31","slug":"fotografija-z-nosecniskim-trebuhom-razkrila-harryjevo-zdravstveno-tezavo","status":"publish","type":"post","link":"https:\/\/hudo.com\/si\/vip\/fotografija-z-nosecniskim-trebuhom-razkrila-harryjevo-zdravstveno-tezavo\/","title":{"rendered":"Fotografija z nose\u010dni\u0161kim trebu\u0161\u010dkom razkrila Harryjevo zdravstveno te\u017eavo"},"content":{"rendered":"<p>&#8220;Meghan Markle in princ Harry pri\u010dakujeta \u0161e enega otroka,&#8221; je novica, ki je v nedeljo zve\u010der odmevala v tujih in doma\u010dih medijih. Kraljevi par, ki se je pred letom dni odlo\u010dil, da bo sre\u010do poiskal v Ameriki, stran od radovednih paparacev in javnosti, je veselo novico o \u0161iritvi dru\u017eine razkril na nekonvencionalen na\u010din za pripadnike modre krvi &#8211; delil je fotografijo, na kateri zaljubljeno pozirata in kjer je bil v ospredju Meghanin nose\u010dni\u0161ki trebu\u0161\u010dek.<\/p>\n<blockquote class=\"instagram-media\" style=\"background: #FFF; border: 0; border-radius: 3px; box-shadow: 0 0 1px 0 rgba(0,0,0,0.5),0 1px 10px 0 rgba(0,0,0,0.15); margin: 1px; max-width: 540px; min-width: 326px; padding: 0; width: calc(100% - 2px);\" data-instgrm-permalink=\"https:\/\/www.instagram.com\/p\/CLSL_aqARfv\/?utm_source=ig_embed&amp;utm_campaign=loading\" data-instgrm-version=\"13\">\n<div style=\"padding: 16px;\">\n<p>&nbsp;<\/p>\n<div style=\"display: flex; flex-direction: row; align-items: center;\">\n<div style=\"background-color: #f4f4f4; border-radius: 50%; flex-grow: 0; height: 40px; margin-right: 14px; width: 40px;\"><\/div>\n<div style=\"display: flex; flex-direction: column; flex-grow: 1; justify-content: center;\">\n<div style=\"background-color: #f4f4f4; border-radius: 4px; flex-grow: 0; height: 14px; margin-bottom: 6px; width: 100px;\"><\/div>\n<div style=\"background-color: #f4f4f4; border-radius: 4px; flex-grow: 0; height: 14px; width: 60px;\"><\/div>\n<\/div>\n<\/div>\n<div style=\"padding: 19% 0;\"><\/div>\n<div style=\"display: block; height: 50px; margin: 0 auto 12px; width: 50px;\"><\/div>\n<div style=\"padding-top: 8px;\">\n<div style=\"color: #3897f0; font-family: Arial,sans-serif; font-size: 14px; font-style: normal; font-weight: 550; line-height: 18px;\">View this post on Instagram<\/div>\n<\/div>\n<div style=\"padding: 12.5% 0;\"><\/div>\n<div style=\"display: flex; flex-direction: row; margin-bottom: 14px; align-items: center;\">\n<div>\n<div style=\"background-color: #f4f4f4; border-radius: 50%; height: 12.5px; width: 12.5px; transform: translateX(0px) translateY(7px);\"><\/div>\n<div style=\"background-color: #f4f4f4; height: 12.5px; transform: rotate(-45deg) translateX(3px) translateY(1px); width: 12.5px; flex-grow: 0; margin-right: 14px; margin-left: 2px;\"><\/div>\n<div style=\"background-color: #f4f4f4; border-radius: 50%; height: 12.5px; width: 12.5px; transform: translateX(9px) translateY(-18px);\"><\/div>\n<\/div>\n<div style=\"margin-left: 8px;\">\n<div style=\"background-color: #f4f4f4; border-radius: 50%; flex-grow: 0; height: 20px; width: 20px;\"><\/div>\n<div style=\"width: 0; height: 0; border-top: 2px solid transparent; border-left: 6px solid #f4f4f4; border-bottom: 2px solid transparent; transform: translateX(16px) translateY(-4px) rotate(30deg);\"><\/div>\n<\/div>\n<div style=\"margin-left: auto;\">\n<div style=\"width: 0px; border-top: 8px solid #F4F4F4; border-right: 8px solid transparent; transform: translateY(16px);\"><\/div>\n<div style=\"background-color: #f4f4f4; flex-grow: 0; height: 12px; width: 16px; transform: translateY(-4px);\"><\/div>\n<div style=\"width: 0; height: 0; border-top: 8px solid #F4F4F4; border-left: 8px solid transparent; transform: translateY(-4px) translateX(8px);\"><\/div>\n<\/div>\n<\/div>\n<div style=\"display: flex; flex-direction: column; flex-grow: 1; justify-content: center; margin-bottom: 24px;\">\n<div style=\"background-color: #f4f4f4; border-radius: 4px; flex-grow: 0; height: 14px; margin-bottom: 6px; width: 224px;\"><\/div>\n<div style=\"background-color: #f4f4f4; border-radius: 4px; flex-grow: 0; height: 14px; width: 144px;\"><\/div>\n<\/div>\n<p>&nbsp;<\/p>\n<p style=\"color: #c9c8cd; font-family: Arial,sans-serif; font-size: 14px; line-height: 17px; margin-bottom: 0; margin-top: 8px; overflow: hidden; padding: 8px 0 7px; text-align: center; text-overflow: ellipsis; white-space: nowrap;\"><a style=\"color: #c9c8cd; font-family: Arial,sans-serif; font-size: 14px; font-style: normal; font-weight: normal; line-height: 17px; text-decoration: none;\" href=\"https:\/\/www.instagram.com\/p\/CLSL_aqARfv\/?utm_source=ig_embed&amp;utm_campaign=loading\" target=\"_blank\" rel=\"noopener noreferrer\">A post shared by Misan Harriman (@misanharriman)<\/a><\/p>\n<\/div>\n<\/blockquote>\n<p><div class=\"embed-notice\">Za ogled vstavljene vsebine morate omogo\u010diti <a href=\"#\" onclick=\"Optanon.ToggleInfoDisplay()\">shranjevanje pi\u0161kotkov v napravi<\/a><\/div><script async type=\"text\/plain\" class=\"optanon-category-C0002-C0003-C0004\" optanon-src=\"\/\/www.instagram.com\/embed.js\"><\/script><\/p>\n<p>Za \u010drno-belo fotografijo stoji Misan Harriman, ki jo je objavil tudi na svojem Instagram profilu, javnost pa je po pri\u010dakovanjih kmalu za\u010dela podrobno analizirati vsak segment fotografije. In potem, ko so po velikosti Meghaninega trebu\u0161\u010dka pri\u0161li do zaklju\u010dka, kdaj naj bi se drugi dojen\u010dek rodil, je zdaj na vrsto pri\u0161el \u0161e 36-letni princ, natan\u010dneje njegova stopala.<\/p>\n<figure id=\"attachment_432980\" aria-describedby=\"caption-attachment-432980\" style=\"width: 1024px\" class=\"wp-caption alignnone\"><a href=\"https:\/\/hudo.com\/si\/wp-content\/uploads\/sites\/2\/2020\/09\/profimedia-0547229640.jpg\"><img loading=\"lazy\" decoding=\"async\" class=\"size-large wp-image-432980\" src=\"https:\/\/hudo.com\/si\/wp-content\/uploads\/sites\/2\/2020\/09\/profimedia-0547229640-1024x774.jpg\" alt=\"princ harry se vra\u010da v veliko britanijo\" width=\"1024\" height=\"774\" srcset=\"https:\/\/hudo.com\/si\/wp-content\/uploads\/sites\/2\/2020\/09\/profimedia-0547229640-1024x774.jpg 1024w, https:\/\/hudo.com\/si\/wp-content\/uploads\/sites\/2\/2020\/09\/profimedia-0547229640-300x227.jpg 300w, https:\/\/hudo.com\/si\/wp-content\/uploads\/sites\/2\/2020\/09\/profimedia-0547229640-768x581.jpg 768w, https:\/\/hudo.com\/si\/wp-content\/uploads\/sites\/2\/2020\/09\/profimedia-0547229640-600x454.jpg 600w, https:\/\/hudo.com\/si\/wp-content\/uploads\/sites\/2\/2020\/09\/profimedia-0547229640.jpg 1250w\" sizes=\"(max-width: 1024px) 100vw, 1024px\" \/><\/a><figcaption id=\"caption-attachment-432980\" class=\"wp-caption-text\">Foto: Profimedia<\/figcaption><\/figure>\n<p>Namre\u010d, novica, da bo leto in pol star Archie kmalu postal starej\u0161i brat, je povsem padla v drugi plan, ko so nekateri uporabniki Twitterja na fotografiji opazili, kako britanski princ na fotografiji pozira z umazanimi stopali. &#8220;Pred fotografiranjem bi si jih lahko vsaj umil,&#8221; se glasi eden od komentarjev namenjen Harryju, ki na sporni fotografiji pozira bos, ko s svojo nose\u010do \u017eeno sedi na travi.<\/p>\n<figure id=\"attachment_431973\" aria-describedby=\"caption-attachment-431973\" style=\"width: 1024px\" class=\"wp-caption alignnone\"><a href=\"https:\/\/hudo.com\/si\/wp-content\/uploads\/sites\/2\/2020\/09\/profimedia-0493488692.jpg\"><img loading=\"lazy\" decoding=\"async\" class=\"size-large wp-image-431973\" src=\"https:\/\/hudo.com\/si\/wp-content\/uploads\/sites\/2\/2020\/09\/profimedia-0493488692-1024x693.jpg\" alt=\"\" width=\"1024\" height=\"693\" srcset=\"https:\/\/hudo.com\/si\/wp-content\/uploads\/sites\/2\/2020\/09\/profimedia-0493488692-1024x693.jpg 1024w, https:\/\/hudo.com\/si\/wp-content\/uploads\/sites\/2\/2020\/09\/profimedia-0493488692-300x203.jpg 300w, https:\/\/hudo.com\/si\/wp-content\/uploads\/sites\/2\/2020\/09\/profimedia-0493488692-768x520.jpg 768w, https:\/\/hudo.com\/si\/wp-content\/uploads\/sites\/2\/2020\/09\/profimedia-0493488692-600x406.jpg 600w, https:\/\/hudo.com\/si\/wp-content\/uploads\/sites\/2\/2020\/09\/profimedia-0493488692.jpg 1250w\" sizes=\"(max-width: 1024px) 100vw, 1024px\" \/><\/a><figcaption id=\"caption-attachment-431973\" class=\"wp-caption-text\">Foto: Profimedia<\/figcaption><\/figure>\n<p>Nekateri uporabniki dru\u017ebenega omre\u017eja pa so Harryju poleg kritik na ra\u010dun higiene svetovali, da bi bilo dobro obiskati ortopeda. Kot je za Daily Mail pojasnila ortopedinja Dina Gohil, je s pove\u010devanjem prin\u010devih nog razvidno, da ima Harry blago deformacijo palca. Hallux valgus oziroma izkrivljeni no\u017eni palec, se pogosteje pojavlja pri \u017eenskah, in sicer zaradi no\u0161enja pete in ozkih \u010devljev, sode\u010d po fotografiji, pa tudi 36-letnega princa ta te\u017eava ni zaob\u0161la.<\/p>\n<figure id=\"attachment_422234\" aria-describedby=\"caption-attachment-422234\" style=\"width: 1024px\" class=\"wp-caption alignnone\"><a href=\"https:\/\/hudo.com\/si\/wp-content\/uploads\/sites\/2\/2020\/05\/profimedia-0501686438.jpg\"><img loading=\"lazy\" decoding=\"async\" class=\"size-large wp-image-422234\" src=\"https:\/\/hudo.com\/si\/wp-content\/uploads\/sites\/2\/2020\/05\/profimedia-0501686438-1024x682.jpg\" alt=\"harry zapu\u0161\u010da meghan\" width=\"1024\" height=\"682\" srcset=\"https:\/\/hudo.com\/si\/wp-content\/uploads\/sites\/2\/2020\/05\/profimedia-0501686438-1024x682.jpg 1024w, https:\/\/hudo.com\/si\/wp-content\/uploads\/sites\/2\/2020\/05\/profimedia-0501686438-300x200.jpg 300w, https:\/\/hudo.com\/si\/wp-content\/uploads\/sites\/2\/2020\/05\/profimedia-0501686438-768x512.jpg 768w, https:\/\/hudo.com\/si\/wp-content\/uploads\/sites\/2\/2020\/05\/profimedia-0501686438-600x400.jpg 600w, https:\/\/hudo.com\/si\/wp-content\/uploads\/sites\/2\/2020\/05\/profimedia-0501686438.jpg 1250w\" sizes=\"(max-width: 1024px) 100vw, 1024px\" \/><\/a><figcaption id=\"caption-attachment-422234\" class=\"wp-caption-text\">Foto: Profimedia<\/figcaption><\/figure>\n","protected":false},"excerpt":{"rendered":"<p>Novica, da bo leto in pol star Archie kmalu postal starej\u0161i brat, je popolnoma padla v ozadje, ko so nekateri uporabniki Twitterja na 36-letnem princu opazili to podrobnost.<\/p>\n","protected":false},"author":6,"featured_media":445746,"comment_status":"closed","ping_status":"closed","sticky":false,"template":"","format":"standard","meta":{"footnotes":""},"categories":[1093],"tags":[3240],"source":[4511],"supertag":[],"acf":[],"yoast_head":"<!-- This site is optimized with the Yoast SEO plugin v21.3 - https:\/\/yoast.com\/wordpress\/plugins\/seo\/ -->\n<title>Fotografija z nose\u010dni\u0161kim trebu\u0161\u010dkom razkrila Harryjevo zdravstveno te\u017eavo - Hudo Slovenija<\/title>\n<meta name=\"robots\" content=\"index, follow, max-snippet:-1, max-image-preview:large, max-video-preview:-1\" \/>\n<link rel=\"canonical\" href=\"https:\/\/hudo.com\/si\/vip\/fotografija-z-nosecniskim-trebuhom-razkrila-harryjevo-zdravstveno-tezavo\/\" \/>\n<meta property=\"og:locale\" content=\"sl_SI\" \/>\n<meta property=\"og:type\" content=\"article\" \/>\n<meta property=\"og:title\" content=\"Fotografija z nose\u010dni\u0161kim trebu\u0161\u010dkom razkrila Harryjevo zdravstveno te\u017eavo - Hudo Slovenija\" \/>\n<meta property=\"og:description\" content=\"Novica, da bo leto in pol star Archie kmalu postal starej\u0161i brat, je popolnoma padla v ozadje, ko so nekateri uporabniki Twitterja na 36-letnem princu opazili to podrobnost.\" \/>\n<meta property=\"og:url\" content=\"https:\/\/hudo.com\/si\/vip\/fotografija-z-nosecniskim-trebuhom-razkrila-harryjevo-zdravstveno-tezavo\/\" \/>\n<meta property=\"og:site_name\" content=\"Hudo Slovenija\" \/>\n<meta property=\"article:publisher\" content=\"https:\/\/www.facebook.com\/hudo.si\" \/>\n<meta property=\"article:published_time\" content=\"2021-02-19T12:51:10+00:00\" \/>\n<meta property=\"article:modified_time\" content=\"2021-02-21T08:19:31+00:00\" \/>\n<meta property=\"og:image\" content=\"https:\/\/hudo.com\/si\/wp-content\/uploads\/sites\/2\/2021\/02\/profimedia-0478877390.jpg\" \/>\n\t<meta property=\"og:image:width\" content=\"1250\" \/>\n\t<meta property=\"og:image:height\" content=\"833\" \/>\n\t<meta property=\"og:image:type\" content=\"image\/jpeg\" \/>\n<meta name=\"author\" content=\"A. G.\" \/>\n<meta name=\"twitter:card\" content=\"summary_large_image\" \/>\n<meta name=\"twitter:creator\" content=\"@hudo_si\" \/>\n<meta name=\"twitter:site\" content=\"@hudo_si\" \/>\n<meta name=\"twitter:label1\" content=\"Written by\" \/>\n\t<meta name=\"twitter:data1\" content=\"A. G.\" \/>\n\t<meta name=\"twitter:label2\" content=\"Est. reading time\" \/>\n\t<meta name=\"twitter:data2\" content=\"2 minuti\" \/>\n<script type=\"application\/ld+json\" class=\"yoast-schema-graph\">{\"@context\":\"https:\/\/schema.org\",\"@graph\":[{\"@type\":\"Article\",\"@id\":\"https:\/\/hudo.com\/si\/vip\/fotografija-z-nosecniskim-trebuhom-razkrila-harryjevo-zdravstveno-tezavo\/#article\",\"isPartOf\":{\"@id\":\"https:\/\/hudo.com\/si\/vip\/fotografija-z-nosecniskim-trebuhom-razkrila-harryjevo-zdravstveno-tezavo\/\"},\"author\":{\"name\":\"A. G.\",\"@id\":\"https:\/\/hudo.com\/si\/#\/schema\/person\/f95639a66e0dd2c682b0568634e85b8b\"},\"headline\":\"Fotografija z nose\u010dni\u0161kim trebu\u0161\u010dkom razkrila Harryjevo zdravstveno te\u017eavo\",\"datePublished\":\"2021-02-19T12:51:10+00:00\",\"dateModified\":\"2021-02-21T08:19:31+00:00\",\"mainEntityOfPage\":{\"@id\":\"https:\/\/hudo.com\/si\/vip\/fotografija-z-nosecniskim-trebuhom-razkrila-harryjevo-zdravstveno-tezavo\/\"},\"wordCount\":347,\"publisher\":{\"@id\":\"https:\/\/hudo.com\/si\/#organization\"},\"keywords\":[\"princ Harry\"],\"articleSection\":[\"VIP\"],\"inLanguage\":\"sl-SI\"},{\"@type\":\"WebPage\",\"@id\":\"https:\/\/hudo.com\/si\/vip\/fotografija-z-nosecniskim-trebuhom-razkrila-harryjevo-zdravstveno-tezavo\/\",\"url\":\"https:\/\/hudo.com\/si\/vip\/fotografija-z-nosecniskim-trebuhom-razkrila-harryjevo-zdravstveno-tezavo\/\",\"name\":\"Fotografija z nose\u010dni\u0161kim trebu\u0161\u010dkom razkrila Harryjevo zdravstveno te\u017eavo - Hudo Slovenija\",\"isPartOf\":{\"@id\":\"https:\/\/hudo.com\/si\/#website\"},\"datePublished\":\"2021-02-19T12:51:10+00:00\",\"dateModified\":\"2021-02-21T08:19:31+00:00\",\"breadcrumb\":{\"@id\":\"https:\/\/hudo.com\/si\/vip\/fotografija-z-nosecniskim-trebuhom-razkrila-harryjevo-zdravstveno-tezavo\/#breadcrumb\"},\"inLanguage\":\"sl-SI\",\"potentialAction\":[{\"@type\":\"ReadAction\",\"target\":[\"https:\/\/hudo.com\/si\/vip\/fotografija-z-nosecniskim-trebuhom-razkrila-harryjevo-zdravstveno-tezavo\/\"]}]},{\"@type\":\"BreadcrumbList\",\"@id\":\"https:\/\/hudo.com\/si\/vip\/fotografija-z-nosecniskim-trebuhom-razkrila-harryjevo-zdravstveno-tezavo\/#breadcrumb\",\"itemListElement\":[{\"@type\":\"ListItem\",\"position\":1,\"name\":\"Home\",\"item\":\"https:\/\/hudo.com\/si\/\"},{\"@type\":\"ListItem\",\"position\":2,\"name\":\"Fotografija z nose\u010dni\u0161kim trebu\u0161\u010dkom razkrila Harryjevo zdravstveno te\u017eavo\"}]},{\"@type\":\"WebSite\",\"@id\":\"https:\/\/hudo.com\/si\/#website\",\"url\":\"https:\/\/hudo.com\/si\/\",\"name\":\"Hudo Slovenija\",\"description\":\"Vse novice iz Slovenije in sveta\",\"publisher\":{\"@id\":\"https:\/\/hudo.com\/si\/#organization\"},\"potentialAction\":[{\"@type\":\"SearchAction\",\"target\":{\"@type\":\"EntryPoint\",\"urlTemplate\":\"https:\/\/hudo.com\/si\/?s={search_term_string}\"},\"query-input\":\"required name=search_term_string\"}],\"inLanguage\":\"sl-SI\"},{\"@type\":\"Organization\",\"@id\":\"https:\/\/hudo.com\/si\/#organization\",\"name\":\"VSN Media\",\"url\":\"https:\/\/hudo.com\/si\/\",\"logo\":{\"@type\":\"ImageObject\",\"inLanguage\":\"sl-SI\",\"@id\":\"https:\/\/hudo.com\/si\/#\/schema\/logo\/image\/\",\"url\":\"https:\/\/hudo.com\/si\/wp-content\/uploads\/sites\/2\/2021\/03\/hudo-app-2.png\",\"contentUrl\":\"https:\/\/hudo.com\/si\/wp-content\/uploads\/sites\/2\/2021\/03\/hudo-app-2.png\",\"width\":2185,\"height\":2167,\"caption\":\"VSN Media\"},\"image\":{\"@id\":\"https:\/\/hudo.com\/si\/#\/schema\/logo\/image\/\"},\"sameAs\":[\"https:\/\/www.facebook.com\/hudo.si\",\"https:\/\/twitter.com\/hudo_si\"]},{\"@type\":\"Person\",\"@id\":\"https:\/\/hudo.com\/si\/#\/schema\/person\/f95639a66e0dd2c682b0568634e85b8b\",\"name\":\"A. G.\",\"image\":{\"@type\":\"ImageObject\",\"inLanguage\":\"sl-SI\",\"@id\":\"https:\/\/hudo.com\/si\/#\/schema\/person\/image\/\",\"url\":\"https:\/\/secure.gravatar.com\/avatar\/9f44de561c70d5d80348d3ed0f4b142d?s=96&d=mm&r=g\",\"contentUrl\":\"https:\/\/secure.gravatar.com\/avatar\/9f44de561c70d5d80348d3ed0f4b142d?s=96&d=mm&r=g\",\"caption\":\"A. G.\"},\"url\":\"https:\/\/hudo.com\/si\/author\/alenkagrmek\/\"}]}<\/script>\n<!-- \/ Yoast SEO plugin. -->","yoast_head_json":{"title":"Fotografija z nose\u010dni\u0161kim trebu\u0161\u010dkom razkrila Harryjevo zdravstveno te\u017eavo - Hudo Slovenija","robots":{"index":"index","follow":"follow","max-snippet":"max-snippet:-1","max-image-preview":"max-image-preview:large","max-video-preview":"max-video-preview:-1"},"canonical":"https:\/\/hudo.com\/si\/vip\/fotografija-z-nosecniskim-trebuhom-razkrila-harryjevo-zdravstveno-tezavo\/","og_locale":"sl_SI","og_type":"article","og_title":"Fotografija z nose\u010dni\u0161kim trebu\u0161\u010dkom razkrila Harryjevo zdravstveno te\u017eavo - Hudo Slovenija","og_description":"Novica, da bo leto in pol star Archie kmalu postal starej\u0161i brat, je popolnoma padla v ozadje, ko so nekateri uporabniki Twitterja na 36-letnem princu opazili to podrobnost.","og_url":"https:\/\/hudo.com\/si\/vip\/fotografija-z-nosecniskim-trebuhom-razkrila-harryjevo-zdravstveno-tezavo\/","og_site_name":"Hudo Slovenija","article_publisher":"https:\/\/www.facebook.com\/hudo.si","article_published_time":"2021-02-19T12:51:10+00:00","article_modified_time":"2021-02-21T08:19:31+00:00","og_image":[{"width":1250,"height":833,"url":"https:\/\/hudo.com\/si\/wp-content\/uploads\/sites\/2\/2021\/02\/profimedia-0478877390.jpg","type":"image\/jpeg"}],"author":"A. G.","twitter_card":"summary_large_image","twitter_creator":"@hudo_si","twitter_site":"@hudo_si","twitter_misc":{"Written by":"A. G.","Est. reading time":"2 minuti"},"schema":{"@context":"https:\/\/schema.org","@graph":[{"@type":"Article","@id":"https:\/\/hudo.com\/si\/vip\/fotografija-z-nosecniskim-trebuhom-razkrila-harryjevo-zdravstveno-tezavo\/#article","isPartOf":{"@id":"https:\/\/hudo.com\/si\/vip\/fotografija-z-nosecniskim-trebuhom-razkrila-harryjevo-zdravstveno-tezavo\/"},"author":{"name":"A. G.","@id":"https:\/\/hudo.com\/si\/#\/schema\/person\/f95639a66e0dd2c682b0568634e85b8b"},"headline":"Fotografija z nose\u010dni\u0161kim trebu\u0161\u010dkom razkrila Harryjevo zdravstveno te\u017eavo","datePublished":"2021-02-19T12:51:10+00:00","dateModified":"2021-02-21T08:19:31+00:00","mainEntityOfPage":{"@id":"https:\/\/hudo.com\/si\/vip\/fotografija-z-nosecniskim-trebuhom-razkrila-harryjevo-zdravstveno-tezavo\/"},"wordCount":347,"publisher":{"@id":"https:\/\/hudo.com\/si\/#organization"},"keywords":["princ Harry"],"articleSection":["VIP"],"inLanguage":"sl-SI"},{"@type":"WebPage","@id":"https:\/\/hudo.com\/si\/vip\/fotografija-z-nosecniskim-trebuhom-razkrila-harryjevo-zdravstveno-tezavo\/","url":"https:\/\/hudo.com\/si\/vip\/fotografija-z-nosecniskim-trebuhom-razkrila-harryjevo-zdravstveno-tezavo\/","name":"Fotografija z nose\u010dni\u0161kim trebu\u0161\u010dkom razkrila Harryjevo zdravstveno te\u017eavo - Hudo Slovenija","isPartOf":{"@id":"https:\/\/hudo.com\/si\/#website"},"datePublished":"2021-02-19T12:51:10+00:00","dateModified":"2021-02-21T08:19:31+00:00","breadcrumb":{"@id":"https:\/\/hudo.com\/si\/vip\/fotografija-z-nosecniskim-trebuhom-razkrila-harryjevo-zdravstveno-tezavo\/#breadcrumb"},"inLanguage":"sl-SI","potentialAction":[{"@type":"ReadAction","target":["https:\/\/hudo.com\/si\/vip\/fotografija-z-nosecniskim-trebuhom-razkrila-harryjevo-zdravstveno-tezavo\/"]}]},{"@type":"BreadcrumbList","@id":"https:\/\/hudo.com\/si\/vip\/fotografija-z-nosecniskim-trebuhom-razkrila-harryjevo-zdravstveno-tezavo\/#breadcrumb","itemListElement":[{"@type":"ListItem","position":1,"name":"Home","item":"https:\/\/hudo.com\/si\/"},{"@type":"ListItem","position":2,"name":"Fotografija z nose\u010dni\u0161kim trebu\u0161\u010dkom razkrila Harryjevo zdravstveno te\u017eavo"}]},{"@type":"WebSite","@id":"https:\/\/hudo.com\/si\/#website","url":"https:\/\/hudo.com\/si\/","name":"Hudo Slovenija","description":"Vse novice iz Slovenije in sveta","publisher":{"@id":"https:\/\/hudo.com\/si\/#organization"},"potentialAction":[{"@type":"SearchAction","target":{"@type":"EntryPoint","urlTemplate":"https:\/\/hudo.com\/si\/?s={search_term_string}"},"query-input":"required name=search_term_string"}],"inLanguage":"sl-SI"},{"@type":"Organization","@id":"https:\/\/hudo.com\/si\/#organization","name":"VSN Media","url":"https:\/\/hudo.com\/si\/","logo":{"@type":"ImageObject","inLanguage":"sl-SI","@id":"https:\/\/hudo.com\/si\/#\/schema\/logo\/image\/","url":"https:\/\/hudo.com\/si\/wp-content\/uploads\/sites\/2\/2021\/03\/hudo-app-2.png","contentUrl":"https:\/\/hudo.com\/si\/wp-content\/uploads\/sites\/2\/2021\/03\/hudo-app-2.png","width":2185,"height":2167,"caption":"VSN Media"},"image":{"@id":"https:\/\/hudo.com\/si\/#\/schema\/logo\/image\/"},"sameAs":["https:\/\/www.facebook.com\/hudo.si","https:\/\/twitter.com\/hudo_si"]},{"@type":"Person","@id":"https:\/\/hudo.com\/si\/#\/schema\/person\/f95639a66e0dd2c682b0568634e85b8b","name":"A. G.","image":{"@type":"ImageObject","inLanguage":"sl-SI","@id":"https:\/\/hudo.com\/si\/#\/schema\/person\/image\/","url":"https:\/\/secure.gravatar.com\/avatar\/9f44de561c70d5d80348d3ed0f4b142d?s=96&d=mm&r=g","contentUrl":"https:\/\/secure.gravatar.com\/avatar\/9f44de561c70d5d80348d3ed0f4b142d?s=96&d=mm&r=g","caption":"A. G."},"url":"https:\/\/hudo.com\/si\/author\/alenkagrmek\/"}]}},"amp_enabled":true,"_links":{"self":[{"href":"https:\/\/hudo.com\/si\/wp-json\/wp\/v2\/posts\/445737"}],"collection":[{"href":"https:\/\/hudo.com\/si\/wp-json\/wp\/v2\/posts"}],"about":[{"href":"https:\/\/hudo.com\/si\/wp-json\/wp\/v2\/types\/post"}],"author":[{"embeddable":true,"href":"https:\/\/hudo.com\/si\/wp-json\/wp\/v2\/users\/6"}],"replies":[{"embeddable":true,"href":"https:\/\/hudo.com\/si\/wp-json\/wp\/v2\/comments?post=445737"}],"version-history":[{"count":4,"href":"https:\/\/hudo.com\/si\/wp-json\/wp\/v2\/posts\/445737\/revisions"}],"predecessor-version":[{"id":445748,"href":"https:\/\/hudo.com\/si\/wp-json\/wp\/v2\/posts\/445737\/revisions\/445748"}],"wp:featuredmedia":[{"embeddable":true,"href":"https:\/\/hudo.com\/si\/wp-json\/wp\/v2\/media\/445746"}],"wp:attachment":[{"href":"https:\/\/hudo.com\/si\/wp-json\/wp\/v2\/media?parent=445737"}],"wp:term":[{"taxonomy":"category","embeddable":true,"href":"https:\/\/hudo.com\/si\/wp-json\/wp\/v2\/categories?post=445737"},{"taxonomy":"post_tag","embeddable":true,"href":"https:\/\/hudo.com\/si\/wp-json\/wp\/v2\/tags?post=445737"},{"taxonomy":"source","embeddable":true,"href":"https:\/\/hudo.com\/si\/wp-json\/wp\/v2\/source?post=445737"},{"taxonomy":"supertag","embeddable":true,"href":"https:\/\/hudo.com\/si\/wp-json\/wp\/v2\/supertag?post=445737"}],"curies":[{"name":"wp","href":"https:\/\/api.w.org\/{rel}","templated":true}]}}