{"id":445925,"date":"2021-02-23T09:29:41","date_gmt":"2021-02-23T08:29:41","guid":{"rendered":"https:\/\/hudo.com\/si\/2021\/02\/23\/facebook-sklenil-kompromis-z-avstralsko-vlado-in-odpravil-blokado\/"},"modified":"2021-02-23T09:29:41","modified_gmt":"2021-02-23T08:29:41","slug":"facebook-sklenil-kompromis-z-avstralsko-vlado-in-odpravil-blokado","status":"publish","type":"post","link":"https:\/\/hudo.com\/si\/lifestyle\/facebook-sklenil-kompromis-z-avstralsko-vlado-in-odpravil-blokado\/","title":{"rendered":"Facebook sklenil kompromis z avstralsko vlado in odpravil blokado"},"content":{"rendered":"<figure>\n\t\t\t\t\t<img loading=\"lazy\" decoding=\"async\" width=\"660\" height=\"320\" src=\"image\/gif;base64,R0lGODlhAQABAAAAACH5BAEKAAEALAAAAAABAAEAAAICTAEAOw==\" class=\"lazyload\" data-src=\"https:\/\/moski.hudo.com\/wp-content\/uploads\/2021\/02\/profimedia-0592334485-320x155.jpg\" data-srcset=\"https:\/\/moski.hudo.com\/wp-content\/uploads\/2021\/02\/profimedia-0592334485-660x320.jpg 660w,https:\/\/moski.hudo.com\/wp-content\/uploads\/2021\/02\/profimedia-0592334485-320x155.jpg 330w\" \/><figcaption>Profimedia<\/figcaption><\/figure>\n<h2>Facebook bo moral pla\u010devati za vsebine, s katerimi slu\u017ei<\/h2>\n<p>Avstralski minister, pristojen za vladne finance, Josh Frydenberg in Facebook sta sporo\u010dila, da sta dosegla kompromis o klju\u010dnih delih predloga zakona, ki so mu tehnolo\u0161ka podjetja mo\u010dno nasprotovala.<\/p>\n<p>Canberra je v enem od najbolj agresivnih korakov katerekoli vlade za zajezitev mo\u010di ameri\u0161kih digitalnih velikanov pripravila zakonsko podlago, po kateri bi podjetji Facebook in Google lokalnim medijem pla\u010devala za vsebine ali pa bi ju doletele milijonske globe.<\/p>\n<p>Facebook je zaradi te zakonodaje v \u010detrtek avstralskim uporabnikom onemogo\u010dil ogled in delitev novic na svojem dru\u017ebenem omre\u017eju ter dostop do avstralskih novic svojim uporabnikom v tujini.<\/p>\n<p>Zdaj sta se Facebook in avstralska vlada dogovorila, da podjetji ne bosta kaznovani, dokler ne dose\u017eeta dogovora z lokalnimi podjetji o pla\u010devanju novic. Za sklenitev teh dogovorov so dobili dva meseca \u010dasa.<\/p>\n<p>&#8220;Zaradi teh sprememb lahko zdaj delamo za nadaljevanje investicij v novinarstvo v javnem interesu in v prihodnjih dneh obnovimo dostop do novic na Facebooku za Avstralce,&#8221; je povedal izvr\u0161ni direktor ameri\u0161kega podjetja, pristojen za Avstralijo, Will Easton.<\/p>\n","protected":false},"excerpt":{"rendered":"<p>Facebook bo avstralskim uporabnikom znova omogo\u010dil ogled in delitev novic na svojem dru\u017ebenem omre\u017eju ter dostop do avstralskih novic svojim uporabnikom v tujini. To ameri\u0161ko podjetje je namre\u010d z avstralsko vlado doseglo dogovor o spremembi predloga zakonodaje, ki Facebook in Google obvezuje pla\u010devanja medijskih vsebin.<\/p>\n","protected":false},"author":1,"featured_media":445926,"comment_status":"closed","ping_status":"closed","sticky":false,"template":"","format":"standard","meta":{"footnotes":""},"categories":[1091],"tags":[1906,16120,1390,2053],"source":[1522,1518,1527],"supertag":[],"acf":[],"yoast_head":"<!-- This site is optimized with the Yoast SEO plugin v21.3 - https:\/\/yoast.com\/wordpress\/plugins\/seo\/ -->\n<title>Facebook sklenil kompromis z avstralsko vlado in odpravil blokado - Hudo Slovenija<\/title>\n<meta name=\"robots\" content=\"index, follow, max-snippet:-1, max-image-preview:large, max-video-preview:-1\" \/>\n<link rel=\"canonical\" href=\"https:\/\/hudo.com\/si\/lifestyle\/facebook-sklenil-kompromis-z-avstralsko-vlado-in-odpravil-blokado\/\" \/>\n<meta property=\"og:locale\" content=\"sl_SI\" \/>\n<meta property=\"og:type\" content=\"article\" \/>\n<meta property=\"og:title\" content=\"Facebook sklenil kompromis z avstralsko vlado in odpravil blokado - Hudo Slovenija\" \/>\n<meta property=\"og:description\" content=\"Facebook bo avstralskim uporabnikom znova omogo\u010dil ogled in delitev novic na svojem dru\u017ebenem omre\u017eju ter dostop do avstralskih novic svojim uporabnikom v tujini. To ameri\u0161ko podjetje je namre\u010d z avstralsko vlado doseglo dogovor o spremembi predloga zakonodaje, ki Facebook in Google obvezuje pla\u010devanja medijskih vsebin.\" \/>\n<meta property=\"og:url\" content=\"https:\/\/hudo.com\/si\/lifestyle\/facebook-sklenil-kompromis-z-avstralsko-vlado-in-odpravil-blokado\/\" \/>\n<meta property=\"og:site_name\" content=\"Hudo Slovenija\" \/>\n<meta property=\"article:publisher\" content=\"https:\/\/www.facebook.com\/hudo.si\" \/>\n<meta property=\"article:published_time\" content=\"2021-02-23T08:29:41+00:00\" \/>\n<meta property=\"og:image\" content=\"https:\/\/hudo.com\/si\/wp-content\/uploads\/sites\/2\/2021\/02\/profimedia-0592334485.jpg\" \/>\n\t<meta property=\"og:image:width\" content=\"1250\" \/>\n\t<meta property=\"og:image:height\" content=\"833\" \/>\n\t<meta property=\"og:image:type\" content=\"image\/jpeg\" \/>\n<meta name=\"author\" content=\"hudo\" \/>\n<meta name=\"twitter:card\" content=\"summary_large_image\" \/>\n<meta name=\"twitter:creator\" content=\"@hudo_si\" \/>\n<meta name=\"twitter:site\" content=\"@hudo_si\" \/>\n<meta name=\"twitter:label1\" content=\"Written by\" \/>\n\t<meta name=\"twitter:data1\" content=\"hudo\" \/>\n\t<meta name=\"twitter:label2\" content=\"Est. reading time\" \/>\n\t<meta name=\"twitter:data2\" content=\"1 minuta\" \/>\n<script type=\"application\/ld+json\" class=\"yoast-schema-graph\">{\"@context\":\"https:\/\/schema.org\",\"@graph\":[{\"@type\":\"Article\",\"@id\":\"https:\/\/hudo.com\/si\/lifestyle\/facebook-sklenil-kompromis-z-avstralsko-vlado-in-odpravil-blokado\/#article\",\"isPartOf\":{\"@id\":\"https:\/\/hudo.com\/si\/lifestyle\/facebook-sklenil-kompromis-z-avstralsko-vlado-in-odpravil-blokado\/\"},\"author\":{\"name\":\"hudo\",\"@id\":\"https:\/\/hudo.com\/si\/#\/schema\/person\/601cf3379633985b20f7e50f2bb47707\"},\"headline\":\"Facebook sklenil kompromis z avstralsko vlado in odpravil blokado\",\"datePublished\":\"2021-02-23T08:29:41+00:00\",\"dateModified\":\"2021-02-23T08:29:41+00:00\",\"mainEntityOfPage\":{\"@id\":\"https:\/\/hudo.com\/si\/lifestyle\/facebook-sklenil-kompromis-z-avstralsko-vlado-in-odpravil-blokado\/\"},\"wordCount\":197,\"publisher\":{\"@id\":\"https:\/\/hudo.com\/si\/#organization\"},\"keywords\":[\"avstralija\",\"digitalni mediji\",\"dru\u017ebena omre\u017eja\",\"Facebook\"],\"articleSection\":[\"Lifestyle\"],\"inLanguage\":\"sl-SI\"},{\"@type\":\"WebPage\",\"@id\":\"https:\/\/hudo.com\/si\/lifestyle\/facebook-sklenil-kompromis-z-avstralsko-vlado-in-odpravil-blokado\/\",\"url\":\"https:\/\/hudo.com\/si\/lifestyle\/facebook-sklenil-kompromis-z-avstralsko-vlado-in-odpravil-blokado\/\",\"name\":\"Facebook sklenil kompromis z avstralsko vlado in odpravil blokado - Hudo Slovenija\",\"isPartOf\":{\"@id\":\"https:\/\/hudo.com\/si\/#website\"},\"datePublished\":\"2021-02-23T08:29:41+00:00\",\"dateModified\":\"2021-02-23T08:29:41+00:00\",\"breadcrumb\":{\"@id\":\"https:\/\/hudo.com\/si\/lifestyle\/facebook-sklenil-kompromis-z-avstralsko-vlado-in-odpravil-blokado\/#breadcrumb\"},\"inLanguage\":\"sl-SI\",\"potentialAction\":[{\"@type\":\"ReadAction\",\"target\":[\"https:\/\/hudo.com\/si\/lifestyle\/facebook-sklenil-kompromis-z-avstralsko-vlado-in-odpravil-blokado\/\"]}]},{\"@type\":\"BreadcrumbList\",\"@id\":\"https:\/\/hudo.com\/si\/lifestyle\/facebook-sklenil-kompromis-z-avstralsko-vlado-in-odpravil-blokado\/#breadcrumb\",\"itemListElement\":[{\"@type\":\"ListItem\",\"position\":1,\"name\":\"Home\",\"item\":\"https:\/\/hudo.com\/si\/\"},{\"@type\":\"ListItem\",\"position\":2,\"name\":\"Facebook sklenil kompromis z avstralsko vlado in odpravil blokado\"}]},{\"@type\":\"WebSite\",\"@id\":\"https:\/\/hudo.com\/si\/#website\",\"url\":\"https:\/\/hudo.com\/si\/\",\"name\":\"Hudo Slovenija\",\"description\":\"Vse novice iz Slovenije in sveta\",\"publisher\":{\"@id\":\"https:\/\/hudo.com\/si\/#organization\"},\"potentialAction\":[{\"@type\":\"SearchAction\",\"target\":{\"@type\":\"EntryPoint\",\"urlTemplate\":\"https:\/\/hudo.com\/si\/?s={search_term_string}\"},\"query-input\":\"required name=search_term_string\"}],\"inLanguage\":\"sl-SI\"},{\"@type\":\"Organization\",\"@id\":\"https:\/\/hudo.com\/si\/#organization\",\"name\":\"VSN Media\",\"url\":\"https:\/\/hudo.com\/si\/\",\"logo\":{\"@type\":\"ImageObject\",\"inLanguage\":\"sl-SI\",\"@id\":\"https:\/\/hudo.com\/si\/#\/schema\/logo\/image\/\",\"url\":\"https:\/\/hudo.com\/si\/wp-content\/uploads\/sites\/2\/2021\/03\/hudo-app-2.png\",\"contentUrl\":\"https:\/\/hudo.com\/si\/wp-content\/uploads\/sites\/2\/2021\/03\/hudo-app-2.png\",\"width\":2185,\"height\":2167,\"caption\":\"VSN Media\"},\"image\":{\"@id\":\"https:\/\/hudo.com\/si\/#\/schema\/logo\/image\/\"},\"sameAs\":[\"https:\/\/www.facebook.com\/hudo.si\",\"https:\/\/twitter.com\/hudo_si\"]},{\"@type\":\"Person\",\"@id\":\"https:\/\/hudo.com\/si\/#\/schema\/person\/601cf3379633985b20f7e50f2bb47707\",\"name\":\"hudo\",\"image\":{\"@type\":\"ImageObject\",\"inLanguage\":\"sl-SI\",\"@id\":\"https:\/\/hudo.com\/si\/#\/schema\/person\/image\/\",\"url\":\"https:\/\/secure.gravatar.com\/avatar\/c4ca25fa72cace7a696b52ff5db9e095?s=96&d=mm&r=g\",\"contentUrl\":\"https:\/\/secure.gravatar.com\/avatar\/c4ca25fa72cace7a696b52ff5db9e095?s=96&d=mm&r=g\",\"caption\":\"hudo\"},\"url\":\"https:\/\/hudo.com\/si\/author\/hudo\/\"}]}<\/script>\n<!-- \/ Yoast SEO plugin. -->","yoast_head_json":{"title":"Facebook sklenil kompromis z avstralsko vlado in odpravil blokado - Hudo Slovenija","robots":{"index":"index","follow":"follow","max-snippet":"max-snippet:-1","max-image-preview":"max-image-preview:large","max-video-preview":"max-video-preview:-1"},"canonical":"https:\/\/hudo.com\/si\/lifestyle\/facebook-sklenil-kompromis-z-avstralsko-vlado-in-odpravil-blokado\/","og_locale":"sl_SI","og_type":"article","og_title":"Facebook sklenil kompromis z avstralsko vlado in odpravil blokado - Hudo Slovenija","og_description":"Facebook bo avstralskim uporabnikom znova omogo\u010dil ogled in delitev novic na svojem dru\u017ebenem omre\u017eju ter dostop do avstralskih novic svojim uporabnikom v tujini. To ameri\u0161ko podjetje je namre\u010d z avstralsko vlado doseglo dogovor o spremembi predloga zakonodaje, ki Facebook in Google obvezuje pla\u010devanja medijskih vsebin.","og_url":"https:\/\/hudo.com\/si\/lifestyle\/facebook-sklenil-kompromis-z-avstralsko-vlado-in-odpravil-blokado\/","og_site_name":"Hudo Slovenija","article_publisher":"https:\/\/www.facebook.com\/hudo.si","article_published_time":"2021-02-23T08:29:41+00:00","og_image":[{"width":1250,"height":833,"url":"https:\/\/hudo.com\/si\/wp-content\/uploads\/sites\/2\/2021\/02\/profimedia-0592334485.jpg","type":"image\/jpeg"}],"author":"hudo","twitter_card":"summary_large_image","twitter_creator":"@hudo_si","twitter_site":"@hudo_si","twitter_misc":{"Written by":"hudo","Est. reading time":"1 minuta"},"schema":{"@context":"https:\/\/schema.org","@graph":[{"@type":"Article","@id":"https:\/\/hudo.com\/si\/lifestyle\/facebook-sklenil-kompromis-z-avstralsko-vlado-in-odpravil-blokado\/#article","isPartOf":{"@id":"https:\/\/hudo.com\/si\/lifestyle\/facebook-sklenil-kompromis-z-avstralsko-vlado-in-odpravil-blokado\/"},"author":{"name":"hudo","@id":"https:\/\/hudo.com\/si\/#\/schema\/person\/601cf3379633985b20f7e50f2bb47707"},"headline":"Facebook sklenil kompromis z avstralsko vlado in odpravil blokado","datePublished":"2021-02-23T08:29:41+00:00","dateModified":"2021-02-23T08:29:41+00:00","mainEntityOfPage":{"@id":"https:\/\/hudo.com\/si\/lifestyle\/facebook-sklenil-kompromis-z-avstralsko-vlado-in-odpravil-blokado\/"},"wordCount":197,"publisher":{"@id":"https:\/\/hudo.com\/si\/#organization"},"keywords":["avstralija","digitalni mediji","dru\u017ebena omre\u017eja","Facebook"],"articleSection":["Lifestyle"],"inLanguage":"sl-SI"},{"@type":"WebPage","@id":"https:\/\/hudo.com\/si\/lifestyle\/facebook-sklenil-kompromis-z-avstralsko-vlado-in-odpravil-blokado\/","url":"https:\/\/hudo.com\/si\/lifestyle\/facebook-sklenil-kompromis-z-avstralsko-vlado-in-odpravil-blokado\/","name":"Facebook sklenil kompromis z avstralsko vlado in odpravil blokado - Hudo Slovenija","isPartOf":{"@id":"https:\/\/hudo.com\/si\/#website"},"datePublished":"2021-02-23T08:29:41+00:00","dateModified":"2021-02-23T08:29:41+00:00","breadcrumb":{"@id":"https:\/\/hudo.com\/si\/lifestyle\/facebook-sklenil-kompromis-z-avstralsko-vlado-in-odpravil-blokado\/#breadcrumb"},"inLanguage":"sl-SI","potentialAction":[{"@type":"ReadAction","target":["https:\/\/hudo.com\/si\/lifestyle\/facebook-sklenil-kompromis-z-avstralsko-vlado-in-odpravil-blokado\/"]}]},{"@type":"BreadcrumbList","@id":"https:\/\/hudo.com\/si\/lifestyle\/facebook-sklenil-kompromis-z-avstralsko-vlado-in-odpravil-blokado\/#breadcrumb","itemListElement":[{"@type":"ListItem","position":1,"name":"Home","item":"https:\/\/hudo.com\/si\/"},{"@type":"ListItem","position":2,"name":"Facebook sklenil kompromis z avstralsko vlado in odpravil blokado"}]},{"@type":"WebSite","@id":"https:\/\/hudo.com\/si\/#website","url":"https:\/\/hudo.com\/si\/","name":"Hudo Slovenija","description":"Vse novice iz Slovenije in sveta","publisher":{"@id":"https:\/\/hudo.com\/si\/#organization"},"potentialAction":[{"@type":"SearchAction","target":{"@type":"EntryPoint","urlTemplate":"https:\/\/hudo.com\/si\/?s={search_term_string}"},"query-input":"required name=search_term_string"}],"inLanguage":"sl-SI"},{"@type":"Organization","@id":"https:\/\/hudo.com\/si\/#organization","name":"VSN Media","url":"https:\/\/hudo.com\/si\/","logo":{"@type":"ImageObject","inLanguage":"sl-SI","@id":"https:\/\/hudo.com\/si\/#\/schema\/logo\/image\/","url":"https:\/\/hudo.com\/si\/wp-content\/uploads\/sites\/2\/2021\/03\/hudo-app-2.png","contentUrl":"https:\/\/hudo.com\/si\/wp-content\/uploads\/sites\/2\/2021\/03\/hudo-app-2.png","width":2185,"height":2167,"caption":"VSN Media"},"image":{"@id":"https:\/\/hudo.com\/si\/#\/schema\/logo\/image\/"},"sameAs":["https:\/\/www.facebook.com\/hudo.si","https:\/\/twitter.com\/hudo_si"]},{"@type":"Person","@id":"https:\/\/hudo.com\/si\/#\/schema\/person\/601cf3379633985b20f7e50f2bb47707","name":"hudo","image":{"@type":"ImageObject","inLanguage":"sl-SI","@id":"https:\/\/hudo.com\/si\/#\/schema\/person\/image\/","url":"https:\/\/secure.gravatar.com\/avatar\/c4ca25fa72cace7a696b52ff5db9e095?s=96&d=mm&r=g","contentUrl":"https:\/\/secure.gravatar.com\/avatar\/c4ca25fa72cace7a696b52ff5db9e095?s=96&d=mm&r=g","caption":"hudo"},"url":"https:\/\/hudo.com\/si\/author\/hudo\/"}]}},"amp_enabled":true,"_links":{"self":[{"href":"https:\/\/hudo.com\/si\/wp-json\/wp\/v2\/posts\/445925"}],"collection":[{"href":"https:\/\/hudo.com\/si\/wp-json\/wp\/v2\/posts"}],"about":[{"href":"https:\/\/hudo.com\/si\/wp-json\/wp\/v2\/types\/post"}],"author":[{"embeddable":true,"href":"https:\/\/hudo.com\/si\/wp-json\/wp\/v2\/users\/1"}],"replies":[{"embeddable":true,"href":"https:\/\/hudo.com\/si\/wp-json\/wp\/v2\/comments?post=445925"}],"version-history":[{"count":0,"href":"https:\/\/hudo.com\/si\/wp-json\/wp\/v2\/posts\/445925\/revisions"}],"wp:featuredmedia":[{"embeddable":true,"href":"https:\/\/hudo.com\/si\/wp-json\/wp\/v2\/media\/445926"}],"wp:attachment":[{"href":"https:\/\/hudo.com\/si\/wp-json\/wp\/v2\/media?parent=445925"}],"wp:term":[{"taxonomy":"category","embeddable":true,"href":"https:\/\/hudo.com\/si\/wp-json\/wp\/v2\/categories?post=445925"},{"taxonomy":"post_tag","embeddable":true,"href":"https:\/\/hudo.com\/si\/wp-json\/wp\/v2\/tags?post=445925"},{"taxonomy":"source","embeddable":true,"href":"https:\/\/hudo.com\/si\/wp-json\/wp\/v2\/source?post=445925"},{"taxonomy":"supertag","embeddable":true,"href":"https:\/\/hudo.com\/si\/wp-json\/wp\/v2\/supertag?post=445925"}],"curies":[{"name":"wp","href":"https:\/\/api.w.org\/{rel}","templated":true}]}}