{"id":446031,"date":"2021-02-24T15:29:19","date_gmt":"2021-02-24T14:29:19","guid":{"rendered":"https:\/\/hudo.com\/si\/?p=446031"},"modified":"2021-02-24T15:29:19","modified_gmt":"2021-02-24T14:29:19","slug":"pred-vrhom-eu-odmevajo-nesoglasja-glede-potrdila-o-cepljenju-in-ukrepov-na-mejah","status":"publish","type":"post","link":"https:\/\/hudo.com\/si\/aktualno\/pred-vrhom-eu-odmevajo-nesoglasja-glede-potrdila-o-cepljenju-in-ukrepov-na-mejah\/","title":{"rendered":"Pred vrhom EU odmevajo nesoglasja glede potrdila o cepljenju in ukrepov na mejah"},"content":{"rendered":"<p>\u010clanice EU so konec januarja sprejele smernice za pripravo dokazila o cepljenju za zdravstvene namene. Namen je dokazilo uskladiti na ravni EU in globalno v sodelovanju s Svetovno zdravstveno organizacijo (WHO), a za za\u010detek le z zdravstvenega vidika in z vidika varstva podatkov.<\/p>\n<p>V Evropski komisiji \u017ee ves \u010das izpostavljajo, da je treba potrdilo o cepljenju najprej dore\u010di z zdravstvenega vidika, z razpravo o drugih vidikih pa da je treba po\u010dakati, saj manjka \u0161e nekaj klju\u010dnih informacij. Ni \u0161e jasno, ali cepljene osebe prena\u0161ajo virus. Poleg tega je treba najprej cepiti ve\u010d ljudi.<\/p>\n<p>Dr\u017eave z mo\u010dno razvitim turizmom, na primer Gr\u010dija, kljub temu pritiskajo. \u017delijo, da bi potrdilo o cepljenju olaj\u0161alo potovanja in s tem znova spodbudilo turizem. Nekatere druge dr\u017eave, med katerimi naj bi bili Nem\u010dija in Francija, pa svarijo pred toksi\u010dnostjo teh predlogov in diskriminacijo.<\/p>\n<p>V Bruslju pred vrhom neuradno ocenjujejo, da bo verjetno treba vzpostaviti sistem, ki bi vklju\u010deval ve\u010d alternativnih mo\u017enosti, ki bi omogo\u010dile potovanje, na primer negativni test, potrdilo o cepljenju ali potrdilo, da je oseba prebolela covid-19.<\/p>\n<p>Problem je v tem, da nekatere dr\u017eave na\u010drtujejo enostranske ukrepe. Zdi se, da se predsednik Evropskega sveta Charles Michel ne \u017eeli vpletati v nacionalne odlo\u010ditve. Viri pri EU pojasnjujejo, da ne bo Michel govoril gr\u0161kemu premierju, kaj naj po\u010dne, \u010de\u0161 da je varuhinja evropske zakonodaje Evropska komisija.<\/p>\n<p>\u010clanice so sicer sprejele skupna priporo\u010dila, ki med drugim vklju\u010dujejo odlo\u010dno odsvetovanje nenujnih potovanj na epidemiolo\u0161ko najbolj tvegana obmo\u010dja, prizadevanja za nemoteno delovanje notranjega trga in enoten pristop glede potovanj iz tretjih dr\u017eav. Priporo\u010dila niso zavezujo\u010da.<\/p>\n<p>Enostransko dr\u017eave ukrepajo tudi pri omejitvah na mejah za zamejitev \u0161irjenja novih razli\u010dic virusa. Komisija je \u0161estim \u010dlanicam &#8211; Nem\u010diji, Belgiji, Mad\u017earski, Danski, \u0160vedski in Finski &#8211; poslala pisno opozorilo, da morajo biti ukrepi sorazmerni in da ne smejo diskriminirati. Ob tem je \u010dlanice ponovno pozvala, naj se usklajujejo in zagotovijo nemoteno delovanje notranjega trga.<\/p>\n<p>&#8220;Omejitve nenujnih potovanj so morda \u0161e vedno potrebne za zajezitev \u0161irjenja virusa, vendar pa ostajata klju\u010dna pretok blaga in storitev na notranjem trgu ter vloga zelenih pasov,&#8221; je poudaril Michel v pismu voditeljem pred vrhom.<\/p>\n","protected":false},"excerpt":{"rendered":"<p>Pred \u010detrtkovim virtualnim zasedanjem voditeljev \u010dlanic EU, ki bo posve\u010deno usklajevanju ukrepov pri spoprijemanju s pandemijo novega koronavirusa, odmevajo nesoglasja med \u010dlanicami glede potrdil o cepljenju in omejitev na mejah, ki jih nekatere dr\u017eave uvajajo enostransko za zamejitev \u0161irjenja novih razli\u010dic virusa.<\/p>\n","protected":false},"author":8,"featured_media":418727,"comment_status":"closed","ping_status":"closed","sticky":false,"template":"","format":"standard","meta":{"footnotes":""},"categories":[1179],"tags":[17969,18172,4548,7727,8975],"source":[4511],"supertag":[],"acf":[],"yoast_head":"<!-- This site is optimized with the Yoast SEO plugin v21.3 - https:\/\/yoast.com\/wordpress\/plugins\/seo\/ -->\n<title>Pred vrhom EU odmevajo nesoglasja glede potrdila o cepljenju in ukrepov na mejah - Hudo Slovenija<\/title>\n<meta name=\"robots\" content=\"index, follow, max-snippet:-1, max-image-preview:large, max-video-preview:-1\" \/>\n<link rel=\"canonical\" href=\"https:\/\/hudo.com\/si\/aktualno\/pred-vrhom-eu-odmevajo-nesoglasja-glede-potrdila-o-cepljenju-in-ukrepov-na-mejah\/\" \/>\n<meta property=\"og:locale\" content=\"sl_SI\" \/>\n<meta property=\"og:type\" content=\"article\" \/>\n<meta property=\"og:title\" content=\"Pred vrhom EU odmevajo nesoglasja glede potrdila o cepljenju in ukrepov na mejah - Hudo Slovenija\" \/>\n<meta property=\"og:description\" content=\"Pred \u010detrtkovim virtualnim zasedanjem voditeljev \u010dlanic EU, ki bo posve\u010deno usklajevanju ukrepov pri spoprijemanju s pandemijo novega koronavirusa, odmevajo nesoglasja med \u010dlanicami glede potrdil o cepljenju in omejitev na mejah, ki jih nekatere dr\u017eave uvajajo enostransko za zamejitev \u0161irjenja novih razli\u010dic virusa.\" \/>\n<meta property=\"og:url\" content=\"https:\/\/hudo.com\/si\/aktualno\/pred-vrhom-eu-odmevajo-nesoglasja-glede-potrdila-o-cepljenju-in-ukrepov-na-mejah\/\" \/>\n<meta property=\"og:site_name\" content=\"Hudo Slovenija\" \/>\n<meta property=\"article:publisher\" content=\"https:\/\/www.facebook.com\/hudo.si\" \/>\n<meta property=\"article:published_time\" content=\"2021-02-24T14:29:19+00:00\" \/>\n<meta property=\"og:image\" content=\"https:\/\/hudo.com\/si\/wp-content\/uploads\/sites\/2\/2020\/03\/profimedia-0505624302.jpg\" \/>\n\t<meta property=\"og:image:width\" content=\"1250\" \/>\n\t<meta property=\"og:image:height\" content=\"876\" \/>\n\t<meta property=\"og:image:type\" content=\"image\/jpeg\" \/>\n<meta name=\"author\" content=\"M. N., STA\" \/>\n<meta name=\"twitter:card\" content=\"summary_large_image\" \/>\n<meta name=\"twitter:creator\" content=\"@hudo_si\" \/>\n<meta name=\"twitter:site\" content=\"@hudo_si\" \/>\n<meta name=\"twitter:label1\" content=\"Written by\" \/>\n\t<meta name=\"twitter:data1\" content=\"M. N., STA\" \/>\n\t<meta name=\"twitter:label2\" content=\"Est. reading time\" \/>\n\t<meta name=\"twitter:data2\" content=\"2 minuti\" \/>\n<script type=\"application\/ld+json\" class=\"yoast-schema-graph\">{\"@context\":\"https:\/\/schema.org\",\"@graph\":[{\"@type\":\"Article\",\"@id\":\"https:\/\/hudo.com\/si\/aktualno\/pred-vrhom-eu-odmevajo-nesoglasja-glede-potrdila-o-cepljenju-in-ukrepov-na-mejah\/#article\",\"isPartOf\":{\"@id\":\"https:\/\/hudo.com\/si\/aktualno\/pred-vrhom-eu-odmevajo-nesoglasja-glede-potrdila-o-cepljenju-in-ukrepov-na-mejah\/\"},\"author\":{\"name\":\"M. N., STA\",\"@id\":\"https:\/\/hudo.com\/si\/#\/schema\/person\/c2f10ce65d2e6ede2aeda5be2a0611fa\"},\"headline\":\"Pred vrhom EU odmevajo nesoglasja glede potrdila o cepljenju in ukrepov na mejah\",\"datePublished\":\"2021-02-24T14:29:19+00:00\",\"dateModified\":\"2021-02-24T14:29:19+00:00\",\"mainEntityOfPage\":{\"@id\":\"https:\/\/hudo.com\/si\/aktualno\/pred-vrhom-eu-odmevajo-nesoglasja-glede-potrdila-o-cepljenju-in-ukrepov-na-mejah\/\"},\"wordCount\":392,\"publisher\":{\"@id\":\"https:\/\/hudo.com\/si\/#organization\"},\"keywords\":[\"cepljenje proti covid-19\",\"epidemiolo\u0161ki ukrepi\",\"EU\",\"nadzor na mejah\",\"vrh EU\"],\"articleSection\":[\"Aktualno\"],\"inLanguage\":\"sl-SI\"},{\"@type\":\"WebPage\",\"@id\":\"https:\/\/hudo.com\/si\/aktualno\/pred-vrhom-eu-odmevajo-nesoglasja-glede-potrdila-o-cepljenju-in-ukrepov-na-mejah\/\",\"url\":\"https:\/\/hudo.com\/si\/aktualno\/pred-vrhom-eu-odmevajo-nesoglasja-glede-potrdila-o-cepljenju-in-ukrepov-na-mejah\/\",\"name\":\"Pred vrhom EU odmevajo nesoglasja glede potrdila o cepljenju in ukrepov na mejah - Hudo Slovenija\",\"isPartOf\":{\"@id\":\"https:\/\/hudo.com\/si\/#website\"},\"datePublished\":\"2021-02-24T14:29:19+00:00\",\"dateModified\":\"2021-02-24T14:29:19+00:00\",\"breadcrumb\":{\"@id\":\"https:\/\/hudo.com\/si\/aktualno\/pred-vrhom-eu-odmevajo-nesoglasja-glede-potrdila-o-cepljenju-in-ukrepov-na-mejah\/#breadcrumb\"},\"inLanguage\":\"sl-SI\",\"potentialAction\":[{\"@type\":\"ReadAction\",\"target\":[\"https:\/\/hudo.com\/si\/aktualno\/pred-vrhom-eu-odmevajo-nesoglasja-glede-potrdila-o-cepljenju-in-ukrepov-na-mejah\/\"]}]},{\"@type\":\"BreadcrumbList\",\"@id\":\"https:\/\/hudo.com\/si\/aktualno\/pred-vrhom-eu-odmevajo-nesoglasja-glede-potrdila-o-cepljenju-in-ukrepov-na-mejah\/#breadcrumb\",\"itemListElement\":[{\"@type\":\"ListItem\",\"position\":1,\"name\":\"Home\",\"item\":\"https:\/\/hudo.com\/si\/\"},{\"@type\":\"ListItem\",\"position\":2,\"name\":\"Pred vrhom EU odmevajo nesoglasja glede potrdila o cepljenju in ukrepov na mejah\"}]},{\"@type\":\"WebSite\",\"@id\":\"https:\/\/hudo.com\/si\/#website\",\"url\":\"https:\/\/hudo.com\/si\/\",\"name\":\"Hudo Slovenija\",\"description\":\"Vse novice iz Slovenije in sveta\",\"publisher\":{\"@id\":\"https:\/\/hudo.com\/si\/#organization\"},\"potentialAction\":[{\"@type\":\"SearchAction\",\"target\":{\"@type\":\"EntryPoint\",\"urlTemplate\":\"https:\/\/hudo.com\/si\/?s={search_term_string}\"},\"query-input\":\"required name=search_term_string\"}],\"inLanguage\":\"sl-SI\"},{\"@type\":\"Organization\",\"@id\":\"https:\/\/hudo.com\/si\/#organization\",\"name\":\"VSN Media\",\"url\":\"https:\/\/hudo.com\/si\/\",\"logo\":{\"@type\":\"ImageObject\",\"inLanguage\":\"sl-SI\",\"@id\":\"https:\/\/hudo.com\/si\/#\/schema\/logo\/image\/\",\"url\":\"https:\/\/hudo.com\/si\/wp-content\/uploads\/sites\/2\/2021\/03\/hudo-app-2.png\",\"contentUrl\":\"https:\/\/hudo.com\/si\/wp-content\/uploads\/sites\/2\/2021\/03\/hudo-app-2.png\",\"width\":2185,\"height\":2167,\"caption\":\"VSN Media\"},\"image\":{\"@id\":\"https:\/\/hudo.com\/si\/#\/schema\/logo\/image\/\"},\"sameAs\":[\"https:\/\/www.facebook.com\/hudo.si\",\"https:\/\/twitter.com\/hudo_si\"]},{\"@type\":\"Person\",\"@id\":\"https:\/\/hudo.com\/si\/#\/schema\/person\/c2f10ce65d2e6ede2aeda5be2a0611fa\",\"name\":\"M. N., STA\",\"image\":{\"@type\":\"ImageObject\",\"inLanguage\":\"sl-SI\",\"@id\":\"https:\/\/hudo.com\/si\/#\/schema\/person\/image\/\",\"url\":\"https:\/\/secure.gravatar.com\/avatar\/f370d38daa10467f755c5c766a4cac20?s=96&d=mm&r=g\",\"contentUrl\":\"https:\/\/secure.gravatar.com\/avatar\/f370d38daa10467f755c5c766a4cac20?s=96&d=mm&r=g\",\"caption\":\"M. N., STA\"},\"url\":\"https:\/\/hudo.com\/si\/author\/mana\/\"}]}<\/script>\n<!-- \/ Yoast SEO plugin. -->","yoast_head_json":{"title":"Pred vrhom EU odmevajo nesoglasja glede potrdila o cepljenju in ukrepov na mejah - Hudo Slovenija","robots":{"index":"index","follow":"follow","max-snippet":"max-snippet:-1","max-image-preview":"max-image-preview:large","max-video-preview":"max-video-preview:-1"},"canonical":"https:\/\/hudo.com\/si\/aktualno\/pred-vrhom-eu-odmevajo-nesoglasja-glede-potrdila-o-cepljenju-in-ukrepov-na-mejah\/","og_locale":"sl_SI","og_type":"article","og_title":"Pred vrhom EU odmevajo nesoglasja glede potrdila o cepljenju in ukrepov na mejah - Hudo Slovenija","og_description":"Pred \u010detrtkovim virtualnim zasedanjem voditeljev \u010dlanic EU, ki bo posve\u010deno usklajevanju ukrepov pri spoprijemanju s pandemijo novega koronavirusa, odmevajo nesoglasja med \u010dlanicami glede potrdil o cepljenju in omejitev na mejah, ki jih nekatere dr\u017eave uvajajo enostransko za zamejitev \u0161irjenja novih razli\u010dic virusa.","og_url":"https:\/\/hudo.com\/si\/aktualno\/pred-vrhom-eu-odmevajo-nesoglasja-glede-potrdila-o-cepljenju-in-ukrepov-na-mejah\/","og_site_name":"Hudo Slovenija","article_publisher":"https:\/\/www.facebook.com\/hudo.si","article_published_time":"2021-02-24T14:29:19+00:00","og_image":[{"width":1250,"height":876,"url":"https:\/\/hudo.com\/si\/wp-content\/uploads\/sites\/2\/2020\/03\/profimedia-0505624302.jpg","type":"image\/jpeg"}],"author":"M. N., STA","twitter_card":"summary_large_image","twitter_creator":"@hudo_si","twitter_site":"@hudo_si","twitter_misc":{"Written by":"M. N., STA","Est. reading time":"2 minuti"},"schema":{"@context":"https:\/\/schema.org","@graph":[{"@type":"Article","@id":"https:\/\/hudo.com\/si\/aktualno\/pred-vrhom-eu-odmevajo-nesoglasja-glede-potrdila-o-cepljenju-in-ukrepov-na-mejah\/#article","isPartOf":{"@id":"https:\/\/hudo.com\/si\/aktualno\/pred-vrhom-eu-odmevajo-nesoglasja-glede-potrdila-o-cepljenju-in-ukrepov-na-mejah\/"},"author":{"name":"M. N., STA","@id":"https:\/\/hudo.com\/si\/#\/schema\/person\/c2f10ce65d2e6ede2aeda5be2a0611fa"},"headline":"Pred vrhom EU odmevajo nesoglasja glede potrdila o cepljenju in ukrepov na mejah","datePublished":"2021-02-24T14:29:19+00:00","dateModified":"2021-02-24T14:29:19+00:00","mainEntityOfPage":{"@id":"https:\/\/hudo.com\/si\/aktualno\/pred-vrhom-eu-odmevajo-nesoglasja-glede-potrdila-o-cepljenju-in-ukrepov-na-mejah\/"},"wordCount":392,"publisher":{"@id":"https:\/\/hudo.com\/si\/#organization"},"keywords":["cepljenje proti covid-19","epidemiolo\u0161ki ukrepi","EU","nadzor na mejah","vrh EU"],"articleSection":["Aktualno"],"inLanguage":"sl-SI"},{"@type":"WebPage","@id":"https:\/\/hudo.com\/si\/aktualno\/pred-vrhom-eu-odmevajo-nesoglasja-glede-potrdila-o-cepljenju-in-ukrepov-na-mejah\/","url":"https:\/\/hudo.com\/si\/aktualno\/pred-vrhom-eu-odmevajo-nesoglasja-glede-potrdila-o-cepljenju-in-ukrepov-na-mejah\/","name":"Pred vrhom EU odmevajo nesoglasja glede potrdila o cepljenju in ukrepov na mejah - Hudo Slovenija","isPartOf":{"@id":"https:\/\/hudo.com\/si\/#website"},"datePublished":"2021-02-24T14:29:19+00:00","dateModified":"2021-02-24T14:29:19+00:00","breadcrumb":{"@id":"https:\/\/hudo.com\/si\/aktualno\/pred-vrhom-eu-odmevajo-nesoglasja-glede-potrdila-o-cepljenju-in-ukrepov-na-mejah\/#breadcrumb"},"inLanguage":"sl-SI","potentialAction":[{"@type":"ReadAction","target":["https:\/\/hudo.com\/si\/aktualno\/pred-vrhom-eu-odmevajo-nesoglasja-glede-potrdila-o-cepljenju-in-ukrepov-na-mejah\/"]}]},{"@type":"BreadcrumbList","@id":"https:\/\/hudo.com\/si\/aktualno\/pred-vrhom-eu-odmevajo-nesoglasja-glede-potrdila-o-cepljenju-in-ukrepov-na-mejah\/#breadcrumb","itemListElement":[{"@type":"ListItem","position":1,"name":"Home","item":"https:\/\/hudo.com\/si\/"},{"@type":"ListItem","position":2,"name":"Pred vrhom EU odmevajo nesoglasja glede potrdila o cepljenju in ukrepov na mejah"}]},{"@type":"WebSite","@id":"https:\/\/hudo.com\/si\/#website","url":"https:\/\/hudo.com\/si\/","name":"Hudo Slovenija","description":"Vse novice iz Slovenije in sveta","publisher":{"@id":"https:\/\/hudo.com\/si\/#organization"},"potentialAction":[{"@type":"SearchAction","target":{"@type":"EntryPoint","urlTemplate":"https:\/\/hudo.com\/si\/?s={search_term_string}"},"query-input":"required name=search_term_string"}],"inLanguage":"sl-SI"},{"@type":"Organization","@id":"https:\/\/hudo.com\/si\/#organization","name":"VSN Media","url":"https:\/\/hudo.com\/si\/","logo":{"@type":"ImageObject","inLanguage":"sl-SI","@id":"https:\/\/hudo.com\/si\/#\/schema\/logo\/image\/","url":"https:\/\/hudo.com\/si\/wp-content\/uploads\/sites\/2\/2021\/03\/hudo-app-2.png","contentUrl":"https:\/\/hudo.com\/si\/wp-content\/uploads\/sites\/2\/2021\/03\/hudo-app-2.png","width":2185,"height":2167,"caption":"VSN Media"},"image":{"@id":"https:\/\/hudo.com\/si\/#\/schema\/logo\/image\/"},"sameAs":["https:\/\/www.facebook.com\/hudo.si","https:\/\/twitter.com\/hudo_si"]},{"@type":"Person","@id":"https:\/\/hudo.com\/si\/#\/schema\/person\/c2f10ce65d2e6ede2aeda5be2a0611fa","name":"M. N., STA","image":{"@type":"ImageObject","inLanguage":"sl-SI","@id":"https:\/\/hudo.com\/si\/#\/schema\/person\/image\/","url":"https:\/\/secure.gravatar.com\/avatar\/f370d38daa10467f755c5c766a4cac20?s=96&d=mm&r=g","contentUrl":"https:\/\/secure.gravatar.com\/avatar\/f370d38daa10467f755c5c766a4cac20?s=96&d=mm&r=g","caption":"M. N., STA"},"url":"https:\/\/hudo.com\/si\/author\/mana\/"}]}},"amp_enabled":true,"_links":{"self":[{"href":"https:\/\/hudo.com\/si\/wp-json\/wp\/v2\/posts\/446031"}],"collection":[{"href":"https:\/\/hudo.com\/si\/wp-json\/wp\/v2\/posts"}],"about":[{"href":"https:\/\/hudo.com\/si\/wp-json\/wp\/v2\/types\/post"}],"author":[{"embeddable":true,"href":"https:\/\/hudo.com\/si\/wp-json\/wp\/v2\/users\/8"}],"replies":[{"embeddable":true,"href":"https:\/\/hudo.com\/si\/wp-json\/wp\/v2\/comments?post=446031"}],"version-history":[{"count":1,"href":"https:\/\/hudo.com\/si\/wp-json\/wp\/v2\/posts\/446031\/revisions"}],"predecessor-version":[{"id":446033,"href":"https:\/\/hudo.com\/si\/wp-json\/wp\/v2\/posts\/446031\/revisions\/446033"}],"wp:featuredmedia":[{"embeddable":true,"href":"https:\/\/hudo.com\/si\/wp-json\/wp\/v2\/media\/418727"}],"wp:attachment":[{"href":"https:\/\/hudo.com\/si\/wp-json\/wp\/v2\/media?parent=446031"}],"wp:term":[{"taxonomy":"category","embeddable":true,"href":"https:\/\/hudo.com\/si\/wp-json\/wp\/v2\/categories?post=446031"},{"taxonomy":"post_tag","embeddable":true,"href":"https:\/\/hudo.com\/si\/wp-json\/wp\/v2\/tags?post=446031"},{"taxonomy":"source","embeddable":true,"href":"https:\/\/hudo.com\/si\/wp-json\/wp\/v2\/source?post=446031"},{"taxonomy":"supertag","embeddable":true,"href":"https:\/\/hudo.com\/si\/wp-json\/wp\/v2\/supertag?post=446031"}],"curies":[{"name":"wp","href":"https:\/\/api.w.org\/{rel}","templated":true}]}}