{"id":446090,"date":"2021-02-25T09:07:00","date_gmt":"2021-02-25T08:07:00","guid":{"rendered":"https:\/\/hudo.com\/si\/2021\/02\/25\/vojska-dvignila-starostno-mejo-za-rezerviste-na-55-let\/"},"modified":"2021-02-25T09:07:00","modified_gmt":"2021-02-25T08:07:00","slug":"vojska-dvignila-starostno-mejo-za-rezerviste-na-55-let","status":"publish","type":"post","link":"https:\/\/hudo.com\/si\/aktualno\/vojska-dvignila-starostno-mejo-za-rezerviste-na-55-let\/","title":{"rendered":"Vojska dvignila starostno mejo za rezerviste na 55 let"},"content":{"rendered":"<figure>\n\t\t\t\t\t<img loading=\"lazy\" decoding=\"async\" width=\"660\" height=\"320\" src=\"image\/gif;base64,R0lGODlhAQABAAAAACH5BAEKAAEALAAAAAABAAEAAAICTAEAOw==\" class=\"lazyload\" data-src=\"https:\/\/moski.hudo.com\/wp-content\/uploads\/2021\/02\/20200304-00993565-320x155.jpg\" data-srcset=\"https:\/\/moski.hudo.com\/wp-content\/uploads\/2021\/02\/20200304-00993565-640x320.jpg 660w,https:\/\/moski.hudo.com\/wp-content\/uploads\/2021\/02\/20200304-00993565-320x155.jpg 330w\" \/><figcaption>Profimedia<\/figcaption><\/figure>\n<p>Glede na uredbo, ki jo je vlada potrdila v sredo zve\u010der, bo mo\u017een vpoklic pogodbenih pripadnikov rezervne sestave na opravljanje nalog, ki so nujne za zagotavljanje pripravljenosti SV, in na druge obveznosti, kot so na primer zdravni\u0161ki pregled, zadol\u017eitev in razdol\u017eitev opreme.<\/p>\n<p>Pri tem bodo imeli pripadniki pravico do nadomestila pla\u010de in drugih prejemkov, odvisno od vrste obveznosti. &#8220;Vpoklic na opravljanje nalog je \u010dasovno omejen in ne presega dovoljene letne kvote, ki je \u017ee dolo\u010dena za vpoklic na usposabljanje,&#8221; so ob tem v sporo\u010dilu za javnost zagotovili na ministrstvu.<\/p>\n<p>Uredba tudi predvideva, da se ob vpoklicu na opravljanje voja\u0161ke slu\u017ebe v miru pogodbenim pripadnikom rezervne sestave povrne razlika do osnovne pla\u010de, ki jo izpla\u010duje njihov delodajalec, pri \u010demer je dolo\u010dena tudi zgornja meja povra\u010dila. Na ministrstvu so ob tem \u0161e zapisali, da je to povra\u010dilo do vrednosti pla\u010dnega razreda z napredovanji za vojaka, pod\u010dastnika oziroma \u010dastnika, odvisno od formacijske dol\u017enosti pripadnika.<\/p>\n<p>Obenem predlog uredbe dopu\u0161\u010da, da se voja\u0161ka slu\u017eba v miru lahko opravlja ve\u010d kot sedem mesecev in vse do enega leta, vendar le na pro\u0161njo pripadnika in v soglasju z delodajalcem ter po predhodni odobritvi enote SV. Zainteresiranost za dalj\u0161e opravljanje voja\u0161ke slu\u017ebe v miru so namre\u010d po besedah ministrstva izkazali pogodbeni pripadniki rezervne sestave in enot SV zlasti ob epidemiji covida-19.<\/p>\n","protected":false},"excerpt":{"rendered":"<p>Spremenjena uredba o pogodbenem opravljanju voja\u0161ke slu\u017ebe v rezervni sestavi Slovenske vojske (SV) med drugim dolo\u010da, da bo s pripadniki rezervne sestave mo\u017eno sklepati pogodbe za najmanj eno leto, doslej najmanj za pet let. Nova starostna meja za sodelovanje vojakov in pod\u010dastnikov pogodbene rezerve pa je 55 let, doslej je bila 50 let.<\/p>\n","protected":false},"author":1,"featured_media":446091,"comment_status":"closed","ping_status":"closed","sticky":false,"template":"","format":"standard","meta":{"footnotes":""},"categories":[1179],"tags":[1595,2353],"source":[1607,1518],"supertag":[],"acf":[],"yoast_head":"<!-- This site is optimized with the Yoast SEO plugin v21.3 - https:\/\/yoast.com\/wordpress\/plugins\/seo\/ -->\n<title>Vojska dvignila starostno mejo za rezerviste na 55 let - Hudo Slovenija<\/title>\n<meta name=\"robots\" content=\"index, follow, max-snippet:-1, max-image-preview:large, max-video-preview:-1\" \/>\n<link rel=\"canonical\" href=\"https:\/\/hudo.com\/si\/aktualno\/vojska-dvignila-starostno-mejo-za-rezerviste-na-55-let\/\" \/>\n<meta property=\"og:locale\" content=\"sl_SI\" \/>\n<meta property=\"og:type\" content=\"article\" \/>\n<meta property=\"og:title\" content=\"Vojska dvignila starostno mejo za rezerviste na 55 let - Hudo Slovenija\" \/>\n<meta property=\"og:description\" content=\"Spremenjena uredba o pogodbenem opravljanju voja\u0161ke slu\u017ebe v rezervni sestavi Slovenske vojske (SV) med drugim dolo\u010da, da bo s pripadniki rezervne sestave mo\u017eno sklepati pogodbe za najmanj eno leto, doslej najmanj za pet let. Nova starostna meja za sodelovanje vojakov in pod\u010dastnikov pogodbene rezerve pa je 55 let, doslej je bila 50 let.\" \/>\n<meta property=\"og:url\" content=\"https:\/\/hudo.com\/si\/aktualno\/vojska-dvignila-starostno-mejo-za-rezerviste-na-55-let\/\" \/>\n<meta property=\"og:site_name\" content=\"Hudo Slovenija\" \/>\n<meta property=\"article:publisher\" content=\"https:\/\/www.facebook.com\/hudo.si\" \/>\n<meta property=\"article:published_time\" content=\"2021-02-25T08:07:00+00:00\" \/>\n<meta property=\"og:image\" content=\"https:\/\/hudo.com\/si\/wp-content\/uploads\/sites\/2\/2021\/02\/20200304-00993565.jpg\" \/>\n\t<meta property=\"og:image:width\" content=\"640\" \/>\n\t<meta property=\"og:image:height\" content=\"426\" \/>\n\t<meta property=\"og:image:type\" content=\"image\/jpeg\" \/>\n<meta name=\"author\" content=\"hudo\" \/>\n<meta name=\"twitter:card\" content=\"summary_large_image\" \/>\n<meta name=\"twitter:creator\" content=\"@hudo_si\" \/>\n<meta name=\"twitter:site\" content=\"@hudo_si\" \/>\n<meta name=\"twitter:label1\" content=\"Written by\" \/>\n\t<meta name=\"twitter:data1\" content=\"hudo\" \/>\n\t<meta name=\"twitter:label2\" content=\"Est. reading time\" \/>\n\t<meta name=\"twitter:data2\" content=\"1 minuta\" \/>\n<script type=\"application\/ld+json\" class=\"yoast-schema-graph\">{\"@context\":\"https:\/\/schema.org\",\"@graph\":[{\"@type\":\"Article\",\"@id\":\"https:\/\/hudo.com\/si\/aktualno\/vojska-dvignila-starostno-mejo-za-rezerviste-na-55-let\/#article\",\"isPartOf\":{\"@id\":\"https:\/\/hudo.com\/si\/aktualno\/vojska-dvignila-starostno-mejo-za-rezerviste-na-55-let\/\"},\"author\":{\"name\":\"hudo\",\"@id\":\"https:\/\/hudo.com\/si\/#\/schema\/person\/601cf3379633985b20f7e50f2bb47707\"},\"headline\":\"Vojska dvignila starostno mejo za rezerviste na 55 let\",\"datePublished\":\"2021-02-25T08:07:00+00:00\",\"dateModified\":\"2021-02-25T08:07:00+00:00\",\"mainEntityOfPage\":{\"@id\":\"https:\/\/hudo.com\/si\/aktualno\/vojska-dvignila-starostno-mejo-za-rezerviste-na-55-let\/\"},\"wordCount\":247,\"publisher\":{\"@id\":\"https:\/\/hudo.com\/si\/#organization\"},\"keywords\":[\"Slovenija\",\"vojska\"],\"articleSection\":[\"Aktualno\"],\"inLanguage\":\"sl-SI\"},{\"@type\":\"WebPage\",\"@id\":\"https:\/\/hudo.com\/si\/aktualno\/vojska-dvignila-starostno-mejo-za-rezerviste-na-55-let\/\",\"url\":\"https:\/\/hudo.com\/si\/aktualno\/vojska-dvignila-starostno-mejo-za-rezerviste-na-55-let\/\",\"name\":\"Vojska dvignila starostno mejo za rezerviste na 55 let - Hudo Slovenija\",\"isPartOf\":{\"@id\":\"https:\/\/hudo.com\/si\/#website\"},\"datePublished\":\"2021-02-25T08:07:00+00:00\",\"dateModified\":\"2021-02-25T08:07:00+00:00\",\"breadcrumb\":{\"@id\":\"https:\/\/hudo.com\/si\/aktualno\/vojska-dvignila-starostno-mejo-za-rezerviste-na-55-let\/#breadcrumb\"},\"inLanguage\":\"sl-SI\",\"potentialAction\":[{\"@type\":\"ReadAction\",\"target\":[\"https:\/\/hudo.com\/si\/aktualno\/vojska-dvignila-starostno-mejo-za-rezerviste-na-55-let\/\"]}]},{\"@type\":\"BreadcrumbList\",\"@id\":\"https:\/\/hudo.com\/si\/aktualno\/vojska-dvignila-starostno-mejo-za-rezerviste-na-55-let\/#breadcrumb\",\"itemListElement\":[{\"@type\":\"ListItem\",\"position\":1,\"name\":\"Home\",\"item\":\"https:\/\/hudo.com\/si\/\"},{\"@type\":\"ListItem\",\"position\":2,\"name\":\"Vojska dvignila starostno mejo za rezerviste na 55 let\"}]},{\"@type\":\"WebSite\",\"@id\":\"https:\/\/hudo.com\/si\/#website\",\"url\":\"https:\/\/hudo.com\/si\/\",\"name\":\"Hudo Slovenija\",\"description\":\"Vse novice iz Slovenije in sveta\",\"publisher\":{\"@id\":\"https:\/\/hudo.com\/si\/#organization\"},\"potentialAction\":[{\"@type\":\"SearchAction\",\"target\":{\"@type\":\"EntryPoint\",\"urlTemplate\":\"https:\/\/hudo.com\/si\/?s={search_term_string}\"},\"query-input\":\"required name=search_term_string\"}],\"inLanguage\":\"sl-SI\"},{\"@type\":\"Organization\",\"@id\":\"https:\/\/hudo.com\/si\/#organization\",\"name\":\"VSN Media\",\"url\":\"https:\/\/hudo.com\/si\/\",\"logo\":{\"@type\":\"ImageObject\",\"inLanguage\":\"sl-SI\",\"@id\":\"https:\/\/hudo.com\/si\/#\/schema\/logo\/image\/\",\"url\":\"https:\/\/hudo.com\/si\/wp-content\/uploads\/sites\/2\/2021\/03\/hudo-app-2.png\",\"contentUrl\":\"https:\/\/hudo.com\/si\/wp-content\/uploads\/sites\/2\/2021\/03\/hudo-app-2.png\",\"width\":2185,\"height\":2167,\"caption\":\"VSN Media\"},\"image\":{\"@id\":\"https:\/\/hudo.com\/si\/#\/schema\/logo\/image\/\"},\"sameAs\":[\"https:\/\/www.facebook.com\/hudo.si\",\"https:\/\/twitter.com\/hudo_si\"]},{\"@type\":\"Person\",\"@id\":\"https:\/\/hudo.com\/si\/#\/schema\/person\/601cf3379633985b20f7e50f2bb47707\",\"name\":\"hudo\",\"image\":{\"@type\":\"ImageObject\",\"inLanguage\":\"sl-SI\",\"@id\":\"https:\/\/hudo.com\/si\/#\/schema\/person\/image\/\",\"url\":\"https:\/\/secure.gravatar.com\/avatar\/c4ca25fa72cace7a696b52ff5db9e095?s=96&d=mm&r=g\",\"contentUrl\":\"https:\/\/secure.gravatar.com\/avatar\/c4ca25fa72cace7a696b52ff5db9e095?s=96&d=mm&r=g\",\"caption\":\"hudo\"},\"url\":\"https:\/\/hudo.com\/si\/author\/hudo\/\"}]}<\/script>\n<!-- \/ Yoast SEO plugin. -->","yoast_head_json":{"title":"Vojska dvignila starostno mejo za rezerviste na 55 let - Hudo Slovenija","robots":{"index":"index","follow":"follow","max-snippet":"max-snippet:-1","max-image-preview":"max-image-preview:large","max-video-preview":"max-video-preview:-1"},"canonical":"https:\/\/hudo.com\/si\/aktualno\/vojska-dvignila-starostno-mejo-za-rezerviste-na-55-let\/","og_locale":"sl_SI","og_type":"article","og_title":"Vojska dvignila starostno mejo za rezerviste na 55 let - Hudo Slovenija","og_description":"Spremenjena uredba o pogodbenem opravljanju voja\u0161ke slu\u017ebe v rezervni sestavi Slovenske vojske (SV) med drugim dolo\u010da, da bo s pripadniki rezervne sestave mo\u017eno sklepati pogodbe za najmanj eno leto, doslej najmanj za pet let. Nova starostna meja za sodelovanje vojakov in pod\u010dastnikov pogodbene rezerve pa je 55 let, doslej je bila 50 let.","og_url":"https:\/\/hudo.com\/si\/aktualno\/vojska-dvignila-starostno-mejo-za-rezerviste-na-55-let\/","og_site_name":"Hudo Slovenija","article_publisher":"https:\/\/www.facebook.com\/hudo.si","article_published_time":"2021-02-25T08:07:00+00:00","og_image":[{"width":640,"height":426,"url":"https:\/\/hudo.com\/si\/wp-content\/uploads\/sites\/2\/2021\/02\/20200304-00993565.jpg","type":"image\/jpeg"}],"author":"hudo","twitter_card":"summary_large_image","twitter_creator":"@hudo_si","twitter_site":"@hudo_si","twitter_misc":{"Written by":"hudo","Est. reading time":"1 minuta"},"schema":{"@context":"https:\/\/schema.org","@graph":[{"@type":"Article","@id":"https:\/\/hudo.com\/si\/aktualno\/vojska-dvignila-starostno-mejo-za-rezerviste-na-55-let\/#article","isPartOf":{"@id":"https:\/\/hudo.com\/si\/aktualno\/vojska-dvignila-starostno-mejo-za-rezerviste-na-55-let\/"},"author":{"name":"hudo","@id":"https:\/\/hudo.com\/si\/#\/schema\/person\/601cf3379633985b20f7e50f2bb47707"},"headline":"Vojska dvignila starostno mejo za rezerviste na 55 let","datePublished":"2021-02-25T08:07:00+00:00","dateModified":"2021-02-25T08:07:00+00:00","mainEntityOfPage":{"@id":"https:\/\/hudo.com\/si\/aktualno\/vojska-dvignila-starostno-mejo-za-rezerviste-na-55-let\/"},"wordCount":247,"publisher":{"@id":"https:\/\/hudo.com\/si\/#organization"},"keywords":["Slovenija","vojska"],"articleSection":["Aktualno"],"inLanguage":"sl-SI"},{"@type":"WebPage","@id":"https:\/\/hudo.com\/si\/aktualno\/vojska-dvignila-starostno-mejo-za-rezerviste-na-55-let\/","url":"https:\/\/hudo.com\/si\/aktualno\/vojska-dvignila-starostno-mejo-za-rezerviste-na-55-let\/","name":"Vojska dvignila starostno mejo za rezerviste na 55 let - Hudo Slovenija","isPartOf":{"@id":"https:\/\/hudo.com\/si\/#website"},"datePublished":"2021-02-25T08:07:00+00:00","dateModified":"2021-02-25T08:07:00+00:00","breadcrumb":{"@id":"https:\/\/hudo.com\/si\/aktualno\/vojska-dvignila-starostno-mejo-za-rezerviste-na-55-let\/#breadcrumb"},"inLanguage":"sl-SI","potentialAction":[{"@type":"ReadAction","target":["https:\/\/hudo.com\/si\/aktualno\/vojska-dvignila-starostno-mejo-za-rezerviste-na-55-let\/"]}]},{"@type":"BreadcrumbList","@id":"https:\/\/hudo.com\/si\/aktualno\/vojska-dvignila-starostno-mejo-za-rezerviste-na-55-let\/#breadcrumb","itemListElement":[{"@type":"ListItem","position":1,"name":"Home","item":"https:\/\/hudo.com\/si\/"},{"@type":"ListItem","position":2,"name":"Vojska dvignila starostno mejo za rezerviste na 55 let"}]},{"@type":"WebSite","@id":"https:\/\/hudo.com\/si\/#website","url":"https:\/\/hudo.com\/si\/","name":"Hudo Slovenija","description":"Vse novice iz Slovenije in sveta","publisher":{"@id":"https:\/\/hudo.com\/si\/#organization"},"potentialAction":[{"@type":"SearchAction","target":{"@type":"EntryPoint","urlTemplate":"https:\/\/hudo.com\/si\/?s={search_term_string}"},"query-input":"required name=search_term_string"}],"inLanguage":"sl-SI"},{"@type":"Organization","@id":"https:\/\/hudo.com\/si\/#organization","name":"VSN Media","url":"https:\/\/hudo.com\/si\/","logo":{"@type":"ImageObject","inLanguage":"sl-SI","@id":"https:\/\/hudo.com\/si\/#\/schema\/logo\/image\/","url":"https:\/\/hudo.com\/si\/wp-content\/uploads\/sites\/2\/2021\/03\/hudo-app-2.png","contentUrl":"https:\/\/hudo.com\/si\/wp-content\/uploads\/sites\/2\/2021\/03\/hudo-app-2.png","width":2185,"height":2167,"caption":"VSN Media"},"image":{"@id":"https:\/\/hudo.com\/si\/#\/schema\/logo\/image\/"},"sameAs":["https:\/\/www.facebook.com\/hudo.si","https:\/\/twitter.com\/hudo_si"]},{"@type":"Person","@id":"https:\/\/hudo.com\/si\/#\/schema\/person\/601cf3379633985b20f7e50f2bb47707","name":"hudo","image":{"@type":"ImageObject","inLanguage":"sl-SI","@id":"https:\/\/hudo.com\/si\/#\/schema\/person\/image\/","url":"https:\/\/secure.gravatar.com\/avatar\/c4ca25fa72cace7a696b52ff5db9e095?s=96&d=mm&r=g","contentUrl":"https:\/\/secure.gravatar.com\/avatar\/c4ca25fa72cace7a696b52ff5db9e095?s=96&d=mm&r=g","caption":"hudo"},"url":"https:\/\/hudo.com\/si\/author\/hudo\/"}]}},"amp_enabled":true,"_links":{"self":[{"href":"https:\/\/hudo.com\/si\/wp-json\/wp\/v2\/posts\/446090"}],"collection":[{"href":"https:\/\/hudo.com\/si\/wp-json\/wp\/v2\/posts"}],"about":[{"href":"https:\/\/hudo.com\/si\/wp-json\/wp\/v2\/types\/post"}],"author":[{"embeddable":true,"href":"https:\/\/hudo.com\/si\/wp-json\/wp\/v2\/users\/1"}],"replies":[{"embeddable":true,"href":"https:\/\/hudo.com\/si\/wp-json\/wp\/v2\/comments?post=446090"}],"version-history":[{"count":0,"href":"https:\/\/hudo.com\/si\/wp-json\/wp\/v2\/posts\/446090\/revisions"}],"wp:featuredmedia":[{"embeddable":true,"href":"https:\/\/hudo.com\/si\/wp-json\/wp\/v2\/media\/446091"}],"wp:attachment":[{"href":"https:\/\/hudo.com\/si\/wp-json\/wp\/v2\/media?parent=446090"}],"wp:term":[{"taxonomy":"category","embeddable":true,"href":"https:\/\/hudo.com\/si\/wp-json\/wp\/v2\/categories?post=446090"},{"taxonomy":"post_tag","embeddable":true,"href":"https:\/\/hudo.com\/si\/wp-json\/wp\/v2\/tags?post=446090"},{"taxonomy":"source","embeddable":true,"href":"https:\/\/hudo.com\/si\/wp-json\/wp\/v2\/source?post=446090"},{"taxonomy":"supertag","embeddable":true,"href":"https:\/\/hudo.com\/si\/wp-json\/wp\/v2\/supertag?post=446090"}],"curies":[{"name":"wp","href":"https:\/\/api.w.org\/{rel}","templated":true}]}}