{"id":446102,"date":"2021-02-25T11:39:11","date_gmt":"2021-02-25T10:39:11","guid":{"rendered":"https:\/\/hudo.com\/si\/?p=446102"},"modified":"2021-02-25T11:39:11","modified_gmt":"2021-02-25T10:39:11","slug":"avstrijski-kancler-sebastian-kurz-ocenjuje-da-strogo-zaprtje-drzave-ni-vec-smiselno-zaprtje-pri-katerem-nihce-ne-sodeluje-nima-nobenega-smisla","status":"publish","type":"post","link":"https:\/\/hudo.com\/si\/aktualno\/svet\/avstrijski-kancler-sebastian-kurz-ocenjuje-da-strogo-zaprtje-drzave-ni-vec-smiselno-zaprtje-pri-katerem-nihce-ne-sodeluje-nima-nobenega-smisla\/","title":{"rendered":"Avstrijski kancler Sebastian Kurz ocenjuje, da strogo zaprtje dr\u017eave ni ve\u010d smiselno: &#8220;Zaprtje, pri katerem nih\u010de ne sodeluje, nima nobenega smisla&#8221;"},"content":{"rendered":"<p>Kot na svoji spletni strani poro\u010da avstrijski \u010dasnik Kronen Zeitung, je v Avstriji trenutno ve\u010d kot 17.500 ljudi aktivno oku\u017eenih, 636 ve\u010d kot dan pred tem.<\/p>\n<p>Kljub negativnemu trendu pozitivne novice, vsaj zaenkrat, prihajajo iz avstrijskih bolni\u0161nic. Tam se trenutno zaradi covida-19 zdravi 1323 ljudi, od tega jih 256 potrebuje intenzivno nego. \u0160tevilo hospitaliziranih bolnikov se tako iz dneva v dan zmanj\u0161uje, tako da iz bolni\u0161nic po dolgem \u010dasu znova poro\u010dajo o nekaterih prostih posteljah na kovidnih oddelkih, pi\u0161e \u010dasnik.<\/p>\n<p>V severni sosedi sicer prav danes mineva leto dni, odkar so tam potrdili prvo oku\u017ebo z novim koronavirusom &#8211; pri nekem italijanskem paru v Innsbrucku. Od takrat so se spopadli z dvema valoma epidemije in pre\u017eiveli tri stroga zaprtja ter po podatkih Kronen Zeitunga potrdili skupno okoli 450.000 oku\u017eb in skoraj 8500 smrti zaradi covida-19.<\/p>\n<p>Prve oku\u017ebe v Avstriji niso bile presene\u010denje, saj so jih pred tem potrdili v ve\u010d evropskih dr\u017eavah, a \u017ee kmalu zatem, v prvi polovici marca, je udarila afera Ischgl. V tem smu\u010darskem sredi\u0161\u010du na Tirolskem je namre\u010d pri\u0161lo do hudega izbruha virusa, ki so ga nato \u0161tevilni doma\u010di in tuji smu\u010darji, ki so se v strahu in pogosto oku\u017eeni vra\u010dali domov, raz\u0161irili dale\u010d naokoli.<\/p>\n<p>Na posebnem vrhu, namenjenemu razpravi o mo\u017enostih dodatnega spro\u0161\u010danja omejitev, medtem danes razpravljajo vodilni predstavniki avstrijskega gospodarstva in politike. Avstrijska vlada bo o tem odlo\u010dala v ponedeljek, pri \u010demer se lahko odlo\u010di ali za zaostritev ali pa morda tudi za omilitev sedanjih protikoronskih ukrepov. Pri tem je pozornost usmerjena predvsem na gostinstvo.<\/p>\n<p>Avstrijski kancler je sicer v sredo zve\u010der v televizijskem pogovoru za nem\u0161ki \u010dasnik Bild pojasnjeval, zakaj se je Avstrija za razliko od Nem\u010dije &#8211; ta ima dvakrat ni\u017ejo vrednost incidence od Avstrije, pa kljub temu ohranja strogo zaprtje &#8211; pred dvema tednoma in pol odlo\u010dila za ponovno odprtje \u0161tevilnih trgovin, storitev in \u0161ol.<\/p>\n<p>Kot je dejal, je postalo v Avstriji o\u010ditno, da po \u0161estih tednih zaprtja to preprosto nima ve\u010d nekega u\u010dinka. Ljudje so se vse manj dr\u017eali pravil, vse ve\u010d dejavnosti, ki so bile na papirju prepovedane, se je selilo v zasebno sfero. &#8220;Zaprtje, pri katerem nih\u010de ne sodeluje, pa seveda nima nobenega smisla,&#8221; je ocenil Kurz in izrazil razumevanje, da so ljudje po letu dni boja z epidemijo utrujeni in frustrirani.<\/p>\n<p>Obenem je izpostavil strategijo mno\u017ei\u010dnega testiranja prebivalstva, na katero zdaj stavijo in v okviru katere tedensko testirajo dobro \u010detrtino prebivalstva. &#8220;Ve\u010d ljudi kot testiramo, ve\u010d pozitivnih lahko umaknemo iz stikov, da ne oku\u017eijo \u0161e drugih,&#8221; je poudaril kancler in dodal, da \u0161tevilo novih oku\u017eb resda nara\u0161\u010da, a vendarle ta porast s testiranjem upo\u010dasnjujejo in ga imajo pod nadzorom, obenem pa previdno odpravljajo dolo\u010dene omejitve in omogo\u010dajo ljudem ve\u010d svobode.<\/p>\n<p>Kot je \u0161e nadaljeval, lahko \u0161tevilne dejavnosti ostanejo odprte tudi v tretjem valu, vpra\u0161anje je le, kako hud in kako hiter bo ta. Zato po drugi strani tudi ponovnega zaprtja ni mogo\u010de izklju\u010diti. &#8220;To je tekma s \u010dasom in z vsako osebo, ki bo cepljena, bomo majhen korak bli\u017eje normalnosti.&#8221; V Avstriji so sicer doslej izvedli okoli 536.000 cepljenj proti oku\u017ebi z novim koronavirusom.<\/p>\n","protected":false},"excerpt":{"rendered":"<p>Potem ko so v Avstriji v sredo po mesecu dni prvi\u010d znova bele\u017eili ve\u010d kot 2000 novih oku\u017eb z novim koronavirusom v enem dnevu, so dana\u0161nji podatki tam \u0161e slab\u0161i. V minulih 24 urah so namre\u010d zabele\u017eili kar 2391 novih oku\u017eb. Obenem je 24 ljudi s covidom-19 umrlo. <\/p>\n","protected":false},"author":8,"featured_media":426472,"comment_status":"closed","ping_status":"closed","sticky":false,"template":"","format":"standard","meta":{"footnotes":""},"categories":[18202],"tags":[1934,15632,18041,6982],"source":[4511],"supertag":[],"acf":[],"yoast_head":"<!-- This site is optimized with the Yoast SEO plugin v21.3 - https:\/\/yoast.com\/wordpress\/plugins\/seo\/ -->\n<title>Avstrijski kancler Sebastian Kurz ocenjuje, da strogo zaprtje dr\u017eave ni ve\u010d smiselno: &quot;Zaprtje, pri katerem nih\u010de ne sodeluje, nima nobenega smisla&quot; - Hudo Slovenija<\/title>\n<meta name=\"robots\" content=\"index, follow, max-snippet:-1, max-image-preview:large, max-video-preview:-1\" \/>\n<link rel=\"canonical\" href=\"https:\/\/hudo.com\/si\/aktualno\/svet\/avstrijski-kancler-sebastian-kurz-ocenjuje-da-strogo-zaprtje-drzave-ni-vec-smiselno-zaprtje-pri-katerem-nihce-ne-sodeluje-nima-nobenega-smisla\/\" \/>\n<meta property=\"og:locale\" content=\"sl_SI\" \/>\n<meta property=\"og:type\" content=\"article\" \/>\n<meta property=\"og:title\" content=\"Avstrijski kancler Sebastian Kurz ocenjuje, da strogo zaprtje dr\u017eave ni ve\u010d smiselno: &quot;Zaprtje, pri katerem nih\u010de ne sodeluje, nima nobenega smisla&quot; - Hudo Slovenija\" \/>\n<meta property=\"og:description\" content=\"Potem ko so v Avstriji v sredo po mesecu dni prvi\u010d znova bele\u017eili ve\u010d kot 2000 novih oku\u017eb z novim koronavirusom v enem dnevu, so dana\u0161nji podatki tam \u0161e slab\u0161i. V minulih 24 urah so namre\u010d zabele\u017eili kar 2391 novih oku\u017eb. Obenem je 24 ljudi s covidom-19 umrlo.\" \/>\n<meta property=\"og:url\" content=\"https:\/\/hudo.com\/si\/aktualno\/svet\/avstrijski-kancler-sebastian-kurz-ocenjuje-da-strogo-zaprtje-drzave-ni-vec-smiselno-zaprtje-pri-katerem-nihce-ne-sodeluje-nima-nobenega-smisla\/\" \/>\n<meta property=\"og:site_name\" content=\"Hudo Slovenija\" \/>\n<meta property=\"article:publisher\" content=\"https:\/\/www.facebook.com\/hudo.si\" \/>\n<meta property=\"article:published_time\" content=\"2021-02-25T10:39:11+00:00\" \/>\n<meta property=\"og:image\" content=\"https:\/\/hudo.com\/si\/wp-content\/uploads\/sites\/2\/2020\/07\/profimedia-0512074335.jpg\" \/>\n\t<meta property=\"og:image:width\" content=\"1250\" \/>\n\t<meta property=\"og:image:height\" content=\"833\" \/>\n\t<meta property=\"og:image:type\" content=\"image\/jpeg\" \/>\n<meta name=\"author\" content=\"M. N., STA\" \/>\n<meta name=\"twitter:card\" content=\"summary_large_image\" \/>\n<meta name=\"twitter:creator\" content=\"@hudo_si\" \/>\n<meta name=\"twitter:site\" content=\"@hudo_si\" \/>\n<meta name=\"twitter:label1\" content=\"Written by\" \/>\n\t<meta name=\"twitter:data1\" content=\"M. N., STA\" \/>\n\t<meta name=\"twitter:label2\" content=\"Est. reading time\" \/>\n\t<meta name=\"twitter:data2\" content=\"3 minute\" \/>\n<script type=\"application\/ld+json\" class=\"yoast-schema-graph\">{\"@context\":\"https:\/\/schema.org\",\"@graph\":[{\"@type\":\"Article\",\"@id\":\"https:\/\/hudo.com\/si\/aktualno\/svet\/avstrijski-kancler-sebastian-kurz-ocenjuje-da-strogo-zaprtje-drzave-ni-vec-smiselno-zaprtje-pri-katerem-nihce-ne-sodeluje-nima-nobenega-smisla\/#article\",\"isPartOf\":{\"@id\":\"https:\/\/hudo.com\/si\/aktualno\/svet\/avstrijski-kancler-sebastian-kurz-ocenjuje-da-strogo-zaprtje-drzave-ni-vec-smiselno-zaprtje-pri-katerem-nihce-ne-sodeluje-nima-nobenega-smisla\/\"},\"author\":{\"name\":\"M. N., STA\",\"@id\":\"https:\/\/hudo.com\/si\/#\/schema\/person\/c2f10ce65d2e6ede2aeda5be2a0611fa\"},\"headline\":\"Avstrijski kancler Sebastian Kurz ocenjuje, da strogo zaprtje dr\u017eave ni ve\u010d smiselno: &#8220;Zaprtje, pri katerem nih\u010de ne sodeluje, nima nobenega smisla&#8221;\",\"datePublished\":\"2021-02-25T10:39:11+00:00\",\"dateModified\":\"2021-02-25T10:39:11+00:00\",\"mainEntityOfPage\":{\"@id\":\"https:\/\/hudo.com\/si\/aktualno\/svet\/avstrijski-kancler-sebastian-kurz-ocenjuje-da-strogo-zaprtje-drzave-ni-vec-smiselno-zaprtje-pri-katerem-nihce-ne-sodeluje-nima-nobenega-smisla\/\"},\"wordCount\":570,\"publisher\":{\"@id\":\"https:\/\/hudo.com\/si\/#organization\"},\"keywords\":[\"Avstrija\",\"koronavirus\",\"pandemija covid-19\",\"Sebastian Kurz\"],\"articleSection\":[\"Svet\"],\"inLanguage\":\"sl-SI\"},{\"@type\":\"WebPage\",\"@id\":\"https:\/\/hudo.com\/si\/aktualno\/svet\/avstrijski-kancler-sebastian-kurz-ocenjuje-da-strogo-zaprtje-drzave-ni-vec-smiselno-zaprtje-pri-katerem-nihce-ne-sodeluje-nima-nobenega-smisla\/\",\"url\":\"https:\/\/hudo.com\/si\/aktualno\/svet\/avstrijski-kancler-sebastian-kurz-ocenjuje-da-strogo-zaprtje-drzave-ni-vec-smiselno-zaprtje-pri-katerem-nihce-ne-sodeluje-nima-nobenega-smisla\/\",\"name\":\"Avstrijski kancler Sebastian Kurz ocenjuje, da strogo zaprtje dr\u017eave ni ve\u010d smiselno: \\\"Zaprtje, pri katerem nih\u010de ne sodeluje, nima nobenega smisla\\\" - Hudo Slovenija\",\"isPartOf\":{\"@id\":\"https:\/\/hudo.com\/si\/#website\"},\"datePublished\":\"2021-02-25T10:39:11+00:00\",\"dateModified\":\"2021-02-25T10:39:11+00:00\",\"breadcrumb\":{\"@id\":\"https:\/\/hudo.com\/si\/aktualno\/svet\/avstrijski-kancler-sebastian-kurz-ocenjuje-da-strogo-zaprtje-drzave-ni-vec-smiselno-zaprtje-pri-katerem-nihce-ne-sodeluje-nima-nobenega-smisla\/#breadcrumb\"},\"inLanguage\":\"sl-SI\",\"potentialAction\":[{\"@type\":\"ReadAction\",\"target\":[\"https:\/\/hudo.com\/si\/aktualno\/svet\/avstrijski-kancler-sebastian-kurz-ocenjuje-da-strogo-zaprtje-drzave-ni-vec-smiselno-zaprtje-pri-katerem-nihce-ne-sodeluje-nima-nobenega-smisla\/\"]}]},{\"@type\":\"BreadcrumbList\",\"@id\":\"https:\/\/hudo.com\/si\/aktualno\/svet\/avstrijski-kancler-sebastian-kurz-ocenjuje-da-strogo-zaprtje-drzave-ni-vec-smiselno-zaprtje-pri-katerem-nihce-ne-sodeluje-nima-nobenega-smisla\/#breadcrumb\",\"itemListElement\":[{\"@type\":\"ListItem\",\"position\":1,\"name\":\"Home\",\"item\":\"https:\/\/hudo.com\/si\/\"},{\"@type\":\"ListItem\",\"position\":2,\"name\":\"Avstrijski kancler Sebastian Kurz ocenjuje, da strogo zaprtje dr\u017eave ni ve\u010d smiselno: &#8220;Zaprtje, pri katerem nih\u010de ne sodeluje, nima nobenega smisla&#8221;\"}]},{\"@type\":\"WebSite\",\"@id\":\"https:\/\/hudo.com\/si\/#website\",\"url\":\"https:\/\/hudo.com\/si\/\",\"name\":\"Hudo Slovenija\",\"description\":\"Vse novice iz Slovenije in sveta\",\"publisher\":{\"@id\":\"https:\/\/hudo.com\/si\/#organization\"},\"potentialAction\":[{\"@type\":\"SearchAction\",\"target\":{\"@type\":\"EntryPoint\",\"urlTemplate\":\"https:\/\/hudo.com\/si\/?s={search_term_string}\"},\"query-input\":\"required name=search_term_string\"}],\"inLanguage\":\"sl-SI\"},{\"@type\":\"Organization\",\"@id\":\"https:\/\/hudo.com\/si\/#organization\",\"name\":\"VSN Media\",\"url\":\"https:\/\/hudo.com\/si\/\",\"logo\":{\"@type\":\"ImageObject\",\"inLanguage\":\"sl-SI\",\"@id\":\"https:\/\/hudo.com\/si\/#\/schema\/logo\/image\/\",\"url\":\"https:\/\/hudo.com\/si\/wp-content\/uploads\/sites\/2\/2021\/03\/hudo-app-2.png\",\"contentUrl\":\"https:\/\/hudo.com\/si\/wp-content\/uploads\/sites\/2\/2021\/03\/hudo-app-2.png\",\"width\":2185,\"height\":2167,\"caption\":\"VSN Media\"},\"image\":{\"@id\":\"https:\/\/hudo.com\/si\/#\/schema\/logo\/image\/\"},\"sameAs\":[\"https:\/\/www.facebook.com\/hudo.si\",\"https:\/\/twitter.com\/hudo_si\"]},{\"@type\":\"Person\",\"@id\":\"https:\/\/hudo.com\/si\/#\/schema\/person\/c2f10ce65d2e6ede2aeda5be2a0611fa\",\"name\":\"M. N., STA\",\"image\":{\"@type\":\"ImageObject\",\"inLanguage\":\"sl-SI\",\"@id\":\"https:\/\/hudo.com\/si\/#\/schema\/person\/image\/\",\"url\":\"https:\/\/secure.gravatar.com\/avatar\/f370d38daa10467f755c5c766a4cac20?s=96&d=mm&r=g\",\"contentUrl\":\"https:\/\/secure.gravatar.com\/avatar\/f370d38daa10467f755c5c766a4cac20?s=96&d=mm&r=g\",\"caption\":\"M. N., STA\"},\"url\":\"https:\/\/hudo.com\/si\/author\/mana\/\"}]}<\/script>\n<!-- \/ Yoast SEO plugin. -->","yoast_head_json":{"title":"Avstrijski kancler Sebastian Kurz ocenjuje, da strogo zaprtje dr\u017eave ni ve\u010d smiselno: \"Zaprtje, pri katerem nih\u010de ne sodeluje, nima nobenega smisla\" - Hudo Slovenija","robots":{"index":"index","follow":"follow","max-snippet":"max-snippet:-1","max-image-preview":"max-image-preview:large","max-video-preview":"max-video-preview:-1"},"canonical":"https:\/\/hudo.com\/si\/aktualno\/svet\/avstrijski-kancler-sebastian-kurz-ocenjuje-da-strogo-zaprtje-drzave-ni-vec-smiselno-zaprtje-pri-katerem-nihce-ne-sodeluje-nima-nobenega-smisla\/","og_locale":"sl_SI","og_type":"article","og_title":"Avstrijski kancler Sebastian Kurz ocenjuje, da strogo zaprtje dr\u017eave ni ve\u010d smiselno: \"Zaprtje, pri katerem nih\u010de ne sodeluje, nima nobenega smisla\" - Hudo Slovenija","og_description":"Potem ko so v Avstriji v sredo po mesecu dni prvi\u010d znova bele\u017eili ve\u010d kot 2000 novih oku\u017eb z novim koronavirusom v enem dnevu, so dana\u0161nji podatki tam \u0161e slab\u0161i. V minulih 24 urah so namre\u010d zabele\u017eili kar 2391 novih oku\u017eb. Obenem je 24 ljudi s covidom-19 umrlo.","og_url":"https:\/\/hudo.com\/si\/aktualno\/svet\/avstrijski-kancler-sebastian-kurz-ocenjuje-da-strogo-zaprtje-drzave-ni-vec-smiselno-zaprtje-pri-katerem-nihce-ne-sodeluje-nima-nobenega-smisla\/","og_site_name":"Hudo Slovenija","article_publisher":"https:\/\/www.facebook.com\/hudo.si","article_published_time":"2021-02-25T10:39:11+00:00","og_image":[{"width":1250,"height":833,"url":"https:\/\/hudo.com\/si\/wp-content\/uploads\/sites\/2\/2020\/07\/profimedia-0512074335.jpg","type":"image\/jpeg"}],"author":"M. N., STA","twitter_card":"summary_large_image","twitter_creator":"@hudo_si","twitter_site":"@hudo_si","twitter_misc":{"Written by":"M. N., STA","Est. reading time":"3 minute"},"schema":{"@context":"https:\/\/schema.org","@graph":[{"@type":"Article","@id":"https:\/\/hudo.com\/si\/aktualno\/svet\/avstrijski-kancler-sebastian-kurz-ocenjuje-da-strogo-zaprtje-drzave-ni-vec-smiselno-zaprtje-pri-katerem-nihce-ne-sodeluje-nima-nobenega-smisla\/#article","isPartOf":{"@id":"https:\/\/hudo.com\/si\/aktualno\/svet\/avstrijski-kancler-sebastian-kurz-ocenjuje-da-strogo-zaprtje-drzave-ni-vec-smiselno-zaprtje-pri-katerem-nihce-ne-sodeluje-nima-nobenega-smisla\/"},"author":{"name":"M. N., STA","@id":"https:\/\/hudo.com\/si\/#\/schema\/person\/c2f10ce65d2e6ede2aeda5be2a0611fa"},"headline":"Avstrijski kancler Sebastian Kurz ocenjuje, da strogo zaprtje dr\u017eave ni ve\u010d smiselno: &#8220;Zaprtje, pri katerem nih\u010de ne sodeluje, nima nobenega smisla&#8221;","datePublished":"2021-02-25T10:39:11+00:00","dateModified":"2021-02-25T10:39:11+00:00","mainEntityOfPage":{"@id":"https:\/\/hudo.com\/si\/aktualno\/svet\/avstrijski-kancler-sebastian-kurz-ocenjuje-da-strogo-zaprtje-drzave-ni-vec-smiselno-zaprtje-pri-katerem-nihce-ne-sodeluje-nima-nobenega-smisla\/"},"wordCount":570,"publisher":{"@id":"https:\/\/hudo.com\/si\/#organization"},"keywords":["Avstrija","koronavirus","pandemija covid-19","Sebastian Kurz"],"articleSection":["Svet"],"inLanguage":"sl-SI"},{"@type":"WebPage","@id":"https:\/\/hudo.com\/si\/aktualno\/svet\/avstrijski-kancler-sebastian-kurz-ocenjuje-da-strogo-zaprtje-drzave-ni-vec-smiselno-zaprtje-pri-katerem-nihce-ne-sodeluje-nima-nobenega-smisla\/","url":"https:\/\/hudo.com\/si\/aktualno\/svet\/avstrijski-kancler-sebastian-kurz-ocenjuje-da-strogo-zaprtje-drzave-ni-vec-smiselno-zaprtje-pri-katerem-nihce-ne-sodeluje-nima-nobenega-smisla\/","name":"Avstrijski kancler Sebastian Kurz ocenjuje, da strogo zaprtje dr\u017eave ni ve\u010d smiselno: \"Zaprtje, pri katerem nih\u010de ne sodeluje, nima nobenega smisla\" - Hudo Slovenija","isPartOf":{"@id":"https:\/\/hudo.com\/si\/#website"},"datePublished":"2021-02-25T10:39:11+00:00","dateModified":"2021-02-25T10:39:11+00:00","breadcrumb":{"@id":"https:\/\/hudo.com\/si\/aktualno\/svet\/avstrijski-kancler-sebastian-kurz-ocenjuje-da-strogo-zaprtje-drzave-ni-vec-smiselno-zaprtje-pri-katerem-nihce-ne-sodeluje-nima-nobenega-smisla\/#breadcrumb"},"inLanguage":"sl-SI","potentialAction":[{"@type":"ReadAction","target":["https:\/\/hudo.com\/si\/aktualno\/svet\/avstrijski-kancler-sebastian-kurz-ocenjuje-da-strogo-zaprtje-drzave-ni-vec-smiselno-zaprtje-pri-katerem-nihce-ne-sodeluje-nima-nobenega-smisla\/"]}]},{"@type":"BreadcrumbList","@id":"https:\/\/hudo.com\/si\/aktualno\/svet\/avstrijski-kancler-sebastian-kurz-ocenjuje-da-strogo-zaprtje-drzave-ni-vec-smiselno-zaprtje-pri-katerem-nihce-ne-sodeluje-nima-nobenega-smisla\/#breadcrumb","itemListElement":[{"@type":"ListItem","position":1,"name":"Home","item":"https:\/\/hudo.com\/si\/"},{"@type":"ListItem","position":2,"name":"Avstrijski kancler Sebastian Kurz ocenjuje, da strogo zaprtje dr\u017eave ni ve\u010d smiselno: &#8220;Zaprtje, pri katerem nih\u010de ne sodeluje, nima nobenega smisla&#8221;"}]},{"@type":"WebSite","@id":"https:\/\/hudo.com\/si\/#website","url":"https:\/\/hudo.com\/si\/","name":"Hudo Slovenija","description":"Vse novice iz Slovenije in sveta","publisher":{"@id":"https:\/\/hudo.com\/si\/#organization"},"potentialAction":[{"@type":"SearchAction","target":{"@type":"EntryPoint","urlTemplate":"https:\/\/hudo.com\/si\/?s={search_term_string}"},"query-input":"required name=search_term_string"}],"inLanguage":"sl-SI"},{"@type":"Organization","@id":"https:\/\/hudo.com\/si\/#organization","name":"VSN Media","url":"https:\/\/hudo.com\/si\/","logo":{"@type":"ImageObject","inLanguage":"sl-SI","@id":"https:\/\/hudo.com\/si\/#\/schema\/logo\/image\/","url":"https:\/\/hudo.com\/si\/wp-content\/uploads\/sites\/2\/2021\/03\/hudo-app-2.png","contentUrl":"https:\/\/hudo.com\/si\/wp-content\/uploads\/sites\/2\/2021\/03\/hudo-app-2.png","width":2185,"height":2167,"caption":"VSN Media"},"image":{"@id":"https:\/\/hudo.com\/si\/#\/schema\/logo\/image\/"},"sameAs":["https:\/\/www.facebook.com\/hudo.si","https:\/\/twitter.com\/hudo_si"]},{"@type":"Person","@id":"https:\/\/hudo.com\/si\/#\/schema\/person\/c2f10ce65d2e6ede2aeda5be2a0611fa","name":"M. N., STA","image":{"@type":"ImageObject","inLanguage":"sl-SI","@id":"https:\/\/hudo.com\/si\/#\/schema\/person\/image\/","url":"https:\/\/secure.gravatar.com\/avatar\/f370d38daa10467f755c5c766a4cac20?s=96&d=mm&r=g","contentUrl":"https:\/\/secure.gravatar.com\/avatar\/f370d38daa10467f755c5c766a4cac20?s=96&d=mm&r=g","caption":"M. N., STA"},"url":"https:\/\/hudo.com\/si\/author\/mana\/"}]}},"amp_enabled":true,"_links":{"self":[{"href":"https:\/\/hudo.com\/si\/wp-json\/wp\/v2\/posts\/446102"}],"collection":[{"href":"https:\/\/hudo.com\/si\/wp-json\/wp\/v2\/posts"}],"about":[{"href":"https:\/\/hudo.com\/si\/wp-json\/wp\/v2\/types\/post"}],"author":[{"embeddable":true,"href":"https:\/\/hudo.com\/si\/wp-json\/wp\/v2\/users\/8"}],"replies":[{"embeddable":true,"href":"https:\/\/hudo.com\/si\/wp-json\/wp\/v2\/comments?post=446102"}],"version-history":[{"count":1,"href":"https:\/\/hudo.com\/si\/wp-json\/wp\/v2\/posts\/446102\/revisions"}],"predecessor-version":[{"id":446103,"href":"https:\/\/hudo.com\/si\/wp-json\/wp\/v2\/posts\/446102\/revisions\/446103"}],"wp:featuredmedia":[{"embeddable":true,"href":"https:\/\/hudo.com\/si\/wp-json\/wp\/v2\/media\/426472"}],"wp:attachment":[{"href":"https:\/\/hudo.com\/si\/wp-json\/wp\/v2\/media?parent=446102"}],"wp:term":[{"taxonomy":"category","embeddable":true,"href":"https:\/\/hudo.com\/si\/wp-json\/wp\/v2\/categories?post=446102"},{"taxonomy":"post_tag","embeddable":true,"href":"https:\/\/hudo.com\/si\/wp-json\/wp\/v2\/tags?post=446102"},{"taxonomy":"source","embeddable":true,"href":"https:\/\/hudo.com\/si\/wp-json\/wp\/v2\/source?post=446102"},{"taxonomy":"supertag","embeddable":true,"href":"https:\/\/hudo.com\/si\/wp-json\/wp\/v2\/supertag?post=446102"}],"curies":[{"name":"wp","href":"https:\/\/api.w.org\/{rel}","templated":true}]}}