{"id":446154,"date":"2021-02-26T09:14:57","date_gmt":"2021-02-26T08:14:57","guid":{"rendered":"https:\/\/hudo.com\/si\/2021\/02\/26\/slovenija-bo-gostila-enega-najvecjih-znanstvenih-dogodkov-na-podrocju-matematike\/"},"modified":"2021-02-26T09:14:57","modified_gmt":"2021-02-26T08:14:57","slug":"slovenija-bo-gostila-enega-najvecjih-znanstvenih-dogodkov-na-podrocju-matematike","status":"publish","type":"post","link":"https:\/\/hudo.com\/si\/lifestyle\/slovenija-bo-gostila-enega-najvecjih-znanstvenih-dogodkov-na-podrocju-matematike\/","title":{"rendered":"Slovenija bo gostila enega najve\u010djih znanstvenih dogodkov na podro\u010dju matematike"},"content":{"rendered":"<figure>\n\t\t\t\t\t<img loading=\"lazy\" decoding=\"async\" width=\"660\" height=\"320\" src=\"image\/gif;base64,R0lGODlhAQABAAAAACH5BAEKAAEALAAAAAABAAEAAAICTAEAOw==\" class=\"lazyload\" data-src=\"https:\/\/moski.hudo.com\/wp-content\/uploads\/2021\/02\/profimedia-0337928027-320x155.jpg\" data-srcset=\"https:\/\/moski.hudo.com\/wp-content\/uploads\/2021\/02\/profimedia-0337928027-660x320.jpg 660w,https:\/\/moski.hudo.com\/wp-content\/uploads\/2021\/02\/profimedia-0337928027-320x155.jpg 330w\" \/><figcaption>Profimedia<\/figcaption><\/figure>\n<p>Matemati\u010dni kongres je bil sprva na\u010drtovan \u017ee za leto 2020, vendar je bil zaradi pandemije koronavirusa za eno leto prestavljen. Kon\u010dno odlo\u010ditev, da se kljub razmeram kongres letos izvede in to na daljavo, so zdaj soglasno sprejeli izvr\u0161ni odbor Evropskega matemati\u010dnega zdru\u017eenja (EMS) in organizatorji 8ECM.<\/p>\n<h2>Eden najve\u010djih dogodkov v svetu matematike<\/h2>\n<p>8ECM bo gostil vrhunska imena s podro\u010dja matematike, med katerimi so tudi dobitniki najvi\u0161jega priznanja v matematiki, Fieldsove medalje oziroma &#8220;matemati\u010dne Nobelove nagrade&#8221;. Med njimi so Martin Hairer (Imperial College, London), Stanislav Smirnov (University of Geneva) in Andrei Okounkov (Higher School of Economics, National Research University). Gre za velik uspeh slovenskih matematikov, saj tako pomembnega dogodka na podro\u010dju matematike v Sloveniji \u0161e ni bilo, so zapisali na UP.<\/p>\n<p>V okviru 8ECM bo ve\u010d kot 1500 matematikov svoje prispevke predstavilo v 60 mini simpozijih. Delo bo potekalo v 16 splo\u0161nih sekcijah, organizirane bodo \u0161tevilne okrogle mize ter drugi dogodki.<\/p>\n<p>Kljub temu da bo dogodek ve\u010dinoma potekal prek spleta, \u017eelijo organizatorji spodbuditi udele\u017eence, naj pripotujejo v Portoro\u017e, \u010de le lahko in si to \u017eelijo. \u010ce bodo epidemiolo\u0161ke razmere to dopu\u0161\u010dale, bodo med 8ECM v Kongresnem centru Bernardin organizirali neformalni dru\u017eabni dogodek, na voljo bodo tudi manj\u0161e predavalnice za zaprte skupine, ki bodo ob upo\u0161tevanju veljavnih ukrepov gostile razprave in manj\u0161a sre\u010danja.<\/p>\n<p>Prav tako se bodo lahko na spletu predstavili zalo\u017eniki in drugi razstavljavci, umetni\u0161ke razstave in druge kulturne prireditve pa bodo potekale tako v leto\u0161njem kot v naslednjem letu in bodo razpr\u0161ene po razli\u010dnih lokacijah po Sloveniji.<\/p>\n<p>Evropski kongresi matematike potekajo vsake \u0161tiri leta pod okriljem Evropskega matemati\u010dnega zdru\u017eenja (EMS). Za mednarodnim kongresom matematike je to drugo najve\u010dje sre\u010danje matematikov na svetu, ki se ga udele\u017ei ve\u010d kot 1000 raziskovalcev in doktorskih \u0161tudentov.<\/p>\n<p>Leto\u0161nji kongres organizirajo Fakulteta za matematiko, naravoslovje in informacijske tehnologije Univerze na Primorskem v sodelovanju s Fakulteto za matematiko in fiziko Univerze v Ljubljani, Pedago\u0161ko fakulteto Univerze v Ljubljani, Fakulteto za naravoslovje in matematiko Univerze v Mariboru, Dru\u0161tvom matematikov, fizikov in astronomov Slovenije, In\u0161titutom za matematiko, fiziko in mehaniko, Slovenskim dru\u0161tvom za diskretno in uporabno matematiko, Institutom Jo\u017eef Stefan ter podjetjem Abelium.<\/p>\n<p>Rektorica Univerze na Primorskem Klavdija Kutnar je ob tem poudarila izjemen pomen, ki ga ima kongres tako za univerzo kot za slovensko matematiko. Po njenih besedah matematika pomembno vpliva na na\u0161e \u017eivljenje, saj podpira vse dele na\u0161e dru\u017ebe, \u010desar se ne vedno dovolj zavedamo.<\/p>\n<p>&#8220;S tem, ko smo pripeljali kongres v Slovenijo, smo dobili ne le prilo\u017enost, da predstavimo Univerzo na Primorskem in slovensko matematiko svetovni znanstveni javnosti, ampak tudi prilo\u017enost, da pribli\u017eamo matematiko doma\u010di javnosti, \u0161olarjem, dijakom, \u0161tudentom,&#8221; je \u0161e dejala Kutnarjeva.<\/p>\n","protected":false},"excerpt":{"rendered":"<p>Univerza na Primorskem (UP) bo junija skupaj s partnerji gostila 8. Evropski kongres matematike &#8211; 8ECM, enega najve\u010djih znanstvenih dogodkov na podro\u010dju matematike. Ta bo od 20. do 26. junija potekal v Portoro\u017eu, zaradi epidemiolo\u0161ke situacije pa bo ve\u010dinoma izveden prek spleta, so sporo\u010dili z UP.<\/p>\n","protected":false},"author":1,"featured_media":446155,"comment_status":"closed","ping_status":"closed","sticky":false,"template":"","format":"standard","meta":{"footnotes":""},"categories":[1091],"tags":[1651,1595,1645],"source":[1522,1518,1527],"supertag":[],"acf":[],"yoast_head":"<!-- This site is optimized with the Yoast SEO plugin v21.3 - https:\/\/yoast.com\/wordpress\/plugins\/seo\/ -->\n<title>Slovenija bo gostila enega najve\u010djih znanstvenih dogodkov na podro\u010dju matematike - Hudo Slovenija<\/title>\n<meta name=\"robots\" content=\"index, follow, max-snippet:-1, max-image-preview:large, max-video-preview:-1\" \/>\n<link rel=\"canonical\" href=\"https:\/\/hudo.com\/si\/lifestyle\/slovenija-bo-gostila-enega-najvecjih-znanstvenih-dogodkov-na-podrocju-matematike\/\" \/>\n<meta property=\"og:locale\" content=\"sl_SI\" \/>\n<meta property=\"og:type\" content=\"article\" \/>\n<meta property=\"og:title\" content=\"Slovenija bo gostila enega najve\u010djih znanstvenih dogodkov na podro\u010dju matematike - Hudo Slovenija\" \/>\n<meta property=\"og:description\" content=\"Univerza na Primorskem (UP) bo junija skupaj s partnerji gostila 8. Evropski kongres matematike - 8ECM, enega najve\u010djih znanstvenih dogodkov na podro\u010dju matematike. Ta bo od 20. do 26. junija potekal v Portoro\u017eu, zaradi epidemiolo\u0161ke situacije pa bo ve\u010dinoma izveden prek spleta, so sporo\u010dili z UP.\" \/>\n<meta property=\"og:url\" content=\"https:\/\/hudo.com\/si\/lifestyle\/slovenija-bo-gostila-enega-najvecjih-znanstvenih-dogodkov-na-podrocju-matematike\/\" \/>\n<meta property=\"og:site_name\" content=\"Hudo Slovenija\" \/>\n<meta property=\"article:publisher\" content=\"https:\/\/www.facebook.com\/hudo.si\" \/>\n<meta property=\"article:published_time\" content=\"2021-02-26T08:14:57+00:00\" \/>\n<meta property=\"og:image\" content=\"https:\/\/hudo.com\/si\/wp-content\/uploads\/sites\/2\/2021\/02\/profimedia-0337928027.jpg\" \/>\n\t<meta property=\"og:image:width\" content=\"1250\" \/>\n\t<meta property=\"og:image:height\" content=\"833\" \/>\n\t<meta property=\"og:image:type\" content=\"image\/jpeg\" \/>\n<meta name=\"author\" content=\"hudo\" \/>\n<meta name=\"twitter:card\" content=\"summary_large_image\" \/>\n<meta name=\"twitter:creator\" content=\"@hudo_si\" \/>\n<meta name=\"twitter:site\" content=\"@hudo_si\" \/>\n<meta name=\"twitter:label1\" content=\"Written by\" \/>\n\t<meta name=\"twitter:data1\" content=\"hudo\" \/>\n\t<meta name=\"twitter:label2\" content=\"Est. reading time\" \/>\n\t<meta name=\"twitter:data2\" content=\"2 minuti\" \/>\n<script type=\"application\/ld+json\" class=\"yoast-schema-graph\">{\"@context\":\"https:\/\/schema.org\",\"@graph\":[{\"@type\":\"Article\",\"@id\":\"https:\/\/hudo.com\/si\/lifestyle\/slovenija-bo-gostila-enega-najvecjih-znanstvenih-dogodkov-na-podrocju-matematike\/#article\",\"isPartOf\":{\"@id\":\"https:\/\/hudo.com\/si\/lifestyle\/slovenija-bo-gostila-enega-najvecjih-znanstvenih-dogodkov-na-podrocju-matematike\/\"},\"author\":{\"name\":\"hudo\",\"@id\":\"https:\/\/hudo.com\/si\/#\/schema\/person\/601cf3379633985b20f7e50f2bb47707\"},\"headline\":\"Slovenija bo gostila enega najve\u010djih znanstvenih dogodkov na podro\u010dju matematike\",\"datePublished\":\"2021-02-26T08:14:57+00:00\",\"dateModified\":\"2021-02-26T08:14:57+00:00\",\"mainEntityOfPage\":{\"@id\":\"https:\/\/hudo.com\/si\/lifestyle\/slovenija-bo-gostila-enega-najvecjih-znanstvenih-dogodkov-na-podrocju-matematike\/\"},\"wordCount\":481,\"publisher\":{\"@id\":\"https:\/\/hudo.com\/si\/#organization\"},\"keywords\":[\"matematika\",\"Slovenija\",\"znanstvene zanimivosti\"],\"articleSection\":[\"Lifestyle\"],\"inLanguage\":\"sl-SI\"},{\"@type\":\"WebPage\",\"@id\":\"https:\/\/hudo.com\/si\/lifestyle\/slovenija-bo-gostila-enega-najvecjih-znanstvenih-dogodkov-na-podrocju-matematike\/\",\"url\":\"https:\/\/hudo.com\/si\/lifestyle\/slovenija-bo-gostila-enega-najvecjih-znanstvenih-dogodkov-na-podrocju-matematike\/\",\"name\":\"Slovenija bo gostila enega najve\u010djih znanstvenih dogodkov na podro\u010dju matematike - Hudo Slovenija\",\"isPartOf\":{\"@id\":\"https:\/\/hudo.com\/si\/#website\"},\"datePublished\":\"2021-02-26T08:14:57+00:00\",\"dateModified\":\"2021-02-26T08:14:57+00:00\",\"breadcrumb\":{\"@id\":\"https:\/\/hudo.com\/si\/lifestyle\/slovenija-bo-gostila-enega-najvecjih-znanstvenih-dogodkov-na-podrocju-matematike\/#breadcrumb\"},\"inLanguage\":\"sl-SI\",\"potentialAction\":[{\"@type\":\"ReadAction\",\"target\":[\"https:\/\/hudo.com\/si\/lifestyle\/slovenija-bo-gostila-enega-najvecjih-znanstvenih-dogodkov-na-podrocju-matematike\/\"]}]},{\"@type\":\"BreadcrumbList\",\"@id\":\"https:\/\/hudo.com\/si\/lifestyle\/slovenija-bo-gostila-enega-najvecjih-znanstvenih-dogodkov-na-podrocju-matematike\/#breadcrumb\",\"itemListElement\":[{\"@type\":\"ListItem\",\"position\":1,\"name\":\"Home\",\"item\":\"https:\/\/hudo.com\/si\/\"},{\"@type\":\"ListItem\",\"position\":2,\"name\":\"Slovenija bo gostila enega najve\u010djih znanstvenih dogodkov na podro\u010dju matematike\"}]},{\"@type\":\"WebSite\",\"@id\":\"https:\/\/hudo.com\/si\/#website\",\"url\":\"https:\/\/hudo.com\/si\/\",\"name\":\"Hudo Slovenija\",\"description\":\"Vse novice iz Slovenije in sveta\",\"publisher\":{\"@id\":\"https:\/\/hudo.com\/si\/#organization\"},\"potentialAction\":[{\"@type\":\"SearchAction\",\"target\":{\"@type\":\"EntryPoint\",\"urlTemplate\":\"https:\/\/hudo.com\/si\/?s={search_term_string}\"},\"query-input\":\"required name=search_term_string\"}],\"inLanguage\":\"sl-SI\"},{\"@type\":\"Organization\",\"@id\":\"https:\/\/hudo.com\/si\/#organization\",\"name\":\"VSN Media\",\"url\":\"https:\/\/hudo.com\/si\/\",\"logo\":{\"@type\":\"ImageObject\",\"inLanguage\":\"sl-SI\",\"@id\":\"https:\/\/hudo.com\/si\/#\/schema\/logo\/image\/\",\"url\":\"https:\/\/hudo.com\/si\/wp-content\/uploads\/sites\/2\/2021\/03\/hudo-app-2.png\",\"contentUrl\":\"https:\/\/hudo.com\/si\/wp-content\/uploads\/sites\/2\/2021\/03\/hudo-app-2.png\",\"width\":2185,\"height\":2167,\"caption\":\"VSN Media\"},\"image\":{\"@id\":\"https:\/\/hudo.com\/si\/#\/schema\/logo\/image\/\"},\"sameAs\":[\"https:\/\/www.facebook.com\/hudo.si\",\"https:\/\/twitter.com\/hudo_si\"]},{\"@type\":\"Person\",\"@id\":\"https:\/\/hudo.com\/si\/#\/schema\/person\/601cf3379633985b20f7e50f2bb47707\",\"name\":\"hudo\",\"image\":{\"@type\":\"ImageObject\",\"inLanguage\":\"sl-SI\",\"@id\":\"https:\/\/hudo.com\/si\/#\/schema\/person\/image\/\",\"url\":\"https:\/\/secure.gravatar.com\/avatar\/c4ca25fa72cace7a696b52ff5db9e095?s=96&d=mm&r=g\",\"contentUrl\":\"https:\/\/secure.gravatar.com\/avatar\/c4ca25fa72cace7a696b52ff5db9e095?s=96&d=mm&r=g\",\"caption\":\"hudo\"},\"url\":\"https:\/\/hudo.com\/si\/author\/hudo\/\"}]}<\/script>\n<!-- \/ Yoast SEO plugin. -->","yoast_head_json":{"title":"Slovenija bo gostila enega najve\u010djih znanstvenih dogodkov na podro\u010dju matematike - Hudo Slovenija","robots":{"index":"index","follow":"follow","max-snippet":"max-snippet:-1","max-image-preview":"max-image-preview:large","max-video-preview":"max-video-preview:-1"},"canonical":"https:\/\/hudo.com\/si\/lifestyle\/slovenija-bo-gostila-enega-najvecjih-znanstvenih-dogodkov-na-podrocju-matematike\/","og_locale":"sl_SI","og_type":"article","og_title":"Slovenija bo gostila enega najve\u010djih znanstvenih dogodkov na podro\u010dju matematike - Hudo Slovenija","og_description":"Univerza na Primorskem (UP) bo junija skupaj s partnerji gostila 8. Evropski kongres matematike - 8ECM, enega najve\u010djih znanstvenih dogodkov na podro\u010dju matematike. Ta bo od 20. do 26. junija potekal v Portoro\u017eu, zaradi epidemiolo\u0161ke situacije pa bo ve\u010dinoma izveden prek spleta, so sporo\u010dili z UP.","og_url":"https:\/\/hudo.com\/si\/lifestyle\/slovenija-bo-gostila-enega-najvecjih-znanstvenih-dogodkov-na-podrocju-matematike\/","og_site_name":"Hudo Slovenija","article_publisher":"https:\/\/www.facebook.com\/hudo.si","article_published_time":"2021-02-26T08:14:57+00:00","og_image":[{"width":1250,"height":833,"url":"https:\/\/hudo.com\/si\/wp-content\/uploads\/sites\/2\/2021\/02\/profimedia-0337928027.jpg","type":"image\/jpeg"}],"author":"hudo","twitter_card":"summary_large_image","twitter_creator":"@hudo_si","twitter_site":"@hudo_si","twitter_misc":{"Written by":"hudo","Est. reading time":"2 minuti"},"schema":{"@context":"https:\/\/schema.org","@graph":[{"@type":"Article","@id":"https:\/\/hudo.com\/si\/lifestyle\/slovenija-bo-gostila-enega-najvecjih-znanstvenih-dogodkov-na-podrocju-matematike\/#article","isPartOf":{"@id":"https:\/\/hudo.com\/si\/lifestyle\/slovenija-bo-gostila-enega-najvecjih-znanstvenih-dogodkov-na-podrocju-matematike\/"},"author":{"name":"hudo","@id":"https:\/\/hudo.com\/si\/#\/schema\/person\/601cf3379633985b20f7e50f2bb47707"},"headline":"Slovenija bo gostila enega najve\u010djih znanstvenih dogodkov na podro\u010dju matematike","datePublished":"2021-02-26T08:14:57+00:00","dateModified":"2021-02-26T08:14:57+00:00","mainEntityOfPage":{"@id":"https:\/\/hudo.com\/si\/lifestyle\/slovenija-bo-gostila-enega-najvecjih-znanstvenih-dogodkov-na-podrocju-matematike\/"},"wordCount":481,"publisher":{"@id":"https:\/\/hudo.com\/si\/#organization"},"keywords":["matematika","Slovenija","znanstvene zanimivosti"],"articleSection":["Lifestyle"],"inLanguage":"sl-SI"},{"@type":"WebPage","@id":"https:\/\/hudo.com\/si\/lifestyle\/slovenija-bo-gostila-enega-najvecjih-znanstvenih-dogodkov-na-podrocju-matematike\/","url":"https:\/\/hudo.com\/si\/lifestyle\/slovenija-bo-gostila-enega-najvecjih-znanstvenih-dogodkov-na-podrocju-matematike\/","name":"Slovenija bo gostila enega najve\u010djih znanstvenih dogodkov na podro\u010dju matematike - Hudo Slovenija","isPartOf":{"@id":"https:\/\/hudo.com\/si\/#website"},"datePublished":"2021-02-26T08:14:57+00:00","dateModified":"2021-02-26T08:14:57+00:00","breadcrumb":{"@id":"https:\/\/hudo.com\/si\/lifestyle\/slovenija-bo-gostila-enega-najvecjih-znanstvenih-dogodkov-na-podrocju-matematike\/#breadcrumb"},"inLanguage":"sl-SI","potentialAction":[{"@type":"ReadAction","target":["https:\/\/hudo.com\/si\/lifestyle\/slovenija-bo-gostila-enega-najvecjih-znanstvenih-dogodkov-na-podrocju-matematike\/"]}]},{"@type":"BreadcrumbList","@id":"https:\/\/hudo.com\/si\/lifestyle\/slovenija-bo-gostila-enega-najvecjih-znanstvenih-dogodkov-na-podrocju-matematike\/#breadcrumb","itemListElement":[{"@type":"ListItem","position":1,"name":"Home","item":"https:\/\/hudo.com\/si\/"},{"@type":"ListItem","position":2,"name":"Slovenija bo gostila enega najve\u010djih znanstvenih dogodkov na podro\u010dju matematike"}]},{"@type":"WebSite","@id":"https:\/\/hudo.com\/si\/#website","url":"https:\/\/hudo.com\/si\/","name":"Hudo Slovenija","description":"Vse novice iz Slovenije in sveta","publisher":{"@id":"https:\/\/hudo.com\/si\/#organization"},"potentialAction":[{"@type":"SearchAction","target":{"@type":"EntryPoint","urlTemplate":"https:\/\/hudo.com\/si\/?s={search_term_string}"},"query-input":"required name=search_term_string"}],"inLanguage":"sl-SI"},{"@type":"Organization","@id":"https:\/\/hudo.com\/si\/#organization","name":"VSN Media","url":"https:\/\/hudo.com\/si\/","logo":{"@type":"ImageObject","inLanguage":"sl-SI","@id":"https:\/\/hudo.com\/si\/#\/schema\/logo\/image\/","url":"https:\/\/hudo.com\/si\/wp-content\/uploads\/sites\/2\/2021\/03\/hudo-app-2.png","contentUrl":"https:\/\/hudo.com\/si\/wp-content\/uploads\/sites\/2\/2021\/03\/hudo-app-2.png","width":2185,"height":2167,"caption":"VSN Media"},"image":{"@id":"https:\/\/hudo.com\/si\/#\/schema\/logo\/image\/"},"sameAs":["https:\/\/www.facebook.com\/hudo.si","https:\/\/twitter.com\/hudo_si"]},{"@type":"Person","@id":"https:\/\/hudo.com\/si\/#\/schema\/person\/601cf3379633985b20f7e50f2bb47707","name":"hudo","image":{"@type":"ImageObject","inLanguage":"sl-SI","@id":"https:\/\/hudo.com\/si\/#\/schema\/person\/image\/","url":"https:\/\/secure.gravatar.com\/avatar\/c4ca25fa72cace7a696b52ff5db9e095?s=96&d=mm&r=g","contentUrl":"https:\/\/secure.gravatar.com\/avatar\/c4ca25fa72cace7a696b52ff5db9e095?s=96&d=mm&r=g","caption":"hudo"},"url":"https:\/\/hudo.com\/si\/author\/hudo\/"}]}},"amp_enabled":true,"_links":{"self":[{"href":"https:\/\/hudo.com\/si\/wp-json\/wp\/v2\/posts\/446154"}],"collection":[{"href":"https:\/\/hudo.com\/si\/wp-json\/wp\/v2\/posts"}],"about":[{"href":"https:\/\/hudo.com\/si\/wp-json\/wp\/v2\/types\/post"}],"author":[{"embeddable":true,"href":"https:\/\/hudo.com\/si\/wp-json\/wp\/v2\/users\/1"}],"replies":[{"embeddable":true,"href":"https:\/\/hudo.com\/si\/wp-json\/wp\/v2\/comments?post=446154"}],"version-history":[{"count":0,"href":"https:\/\/hudo.com\/si\/wp-json\/wp\/v2\/posts\/446154\/revisions"}],"wp:featuredmedia":[{"embeddable":true,"href":"https:\/\/hudo.com\/si\/wp-json\/wp\/v2\/media\/446155"}],"wp:attachment":[{"href":"https:\/\/hudo.com\/si\/wp-json\/wp\/v2\/media?parent=446154"}],"wp:term":[{"taxonomy":"category","embeddable":true,"href":"https:\/\/hudo.com\/si\/wp-json\/wp\/v2\/categories?post=446154"},{"taxonomy":"post_tag","embeddable":true,"href":"https:\/\/hudo.com\/si\/wp-json\/wp\/v2\/tags?post=446154"},{"taxonomy":"source","embeddable":true,"href":"https:\/\/hudo.com\/si\/wp-json\/wp\/v2\/source?post=446154"},{"taxonomy":"supertag","embeddable":true,"href":"https:\/\/hudo.com\/si\/wp-json\/wp\/v2\/supertag?post=446154"}],"curies":[{"name":"wp","href":"https:\/\/api.w.org\/{rel}","templated":true}]}}