{"id":446218,"date":"2021-02-27T17:13:52","date_gmt":"2021-02-27T16:13:52","guid":{"rendered":"https:\/\/hudo.com\/si\/?p=446218"},"modified":"2021-02-27T17:13:52","modified_gmt":"2021-02-27T16:13:52","slug":"mjanmarska-vojska-stopnjuje-zatiranje-protestnikov","status":"publish","type":"post","link":"https:\/\/hudo.com\/si\/aktualno\/svet\/mjanmarska-vojska-stopnjuje-zatiranje-protestnikov\/","title":{"rendered":"Mjanmarska vojska stopnjuje zatiranje protestnikov"},"content":{"rendered":"<p>V mestu Yangon je danes policija proti protestnikom posredovala s solzivcem. V poskusu, da bi razgnala protestnike, naj bi uporabila tudi vodni top, gumijaste naboje, v posameznih primerih pa tudi prave. Aretirala in pretepla naj bi ve\u010d ljudi ter streljala v zrak.<\/p>\n<p>O podobnem dogajanju poro\u010dajo tudi iz mesta Manadalay. V bli\u017enjem mestu Monwya je bila ustreljena \u017eenska, ki je pristala v bolni\u0161nici, poro\u010danje lokalnih medijev povzema britanski BBC.<\/p>\n<p>Protesti v Mjanmaru potekajo vse, odkar je vojska 1. februarja z udarom prevzela oblast in prijela civilne voditelje, vklju\u010dno z Aung San Suu Kyi. V nasilju ob protestih so doslej umrli najmanj trije protestniki in en policist. Glede na navedbe nevladne skupine, ki spremlja zapiranje politi\u010dnih zapornikov, je bilo od udara prijetih \u017ee ve\u010d kot 770 ljudi.<\/p>\n<p>V petek je mjanmarski veleposlanik pri Zdru\u017eenih narodih pozval organizacijo, naj uporabi vsa mo\u017ena sredstva za ukrepanje proti vojski in ponovno vzpostavitev demokracije v dr\u017eavi.<\/p>\n<p>&#8220;Potrebujemo nadaljnje najostrej\u0161e ukrepanje mednarodne skupnosti za takoj\u0161nje kon\u010danje voja\u0161kega udara,&#8221; je dejal Kyaw Moe Tun, ki je nagovor zaklju\u010dil s pozdravom s tremi prsti, ki ga uporabljajo protestniki v Mjanmaru.<\/p>\n","protected":false},"excerpt":{"rendered":"<p>Iz Mjanmara danes poro\u010dajo o stopnjevanju zatiranja protestnikov &#8211; prijetih naj bi bilo ve\u010d deset ljudi, tudi novinarji, ena od protestnic je utrpela strelne rane. Pred tem je v petek veleposlanik dr\u017eave pri Zdru\u017eenih narodih pozval organizacijo, naj ustavi vojsko in pomaga pri vnovi\u010dni vzpostavitvi demokracije.<\/p>\n","protected":false},"author":7,"featured_media":446219,"comment_status":"closed","ping_status":"closed","sticky":false,"template":"","format":"standard","meta":{"footnotes":""},"categories":[18202],"tags":[8881,9581],"source":[4511],"supertag":[],"acf":[],"yoast_head":"<!-- This site is optimized with the Yoast SEO plugin v21.3 - https:\/\/yoast.com\/wordpress\/plugins\/seo\/ -->\n<title>Mjanmarska vojska stopnjuje zatiranje protestnikov - Hudo Slovenija<\/title>\n<meta name=\"robots\" content=\"index, follow, max-snippet:-1, max-image-preview:large, max-video-preview:-1\" \/>\n<link rel=\"canonical\" href=\"https:\/\/hudo.com\/si\/aktualno\/svet\/mjanmarska-vojska-stopnjuje-zatiranje-protestnikov\/\" \/>\n<meta property=\"og:locale\" content=\"sl_SI\" \/>\n<meta property=\"og:type\" content=\"article\" \/>\n<meta property=\"og:title\" content=\"Mjanmarska vojska stopnjuje zatiranje protestnikov - Hudo Slovenija\" \/>\n<meta property=\"og:description\" content=\"Iz Mjanmara danes poro\u010dajo o stopnjevanju zatiranja protestnikov - prijetih naj bi bilo ve\u010d deset ljudi, tudi novinarji, ena od protestnic je utrpela strelne rane. Pred tem je v petek veleposlanik dr\u017eave pri Zdru\u017eenih narodih pozval organizacijo, naj ustavi vojsko in pomaga pri vnovi\u010dni vzpostavitvi demokracije.\" \/>\n<meta property=\"og:url\" content=\"https:\/\/hudo.com\/si\/aktualno\/svet\/mjanmarska-vojska-stopnjuje-zatiranje-protestnikov\/\" \/>\n<meta property=\"og:site_name\" content=\"Hudo Slovenija\" \/>\n<meta property=\"article:publisher\" content=\"https:\/\/www.facebook.com\/hudo.si\" \/>\n<meta property=\"article:published_time\" content=\"2021-02-27T16:13:52+00:00\" \/>\n<meta property=\"og:image\" content=\"https:\/\/hudo.com\/si\/wp-content\/uploads\/sites\/2\/2021\/02\/profimedia-0593758363.jpg\" \/>\n\t<meta property=\"og:image:width\" content=\"1250\" \/>\n\t<meta property=\"og:image:height\" content=\"833\" \/>\n\t<meta property=\"og:image:type\" content=\"image\/jpeg\" \/>\n<meta name=\"author\" content=\"A. P., STA\" \/>\n<meta name=\"twitter:card\" content=\"summary_large_image\" \/>\n<meta name=\"twitter:creator\" content=\"@hudo_si\" \/>\n<meta name=\"twitter:site\" content=\"@hudo_si\" \/>\n<meta name=\"twitter:label1\" content=\"Written by\" \/>\n\t<meta name=\"twitter:data1\" content=\"A. P., STA\" \/>\n\t<meta name=\"twitter:label2\" content=\"Est. reading time\" \/>\n\t<meta name=\"twitter:data2\" content=\"1 minuta\" \/>\n<script type=\"application\/ld+json\" class=\"yoast-schema-graph\">{\"@context\":\"https:\/\/schema.org\",\"@graph\":[{\"@type\":\"Article\",\"@id\":\"https:\/\/hudo.com\/si\/aktualno\/svet\/mjanmarska-vojska-stopnjuje-zatiranje-protestnikov\/#article\",\"isPartOf\":{\"@id\":\"https:\/\/hudo.com\/si\/aktualno\/svet\/mjanmarska-vojska-stopnjuje-zatiranje-protestnikov\/\"},\"author\":{\"name\":\"A. P., STA\",\"@id\":\"https:\/\/hudo.com\/si\/#\/schema\/person\/18f09c02475ba9e606e941a565b80cff\"},\"headline\":\"Mjanmarska vojska stopnjuje zatiranje protestnikov\",\"datePublished\":\"2021-02-27T16:13:52+00:00\",\"dateModified\":\"2021-02-27T16:13:52+00:00\",\"mainEntityOfPage\":{\"@id\":\"https:\/\/hudo.com\/si\/aktualno\/svet\/mjanmarska-vojska-stopnjuje-zatiranje-protestnikov\/\"},\"wordCount\":199,\"publisher\":{\"@id\":\"https:\/\/hudo.com\/si\/#organization\"},\"keywords\":[\"mjanmar\",\"policijsko nasilje\"],\"articleSection\":[\"Svet\"],\"inLanguage\":\"sl-SI\"},{\"@type\":\"WebPage\",\"@id\":\"https:\/\/hudo.com\/si\/aktualno\/svet\/mjanmarska-vojska-stopnjuje-zatiranje-protestnikov\/\",\"url\":\"https:\/\/hudo.com\/si\/aktualno\/svet\/mjanmarska-vojska-stopnjuje-zatiranje-protestnikov\/\",\"name\":\"Mjanmarska vojska stopnjuje zatiranje protestnikov - Hudo Slovenija\",\"isPartOf\":{\"@id\":\"https:\/\/hudo.com\/si\/#website\"},\"datePublished\":\"2021-02-27T16:13:52+00:00\",\"dateModified\":\"2021-02-27T16:13:52+00:00\",\"breadcrumb\":{\"@id\":\"https:\/\/hudo.com\/si\/aktualno\/svet\/mjanmarska-vojska-stopnjuje-zatiranje-protestnikov\/#breadcrumb\"},\"inLanguage\":\"sl-SI\",\"potentialAction\":[{\"@type\":\"ReadAction\",\"target\":[\"https:\/\/hudo.com\/si\/aktualno\/svet\/mjanmarska-vojska-stopnjuje-zatiranje-protestnikov\/\"]}]},{\"@type\":\"BreadcrumbList\",\"@id\":\"https:\/\/hudo.com\/si\/aktualno\/svet\/mjanmarska-vojska-stopnjuje-zatiranje-protestnikov\/#breadcrumb\",\"itemListElement\":[{\"@type\":\"ListItem\",\"position\":1,\"name\":\"Home\",\"item\":\"https:\/\/hudo.com\/si\/\"},{\"@type\":\"ListItem\",\"position\":2,\"name\":\"Mjanmarska vojska stopnjuje zatiranje protestnikov\"}]},{\"@type\":\"WebSite\",\"@id\":\"https:\/\/hudo.com\/si\/#website\",\"url\":\"https:\/\/hudo.com\/si\/\",\"name\":\"Hudo Slovenija\",\"description\":\"Vse novice iz Slovenije in sveta\",\"publisher\":{\"@id\":\"https:\/\/hudo.com\/si\/#organization\"},\"potentialAction\":[{\"@type\":\"SearchAction\",\"target\":{\"@type\":\"EntryPoint\",\"urlTemplate\":\"https:\/\/hudo.com\/si\/?s={search_term_string}\"},\"query-input\":\"required name=search_term_string\"}],\"inLanguage\":\"sl-SI\"},{\"@type\":\"Organization\",\"@id\":\"https:\/\/hudo.com\/si\/#organization\",\"name\":\"VSN Media\",\"url\":\"https:\/\/hudo.com\/si\/\",\"logo\":{\"@type\":\"ImageObject\",\"inLanguage\":\"sl-SI\",\"@id\":\"https:\/\/hudo.com\/si\/#\/schema\/logo\/image\/\",\"url\":\"https:\/\/hudo.com\/si\/wp-content\/uploads\/sites\/2\/2021\/03\/hudo-app-2.png\",\"contentUrl\":\"https:\/\/hudo.com\/si\/wp-content\/uploads\/sites\/2\/2021\/03\/hudo-app-2.png\",\"width\":2185,\"height\":2167,\"caption\":\"VSN Media\"},\"image\":{\"@id\":\"https:\/\/hudo.com\/si\/#\/schema\/logo\/image\/\"},\"sameAs\":[\"https:\/\/www.facebook.com\/hudo.si\",\"https:\/\/twitter.com\/hudo_si\"]},{\"@type\":\"Person\",\"@id\":\"https:\/\/hudo.com\/si\/#\/schema\/person\/18f09c02475ba9e606e941a565b80cff\",\"name\":\"A. P., STA\",\"image\":{\"@type\":\"ImageObject\",\"inLanguage\":\"sl-SI\",\"@id\":\"https:\/\/hudo.com\/si\/#\/schema\/person\/image\/\",\"url\":\"https:\/\/secure.gravatar.com\/avatar\/03eac8e609f5f04383125d80eaeaaf3e?s=96&d=mm&r=g\",\"contentUrl\":\"https:\/\/secure.gravatar.com\/avatar\/03eac8e609f5f04383125d80eaeaaf3e?s=96&d=mm&r=g\",\"caption\":\"A. P., STA\"},\"url\":\"https:\/\/hudo.com\/si\/author\/lubu\/\"}]}<\/script>\n<!-- \/ Yoast SEO plugin. -->","yoast_head_json":{"title":"Mjanmarska vojska stopnjuje zatiranje protestnikov - Hudo Slovenija","robots":{"index":"index","follow":"follow","max-snippet":"max-snippet:-1","max-image-preview":"max-image-preview:large","max-video-preview":"max-video-preview:-1"},"canonical":"https:\/\/hudo.com\/si\/aktualno\/svet\/mjanmarska-vojska-stopnjuje-zatiranje-protestnikov\/","og_locale":"sl_SI","og_type":"article","og_title":"Mjanmarska vojska stopnjuje zatiranje protestnikov - Hudo Slovenija","og_description":"Iz Mjanmara danes poro\u010dajo o stopnjevanju zatiranja protestnikov - prijetih naj bi bilo ve\u010d deset ljudi, tudi novinarji, ena od protestnic je utrpela strelne rane. Pred tem je v petek veleposlanik dr\u017eave pri Zdru\u017eenih narodih pozval organizacijo, naj ustavi vojsko in pomaga pri vnovi\u010dni vzpostavitvi demokracije.","og_url":"https:\/\/hudo.com\/si\/aktualno\/svet\/mjanmarska-vojska-stopnjuje-zatiranje-protestnikov\/","og_site_name":"Hudo Slovenija","article_publisher":"https:\/\/www.facebook.com\/hudo.si","article_published_time":"2021-02-27T16:13:52+00:00","og_image":[{"width":1250,"height":833,"url":"https:\/\/hudo.com\/si\/wp-content\/uploads\/sites\/2\/2021\/02\/profimedia-0593758363.jpg","type":"image\/jpeg"}],"author":"A. P., STA","twitter_card":"summary_large_image","twitter_creator":"@hudo_si","twitter_site":"@hudo_si","twitter_misc":{"Written by":"A. P., STA","Est. reading time":"1 minuta"},"schema":{"@context":"https:\/\/schema.org","@graph":[{"@type":"Article","@id":"https:\/\/hudo.com\/si\/aktualno\/svet\/mjanmarska-vojska-stopnjuje-zatiranje-protestnikov\/#article","isPartOf":{"@id":"https:\/\/hudo.com\/si\/aktualno\/svet\/mjanmarska-vojska-stopnjuje-zatiranje-protestnikov\/"},"author":{"name":"A. P., STA","@id":"https:\/\/hudo.com\/si\/#\/schema\/person\/18f09c02475ba9e606e941a565b80cff"},"headline":"Mjanmarska vojska stopnjuje zatiranje protestnikov","datePublished":"2021-02-27T16:13:52+00:00","dateModified":"2021-02-27T16:13:52+00:00","mainEntityOfPage":{"@id":"https:\/\/hudo.com\/si\/aktualno\/svet\/mjanmarska-vojska-stopnjuje-zatiranje-protestnikov\/"},"wordCount":199,"publisher":{"@id":"https:\/\/hudo.com\/si\/#organization"},"keywords":["mjanmar","policijsko nasilje"],"articleSection":["Svet"],"inLanguage":"sl-SI"},{"@type":"WebPage","@id":"https:\/\/hudo.com\/si\/aktualno\/svet\/mjanmarska-vojska-stopnjuje-zatiranje-protestnikov\/","url":"https:\/\/hudo.com\/si\/aktualno\/svet\/mjanmarska-vojska-stopnjuje-zatiranje-protestnikov\/","name":"Mjanmarska vojska stopnjuje zatiranje protestnikov - Hudo Slovenija","isPartOf":{"@id":"https:\/\/hudo.com\/si\/#website"},"datePublished":"2021-02-27T16:13:52+00:00","dateModified":"2021-02-27T16:13:52+00:00","breadcrumb":{"@id":"https:\/\/hudo.com\/si\/aktualno\/svet\/mjanmarska-vojska-stopnjuje-zatiranje-protestnikov\/#breadcrumb"},"inLanguage":"sl-SI","potentialAction":[{"@type":"ReadAction","target":["https:\/\/hudo.com\/si\/aktualno\/svet\/mjanmarska-vojska-stopnjuje-zatiranje-protestnikov\/"]}]},{"@type":"BreadcrumbList","@id":"https:\/\/hudo.com\/si\/aktualno\/svet\/mjanmarska-vojska-stopnjuje-zatiranje-protestnikov\/#breadcrumb","itemListElement":[{"@type":"ListItem","position":1,"name":"Home","item":"https:\/\/hudo.com\/si\/"},{"@type":"ListItem","position":2,"name":"Mjanmarska vojska stopnjuje zatiranje protestnikov"}]},{"@type":"WebSite","@id":"https:\/\/hudo.com\/si\/#website","url":"https:\/\/hudo.com\/si\/","name":"Hudo Slovenija","description":"Vse novice iz Slovenije in sveta","publisher":{"@id":"https:\/\/hudo.com\/si\/#organization"},"potentialAction":[{"@type":"SearchAction","target":{"@type":"EntryPoint","urlTemplate":"https:\/\/hudo.com\/si\/?s={search_term_string}"},"query-input":"required name=search_term_string"}],"inLanguage":"sl-SI"},{"@type":"Organization","@id":"https:\/\/hudo.com\/si\/#organization","name":"VSN Media","url":"https:\/\/hudo.com\/si\/","logo":{"@type":"ImageObject","inLanguage":"sl-SI","@id":"https:\/\/hudo.com\/si\/#\/schema\/logo\/image\/","url":"https:\/\/hudo.com\/si\/wp-content\/uploads\/sites\/2\/2021\/03\/hudo-app-2.png","contentUrl":"https:\/\/hudo.com\/si\/wp-content\/uploads\/sites\/2\/2021\/03\/hudo-app-2.png","width":2185,"height":2167,"caption":"VSN Media"},"image":{"@id":"https:\/\/hudo.com\/si\/#\/schema\/logo\/image\/"},"sameAs":["https:\/\/www.facebook.com\/hudo.si","https:\/\/twitter.com\/hudo_si"]},{"@type":"Person","@id":"https:\/\/hudo.com\/si\/#\/schema\/person\/18f09c02475ba9e606e941a565b80cff","name":"A. P., STA","image":{"@type":"ImageObject","inLanguage":"sl-SI","@id":"https:\/\/hudo.com\/si\/#\/schema\/person\/image\/","url":"https:\/\/secure.gravatar.com\/avatar\/03eac8e609f5f04383125d80eaeaaf3e?s=96&d=mm&r=g","contentUrl":"https:\/\/secure.gravatar.com\/avatar\/03eac8e609f5f04383125d80eaeaaf3e?s=96&d=mm&r=g","caption":"A. P., STA"},"url":"https:\/\/hudo.com\/si\/author\/lubu\/"}]}},"amp_enabled":true,"_links":{"self":[{"href":"https:\/\/hudo.com\/si\/wp-json\/wp\/v2\/posts\/446218"}],"collection":[{"href":"https:\/\/hudo.com\/si\/wp-json\/wp\/v2\/posts"}],"about":[{"href":"https:\/\/hudo.com\/si\/wp-json\/wp\/v2\/types\/post"}],"author":[{"embeddable":true,"href":"https:\/\/hudo.com\/si\/wp-json\/wp\/v2\/users\/7"}],"replies":[{"embeddable":true,"href":"https:\/\/hudo.com\/si\/wp-json\/wp\/v2\/comments?post=446218"}],"version-history":[{"count":1,"href":"https:\/\/hudo.com\/si\/wp-json\/wp\/v2\/posts\/446218\/revisions"}],"predecessor-version":[{"id":446220,"href":"https:\/\/hudo.com\/si\/wp-json\/wp\/v2\/posts\/446218\/revisions\/446220"}],"wp:featuredmedia":[{"embeddable":true,"href":"https:\/\/hudo.com\/si\/wp-json\/wp\/v2\/media\/446219"}],"wp:attachment":[{"href":"https:\/\/hudo.com\/si\/wp-json\/wp\/v2\/media?parent=446218"}],"wp:term":[{"taxonomy":"category","embeddable":true,"href":"https:\/\/hudo.com\/si\/wp-json\/wp\/v2\/categories?post=446218"},{"taxonomy":"post_tag","embeddable":true,"href":"https:\/\/hudo.com\/si\/wp-json\/wp\/v2\/tags?post=446218"},{"taxonomy":"source","embeddable":true,"href":"https:\/\/hudo.com\/si\/wp-json\/wp\/v2\/source?post=446218"},{"taxonomy":"supertag","embeddable":true,"href":"https:\/\/hudo.com\/si\/wp-json\/wp\/v2\/supertag?post=446218"}],"curies":[{"name":"wp","href":"https:\/\/api.w.org\/{rel}","templated":true}]}}