{"id":446569,"date":"2021-03-03T18:29:34","date_gmt":"2021-03-03T17:29:34","guid":{"rendered":"https:\/\/hudo.com\/si\/?p=446569"},"modified":"2021-03-03T18:29:34","modified_gmt":"2021-03-03T17:29:34","slug":"cepivo-manj-ucinkovito-proti-nigerijskemu-in-juznoafriskemu-sevu-covida-19","status":"publish","type":"post","link":"https:\/\/hudo.com\/si\/zdrav-duh-telo\/cepivo-manj-ucinkovito-proti-nigerijskemu-in-juznoafriskemu-sevu-covida-19\/","title":{"rendered":"Cepivo manj u\u010dinkovito proti nigerijskemu in ju\u017enoafri\u0161kemu sevu covida-19"},"content":{"rendered":"<p>Kot je za STA dejal vodja odseka za sintezno biologijo in imunologijo na Kemijskem in\u0161titutu Romana Jerala, je glavna zna\u010dilnost razli\u010dice B1.525, ki jo nekateri imenujejo nigerijska, ker so jo prvi\u010d zaznali v sredini decembra v Nigeriji, mutacija E484K, ki jo vsebujeta tudi ju\u017enoafri\u0161ka in brazilska razli\u010dica.<\/p>\n<p>Ni znano, \u010de sta nigerijska in ju\u017enoafri\u0161ka razli\u010dica bolj ku\u017eni od obi\u010dajne, a omenjena mutacija zmanj\u0161uje u\u010dinkovitost vezave protiteles in zmanj\u0161a nevtralizacijo virusa. Podatkov o tem sicer ni, a verjetno lahko pri\u010dakujemo, da bodo cepiva pri tej razli\u010dici, ki se v nekaterih mutacijah razlikuje od ju\u017enoafri\u0161ke, nekoliko manj u\u010dinkovita, je pojasnil Jerala.<\/p>\n<p>Ker na lastnosti virusa vpliva kombinacija mutacij, je te\u017eko z gotovostjo napovedati, kak\u0161en u\u010dinek bo ta razli\u010dica imela, to bi bilo treba eksperimentalno preveriti v laboratoriju oziroma v epidemiolo\u0161kih ali klini\u010dnih preiskavah, je dejal. V Nigeriji pa je po njegovih besedah dele\u017e te razli\u010dice v dveh mesecih zrasel na 20 odstotkov vseh oku\u017eb.<\/p>\n<p>Kot je navedel, je bilo skupaj na podlagi dolo\u010danja sekvenc na svetu potrjenih le okoli 300 primerov razli\u010dice B1.525. Najve\u010d primerov so potrdili na Danskem, v Veliki Britaniji, Nigeriji, ZDA in Italiji, potem pa sledi \u017ee Slovenija. Visoko \u0161tevilo zaznanih primerov po njegovih pojasnilih odra\u017ea predvsem dr\u017eave, v katerih dolo\u010danje zaporedij izvajajo v ve\u010dji meri, to sta predvsem Danska in Velika Britanija. Slovenija je v zadnjem \u010dasu zelo uspe\u0161no pospe\u0161ila dolo\u010danje zaporedij in smo po \u0161tevilu dolo\u010denih zaporedij le malo za precej ve\u010djo Avstrijo in petkrat bolj\u0161i od Hrva\u0161ke, je dodal.<\/p>\n<p>Po danes objavljenih podatkih In\u0161tituta za mikrobiologijo in imunologijo so genetsko razli\u010dico B1.525 doslej potrdili v \u0161tirih vzorcih iz osrednje Slovenije. O enem primeru te razli\u010dice je \u017ee prej\u0161nji teden poro\u010dal Nacionalni laboratorij za zdravje, okolje in hrano, ki pa naj bi najnovej\u0161e podatke predstavil v \u010detrtek. Po navedbah Jerale so iz Slovenije skupaj poro\u010dali o sedmih primerih zaporedij te razli\u010dice.<\/p>\n<p>Na potrjene primere te razli\u010dice virusa bi se bilo po njegovem mnenju treba odzvati podobno kot v primeru ju\u017enoafri\u0161ke, torej posvetiti posebno pozornost sledenju stikom, \u0161e preden se ta raz\u0161iri v ve\u010djem obsegu. Ob tem je omenil tudi mo\u017enost priprave testov za odkrivanje posameznih klju\u010dnih mutacij, ki bi bili hitrej\u0161i, kot obi\u010dajno traja dolo\u010danje sekvence, in bi lahko hitreje podali indikacijo za posamezno razli\u010dico.<\/p>\n<p>Kot je ocenil Jerala, v Sloveniji sicer dolo\u010damo sekvence pri velikem \u0161tevilu vzorcev, kar je pomembno za identifikacijo novih razli\u010dic, predvsem v \u010dasu, dokler se te preve\u010d ne raz\u0161irijo. Pozneje pa lahko samo \u0161e spremljamo in napovedujemo nadaljnji potek epidemije in opozarjamo na morebitne nove razli\u010dice, je pojasnil.<\/p>\n<p>Med najbolj raz\u0161irjenimi razli\u010dicami pri nas je angle\u0161ka, ki pa je \u0161e bolj kot pri nas raz\u0161irjena v sosednjih dr\u017eavah, kjer je dele\u017e \u017ee okoli 20-odstoten oziroma nara\u0161\u010da. Ker Slovenija ni otok in pretok ljudi \u0161e vedno poteka, je samo \u0161e vpra\u0161anje \u010dasa, kdaj se bo dele\u017e pove\u010dal tudi pri nas, je pojasnil. Opozoril je, da se je \u017ee v veliko dr\u017eavah pokazalo, da je angle\u0161ka razli\u010dica bistveno bolj ku\u017ena in lahko dele\u017e oku\u017eenih v kraj\u0161em \u010dasu bistveno zraste.<\/p>\n<p>&#8220;V veliko dr\u017eavah se je pokazalo, da je lahko samo zapiranje javnega \u017eivljenja omejilo to rast in najbr\u017e je smiselno v to pose\u010di, preden pride do tak\u0161nega obsega, kot se je nedavno zgodil na \u010ce\u0161kem,&#8221; je dejal. V nekaterih evropskih dr\u017eavah, kjer se je angle\u0161ka razli\u010dica bliskovito raz\u0161irila, kot sta Portugalska in Irska, so uspeli z odlo\u010dnim ukrepanjem hitro zni\u017eati raven oku\u017eb. Tako bi bilo po mnenju Jerale pametno, da se pri nas odzovemo bolj zgodaj, kot so se na \u010ce\u0161kem, kjer imajo zdaj \u017ee te\u017eavo z velikim \u0161tevilom ljudi v bolni\u0161nicah in so nas februarja prehiteli po \u0161tevilu smrti na milijon prebivalcev.<\/p>\n","protected":false},"excerpt":{"rendered":"<p>Nigerijska razli\u010dica koronavirusa podobno kot ju\u017enoafri\u0161ka zmanj\u0161uje u\u010dinkovitost vezave protiteles, zato je verjetno pri\u010dakovati manj\u0161o u\u010dinkovitost cepiv, je pojasnil Roman Jerala s Kemijskega in\u0161tituta. Pozornost je treba zato posvetiti stikom oku\u017eenih s to razli\u010dico, obenem pa se pravo\u010dasno odzvati tudi na \u0161irjenje angle\u0161ke razli\u010dice.<\/p>\n","protected":false},"author":7,"featured_media":415385,"comment_status":"closed","ping_status":"closed","sticky":false,"template":"","format":"standard","meta":{"footnotes":""},"categories":[1],"tags":[15991,1595],"source":[4511],"supertag":[5675],"acf":[],"yoast_head":"<!-- This site is optimized with the Yoast SEO plugin v21.3 - https:\/\/yoast.com\/wordpress\/plugins\/seo\/ -->\n<title>Cepivo manj u\u010dinkovito proti nigerijskemu in ju\u017enoafri\u0161kemu sevu covida-19 - Hudo Slovenija<\/title>\n<meta name=\"robots\" content=\"index, follow, max-snippet:-1, max-image-preview:large, max-video-preview:-1\" \/>\n<link rel=\"canonical\" href=\"https:\/\/hudo.com\/si\/zdrav-duh-telo\/cepivo-manj-ucinkovito-proti-nigerijskemu-in-juznoafriskemu-sevu-covida-19\/\" \/>\n<meta property=\"og:locale\" content=\"sl_SI\" \/>\n<meta property=\"og:type\" content=\"article\" \/>\n<meta property=\"og:title\" content=\"Cepivo manj u\u010dinkovito proti nigerijskemu in ju\u017enoafri\u0161kemu sevu covida-19 - Hudo Slovenija\" \/>\n<meta property=\"og:description\" content=\"Nigerijska razli\u010dica koronavirusa podobno kot ju\u017enoafri\u0161ka zmanj\u0161uje u\u010dinkovitost vezave protiteles, zato je verjetno pri\u010dakovati manj\u0161o u\u010dinkovitost cepiv, je pojasnil Roman Jerala s Kemijskega in\u0161tituta. Pozornost je treba zato posvetiti stikom oku\u017eenih s to razli\u010dico, obenem pa se pravo\u010dasno odzvati tudi na \u0161irjenje angle\u0161ke razli\u010dice.\" \/>\n<meta property=\"og:url\" content=\"https:\/\/hudo.com\/si\/zdrav-duh-telo\/cepivo-manj-ucinkovito-proti-nigerijskemu-in-juznoafriskemu-sevu-covida-19\/\" \/>\n<meta property=\"og:site_name\" content=\"Hudo Slovenija\" \/>\n<meta property=\"article:publisher\" content=\"https:\/\/www.facebook.com\/hudo.si\" \/>\n<meta property=\"article:published_time\" content=\"2021-03-03T17:29:34+00:00\" \/>\n<meta property=\"og:image\" content=\"https:\/\/hudo.com\/si\/wp-content\/uploads\/sites\/2\/2020\/02\/profimedia-0189503451.jpg\" \/>\n\t<meta property=\"og:image:width\" content=\"1250\" \/>\n\t<meta property=\"og:image:height\" content=\"833\" \/>\n\t<meta property=\"og:image:type\" content=\"image\/jpeg\" \/>\n<meta name=\"author\" content=\"A. P., STA\" \/>\n<meta name=\"twitter:card\" content=\"summary_large_image\" \/>\n<meta name=\"twitter:creator\" content=\"@hudo_si\" \/>\n<meta name=\"twitter:site\" content=\"@hudo_si\" \/>\n<meta name=\"twitter:label1\" content=\"Written by\" \/>\n\t<meta name=\"twitter:data1\" content=\"A. P., STA\" \/>\n\t<meta name=\"twitter:label2\" content=\"Est. reading time\" \/>\n\t<meta name=\"twitter:data2\" content=\"3 minute\" \/>\n<script type=\"application\/ld+json\" class=\"yoast-schema-graph\">{\"@context\":\"https:\/\/schema.org\",\"@graph\":[{\"@type\":\"Article\",\"@id\":\"https:\/\/hudo.com\/si\/zdrav-duh-telo\/cepivo-manj-ucinkovito-proti-nigerijskemu-in-juznoafriskemu-sevu-covida-19\/#article\",\"isPartOf\":{\"@id\":\"https:\/\/hudo.com\/si\/zdrav-duh-telo\/cepivo-manj-ucinkovito-proti-nigerijskemu-in-juznoafriskemu-sevu-covida-19\/\"},\"author\":{\"name\":\"A. P., STA\",\"@id\":\"https:\/\/hudo.com\/si\/#\/schema\/person\/18f09c02475ba9e606e941a565b80cff\"},\"headline\":\"Cepivo manj u\u010dinkovito proti nigerijskemu in ju\u017enoafri\u0161kemu sevu covida-19\",\"datePublished\":\"2021-03-03T17:29:34+00:00\",\"dateModified\":\"2021-03-03T17:29:34+00:00\",\"mainEntityOfPage\":{\"@id\":\"https:\/\/hudo.com\/si\/zdrav-duh-telo\/cepivo-manj-ucinkovito-proti-nigerijskemu-in-juznoafriskemu-sevu-covida-19\/\"},\"wordCount\":700,\"publisher\":{\"@id\":\"https:\/\/hudo.com\/si\/#organization\"},\"keywords\":[\"cepivo proti novemu koronavirusu\",\"Slovenija\"],\"articleSection\":[\"Zdrav duh &amp; telo\"],\"inLanguage\":\"sl-SI\"},{\"@type\":\"WebPage\",\"@id\":\"https:\/\/hudo.com\/si\/zdrav-duh-telo\/cepivo-manj-ucinkovito-proti-nigerijskemu-in-juznoafriskemu-sevu-covida-19\/\",\"url\":\"https:\/\/hudo.com\/si\/zdrav-duh-telo\/cepivo-manj-ucinkovito-proti-nigerijskemu-in-juznoafriskemu-sevu-covida-19\/\",\"name\":\"Cepivo manj u\u010dinkovito proti nigerijskemu in ju\u017enoafri\u0161kemu sevu covida-19 - Hudo Slovenija\",\"isPartOf\":{\"@id\":\"https:\/\/hudo.com\/si\/#website\"},\"datePublished\":\"2021-03-03T17:29:34+00:00\",\"dateModified\":\"2021-03-03T17:29:34+00:00\",\"breadcrumb\":{\"@id\":\"https:\/\/hudo.com\/si\/zdrav-duh-telo\/cepivo-manj-ucinkovito-proti-nigerijskemu-in-juznoafriskemu-sevu-covida-19\/#breadcrumb\"},\"inLanguage\":\"sl-SI\",\"potentialAction\":[{\"@type\":\"ReadAction\",\"target\":[\"https:\/\/hudo.com\/si\/zdrav-duh-telo\/cepivo-manj-ucinkovito-proti-nigerijskemu-in-juznoafriskemu-sevu-covida-19\/\"]}]},{\"@type\":\"BreadcrumbList\",\"@id\":\"https:\/\/hudo.com\/si\/zdrav-duh-telo\/cepivo-manj-ucinkovito-proti-nigerijskemu-in-juznoafriskemu-sevu-covida-19\/#breadcrumb\",\"itemListElement\":[{\"@type\":\"ListItem\",\"position\":1,\"name\":\"Home\",\"item\":\"https:\/\/hudo.com\/si\/\"},{\"@type\":\"ListItem\",\"position\":2,\"name\":\"Cepivo manj u\u010dinkovito proti nigerijskemu in ju\u017enoafri\u0161kemu sevu covida-19\"}]},{\"@type\":\"WebSite\",\"@id\":\"https:\/\/hudo.com\/si\/#website\",\"url\":\"https:\/\/hudo.com\/si\/\",\"name\":\"Hudo Slovenija\",\"description\":\"Vse novice iz Slovenije in sveta\",\"publisher\":{\"@id\":\"https:\/\/hudo.com\/si\/#organization\"},\"potentialAction\":[{\"@type\":\"SearchAction\",\"target\":{\"@type\":\"EntryPoint\",\"urlTemplate\":\"https:\/\/hudo.com\/si\/?s={search_term_string}\"},\"query-input\":\"required name=search_term_string\"}],\"inLanguage\":\"sl-SI\"},{\"@type\":\"Organization\",\"@id\":\"https:\/\/hudo.com\/si\/#organization\",\"name\":\"VSN Media\",\"url\":\"https:\/\/hudo.com\/si\/\",\"logo\":{\"@type\":\"ImageObject\",\"inLanguage\":\"sl-SI\",\"@id\":\"https:\/\/hudo.com\/si\/#\/schema\/logo\/image\/\",\"url\":\"https:\/\/hudo.com\/si\/wp-content\/uploads\/sites\/2\/2021\/03\/hudo-app-2.png\",\"contentUrl\":\"https:\/\/hudo.com\/si\/wp-content\/uploads\/sites\/2\/2021\/03\/hudo-app-2.png\",\"width\":2185,\"height\":2167,\"caption\":\"VSN Media\"},\"image\":{\"@id\":\"https:\/\/hudo.com\/si\/#\/schema\/logo\/image\/\"},\"sameAs\":[\"https:\/\/www.facebook.com\/hudo.si\",\"https:\/\/twitter.com\/hudo_si\"]},{\"@type\":\"Person\",\"@id\":\"https:\/\/hudo.com\/si\/#\/schema\/person\/18f09c02475ba9e606e941a565b80cff\",\"name\":\"A. P., STA\",\"image\":{\"@type\":\"ImageObject\",\"inLanguage\":\"sl-SI\",\"@id\":\"https:\/\/hudo.com\/si\/#\/schema\/person\/image\/\",\"url\":\"https:\/\/secure.gravatar.com\/avatar\/03eac8e609f5f04383125d80eaeaaf3e?s=96&d=mm&r=g\",\"contentUrl\":\"https:\/\/secure.gravatar.com\/avatar\/03eac8e609f5f04383125d80eaeaaf3e?s=96&d=mm&r=g\",\"caption\":\"A. P., STA\"},\"url\":\"https:\/\/hudo.com\/si\/author\/lubu\/\"}]}<\/script>\n<!-- \/ Yoast SEO plugin. -->","yoast_head_json":{"title":"Cepivo manj u\u010dinkovito proti nigerijskemu in ju\u017enoafri\u0161kemu sevu covida-19 - Hudo Slovenija","robots":{"index":"index","follow":"follow","max-snippet":"max-snippet:-1","max-image-preview":"max-image-preview:large","max-video-preview":"max-video-preview:-1"},"canonical":"https:\/\/hudo.com\/si\/zdrav-duh-telo\/cepivo-manj-ucinkovito-proti-nigerijskemu-in-juznoafriskemu-sevu-covida-19\/","og_locale":"sl_SI","og_type":"article","og_title":"Cepivo manj u\u010dinkovito proti nigerijskemu in ju\u017enoafri\u0161kemu sevu covida-19 - Hudo Slovenija","og_description":"Nigerijska razli\u010dica koronavirusa podobno kot ju\u017enoafri\u0161ka zmanj\u0161uje u\u010dinkovitost vezave protiteles, zato je verjetno pri\u010dakovati manj\u0161o u\u010dinkovitost cepiv, je pojasnil Roman Jerala s Kemijskega in\u0161tituta. Pozornost je treba zato posvetiti stikom oku\u017eenih s to razli\u010dico, obenem pa se pravo\u010dasno odzvati tudi na \u0161irjenje angle\u0161ke razli\u010dice.","og_url":"https:\/\/hudo.com\/si\/zdrav-duh-telo\/cepivo-manj-ucinkovito-proti-nigerijskemu-in-juznoafriskemu-sevu-covida-19\/","og_site_name":"Hudo Slovenija","article_publisher":"https:\/\/www.facebook.com\/hudo.si","article_published_time":"2021-03-03T17:29:34+00:00","og_image":[{"width":1250,"height":833,"url":"https:\/\/hudo.com\/si\/wp-content\/uploads\/sites\/2\/2020\/02\/profimedia-0189503451.jpg","type":"image\/jpeg"}],"author":"A. P., STA","twitter_card":"summary_large_image","twitter_creator":"@hudo_si","twitter_site":"@hudo_si","twitter_misc":{"Written by":"A. P., STA","Est. reading time":"3 minute"},"schema":{"@context":"https:\/\/schema.org","@graph":[{"@type":"Article","@id":"https:\/\/hudo.com\/si\/zdrav-duh-telo\/cepivo-manj-ucinkovito-proti-nigerijskemu-in-juznoafriskemu-sevu-covida-19\/#article","isPartOf":{"@id":"https:\/\/hudo.com\/si\/zdrav-duh-telo\/cepivo-manj-ucinkovito-proti-nigerijskemu-in-juznoafriskemu-sevu-covida-19\/"},"author":{"name":"A. P., STA","@id":"https:\/\/hudo.com\/si\/#\/schema\/person\/18f09c02475ba9e606e941a565b80cff"},"headline":"Cepivo manj u\u010dinkovito proti nigerijskemu in ju\u017enoafri\u0161kemu sevu covida-19","datePublished":"2021-03-03T17:29:34+00:00","dateModified":"2021-03-03T17:29:34+00:00","mainEntityOfPage":{"@id":"https:\/\/hudo.com\/si\/zdrav-duh-telo\/cepivo-manj-ucinkovito-proti-nigerijskemu-in-juznoafriskemu-sevu-covida-19\/"},"wordCount":700,"publisher":{"@id":"https:\/\/hudo.com\/si\/#organization"},"keywords":["cepivo proti novemu koronavirusu","Slovenija"],"articleSection":["Zdrav duh &amp; telo"],"inLanguage":"sl-SI"},{"@type":"WebPage","@id":"https:\/\/hudo.com\/si\/zdrav-duh-telo\/cepivo-manj-ucinkovito-proti-nigerijskemu-in-juznoafriskemu-sevu-covida-19\/","url":"https:\/\/hudo.com\/si\/zdrav-duh-telo\/cepivo-manj-ucinkovito-proti-nigerijskemu-in-juznoafriskemu-sevu-covida-19\/","name":"Cepivo manj u\u010dinkovito proti nigerijskemu in ju\u017enoafri\u0161kemu sevu covida-19 - Hudo Slovenija","isPartOf":{"@id":"https:\/\/hudo.com\/si\/#website"},"datePublished":"2021-03-03T17:29:34+00:00","dateModified":"2021-03-03T17:29:34+00:00","breadcrumb":{"@id":"https:\/\/hudo.com\/si\/zdrav-duh-telo\/cepivo-manj-ucinkovito-proti-nigerijskemu-in-juznoafriskemu-sevu-covida-19\/#breadcrumb"},"inLanguage":"sl-SI","potentialAction":[{"@type":"ReadAction","target":["https:\/\/hudo.com\/si\/zdrav-duh-telo\/cepivo-manj-ucinkovito-proti-nigerijskemu-in-juznoafriskemu-sevu-covida-19\/"]}]},{"@type":"BreadcrumbList","@id":"https:\/\/hudo.com\/si\/zdrav-duh-telo\/cepivo-manj-ucinkovito-proti-nigerijskemu-in-juznoafriskemu-sevu-covida-19\/#breadcrumb","itemListElement":[{"@type":"ListItem","position":1,"name":"Home","item":"https:\/\/hudo.com\/si\/"},{"@type":"ListItem","position":2,"name":"Cepivo manj u\u010dinkovito proti nigerijskemu in ju\u017enoafri\u0161kemu sevu covida-19"}]},{"@type":"WebSite","@id":"https:\/\/hudo.com\/si\/#website","url":"https:\/\/hudo.com\/si\/","name":"Hudo Slovenija","description":"Vse novice iz Slovenije in sveta","publisher":{"@id":"https:\/\/hudo.com\/si\/#organization"},"potentialAction":[{"@type":"SearchAction","target":{"@type":"EntryPoint","urlTemplate":"https:\/\/hudo.com\/si\/?s={search_term_string}"},"query-input":"required name=search_term_string"}],"inLanguage":"sl-SI"},{"@type":"Organization","@id":"https:\/\/hudo.com\/si\/#organization","name":"VSN Media","url":"https:\/\/hudo.com\/si\/","logo":{"@type":"ImageObject","inLanguage":"sl-SI","@id":"https:\/\/hudo.com\/si\/#\/schema\/logo\/image\/","url":"https:\/\/hudo.com\/si\/wp-content\/uploads\/sites\/2\/2021\/03\/hudo-app-2.png","contentUrl":"https:\/\/hudo.com\/si\/wp-content\/uploads\/sites\/2\/2021\/03\/hudo-app-2.png","width":2185,"height":2167,"caption":"VSN Media"},"image":{"@id":"https:\/\/hudo.com\/si\/#\/schema\/logo\/image\/"},"sameAs":["https:\/\/www.facebook.com\/hudo.si","https:\/\/twitter.com\/hudo_si"]},{"@type":"Person","@id":"https:\/\/hudo.com\/si\/#\/schema\/person\/18f09c02475ba9e606e941a565b80cff","name":"A. P., STA","image":{"@type":"ImageObject","inLanguage":"sl-SI","@id":"https:\/\/hudo.com\/si\/#\/schema\/person\/image\/","url":"https:\/\/secure.gravatar.com\/avatar\/03eac8e609f5f04383125d80eaeaaf3e?s=96&d=mm&r=g","contentUrl":"https:\/\/secure.gravatar.com\/avatar\/03eac8e609f5f04383125d80eaeaaf3e?s=96&d=mm&r=g","caption":"A. P., STA"},"url":"https:\/\/hudo.com\/si\/author\/lubu\/"}]}},"amp_enabled":true,"_links":{"self":[{"href":"https:\/\/hudo.com\/si\/wp-json\/wp\/v2\/posts\/446569"}],"collection":[{"href":"https:\/\/hudo.com\/si\/wp-json\/wp\/v2\/posts"}],"about":[{"href":"https:\/\/hudo.com\/si\/wp-json\/wp\/v2\/types\/post"}],"author":[{"embeddable":true,"href":"https:\/\/hudo.com\/si\/wp-json\/wp\/v2\/users\/7"}],"replies":[{"embeddable":true,"href":"https:\/\/hudo.com\/si\/wp-json\/wp\/v2\/comments?post=446569"}],"version-history":[{"count":1,"href":"https:\/\/hudo.com\/si\/wp-json\/wp\/v2\/posts\/446569\/revisions"}],"predecessor-version":[{"id":446570,"href":"https:\/\/hudo.com\/si\/wp-json\/wp\/v2\/posts\/446569\/revisions\/446570"}],"wp:featuredmedia":[{"embeddable":true,"href":"https:\/\/hudo.com\/si\/wp-json\/wp\/v2\/media\/415385"}],"wp:attachment":[{"href":"https:\/\/hudo.com\/si\/wp-json\/wp\/v2\/media?parent=446569"}],"wp:term":[{"taxonomy":"category","embeddable":true,"href":"https:\/\/hudo.com\/si\/wp-json\/wp\/v2\/categories?post=446569"},{"taxonomy":"post_tag","embeddable":true,"href":"https:\/\/hudo.com\/si\/wp-json\/wp\/v2\/tags?post=446569"},{"taxonomy":"source","embeddable":true,"href":"https:\/\/hudo.com\/si\/wp-json\/wp\/v2\/source?post=446569"},{"taxonomy":"supertag","embeddable":true,"href":"https:\/\/hudo.com\/si\/wp-json\/wp\/v2\/supertag?post=446569"}],"curies":[{"name":"wp","href":"https:\/\/api.w.org\/{rel}","templated":true}]}}