{"id":446608,"date":"2021-03-04T07:45:33","date_gmt":"2021-03-04T06:45:33","guid":{"rendered":"https:\/\/hudo.com\/si\/2021\/03\/04\/otroci-v-pandemiji-virusa-covid-19-niso-bioteroristi\/"},"modified":"2021-03-04T07:45:33","modified_gmt":"2021-03-04T06:45:33","slug":"otroci-v-pandemiji-virusa-covid-19-niso-bioteroristi","status":"publish","type":"post","link":"https:\/\/hudo.com\/si\/zdrav-duh-telo\/otroci-v-pandemiji-virusa-covid-19-niso-bioteroristi\/","title":{"rendered":"Otroci v pandemiji virusa Covid-19 niso &#8216;bioteroristi&#8217;!"},"content":{"rendered":"<figure>\n\t\t\t\t\t<img loading=\"lazy\" decoding=\"async\" width=\"660\" height=\"320\" src=\"image\/gif;base64,R0lGODlhAQABAAAAACH5BAEKAAEALAAAAAABAAEAAAICTAEAOw==\" class=\"lazyload\" data-src=\"https:\/\/zenska.hudo.com\/files\/2020\/10\/profimedia-0317170020-320x155.jpg\" data-srcset=\"https:\/\/zenska.hudo.com\/files\/2020\/10\/profimedia-0317170020-660x320.jpg 660w,https:\/\/zenska.hudo.com\/files\/2020\/10\/profimedia-0317170020-320x155.jpg 330w\" \/><figcaption>Foto: Profimedia<\/figcaption><\/figure>\n<p>&#8220;Pred letom dni smo mislili, da se bo veliko otrok oku\u017eilo z novim koronavirusom, da bodo zelo dovzetni za to in da bodo tudi \u0161irili naprej oku\u017ebo. A strahovi se niso uresni\u010dili. Pri covidu-19 tega ni, otroci niso &#8216;bioteroristi&#8217;, kar je presene\u010denje, \u010de to primerjamo z drugim respiratornimi virusi,&#8221; je v pogovoru za STA ob prvi obletnici odkritja prve oku\u017ebe z novim koronavirusom v Sloveniji pojasnil infektolog z Univerzitetnega klini\u010dnega centra (UKC) Ljubljana in predavatelj na medicinski fakulteti Univerze v Ljubljani Toma\u017ei\u010d.<\/p>\n<p>Opozoril je, da je vsako leto umrlo kar nekaj starej\u0161ih, ki so se od svojih vnukov oku\u017eili z virusom, ki povzro\u010da gripo. &#8220;Ko star\u0161i bolnega otroka pripeljejo starim star\u0161em, otrok pa se vr\u017ee dedku ali babici v objem, temu pravimo &#8216;poljub smrti&#8217;,&#8221; pravi Toma\u017ei\u010d. Letos sicer v Sloveniji \u0161e ni bilo potrjenega primera gripe, tudi drugod po Evropi spremljajo zelo skromno sezono gripe.<\/p>\n<p>Otroci oz. mlaj\u0161i od 18 let glede na zbrane podatke iz razli\u010dnih dr\u017eav predstavljajo do 13 odstotkov vseh diagnosticiranih primerov covida-19 na svetu, pojasnjuje.<\/p>\n<p>Pri otrocih in mladostnikih je manj\u0161a pojavnost covida-19, poleg tega pa je tudi manj hudih primerov bolezni. A tudi pri otrocih velja, da se s starostjo pove\u010duje tako dovzetnost za oku\u017ebo kot tudi za te\u017eji potek bolezni. &#8220;Res je tudi, da je pri otrocih pojavnost covida-19 oziroma oku\u017eb z novim koronavirusom podcenjena, ker se manj testirajo, \u0161e posebno v starostni skupini 11 do 17 let. Na splo\u0161no se v dru\u017ebi prednostno testirajo osebe s simptomi, otroci pa bolj pogosto &#8216;prebolevajo&#8217; oku\u017ebo brez simptomov,&#8221; pojasnjuje.<\/p>\n<p>Glede na rezultate velike raziskave v jugozahodni Nem\u010diji, otroci stari od enega do 10 let niso bili pomembna gonilna sila pandemije. Za nove razli\u010dice virusa, ki se hitreje \u0161irijo, pa se zdi, da so otroci pomembni prena\u0161alci, kot so objavili v Angliji, dodaja.<\/p>\n<p>Ob tem opozarja, da se pri otrocih lahko pojavi t. i. ve\u010dorganski vnetni sindrom v povezavi s covidom-19. Gre za bolezen, ki se pojavi dva do \u0161est tednov po oku\u017ebi z novim koronavirusom, in se ka\u017ee z vztrajajo\u010do vro\u010dino, prebavnimi te\u017eavami, pojavom izpu\u0161\u010daja, vnetjem o\u010desne veznice in pogosto z zgodnjo prizadetostjo sr\u010dne mi\u0161ice. Lahko pride do \u0161oka, nenadnega popu\u0161\u010danja srca, v\u010dasih, sicer redko pa tudi do smrti.<\/p>\n<p>Tudi za otroke je zato bolje, da ne zbolijo za covidom-19, pravi. Doslej sicer v Sloveniji ni zbolelo veliko otrok za tem sindromom &#8211; na pediatri\u010dni kliniki UKC Ljubljana so jih zdravili 27, &#8220;ampak nikoli ne ve\u0161, ali se bo ravno tvojemu otroku to zgodilo&#8221;, opozarja infektolog.<\/p>\n<p>V Sloveniji so prvi primer oku\u017ebe z novim koronavirusom potrdili to\u010dno pred letom dni, 12. marca je bila prvi\u010d razgla\u0161ena epidemija.<\/p>\n","protected":false},"excerpt":{"rendered":"<p>Zdravstvena stroka je pred letom dni menila, da bodo otroci pomembni prena\u0161alci novega koronavirusa, tako kot so zelo pomembni pri drugih respiratornih oku\u017ebah. A se je izkazalo, da ni tako, saj so otroci manj dovzetni za oku\u017ebo z novim koronavirusom, je za STA pojasnil infektolog Janez Toma\u017ei\u010d. Hkrati druga\u010de ka\u017ee pri novih razli\u010dicah virusa.<\/p>\n","protected":false},"author":1,"featured_media":446609,"comment_status":"closed","ping_status":"closed","sticky":false,"template":"","format":"standard","meta":{"footnotes":""},"categories":[1],"tags":[15632,17075],"source":[1335,1336,1334],"supertag":[],"acf":[],"yoast_head":"<!-- This site is optimized with the Yoast SEO plugin v21.3 - https:\/\/yoast.com\/wordpress\/plugins\/seo\/ -->\n<title>Otroci v pandemiji virusa Covid-19 niso &#8216;bioteroristi&#8217;! - Hudo Slovenija<\/title>\n<meta name=\"robots\" content=\"index, follow, max-snippet:-1, max-image-preview:large, max-video-preview:-1\" \/>\n<link rel=\"canonical\" href=\"https:\/\/hudo.com\/si\/zdrav-duh-telo\/otroci-v-pandemiji-virusa-covid-19-niso-bioteroristi\/\" \/>\n<meta property=\"og:locale\" content=\"sl_SI\" \/>\n<meta property=\"og:type\" content=\"article\" \/>\n<meta property=\"og:title\" content=\"Otroci v pandemiji virusa Covid-19 niso &#8216;bioteroristi&#8217;! - Hudo Slovenija\" \/>\n<meta property=\"og:description\" content=\"Zdravstvena stroka je pred letom dni menila, da bodo otroci pomembni prena\u0161alci novega koronavirusa, tako kot so zelo pomembni pri drugih respiratornih oku\u017ebah. A se je izkazalo, da ni tako, saj so otroci manj dovzetni za oku\u017ebo z novim koronavirusom, je za STA pojasnil infektolog Janez Toma\u017ei\u010d. Hkrati druga\u010de ka\u017ee pri novih razli\u010dicah virusa.\" \/>\n<meta property=\"og:url\" content=\"https:\/\/hudo.com\/si\/zdrav-duh-telo\/otroci-v-pandemiji-virusa-covid-19-niso-bioteroristi\/\" \/>\n<meta property=\"og:site_name\" content=\"Hudo Slovenija\" \/>\n<meta property=\"article:publisher\" content=\"https:\/\/www.facebook.com\/hudo.si\" \/>\n<meta property=\"article:published_time\" content=\"2021-03-04T06:45:33+00:00\" \/>\n<meta property=\"og:image\" content=\"https:\/\/hudo.com\/si\/wp-content\/uploads\/sites\/2\/2021\/03\/profimedia-0317170020.jpg\" \/>\n\t<meta property=\"og:image:width\" content=\"1250\" \/>\n\t<meta property=\"og:image:height\" content=\"833\" \/>\n\t<meta property=\"og:image:type\" content=\"image\/jpeg\" \/>\n<meta name=\"author\" content=\"hudo\" \/>\n<meta name=\"twitter:card\" content=\"summary_large_image\" \/>\n<meta name=\"twitter:creator\" content=\"@hudo_si\" \/>\n<meta name=\"twitter:site\" content=\"@hudo_si\" \/>\n<meta name=\"twitter:label1\" content=\"Written by\" \/>\n\t<meta name=\"twitter:data1\" content=\"hudo\" \/>\n\t<meta name=\"twitter:label2\" content=\"Est. reading time\" \/>\n\t<meta name=\"twitter:data2\" content=\"2 minuti\" \/>\n<script type=\"application\/ld+json\" class=\"yoast-schema-graph\">{\"@context\":\"https:\/\/schema.org\",\"@graph\":[{\"@type\":\"Article\",\"@id\":\"https:\/\/hudo.com\/si\/zdrav-duh-telo\/otroci-v-pandemiji-virusa-covid-19-niso-bioteroristi\/#article\",\"isPartOf\":{\"@id\":\"https:\/\/hudo.com\/si\/zdrav-duh-telo\/otroci-v-pandemiji-virusa-covid-19-niso-bioteroristi\/\"},\"author\":{\"name\":\"hudo\",\"@id\":\"https:\/\/hudo.com\/si\/#\/schema\/person\/601cf3379633985b20f7e50f2bb47707\"},\"headline\":\"Otroci v pandemiji virusa Covid-19 niso &#8216;bioteroristi&#8217;!\",\"datePublished\":\"2021-03-04T06:45:33+00:00\",\"dateModified\":\"2021-03-04T06:45:33+00:00\",\"mainEntityOfPage\":{\"@id\":\"https:\/\/hudo.com\/si\/zdrav-duh-telo\/otroci-v-pandemiji-virusa-covid-19-niso-bioteroristi\/\"},\"wordCount\":476,\"publisher\":{\"@id\":\"https:\/\/hudo.com\/si\/#organization\"},\"keywords\":[\"koronavirus\",\"otroci in koronavirus\"],\"articleSection\":[\"Zdrav duh &amp; telo\"],\"inLanguage\":\"sl-SI\"},{\"@type\":\"WebPage\",\"@id\":\"https:\/\/hudo.com\/si\/zdrav-duh-telo\/otroci-v-pandemiji-virusa-covid-19-niso-bioteroristi\/\",\"url\":\"https:\/\/hudo.com\/si\/zdrav-duh-telo\/otroci-v-pandemiji-virusa-covid-19-niso-bioteroristi\/\",\"name\":\"Otroci v pandemiji virusa Covid-19 niso &#8216;bioteroristi&#8217;! - Hudo Slovenija\",\"isPartOf\":{\"@id\":\"https:\/\/hudo.com\/si\/#website\"},\"datePublished\":\"2021-03-04T06:45:33+00:00\",\"dateModified\":\"2021-03-04T06:45:33+00:00\",\"breadcrumb\":{\"@id\":\"https:\/\/hudo.com\/si\/zdrav-duh-telo\/otroci-v-pandemiji-virusa-covid-19-niso-bioteroristi\/#breadcrumb\"},\"inLanguage\":\"sl-SI\",\"potentialAction\":[{\"@type\":\"ReadAction\",\"target\":[\"https:\/\/hudo.com\/si\/zdrav-duh-telo\/otroci-v-pandemiji-virusa-covid-19-niso-bioteroristi\/\"]}]},{\"@type\":\"BreadcrumbList\",\"@id\":\"https:\/\/hudo.com\/si\/zdrav-duh-telo\/otroci-v-pandemiji-virusa-covid-19-niso-bioteroristi\/#breadcrumb\",\"itemListElement\":[{\"@type\":\"ListItem\",\"position\":1,\"name\":\"Home\",\"item\":\"https:\/\/hudo.com\/si\/\"},{\"@type\":\"ListItem\",\"position\":2,\"name\":\"Otroci v pandemiji virusa Covid-19 niso &#8216;bioteroristi&#8217;!\"}]},{\"@type\":\"WebSite\",\"@id\":\"https:\/\/hudo.com\/si\/#website\",\"url\":\"https:\/\/hudo.com\/si\/\",\"name\":\"Hudo Slovenija\",\"description\":\"Vse novice iz Slovenije in sveta\",\"publisher\":{\"@id\":\"https:\/\/hudo.com\/si\/#organization\"},\"potentialAction\":[{\"@type\":\"SearchAction\",\"target\":{\"@type\":\"EntryPoint\",\"urlTemplate\":\"https:\/\/hudo.com\/si\/?s={search_term_string}\"},\"query-input\":\"required name=search_term_string\"}],\"inLanguage\":\"sl-SI\"},{\"@type\":\"Organization\",\"@id\":\"https:\/\/hudo.com\/si\/#organization\",\"name\":\"VSN Media\",\"url\":\"https:\/\/hudo.com\/si\/\",\"logo\":{\"@type\":\"ImageObject\",\"inLanguage\":\"sl-SI\",\"@id\":\"https:\/\/hudo.com\/si\/#\/schema\/logo\/image\/\",\"url\":\"https:\/\/hudo.com\/si\/wp-content\/uploads\/sites\/2\/2021\/03\/hudo-app-2.png\",\"contentUrl\":\"https:\/\/hudo.com\/si\/wp-content\/uploads\/sites\/2\/2021\/03\/hudo-app-2.png\",\"width\":2185,\"height\":2167,\"caption\":\"VSN Media\"},\"image\":{\"@id\":\"https:\/\/hudo.com\/si\/#\/schema\/logo\/image\/\"},\"sameAs\":[\"https:\/\/www.facebook.com\/hudo.si\",\"https:\/\/twitter.com\/hudo_si\"]},{\"@type\":\"Person\",\"@id\":\"https:\/\/hudo.com\/si\/#\/schema\/person\/601cf3379633985b20f7e50f2bb47707\",\"name\":\"hudo\",\"image\":{\"@type\":\"ImageObject\",\"inLanguage\":\"sl-SI\",\"@id\":\"https:\/\/hudo.com\/si\/#\/schema\/person\/image\/\",\"url\":\"https:\/\/secure.gravatar.com\/avatar\/c4ca25fa72cace7a696b52ff5db9e095?s=96&d=mm&r=g\",\"contentUrl\":\"https:\/\/secure.gravatar.com\/avatar\/c4ca25fa72cace7a696b52ff5db9e095?s=96&d=mm&r=g\",\"caption\":\"hudo\"},\"url\":\"https:\/\/hudo.com\/si\/author\/hudo\/\"}]}<\/script>\n<!-- \/ Yoast SEO plugin. -->","yoast_head_json":{"title":"Otroci v pandemiji virusa Covid-19 niso &#8216;bioteroristi&#8217;! - Hudo Slovenija","robots":{"index":"index","follow":"follow","max-snippet":"max-snippet:-1","max-image-preview":"max-image-preview:large","max-video-preview":"max-video-preview:-1"},"canonical":"https:\/\/hudo.com\/si\/zdrav-duh-telo\/otroci-v-pandemiji-virusa-covid-19-niso-bioteroristi\/","og_locale":"sl_SI","og_type":"article","og_title":"Otroci v pandemiji virusa Covid-19 niso &#8216;bioteroristi&#8217;! - Hudo Slovenija","og_description":"Zdravstvena stroka je pred letom dni menila, da bodo otroci pomembni prena\u0161alci novega koronavirusa, tako kot so zelo pomembni pri drugih respiratornih oku\u017ebah. A se je izkazalo, da ni tako, saj so otroci manj dovzetni za oku\u017ebo z novim koronavirusom, je za STA pojasnil infektolog Janez Toma\u017ei\u010d. Hkrati druga\u010de ka\u017ee pri novih razli\u010dicah virusa.","og_url":"https:\/\/hudo.com\/si\/zdrav-duh-telo\/otroci-v-pandemiji-virusa-covid-19-niso-bioteroristi\/","og_site_name":"Hudo Slovenija","article_publisher":"https:\/\/www.facebook.com\/hudo.si","article_published_time":"2021-03-04T06:45:33+00:00","og_image":[{"width":1250,"height":833,"url":"https:\/\/hudo.com\/si\/wp-content\/uploads\/sites\/2\/2021\/03\/profimedia-0317170020.jpg","type":"image\/jpeg"}],"author":"hudo","twitter_card":"summary_large_image","twitter_creator":"@hudo_si","twitter_site":"@hudo_si","twitter_misc":{"Written by":"hudo","Est. reading time":"2 minuti"},"schema":{"@context":"https:\/\/schema.org","@graph":[{"@type":"Article","@id":"https:\/\/hudo.com\/si\/zdrav-duh-telo\/otroci-v-pandemiji-virusa-covid-19-niso-bioteroristi\/#article","isPartOf":{"@id":"https:\/\/hudo.com\/si\/zdrav-duh-telo\/otroci-v-pandemiji-virusa-covid-19-niso-bioteroristi\/"},"author":{"name":"hudo","@id":"https:\/\/hudo.com\/si\/#\/schema\/person\/601cf3379633985b20f7e50f2bb47707"},"headline":"Otroci v pandemiji virusa Covid-19 niso &#8216;bioteroristi&#8217;!","datePublished":"2021-03-04T06:45:33+00:00","dateModified":"2021-03-04T06:45:33+00:00","mainEntityOfPage":{"@id":"https:\/\/hudo.com\/si\/zdrav-duh-telo\/otroci-v-pandemiji-virusa-covid-19-niso-bioteroristi\/"},"wordCount":476,"publisher":{"@id":"https:\/\/hudo.com\/si\/#organization"},"keywords":["koronavirus","otroci in koronavirus"],"articleSection":["Zdrav duh &amp; telo"],"inLanguage":"sl-SI"},{"@type":"WebPage","@id":"https:\/\/hudo.com\/si\/zdrav-duh-telo\/otroci-v-pandemiji-virusa-covid-19-niso-bioteroristi\/","url":"https:\/\/hudo.com\/si\/zdrav-duh-telo\/otroci-v-pandemiji-virusa-covid-19-niso-bioteroristi\/","name":"Otroci v pandemiji virusa Covid-19 niso &#8216;bioteroristi&#8217;! - Hudo Slovenija","isPartOf":{"@id":"https:\/\/hudo.com\/si\/#website"},"datePublished":"2021-03-04T06:45:33+00:00","dateModified":"2021-03-04T06:45:33+00:00","breadcrumb":{"@id":"https:\/\/hudo.com\/si\/zdrav-duh-telo\/otroci-v-pandemiji-virusa-covid-19-niso-bioteroristi\/#breadcrumb"},"inLanguage":"sl-SI","potentialAction":[{"@type":"ReadAction","target":["https:\/\/hudo.com\/si\/zdrav-duh-telo\/otroci-v-pandemiji-virusa-covid-19-niso-bioteroristi\/"]}]},{"@type":"BreadcrumbList","@id":"https:\/\/hudo.com\/si\/zdrav-duh-telo\/otroci-v-pandemiji-virusa-covid-19-niso-bioteroristi\/#breadcrumb","itemListElement":[{"@type":"ListItem","position":1,"name":"Home","item":"https:\/\/hudo.com\/si\/"},{"@type":"ListItem","position":2,"name":"Otroci v pandemiji virusa Covid-19 niso &#8216;bioteroristi&#8217;!"}]},{"@type":"WebSite","@id":"https:\/\/hudo.com\/si\/#website","url":"https:\/\/hudo.com\/si\/","name":"Hudo Slovenija","description":"Vse novice iz Slovenije in sveta","publisher":{"@id":"https:\/\/hudo.com\/si\/#organization"},"potentialAction":[{"@type":"SearchAction","target":{"@type":"EntryPoint","urlTemplate":"https:\/\/hudo.com\/si\/?s={search_term_string}"},"query-input":"required name=search_term_string"}],"inLanguage":"sl-SI"},{"@type":"Organization","@id":"https:\/\/hudo.com\/si\/#organization","name":"VSN Media","url":"https:\/\/hudo.com\/si\/","logo":{"@type":"ImageObject","inLanguage":"sl-SI","@id":"https:\/\/hudo.com\/si\/#\/schema\/logo\/image\/","url":"https:\/\/hudo.com\/si\/wp-content\/uploads\/sites\/2\/2021\/03\/hudo-app-2.png","contentUrl":"https:\/\/hudo.com\/si\/wp-content\/uploads\/sites\/2\/2021\/03\/hudo-app-2.png","width":2185,"height":2167,"caption":"VSN Media"},"image":{"@id":"https:\/\/hudo.com\/si\/#\/schema\/logo\/image\/"},"sameAs":["https:\/\/www.facebook.com\/hudo.si","https:\/\/twitter.com\/hudo_si"]},{"@type":"Person","@id":"https:\/\/hudo.com\/si\/#\/schema\/person\/601cf3379633985b20f7e50f2bb47707","name":"hudo","image":{"@type":"ImageObject","inLanguage":"sl-SI","@id":"https:\/\/hudo.com\/si\/#\/schema\/person\/image\/","url":"https:\/\/secure.gravatar.com\/avatar\/c4ca25fa72cace7a696b52ff5db9e095?s=96&d=mm&r=g","contentUrl":"https:\/\/secure.gravatar.com\/avatar\/c4ca25fa72cace7a696b52ff5db9e095?s=96&d=mm&r=g","caption":"hudo"},"url":"https:\/\/hudo.com\/si\/author\/hudo\/"}]}},"amp_enabled":true,"_links":{"self":[{"href":"https:\/\/hudo.com\/si\/wp-json\/wp\/v2\/posts\/446608"}],"collection":[{"href":"https:\/\/hudo.com\/si\/wp-json\/wp\/v2\/posts"}],"about":[{"href":"https:\/\/hudo.com\/si\/wp-json\/wp\/v2\/types\/post"}],"author":[{"embeddable":true,"href":"https:\/\/hudo.com\/si\/wp-json\/wp\/v2\/users\/1"}],"replies":[{"embeddable":true,"href":"https:\/\/hudo.com\/si\/wp-json\/wp\/v2\/comments?post=446608"}],"version-history":[{"count":0,"href":"https:\/\/hudo.com\/si\/wp-json\/wp\/v2\/posts\/446608\/revisions"}],"wp:featuredmedia":[{"embeddable":true,"href":"https:\/\/hudo.com\/si\/wp-json\/wp\/v2\/media\/446609"}],"wp:attachment":[{"href":"https:\/\/hudo.com\/si\/wp-json\/wp\/v2\/media?parent=446608"}],"wp:term":[{"taxonomy":"category","embeddable":true,"href":"https:\/\/hudo.com\/si\/wp-json\/wp\/v2\/categories?post=446608"},{"taxonomy":"post_tag","embeddable":true,"href":"https:\/\/hudo.com\/si\/wp-json\/wp\/v2\/tags?post=446608"},{"taxonomy":"source","embeddable":true,"href":"https:\/\/hudo.com\/si\/wp-json\/wp\/v2\/source?post=446608"},{"taxonomy":"supertag","embeddable":true,"href":"https:\/\/hudo.com\/si\/wp-json\/wp\/v2\/supertag?post=446608"}],"curies":[{"name":"wp","href":"https:\/\/api.w.org\/{rel}","templated":true}]}}