{"id":446782,"date":"2021-03-06T12:36:01","date_gmt":"2021-03-06T11:36:01","guid":{"rendered":"https:\/\/hudo.com\/si\/?p=446782"},"modified":"2021-03-06T12:36:01","modified_gmt":"2021-03-06T11:36:01","slug":"zgodovinski-obisk-papez-se-je-v-iraku-srecal-z-najpomembnejsim-verskim-voditeljem-v-drzavi","status":"publish","type":"post","link":"https:\/\/hudo.com\/si\/aktualno\/svet\/zgodovinski-obisk-papez-se-je-v-iraku-srecal-z-najpomembnejsim-verskim-voditeljem-v-drzavi\/","title":{"rendered":"Zgodovinski obisk: Pape\u017e se je v Iraku sre\u010dal z najpomembnej\u0161im verskim voditeljem v dr\u017eavi"},"content":{"rendered":"<p>V \u0161iiskem svetu mestu Nad\u017eaf se je dvojica verskih voditeljev sre\u010dala na al Sistanijevem domu. Sre\u010danje po navedbah francoske tiskovne agencije AFP prina\u0161a sporo\u010dilo o mirnem so\u017eitju med muslimansko ve\u010dino in manj\u0161ino kristjanov, katerih \u0161tevilo je v zadnjih letih zaradi vojne mo\u010dno upadlo.<\/p>\n<p>Al Sistani je v sporo\u010dilu za javnost po sre\u010danju poudaril, da bi morali kristjani v Iraku \u017eiveti v miru. Kot so \u0161e sporo\u010dili iz al Sistanijevega urada, je \u0161iitski verski voditelj v Iraku potrdil svojo prepri\u010danje, da bi morali kristjani v Iraku &#8220;\u017eiveti tako kot vsi Ira\u010dani v miru in varnosti ter s svojimi polnimi ustavnimi pravicami&#8221;.<\/p>\n<p>Pape\u017e Fran\u010di\u0161ek je v pogovoru, ki je trajal slabo uro, izpostavil pomen sodelovanja med verskimi skupnostmi. Al Sistaniju se je zahvalil, ker se zavzema za \u0161ibkej\u0161e in preganjane, so po navedbah nem\u0161ke tiskovne agencije dpa sporo\u010dili iz Vatikana.<\/p>\n<p>Dana\u0161nje sre\u010danje med pape\u017eem in al Sistanijem je potekalo brez prisotnosti medijev. 90-letni ajatola se sicer zelo redko pojavi v javnosti.<\/p>\n<p>Pape\u017e je danes tudi obiskal mesto Ur na jugu Iraka, ki velja za rojstni kraj preroka Abrahama, in tam vodil medversko bogoslu\u017eje, tudi z nekaterimi najmanj\u0161imi manj\u0161inami v Iraku, kot so Jazidi. Ob tem je povedal, da sta svoboda vesti in svoboda veroizpovedi &#8220;temeljni pravici&#8221;, ki ju je treba priznavati povsod. Molil je za mir na Bli\u017enjem vzhodu, \u0161e posebej v Siriji, in izrazil upanje, da bo svet &#8220;potoval od konflikta k enotnosti&#8221;, poro\u010da AFP.<\/p>\n<p>Fran\u010di\u0161ek se je po navedbah dpa spomnil tudi \u017ertev vojne proti terorizmu. &#8220;Ko je na severu te cenjene dr\u017eave divjal terorizem, je barbarsko uni\u010dil del \u010dudovite verske dedi\u0161\u010dine, vklju\u010dno s cerkvami, samostani in bogoslu\u017enimi kraji razli\u010dnih skupnosti,&#8221; je dejal.<\/p>\n<p>Pape\u017ea so drugi dan njegovega obiska v Iraku danes pri\u010dakali na letali\u0161\u010du v Nad\u017eafu transparenti z znamenitim citatom Alija, \u010detrtega kalifa in sorodnika preroka Mohameda, ki je pokopan v svetem mestu. &#8220;Ljudje smo dve vrsti, bodisi va\u0161i bratje po veri ali enaki po \u010dlove\u0161tvu,&#8221; je pisalo na transparentih. Nato je kolona avtomobilov pape\u017ea odpeljala v eno od majhnih ulic v Nad\u017eafu, kjer je pape\u017e od\u0161el v al Sistanijev urad.<\/p>\n<p>Sre\u010danje 84-letnega pape\u017ea z al Sistanijem velja za enega od vrhuncev Fran\u010di\u0161kovega \u0161tiridnevnega obiska v Iraku, ki ga je v preteklosti pretresala vojna. Al Sistani je v zadnjih desetletjih igral klju\u010dno vlogo pri zatiranju napetosti.<\/p>\n<p>Pred pape\u017eevim prihodom so v mestu Nad\u017eaf zelo okrepili varnost. V sredi\u0161\u010du mesta so zaprte ulice, na katerih so pove\u010dali prisotnost varnostnih sil. Prav tako velja policijska ura.<\/p>\n<p>Dana\u0161nje sre\u010danje verskih voditeljev na \u0161tiri o\u010di je plod ve\u010dmese\u010dnih ob\u010dutljivih pogajanj med pristojnimi oblastmi v mestu Nad\u017eaf in Vatikanom.<\/p>\n<p>Pape\u017e Fran\u010di\u0161ek, ki velja za velikega zagovornika medverskega sodelovanja, se je doslej v nekaterih muslimanskih dr\u017eavah, med drugim v Banglade\u0161u, Maroku, Tur\u010diji in Zdru\u017eenih arabskih emiratih, sre\u010dal z najvi\u0161jimi sunitskimi kleriki.<\/p>\n<p>Al Sistani je medtem verska avtoriteta za ve\u010dino od 200 milijonov \u0161iitov na svetu, ki so sicer manj\u0161ina med muslimani, a ve\u010dina v Iraku. Za Ira\u010dane velja za vodilno osebnost v dr\u017eavi.<\/p>\n<p>Fran\u010di\u0161ek je obisk v Iraku za\u010del v petek, ko je pozval h kon\u010danju nasilja, ekstremizma, lo\u010devanju ter nestrpnosti v dr\u017eavi. Do ponedeljka bo obiskal razli\u010dne predele Iraka. V nedeljo pa bo 84-letni Fran\u010di\u0161ek obiskal skupnost kristjanov v Mosulu in Karako\u0161u na severu dr\u017eave.<\/p>\n<p>Kristjani so v Iraku, ki je prete\u017eno muslimanska dr\u017eava, \u017ee dlje \u010dasa preganjani. \u0160tevil\u010dno se je njihova skupnost v zadnjih desetletjih zelo skr\u010dila. Neko\u010d je v Iraku \u017eivelo okoli milijon kristjanov, danes jih je po ocenah od 250.000 do 400.000.<\/p>\n<p>Obisk Fran\u010di\u0161ka v Iraku je prvi obisk kakega pape\u017ea v Iraku in hkrati prvi obisk v tujini od za\u010detka pandemija covida-19 za sedanjega poglavarja katoli\u0161ke cerkve. Do pape\u017eevega obiska v Iraku prihaja, ko so se razmere v dr\u017eavi zaradi pandemije covida-19 ponovno poslab\u0161ale. Ta teden so zabele\u017eili rekordno \u0161tevilo novih oku\u017eb z virusom sars-cov-2.<\/p>\n","protected":false},"excerpt":{"rendered":"<p>Pape\u017e Fran\u010di\u0161ek, ki je na ve\u010ddnevnem zgodovinskem obisku v Iraku, se je davi sestal z najpomembnej\u0161im \u0161iitskim verskim voditeljem v dr\u017eavi, velikim ajatolo Alijem al Sistanijem. Nato je vodil medversko bogoslu\u017eje v Iraku ter ob tem pozval k svobodi vesti in veroizpovedi.<\/p>\n","protected":false},"author":8,"featured_media":446783,"comment_status":"closed","ping_status":"closed","sticky":false,"template":"","format":"standard","meta":{"footnotes":""},"categories":[18202],"tags":[5702,5652,18379],"source":[4511],"supertag":[],"acf":[],"yoast_head":"<!-- This site is optimized with the Yoast SEO plugin v21.3 - https:\/\/yoast.com\/wordpress\/plugins\/seo\/ -->\n<title>Zgodovinski obisk: Pape\u017e se je v Iraku sre\u010dal z najpomembnej\u0161im verskim voditeljem v dr\u017eavi - Hudo Slovenija<\/title>\n<meta name=\"robots\" content=\"index, follow, max-snippet:-1, max-image-preview:large, max-video-preview:-1\" \/>\n<link rel=\"canonical\" href=\"https:\/\/hudo.com\/si\/aktualno\/svet\/zgodovinski-obisk-papez-se-je-v-iraku-srecal-z-najpomembnejsim-verskim-voditeljem-v-drzavi\/\" \/>\n<meta property=\"og:locale\" content=\"sl_SI\" \/>\n<meta property=\"og:type\" content=\"article\" \/>\n<meta property=\"og:title\" content=\"Zgodovinski obisk: Pape\u017e se je v Iraku sre\u010dal z najpomembnej\u0161im verskim voditeljem v dr\u017eavi - Hudo Slovenija\" \/>\n<meta property=\"og:description\" content=\"Pape\u017e Fran\u010di\u0161ek, ki je na ve\u010ddnevnem zgodovinskem obisku v Iraku, se je davi sestal z najpomembnej\u0161im \u0161iitskim verskim voditeljem v dr\u017eavi, velikim ajatolo Alijem al Sistanijem. Nato je vodil medversko bogoslu\u017eje v Iraku ter ob tem pozval k svobodi vesti in veroizpovedi.\" \/>\n<meta property=\"og:url\" content=\"https:\/\/hudo.com\/si\/aktualno\/svet\/zgodovinski-obisk-papez-se-je-v-iraku-srecal-z-najpomembnejsim-verskim-voditeljem-v-drzavi\/\" \/>\n<meta property=\"og:site_name\" content=\"Hudo Slovenija\" \/>\n<meta property=\"article:publisher\" content=\"https:\/\/www.facebook.com\/hudo.si\" \/>\n<meta property=\"article:published_time\" content=\"2021-03-06T11:36:01+00:00\" \/>\n<meta property=\"og:image\" content=\"https:\/\/hudo.com\/si\/wp-content\/uploads\/sites\/2\/2021\/03\/profimedia-0595570492.jpg\" \/>\n\t<meta property=\"og:image:width\" content=\"727\" \/>\n\t<meta property=\"og:image:height\" content=\"1024\" \/>\n\t<meta property=\"og:image:type\" content=\"image\/jpeg\" \/>\n<meta name=\"author\" content=\"M. N., STA\" \/>\n<meta name=\"twitter:card\" content=\"summary_large_image\" \/>\n<meta name=\"twitter:creator\" content=\"@hudo_si\" \/>\n<meta name=\"twitter:site\" content=\"@hudo_si\" \/>\n<meta name=\"twitter:label1\" content=\"Written by\" \/>\n\t<meta name=\"twitter:data1\" content=\"M. N., STA\" \/>\n\t<meta name=\"twitter:label2\" content=\"Est. reading time\" \/>\n\t<meta name=\"twitter:data2\" content=\"4 minute\" \/>\n<script type=\"application\/ld+json\" class=\"yoast-schema-graph\">{\"@context\":\"https:\/\/schema.org\",\"@graph\":[{\"@type\":\"Article\",\"@id\":\"https:\/\/hudo.com\/si\/aktualno\/svet\/zgodovinski-obisk-papez-se-je-v-iraku-srecal-z-najpomembnejsim-verskim-voditeljem-v-drzavi\/#article\",\"isPartOf\":{\"@id\":\"https:\/\/hudo.com\/si\/aktualno\/svet\/zgodovinski-obisk-papez-se-je-v-iraku-srecal-z-najpomembnejsim-verskim-voditeljem-v-drzavi\/\"},\"author\":{\"name\":\"M. N., STA\",\"@id\":\"https:\/\/hudo.com\/si\/#\/schema\/person\/c2f10ce65d2e6ede2aeda5be2a0611fa\"},\"headline\":\"Zgodovinski obisk: Pape\u017e se je v Iraku sre\u010dal z najpomembnej\u0161im verskim voditeljem v dr\u017eavi\",\"datePublished\":\"2021-03-06T11:36:01+00:00\",\"dateModified\":\"2021-03-06T11:36:01+00:00\",\"mainEntityOfPage\":{\"@id\":\"https:\/\/hudo.com\/si\/aktualno\/svet\/zgodovinski-obisk-papez-se-je-v-iraku-srecal-z-najpomembnejsim-verskim-voditeljem-v-drzavi\/\"},\"wordCount\":737,\"publisher\":{\"@id\":\"https:\/\/hudo.com\/si\/#organization\"},\"keywords\":[\"irak\",\"pape\u017e fran\u010di\u0161ek\",\"pape\u017e fran\u010di\u0161ek v iraku\"],\"articleSection\":[\"Svet\"],\"inLanguage\":\"sl-SI\"},{\"@type\":\"WebPage\",\"@id\":\"https:\/\/hudo.com\/si\/aktualno\/svet\/zgodovinski-obisk-papez-se-je-v-iraku-srecal-z-najpomembnejsim-verskim-voditeljem-v-drzavi\/\",\"url\":\"https:\/\/hudo.com\/si\/aktualno\/svet\/zgodovinski-obisk-papez-se-je-v-iraku-srecal-z-najpomembnejsim-verskim-voditeljem-v-drzavi\/\",\"name\":\"Zgodovinski obisk: Pape\u017e se je v Iraku sre\u010dal z najpomembnej\u0161im verskim voditeljem v dr\u017eavi - Hudo Slovenija\",\"isPartOf\":{\"@id\":\"https:\/\/hudo.com\/si\/#website\"},\"datePublished\":\"2021-03-06T11:36:01+00:00\",\"dateModified\":\"2021-03-06T11:36:01+00:00\",\"breadcrumb\":{\"@id\":\"https:\/\/hudo.com\/si\/aktualno\/svet\/zgodovinski-obisk-papez-se-je-v-iraku-srecal-z-najpomembnejsim-verskim-voditeljem-v-drzavi\/#breadcrumb\"},\"inLanguage\":\"sl-SI\",\"potentialAction\":[{\"@type\":\"ReadAction\",\"target\":[\"https:\/\/hudo.com\/si\/aktualno\/svet\/zgodovinski-obisk-papez-se-je-v-iraku-srecal-z-najpomembnejsim-verskim-voditeljem-v-drzavi\/\"]}]},{\"@type\":\"BreadcrumbList\",\"@id\":\"https:\/\/hudo.com\/si\/aktualno\/svet\/zgodovinski-obisk-papez-se-je-v-iraku-srecal-z-najpomembnejsim-verskim-voditeljem-v-drzavi\/#breadcrumb\",\"itemListElement\":[{\"@type\":\"ListItem\",\"position\":1,\"name\":\"Home\",\"item\":\"https:\/\/hudo.com\/si\/\"},{\"@type\":\"ListItem\",\"position\":2,\"name\":\"Zgodovinski obisk: Pape\u017e se je v Iraku sre\u010dal z najpomembnej\u0161im verskim voditeljem v dr\u017eavi\"}]},{\"@type\":\"WebSite\",\"@id\":\"https:\/\/hudo.com\/si\/#website\",\"url\":\"https:\/\/hudo.com\/si\/\",\"name\":\"Hudo Slovenija\",\"description\":\"Vse novice iz Slovenije in sveta\",\"publisher\":{\"@id\":\"https:\/\/hudo.com\/si\/#organization\"},\"potentialAction\":[{\"@type\":\"SearchAction\",\"target\":{\"@type\":\"EntryPoint\",\"urlTemplate\":\"https:\/\/hudo.com\/si\/?s={search_term_string}\"},\"query-input\":\"required name=search_term_string\"}],\"inLanguage\":\"sl-SI\"},{\"@type\":\"Organization\",\"@id\":\"https:\/\/hudo.com\/si\/#organization\",\"name\":\"VSN Media\",\"url\":\"https:\/\/hudo.com\/si\/\",\"logo\":{\"@type\":\"ImageObject\",\"inLanguage\":\"sl-SI\",\"@id\":\"https:\/\/hudo.com\/si\/#\/schema\/logo\/image\/\",\"url\":\"https:\/\/hudo.com\/si\/wp-content\/uploads\/sites\/2\/2021\/03\/hudo-app-2.png\",\"contentUrl\":\"https:\/\/hudo.com\/si\/wp-content\/uploads\/sites\/2\/2021\/03\/hudo-app-2.png\",\"width\":2185,\"height\":2167,\"caption\":\"VSN Media\"},\"image\":{\"@id\":\"https:\/\/hudo.com\/si\/#\/schema\/logo\/image\/\"},\"sameAs\":[\"https:\/\/www.facebook.com\/hudo.si\",\"https:\/\/twitter.com\/hudo_si\"]},{\"@type\":\"Person\",\"@id\":\"https:\/\/hudo.com\/si\/#\/schema\/person\/c2f10ce65d2e6ede2aeda5be2a0611fa\",\"name\":\"M. N., STA\",\"image\":{\"@type\":\"ImageObject\",\"inLanguage\":\"sl-SI\",\"@id\":\"https:\/\/hudo.com\/si\/#\/schema\/person\/image\/\",\"url\":\"https:\/\/secure.gravatar.com\/avatar\/f370d38daa10467f755c5c766a4cac20?s=96&d=mm&r=g\",\"contentUrl\":\"https:\/\/secure.gravatar.com\/avatar\/f370d38daa10467f755c5c766a4cac20?s=96&d=mm&r=g\",\"caption\":\"M. N., STA\"},\"url\":\"https:\/\/hudo.com\/si\/author\/mana\/\"}]}<\/script>\n<!-- \/ Yoast SEO plugin. -->","yoast_head_json":{"title":"Zgodovinski obisk: Pape\u017e se je v Iraku sre\u010dal z najpomembnej\u0161im verskim voditeljem v dr\u017eavi - Hudo Slovenija","robots":{"index":"index","follow":"follow","max-snippet":"max-snippet:-1","max-image-preview":"max-image-preview:large","max-video-preview":"max-video-preview:-1"},"canonical":"https:\/\/hudo.com\/si\/aktualno\/svet\/zgodovinski-obisk-papez-se-je-v-iraku-srecal-z-najpomembnejsim-verskim-voditeljem-v-drzavi\/","og_locale":"sl_SI","og_type":"article","og_title":"Zgodovinski obisk: Pape\u017e se je v Iraku sre\u010dal z najpomembnej\u0161im verskim voditeljem v dr\u017eavi - Hudo Slovenija","og_description":"Pape\u017e Fran\u010di\u0161ek, ki je na ve\u010ddnevnem zgodovinskem obisku v Iraku, se je davi sestal z najpomembnej\u0161im \u0161iitskim verskim voditeljem v dr\u017eavi, velikim ajatolo Alijem al Sistanijem. Nato je vodil medversko bogoslu\u017eje v Iraku ter ob tem pozval k svobodi vesti in veroizpovedi.","og_url":"https:\/\/hudo.com\/si\/aktualno\/svet\/zgodovinski-obisk-papez-se-je-v-iraku-srecal-z-najpomembnejsim-verskim-voditeljem-v-drzavi\/","og_site_name":"Hudo Slovenija","article_publisher":"https:\/\/www.facebook.com\/hudo.si","article_published_time":"2021-03-06T11:36:01+00:00","og_image":[{"width":727,"height":1024,"url":"https:\/\/hudo.com\/si\/wp-content\/uploads\/sites\/2\/2021\/03\/profimedia-0595570492.jpg","type":"image\/jpeg"}],"author":"M. N., STA","twitter_card":"summary_large_image","twitter_creator":"@hudo_si","twitter_site":"@hudo_si","twitter_misc":{"Written by":"M. N., STA","Est. reading time":"4 minute"},"schema":{"@context":"https:\/\/schema.org","@graph":[{"@type":"Article","@id":"https:\/\/hudo.com\/si\/aktualno\/svet\/zgodovinski-obisk-papez-se-je-v-iraku-srecal-z-najpomembnejsim-verskim-voditeljem-v-drzavi\/#article","isPartOf":{"@id":"https:\/\/hudo.com\/si\/aktualno\/svet\/zgodovinski-obisk-papez-se-je-v-iraku-srecal-z-najpomembnejsim-verskim-voditeljem-v-drzavi\/"},"author":{"name":"M. N., STA","@id":"https:\/\/hudo.com\/si\/#\/schema\/person\/c2f10ce65d2e6ede2aeda5be2a0611fa"},"headline":"Zgodovinski obisk: Pape\u017e se je v Iraku sre\u010dal z najpomembnej\u0161im verskim voditeljem v dr\u017eavi","datePublished":"2021-03-06T11:36:01+00:00","dateModified":"2021-03-06T11:36:01+00:00","mainEntityOfPage":{"@id":"https:\/\/hudo.com\/si\/aktualno\/svet\/zgodovinski-obisk-papez-se-je-v-iraku-srecal-z-najpomembnejsim-verskim-voditeljem-v-drzavi\/"},"wordCount":737,"publisher":{"@id":"https:\/\/hudo.com\/si\/#organization"},"keywords":["irak","pape\u017e fran\u010di\u0161ek","pape\u017e fran\u010di\u0161ek v iraku"],"articleSection":["Svet"],"inLanguage":"sl-SI"},{"@type":"WebPage","@id":"https:\/\/hudo.com\/si\/aktualno\/svet\/zgodovinski-obisk-papez-se-je-v-iraku-srecal-z-najpomembnejsim-verskim-voditeljem-v-drzavi\/","url":"https:\/\/hudo.com\/si\/aktualno\/svet\/zgodovinski-obisk-papez-se-je-v-iraku-srecal-z-najpomembnejsim-verskim-voditeljem-v-drzavi\/","name":"Zgodovinski obisk: Pape\u017e se je v Iraku sre\u010dal z najpomembnej\u0161im verskim voditeljem v dr\u017eavi - Hudo Slovenija","isPartOf":{"@id":"https:\/\/hudo.com\/si\/#website"},"datePublished":"2021-03-06T11:36:01+00:00","dateModified":"2021-03-06T11:36:01+00:00","breadcrumb":{"@id":"https:\/\/hudo.com\/si\/aktualno\/svet\/zgodovinski-obisk-papez-se-je-v-iraku-srecal-z-najpomembnejsim-verskim-voditeljem-v-drzavi\/#breadcrumb"},"inLanguage":"sl-SI","potentialAction":[{"@type":"ReadAction","target":["https:\/\/hudo.com\/si\/aktualno\/svet\/zgodovinski-obisk-papez-se-je-v-iraku-srecal-z-najpomembnejsim-verskim-voditeljem-v-drzavi\/"]}]},{"@type":"BreadcrumbList","@id":"https:\/\/hudo.com\/si\/aktualno\/svet\/zgodovinski-obisk-papez-se-je-v-iraku-srecal-z-najpomembnejsim-verskim-voditeljem-v-drzavi\/#breadcrumb","itemListElement":[{"@type":"ListItem","position":1,"name":"Home","item":"https:\/\/hudo.com\/si\/"},{"@type":"ListItem","position":2,"name":"Zgodovinski obisk: Pape\u017e se je v Iraku sre\u010dal z najpomembnej\u0161im verskim voditeljem v dr\u017eavi"}]},{"@type":"WebSite","@id":"https:\/\/hudo.com\/si\/#website","url":"https:\/\/hudo.com\/si\/","name":"Hudo Slovenija","description":"Vse novice iz Slovenije in sveta","publisher":{"@id":"https:\/\/hudo.com\/si\/#organization"},"potentialAction":[{"@type":"SearchAction","target":{"@type":"EntryPoint","urlTemplate":"https:\/\/hudo.com\/si\/?s={search_term_string}"},"query-input":"required name=search_term_string"}],"inLanguage":"sl-SI"},{"@type":"Organization","@id":"https:\/\/hudo.com\/si\/#organization","name":"VSN Media","url":"https:\/\/hudo.com\/si\/","logo":{"@type":"ImageObject","inLanguage":"sl-SI","@id":"https:\/\/hudo.com\/si\/#\/schema\/logo\/image\/","url":"https:\/\/hudo.com\/si\/wp-content\/uploads\/sites\/2\/2021\/03\/hudo-app-2.png","contentUrl":"https:\/\/hudo.com\/si\/wp-content\/uploads\/sites\/2\/2021\/03\/hudo-app-2.png","width":2185,"height":2167,"caption":"VSN Media"},"image":{"@id":"https:\/\/hudo.com\/si\/#\/schema\/logo\/image\/"},"sameAs":["https:\/\/www.facebook.com\/hudo.si","https:\/\/twitter.com\/hudo_si"]},{"@type":"Person","@id":"https:\/\/hudo.com\/si\/#\/schema\/person\/c2f10ce65d2e6ede2aeda5be2a0611fa","name":"M. N., STA","image":{"@type":"ImageObject","inLanguage":"sl-SI","@id":"https:\/\/hudo.com\/si\/#\/schema\/person\/image\/","url":"https:\/\/secure.gravatar.com\/avatar\/f370d38daa10467f755c5c766a4cac20?s=96&d=mm&r=g","contentUrl":"https:\/\/secure.gravatar.com\/avatar\/f370d38daa10467f755c5c766a4cac20?s=96&d=mm&r=g","caption":"M. N., STA"},"url":"https:\/\/hudo.com\/si\/author\/mana\/"}]}},"amp_enabled":true,"_links":{"self":[{"href":"https:\/\/hudo.com\/si\/wp-json\/wp\/v2\/posts\/446782"}],"collection":[{"href":"https:\/\/hudo.com\/si\/wp-json\/wp\/v2\/posts"}],"about":[{"href":"https:\/\/hudo.com\/si\/wp-json\/wp\/v2\/types\/post"}],"author":[{"embeddable":true,"href":"https:\/\/hudo.com\/si\/wp-json\/wp\/v2\/users\/8"}],"replies":[{"embeddable":true,"href":"https:\/\/hudo.com\/si\/wp-json\/wp\/v2\/comments?post=446782"}],"version-history":[{"count":1,"href":"https:\/\/hudo.com\/si\/wp-json\/wp\/v2\/posts\/446782\/revisions"}],"predecessor-version":[{"id":446784,"href":"https:\/\/hudo.com\/si\/wp-json\/wp\/v2\/posts\/446782\/revisions\/446784"}],"wp:featuredmedia":[{"embeddable":true,"href":"https:\/\/hudo.com\/si\/wp-json\/wp\/v2\/media\/446783"}],"wp:attachment":[{"href":"https:\/\/hudo.com\/si\/wp-json\/wp\/v2\/media?parent=446782"}],"wp:term":[{"taxonomy":"category","embeddable":true,"href":"https:\/\/hudo.com\/si\/wp-json\/wp\/v2\/categories?post=446782"},{"taxonomy":"post_tag","embeddable":true,"href":"https:\/\/hudo.com\/si\/wp-json\/wp\/v2\/tags?post=446782"},{"taxonomy":"source","embeddable":true,"href":"https:\/\/hudo.com\/si\/wp-json\/wp\/v2\/source?post=446782"},{"taxonomy":"supertag","embeddable":true,"href":"https:\/\/hudo.com\/si\/wp-json\/wp\/v2\/supertag?post=446782"}],"curies":[{"name":"wp","href":"https:\/\/api.w.org\/{rel}","templated":true}]}}