{"id":446869,"date":"2021-03-08T10:22:26","date_gmt":"2021-03-08T09:22:26","guid":{"rendered":"https:\/\/hudo.com\/si\/?p=446869"},"modified":"2021-03-08T10:22:26","modified_gmt":"2021-03-08T09:22:26","slug":"v-srednjih-solah-je-ponovno-bolj-zivahno-po-skoraj-petih-mesecih-pouka-na-daljavo-se-je-v-sole-vrnila-se-priblizno-polovica-dijakov-od-1-do-3-letnika","status":"publish","type":"post","link":"https:\/\/hudo.com\/si\/aktualno\/slovenija\/v-srednjih-solah-je-ponovno-bolj-zivahno-po-skoraj-petih-mesecih-pouka-na-daljavo-se-je-v-sole-vrnila-se-priblizno-polovica-dijakov-od-1-do-3-letnika\/","title":{"rendered":"V srednjih \u0161olah je ponovno bolj \u017eivahno, po skoraj petih mesecih pouka na daljavo se je v \u0161ole vrnila \u0161e pribli\u017eno polovica dijakov od 1. do 3. letnika"},"content":{"rendered":"<p>&#8220;Ob\u010dutki so super, po dolgih \u0161tirih mesecih bomo spet videli vse so\u0161olce, u\u010diteljice. Z nekaterimi so\u0161olci smo se sicer \u017ee prej dru\u017eili. To, kar ne bo preve\u010d fajn, je, da pi\u0161emo teste,&#8221; je za STA dejal dijak II. gimnazije Maribor Marko. Povedal je, da bi \u017ee danes morali pisati spis prvi dve uri, ampak so ga k sre\u010di prestavili. Po petih mesecih pouka na daljavo po njegovem mnenju znanje ni ravno enako, kot \u010de bi imeli normalni pouk.<\/p>\n<p>Tudi Eva, ki je dijakinja iste gimnazije, je vesela, da bo po dolgem \u010dasu videla so\u0161olce in so\u0161olke, saj so doma iz razli\u010dnih krajev in se niso dosti videli. Tudi njo nekoliko skrbijo preizkusi znanj v tednu, ko bodo v \u0161oli. Jo pa hkrati tudi zanima, ali je od pouka na daljavo sploh odnesla dovolj znanja. Kot je \u0161e ocenila za STA, bi se po njenem mnenju dijaki morali v \u0161ole vrniti prej, kot so se dejansko.<\/p>\n<p>&#8220;Pogre\u0161al sem pouk, ne veselim pa se ocenjevanj,&#8221; je za STA dejal tudi neimenovani dijak Prve gimnazije Maribor, ki pa se zelo veseli sre\u010danja s so\u0161olci. Prehod nazaj v \u0161olo po njegovem mnenju ne bo zahteven, saj bodo \u017ee po tednu dni spet teden dni doma. Glede petmese\u010dnega pouka na daljavo pa je dejal, da mu je bilo v\u0161e\u010d to, da je imel u\u010dilnico manj kot meter od svoje postelje, manj v\u0161e\u010d pa to, da so veliko \u010dasa pre\u017eiveli pred ra\u010dunalniki.<\/p>\n<p>Vrnitve dijakov so zelo veseli na \u0161olah. &#8220;Na Gimnaziji Celje &#8211; Center imamo danes dvojni praznik &#8230; 8. marec, dan \u017eensk, in pa &#8216;tretji&#8217; prvi \u0161olski dan v tem \u0161olskem letu, po 1. septembru, ko smo vsi prvi\u010d sedli v \u0161olske klopi, 22. februarju, ko so se po 16. tednih vrnili maturantke in maturanti, in dana\u0161nji, ko se vrnili tudi dijaki ni\u017ejih letnikov. \u0160ola je kon\u010dno o\u017eivela v smehu in radosti ob ponovnem snidenju,&#8221; je za STA navedel ravnatelj te gimnazije Gregor Deleja.<\/p>\n<p>Ocenil je, da po slabih petih mesecih dela na daljavo ponovni za\u010detek pouka v \u0161olah predstavlja svojevrsten izziv, pa tudi dodaten stres, saj se hkrati za\u010denja tudi zadnji del \u0161olskega leta.<\/p>\n<p>&#8220;Mo\u010dno upam, da bomo u\u010diteljice in u\u010ditelji znali skupaj z na\u0161imi dijaki zagotoviti mehek in uspe\u0161en prehod v novo rutino, ki jo bomo najprej morali znova usvojiti. Le tako bo delo lahko u\u010dinkovito in vklju\u010dujo\u010de,&#8221; je dodal ravnatelj gimnazije, kjer doslej \u0161e niso imeli pozitivnega testa na novi koronavirus med u\u010ditelji. \u017delijo si, da tako ostane tudi naprej.<\/p>\n<p>Da so ponovnega za\u010detka pedago\u0161kega procesa v \u017eivo vsi veseli, je za STA povedala tudi ravnateljica srednje ekonomske \u0161ole na \u0160olskem centru Ptuj Darja Harb. Zaradi \u0161olanja po modelu C imajo danes na \u0161oli zaklju\u010dne letnike, ki so bili tam \u017ee nekaj \u010dasa, danes pa so se jim priklju\u010dili \u0161e dijaki dela ostalih, kar se razlikuje od programa do programa.<\/p>\n<p>&#8220;Tam, kjer je veliko prakti\u010dnega pouka, smo gledali na to, da se je v \u0161olo vrnilo \u010dim ve\u010d teh dijakov, ob tem pa smo gledali tudi na to, da smo k pouku v \u017eivo ta teden vrnili tudi \u010dim ve\u010d prvih letnikov, ki so bili najmanj v \u0161oli,&#8221; je dejala ravnateljica od nedavnega zdru\u017eenih ekonomske in biotehni\u0161ke \u0161ole. K omenjenemu \u0161olskemu centru sicer spadata \u0161e elektro in ra\u010dunalni\u0161ka \u0161ola ter strojna \u0161ola.<\/p>\n<p>Ostali dijaki so ta teden \u0161e doma in delajo na daljavo kot doslej, v prihodnjem pa se bodo zamenjali. Kot je \u0161e povedala Harbova, zaenkrat nimajo nobenih ve\u010djih te\u017eav pri upo\u0161tevanju ukrepov s strani dijakov, morda je treba v\u010dasih kak\u0161nega dijaka na to spomniti.<\/p>\n","protected":false},"excerpt":{"rendered":"<p>Nekateri so v izjavah za STA izrazili veselje ob vrnitvi in sre\u010danju s so\u0161olci, jih pa nekoliko skrbijo preverjanja znanja. Ponekod so teste, ki bi jih morali pisati danes, prestavili.<\/p>\n","protected":false},"author":8,"featured_media":373648,"comment_status":"closed","ping_status":"closed","sticky":false,"template":"","format":"standard","meta":{"footnotes":""},"categories":[18201],"tags":[5253,1595,9848],"source":[4511],"supertag":[5675],"acf":[],"yoast_head":"<!-- This site is optimized with the Yoast SEO plugin v21.3 - https:\/\/yoast.com\/wordpress\/plugins\/seo\/ -->\n<title>V srednjih \u0161olah je ponovno bolj \u017eivahno, po skoraj petih mesecih pouka na daljavo se je v \u0161ole vrnila \u0161e pribli\u017eno polovica dijakov od 1. do 3. letnika - Hudo Slovenija<\/title>\n<meta name=\"robots\" content=\"index, follow, max-snippet:-1, max-image-preview:large, max-video-preview:-1\" \/>\n<link rel=\"canonical\" href=\"https:\/\/hudo.com\/si\/aktualno\/slovenija\/v-srednjih-solah-je-ponovno-bolj-zivahno-po-skoraj-petih-mesecih-pouka-na-daljavo-se-je-v-sole-vrnila-se-priblizno-polovica-dijakov-od-1-do-3-letnika\/\" \/>\n<meta property=\"og:locale\" content=\"sl_SI\" \/>\n<meta property=\"og:type\" content=\"article\" \/>\n<meta property=\"og:title\" content=\"V srednjih \u0161olah je ponovno bolj \u017eivahno, po skoraj petih mesecih pouka na daljavo se je v \u0161ole vrnila \u0161e pribli\u017eno polovica dijakov od 1. do 3. letnika - Hudo Slovenija\" \/>\n<meta property=\"og:description\" content=\"Nekateri so v izjavah za STA izrazili veselje ob vrnitvi in sre\u010danju s so\u0161olci, jih pa nekoliko skrbijo preverjanja znanja. Ponekod so teste, ki bi jih morali pisati danes, prestavili.\" \/>\n<meta property=\"og:url\" content=\"https:\/\/hudo.com\/si\/aktualno\/slovenija\/v-srednjih-solah-je-ponovno-bolj-zivahno-po-skoraj-petih-mesecih-pouka-na-daljavo-se-je-v-sole-vrnila-se-priblizno-polovica-dijakov-od-1-do-3-letnika\/\" \/>\n<meta property=\"og:site_name\" content=\"Hudo Slovenija\" \/>\n<meta property=\"article:publisher\" content=\"https:\/\/www.facebook.com\/hudo.si\" \/>\n<meta property=\"article:published_time\" content=\"2021-03-08T09:22:26+00:00\" \/>\n<meta property=\"og:image\" content=\"https:\/\/hudo.com\/si\/wp-content\/uploads\/sites\/2\/2018\/07\/profimedia-0077866314.jpg\" \/>\n\t<meta property=\"og:image:width\" content=\"1250\" \/>\n\t<meta property=\"og:image:height\" content=\"833\" \/>\n\t<meta property=\"og:image:type\" content=\"image\/jpeg\" \/>\n<meta name=\"author\" content=\"M. N., STA\" \/>\n<meta name=\"twitter:card\" content=\"summary_large_image\" \/>\n<meta name=\"twitter:creator\" content=\"@hudo_si\" \/>\n<meta name=\"twitter:site\" content=\"@hudo_si\" \/>\n<meta name=\"twitter:label1\" content=\"Written by\" \/>\n\t<meta name=\"twitter:data1\" content=\"M. N., STA\" \/>\n\t<meta name=\"twitter:label2\" content=\"Est. reading time\" \/>\n\t<meta name=\"twitter:data2\" content=\"3 minute\" \/>\n<script type=\"application\/ld+json\" class=\"yoast-schema-graph\">{\"@context\":\"https:\/\/schema.org\",\"@graph\":[{\"@type\":\"Article\",\"@id\":\"https:\/\/hudo.com\/si\/aktualno\/slovenija\/v-srednjih-solah-je-ponovno-bolj-zivahno-po-skoraj-petih-mesecih-pouka-na-daljavo-se-je-v-sole-vrnila-se-priblizno-polovica-dijakov-od-1-do-3-letnika\/#article\",\"isPartOf\":{\"@id\":\"https:\/\/hudo.com\/si\/aktualno\/slovenija\/v-srednjih-solah-je-ponovno-bolj-zivahno-po-skoraj-petih-mesecih-pouka-na-daljavo-se-je-v-sole-vrnila-se-priblizno-polovica-dijakov-od-1-do-3-letnika\/\"},\"author\":{\"name\":\"M. N., STA\",\"@id\":\"https:\/\/hudo.com\/si\/#\/schema\/person\/c2f10ce65d2e6ede2aeda5be2a0611fa\"},\"headline\":\"V srednjih \u0161olah je ponovno bolj \u017eivahno, po skoraj petih mesecih pouka na daljavo se je v \u0161ole vrnila \u0161e pribli\u017eno polovica dijakov od 1. do 3. letnika\",\"datePublished\":\"2021-03-08T09:22:26+00:00\",\"dateModified\":\"2021-03-08T09:22:26+00:00\",\"mainEntityOfPage\":{\"@id\":\"https:\/\/hudo.com\/si\/aktualno\/slovenija\/v-srednjih-solah-je-ponovno-bolj-zivahno-po-skoraj-petih-mesecih-pouka-na-daljavo-se-je-v-sole-vrnila-se-priblizno-polovica-dijakov-od-1-do-3-letnika\/\"},\"wordCount\":654,\"publisher\":{\"@id\":\"https:\/\/hudo.com\/si\/#organization\"},\"keywords\":[\"dijaki\",\"Slovenija\",\"srednja \u0161ola\"],\"articleSection\":[\"Slovenija\"],\"inLanguage\":\"sl-SI\"},{\"@type\":\"WebPage\",\"@id\":\"https:\/\/hudo.com\/si\/aktualno\/slovenija\/v-srednjih-solah-je-ponovno-bolj-zivahno-po-skoraj-petih-mesecih-pouka-na-daljavo-se-je-v-sole-vrnila-se-priblizno-polovica-dijakov-od-1-do-3-letnika\/\",\"url\":\"https:\/\/hudo.com\/si\/aktualno\/slovenija\/v-srednjih-solah-je-ponovno-bolj-zivahno-po-skoraj-petih-mesecih-pouka-na-daljavo-se-je-v-sole-vrnila-se-priblizno-polovica-dijakov-od-1-do-3-letnika\/\",\"name\":\"V srednjih \u0161olah je ponovno bolj \u017eivahno, po skoraj petih mesecih pouka na daljavo se je v \u0161ole vrnila \u0161e pribli\u017eno polovica dijakov od 1. do 3. letnika - Hudo Slovenija\",\"isPartOf\":{\"@id\":\"https:\/\/hudo.com\/si\/#website\"},\"datePublished\":\"2021-03-08T09:22:26+00:00\",\"dateModified\":\"2021-03-08T09:22:26+00:00\",\"breadcrumb\":{\"@id\":\"https:\/\/hudo.com\/si\/aktualno\/slovenija\/v-srednjih-solah-je-ponovno-bolj-zivahno-po-skoraj-petih-mesecih-pouka-na-daljavo-se-je-v-sole-vrnila-se-priblizno-polovica-dijakov-od-1-do-3-letnika\/#breadcrumb\"},\"inLanguage\":\"sl-SI\",\"potentialAction\":[{\"@type\":\"ReadAction\",\"target\":[\"https:\/\/hudo.com\/si\/aktualno\/slovenija\/v-srednjih-solah-je-ponovno-bolj-zivahno-po-skoraj-petih-mesecih-pouka-na-daljavo-se-je-v-sole-vrnila-se-priblizno-polovica-dijakov-od-1-do-3-letnika\/\"]}]},{\"@type\":\"BreadcrumbList\",\"@id\":\"https:\/\/hudo.com\/si\/aktualno\/slovenija\/v-srednjih-solah-je-ponovno-bolj-zivahno-po-skoraj-petih-mesecih-pouka-na-daljavo-se-je-v-sole-vrnila-se-priblizno-polovica-dijakov-od-1-do-3-letnika\/#breadcrumb\",\"itemListElement\":[{\"@type\":\"ListItem\",\"position\":1,\"name\":\"Home\",\"item\":\"https:\/\/hudo.com\/si\/\"},{\"@type\":\"ListItem\",\"position\":2,\"name\":\"V srednjih \u0161olah je ponovno bolj \u017eivahno, po skoraj petih mesecih pouka na daljavo se je v \u0161ole vrnila \u0161e pribli\u017eno polovica dijakov od 1. do 3. letnika\"}]},{\"@type\":\"WebSite\",\"@id\":\"https:\/\/hudo.com\/si\/#website\",\"url\":\"https:\/\/hudo.com\/si\/\",\"name\":\"Hudo Slovenija\",\"description\":\"Vse novice iz Slovenije in sveta\",\"publisher\":{\"@id\":\"https:\/\/hudo.com\/si\/#organization\"},\"potentialAction\":[{\"@type\":\"SearchAction\",\"target\":{\"@type\":\"EntryPoint\",\"urlTemplate\":\"https:\/\/hudo.com\/si\/?s={search_term_string}\"},\"query-input\":\"required name=search_term_string\"}],\"inLanguage\":\"sl-SI\"},{\"@type\":\"Organization\",\"@id\":\"https:\/\/hudo.com\/si\/#organization\",\"name\":\"VSN Media\",\"url\":\"https:\/\/hudo.com\/si\/\",\"logo\":{\"@type\":\"ImageObject\",\"inLanguage\":\"sl-SI\",\"@id\":\"https:\/\/hudo.com\/si\/#\/schema\/logo\/image\/\",\"url\":\"https:\/\/hudo.com\/si\/wp-content\/uploads\/sites\/2\/2021\/03\/hudo-app-2.png\",\"contentUrl\":\"https:\/\/hudo.com\/si\/wp-content\/uploads\/sites\/2\/2021\/03\/hudo-app-2.png\",\"width\":2185,\"height\":2167,\"caption\":\"VSN Media\"},\"image\":{\"@id\":\"https:\/\/hudo.com\/si\/#\/schema\/logo\/image\/\"},\"sameAs\":[\"https:\/\/www.facebook.com\/hudo.si\",\"https:\/\/twitter.com\/hudo_si\"]},{\"@type\":\"Person\",\"@id\":\"https:\/\/hudo.com\/si\/#\/schema\/person\/c2f10ce65d2e6ede2aeda5be2a0611fa\",\"name\":\"M. N., STA\",\"image\":{\"@type\":\"ImageObject\",\"inLanguage\":\"sl-SI\",\"@id\":\"https:\/\/hudo.com\/si\/#\/schema\/person\/image\/\",\"url\":\"https:\/\/secure.gravatar.com\/avatar\/f370d38daa10467f755c5c766a4cac20?s=96&d=mm&r=g\",\"contentUrl\":\"https:\/\/secure.gravatar.com\/avatar\/f370d38daa10467f755c5c766a4cac20?s=96&d=mm&r=g\",\"caption\":\"M. N., STA\"},\"url\":\"https:\/\/hudo.com\/si\/author\/mana\/\"}]}<\/script>\n<!-- \/ Yoast SEO plugin. -->","yoast_head_json":{"title":"V srednjih \u0161olah je ponovno bolj \u017eivahno, po skoraj petih mesecih pouka na daljavo se je v \u0161ole vrnila \u0161e pribli\u017eno polovica dijakov od 1. do 3. letnika - Hudo Slovenija","robots":{"index":"index","follow":"follow","max-snippet":"max-snippet:-1","max-image-preview":"max-image-preview:large","max-video-preview":"max-video-preview:-1"},"canonical":"https:\/\/hudo.com\/si\/aktualno\/slovenija\/v-srednjih-solah-je-ponovno-bolj-zivahno-po-skoraj-petih-mesecih-pouka-na-daljavo-se-je-v-sole-vrnila-se-priblizno-polovica-dijakov-od-1-do-3-letnika\/","og_locale":"sl_SI","og_type":"article","og_title":"V srednjih \u0161olah je ponovno bolj \u017eivahno, po skoraj petih mesecih pouka na daljavo se je v \u0161ole vrnila \u0161e pribli\u017eno polovica dijakov od 1. do 3. letnika - Hudo Slovenija","og_description":"Nekateri so v izjavah za STA izrazili veselje ob vrnitvi in sre\u010danju s so\u0161olci, jih pa nekoliko skrbijo preverjanja znanja. Ponekod so teste, ki bi jih morali pisati danes, prestavili.","og_url":"https:\/\/hudo.com\/si\/aktualno\/slovenija\/v-srednjih-solah-je-ponovno-bolj-zivahno-po-skoraj-petih-mesecih-pouka-na-daljavo-se-je-v-sole-vrnila-se-priblizno-polovica-dijakov-od-1-do-3-letnika\/","og_site_name":"Hudo Slovenija","article_publisher":"https:\/\/www.facebook.com\/hudo.si","article_published_time":"2021-03-08T09:22:26+00:00","og_image":[{"width":1250,"height":833,"url":"https:\/\/hudo.com\/si\/wp-content\/uploads\/sites\/2\/2018\/07\/profimedia-0077866314.jpg","type":"image\/jpeg"}],"author":"M. N., STA","twitter_card":"summary_large_image","twitter_creator":"@hudo_si","twitter_site":"@hudo_si","twitter_misc":{"Written by":"M. N., STA","Est. reading time":"3 minute"},"schema":{"@context":"https:\/\/schema.org","@graph":[{"@type":"Article","@id":"https:\/\/hudo.com\/si\/aktualno\/slovenija\/v-srednjih-solah-je-ponovno-bolj-zivahno-po-skoraj-petih-mesecih-pouka-na-daljavo-se-je-v-sole-vrnila-se-priblizno-polovica-dijakov-od-1-do-3-letnika\/#article","isPartOf":{"@id":"https:\/\/hudo.com\/si\/aktualno\/slovenija\/v-srednjih-solah-je-ponovno-bolj-zivahno-po-skoraj-petih-mesecih-pouka-na-daljavo-se-je-v-sole-vrnila-se-priblizno-polovica-dijakov-od-1-do-3-letnika\/"},"author":{"name":"M. N., STA","@id":"https:\/\/hudo.com\/si\/#\/schema\/person\/c2f10ce65d2e6ede2aeda5be2a0611fa"},"headline":"V srednjih \u0161olah je ponovno bolj \u017eivahno, po skoraj petih mesecih pouka na daljavo se je v \u0161ole vrnila \u0161e pribli\u017eno polovica dijakov od 1. do 3. letnika","datePublished":"2021-03-08T09:22:26+00:00","dateModified":"2021-03-08T09:22:26+00:00","mainEntityOfPage":{"@id":"https:\/\/hudo.com\/si\/aktualno\/slovenija\/v-srednjih-solah-je-ponovno-bolj-zivahno-po-skoraj-petih-mesecih-pouka-na-daljavo-se-je-v-sole-vrnila-se-priblizno-polovica-dijakov-od-1-do-3-letnika\/"},"wordCount":654,"publisher":{"@id":"https:\/\/hudo.com\/si\/#organization"},"keywords":["dijaki","Slovenija","srednja \u0161ola"],"articleSection":["Slovenija"],"inLanguage":"sl-SI"},{"@type":"WebPage","@id":"https:\/\/hudo.com\/si\/aktualno\/slovenija\/v-srednjih-solah-je-ponovno-bolj-zivahno-po-skoraj-petih-mesecih-pouka-na-daljavo-se-je-v-sole-vrnila-se-priblizno-polovica-dijakov-od-1-do-3-letnika\/","url":"https:\/\/hudo.com\/si\/aktualno\/slovenija\/v-srednjih-solah-je-ponovno-bolj-zivahno-po-skoraj-petih-mesecih-pouka-na-daljavo-se-je-v-sole-vrnila-se-priblizno-polovica-dijakov-od-1-do-3-letnika\/","name":"V srednjih \u0161olah je ponovno bolj \u017eivahno, po skoraj petih mesecih pouka na daljavo se je v \u0161ole vrnila \u0161e pribli\u017eno polovica dijakov od 1. do 3. letnika - Hudo Slovenija","isPartOf":{"@id":"https:\/\/hudo.com\/si\/#website"},"datePublished":"2021-03-08T09:22:26+00:00","dateModified":"2021-03-08T09:22:26+00:00","breadcrumb":{"@id":"https:\/\/hudo.com\/si\/aktualno\/slovenija\/v-srednjih-solah-je-ponovno-bolj-zivahno-po-skoraj-petih-mesecih-pouka-na-daljavo-se-je-v-sole-vrnila-se-priblizno-polovica-dijakov-od-1-do-3-letnika\/#breadcrumb"},"inLanguage":"sl-SI","potentialAction":[{"@type":"ReadAction","target":["https:\/\/hudo.com\/si\/aktualno\/slovenija\/v-srednjih-solah-je-ponovno-bolj-zivahno-po-skoraj-petih-mesecih-pouka-na-daljavo-se-je-v-sole-vrnila-se-priblizno-polovica-dijakov-od-1-do-3-letnika\/"]}]},{"@type":"BreadcrumbList","@id":"https:\/\/hudo.com\/si\/aktualno\/slovenija\/v-srednjih-solah-je-ponovno-bolj-zivahno-po-skoraj-petih-mesecih-pouka-na-daljavo-se-je-v-sole-vrnila-se-priblizno-polovica-dijakov-od-1-do-3-letnika\/#breadcrumb","itemListElement":[{"@type":"ListItem","position":1,"name":"Home","item":"https:\/\/hudo.com\/si\/"},{"@type":"ListItem","position":2,"name":"V srednjih \u0161olah je ponovno bolj \u017eivahno, po skoraj petih mesecih pouka na daljavo se je v \u0161ole vrnila \u0161e pribli\u017eno polovica dijakov od 1. do 3. letnika"}]},{"@type":"WebSite","@id":"https:\/\/hudo.com\/si\/#website","url":"https:\/\/hudo.com\/si\/","name":"Hudo Slovenija","description":"Vse novice iz Slovenije in sveta","publisher":{"@id":"https:\/\/hudo.com\/si\/#organization"},"potentialAction":[{"@type":"SearchAction","target":{"@type":"EntryPoint","urlTemplate":"https:\/\/hudo.com\/si\/?s={search_term_string}"},"query-input":"required name=search_term_string"}],"inLanguage":"sl-SI"},{"@type":"Organization","@id":"https:\/\/hudo.com\/si\/#organization","name":"VSN Media","url":"https:\/\/hudo.com\/si\/","logo":{"@type":"ImageObject","inLanguage":"sl-SI","@id":"https:\/\/hudo.com\/si\/#\/schema\/logo\/image\/","url":"https:\/\/hudo.com\/si\/wp-content\/uploads\/sites\/2\/2021\/03\/hudo-app-2.png","contentUrl":"https:\/\/hudo.com\/si\/wp-content\/uploads\/sites\/2\/2021\/03\/hudo-app-2.png","width":2185,"height":2167,"caption":"VSN Media"},"image":{"@id":"https:\/\/hudo.com\/si\/#\/schema\/logo\/image\/"},"sameAs":["https:\/\/www.facebook.com\/hudo.si","https:\/\/twitter.com\/hudo_si"]},{"@type":"Person","@id":"https:\/\/hudo.com\/si\/#\/schema\/person\/c2f10ce65d2e6ede2aeda5be2a0611fa","name":"M. N., STA","image":{"@type":"ImageObject","inLanguage":"sl-SI","@id":"https:\/\/hudo.com\/si\/#\/schema\/person\/image\/","url":"https:\/\/secure.gravatar.com\/avatar\/f370d38daa10467f755c5c766a4cac20?s=96&d=mm&r=g","contentUrl":"https:\/\/secure.gravatar.com\/avatar\/f370d38daa10467f755c5c766a4cac20?s=96&d=mm&r=g","caption":"M. N., STA"},"url":"https:\/\/hudo.com\/si\/author\/mana\/"}]}},"amp_enabled":true,"_links":{"self":[{"href":"https:\/\/hudo.com\/si\/wp-json\/wp\/v2\/posts\/446869"}],"collection":[{"href":"https:\/\/hudo.com\/si\/wp-json\/wp\/v2\/posts"}],"about":[{"href":"https:\/\/hudo.com\/si\/wp-json\/wp\/v2\/types\/post"}],"author":[{"embeddable":true,"href":"https:\/\/hudo.com\/si\/wp-json\/wp\/v2\/users\/8"}],"replies":[{"embeddable":true,"href":"https:\/\/hudo.com\/si\/wp-json\/wp\/v2\/comments?post=446869"}],"version-history":[{"count":1,"href":"https:\/\/hudo.com\/si\/wp-json\/wp\/v2\/posts\/446869\/revisions"}],"predecessor-version":[{"id":446870,"href":"https:\/\/hudo.com\/si\/wp-json\/wp\/v2\/posts\/446869\/revisions\/446870"}],"wp:featuredmedia":[{"embeddable":true,"href":"https:\/\/hudo.com\/si\/wp-json\/wp\/v2\/media\/373648"}],"wp:attachment":[{"href":"https:\/\/hudo.com\/si\/wp-json\/wp\/v2\/media?parent=446869"}],"wp:term":[{"taxonomy":"category","embeddable":true,"href":"https:\/\/hudo.com\/si\/wp-json\/wp\/v2\/categories?post=446869"},{"taxonomy":"post_tag","embeddable":true,"href":"https:\/\/hudo.com\/si\/wp-json\/wp\/v2\/tags?post=446869"},{"taxonomy":"source","embeddable":true,"href":"https:\/\/hudo.com\/si\/wp-json\/wp\/v2\/source?post=446869"},{"taxonomy":"supertag","embeddable":true,"href":"https:\/\/hudo.com\/si\/wp-json\/wp\/v2\/supertag?post=446869"}],"curies":[{"name":"wp","href":"https:\/\/api.w.org\/{rel}","templated":true}]}}