{"id":447137,"date":"2021-03-11T10:15:13","date_gmt":"2021-03-11T09:15:13","guid":{"rendered":"https:\/\/hudo.com\/si\/2021\/03\/11\/v-kranjski-gori-bodo-praznovali-60-jubilej-pokala-vitranc-spletno-in-v-mehurcku\/"},"modified":"2021-03-11T10:15:13","modified_gmt":"2021-03-11T09:15:13","slug":"v-kranjski-gori-bodo-praznovali-60-jubilej-pokala-vitranc-spletno-in-v-mehurcku","status":"publish","type":"post","link":"https:\/\/hudo.com\/si\/sport\/v-kranjski-gori-bodo-praznovali-60-jubilej-pokala-vitranc-spletno-in-v-mehurcku\/","title":{"rendered":"V Kranjski Gori bodo praznovali 60. jubilej pokala Vitranc spletno in v mehur\u010dku"},"content":{"rendered":"<figure>\n\t\t\t\t\t<img loading=\"lazy\" decoding=\"async\" width=\"660\" height=\"320\" src=\"image\/gif;base64,R0lGODlhAQABAAAAACH5BAEKAAEALAAAAAABAAEAAAICTAEAOw==\" class=\"lazyload\" data-src=\"https:\/\/moski.hudo.com\/wp-content\/uploads\/2021\/03\/profimedia-0418775886-320x155.jpg\" data-srcset=\"https:\/\/moski.hudo.com\/wp-content\/uploads\/2021\/03\/profimedia-0418775886-660x320.jpg 660w,https:\/\/moski.hudo.com\/wp-content\/uploads\/2021\/03\/profimedia-0418775886-320x155.jpg 330w\" \/><figcaption>Profimedia<\/figcaption><\/figure>\n<p>Organizatorji so bili lanski 59. pokal Vitranc zaradi pandemije prisiljeni odpovedati zgolj dva dneva pred za\u010detkom tekmovanja, kljub temu, da je bilo vse pripravljeno in se je obetalo \u0161e eno vrhunsko tekmovanje.<\/p>\n<p>Tokrat so kranjskogorski organizatorji odlo\u010deni izpeljati obe tekmovalni preizku\u0161nji, sobotni veleslalom in nedeljski slalom, z upo\u0161tevanjem navodil in priporo\u010dil Nacionalnega in\u0161tituta za javno zdravje (NIJZ) ter prakse, ki jo je Mednarodna smu\u010darska zveza (Fis) uveljavila v svetovnem pokalu.<\/p>\n<p>\u017de januarja so test za leto\u0161nji Vitranc opravili z odliko. Organizatorji mariborske Zlate Lisice so se zaradi pomanjkanja snega ter negotovih vremenskih razmer z organizatorji Pokala Vitranc in s Fisom dogovorili za izvedbo Zlate lisice na vitran\u0161ki strmini. Tekmi sta bili vrhunsko izpeljani, za popoln konec tedna pa je poskrbela \u0161e doma\u010dinka Meta Hrovat s tretjim mestom na drugi veleslalomski tekmi.<\/p>\n<p>V organizacijskem odboru so se \u017ee decembra odlo\u010dili, da bodo mo\u0161ki tekmi izpeljali brez navzo\u010dnosti gledalcev in navija\u010dev v ciljni areni.<\/p>\n<p>Na obmo\u010dju poligona Podkoren so \u017ee v ponedeljek vzpostavili varno obmo\u010dje kot ukrep za prepre\u010ditev \u0161irjenja covida-19. Gre za popolno zaporo obmo\u010dja tekmovalnega prizori\u0161\u010da tako za doma\u010dine, prebivalce kranjskogorske ob\u010dine, kot za vse goste. Zapora bo v veljavi vse do konca nedeljskih tekmovanj.<\/p>\n<p>Zaprta je tudi kolesarska steza od vstopa iz glavne cesta pri Brusnini do kri\u017ei\u0161\u010da kolesarske steze in ceste iz Podkorena (mosti\u010dek pri domu S\u017d). Na to obmo\u010dje bo mo\u017een vstop samo z negativnim hitrim antigenskim ali PCR-testom za osebje organizacije in dobaviteljev opreme in storitev.<\/p>\n<p>Vsaka oseba\/prevoznik, ki bo vstopal v to obmo\u010dje, se bo moral na kontrolni to\u010dki izkazati z negativnim covidnim testom na vstopni to\u010dki.<\/p>\n<p>Prav tako bodo za obiskovalce Kranjske Gore od 11. do 14. marca popolnoma zaprti hoteli Kompas, Best Western, Ramada Hotel &amp; Suites in Skipass. Vstop v hotel bo mo\u017een samo z veljavno akreditacijo za tekmovanje, z vozilom na hotelsko parkiri\u0161\u010de pa samo z veljavno parkirno dovolilnico.<\/p>\n<p>Za sprehajalce bo to podro\u010dje popolnoma zaprto brez mo\u017enosti prehoda.<\/p>\n<p>Protokol za izvedbo tekmovanja, ki so ga pripravili ob upo\u0161tevanju odlokov vlade in navodil NIJZ, je zelo jasen. Osnovna zahteva za vse udele\u017eence tekmovanja, vklju\u010dno z mediji, je, da brez negativnega hitrega antigenskega (HAT) ali PCR-testa ne bodo mogli pridobiti akreditacije. Ta pa je pogoj za vstop v mehur\u010dek Podkoren in uradne hotele, kjer prebivajo udele\u017eenci.<\/p>\n<p>Druga zahteva, ki jo bodo morali izpolnjevati vsi udele\u017eenci tekmovanja, je redno testiranje s testi HAT oziroma PCR med 8. in 14. marcem. Dostop na poligon Podkoren bo tako mo\u017een zgolj z negativnim testom, ki ne bo starej\u0161i od 48 ur. V centru Kranjske Gore bo postavljen poseben testni center, namenjen samo udele\u017eencem tekmovanja.<\/p>\n<p>Tekmovanje v soboto in nedeljo bo potekalo brez prisotnosti gledalcev ali vabljenih gostov. Organizatorji zato vse ljubitelje smu\u010danja ter obiskovalce, ki se bodo v teh dneh nahajali v ob\u010dini Kranjska Gora, da si tekmovanje ogledajo na preko televizijskih ekranov in ne zahajajo na obmo\u010dje prireditve.<\/p>\n<p>Za pe\u0161ce bo sicer vzpostavljen poseben koridor, vzporeden z regionalno cesto Kranjska Gora &#8211; Podkoren, vendar pa ne bo namenjen spremljanju tekme. Konec tedna bo naloge policije na obmo\u010dju Kranjske Gore opravljalo ve\u010dje \u0161tevilo policijskih patrulj. Parkiranje za izletnike je mo\u017eno na parkiri\u0161\u010dih v Kranjski Gori in Rate\u010dah.<\/p>\n<p>Hkrati organizatorji obve\u0161\u010dajo vse gledalce, ki so kupili in imajo vstopnice za ogled odpadlega 59. Pokala Vitranc 2020, da lahko zahtevajo povra\u010dilo kupnine na prodajnem mestu, kjer so vstopnico kupili.<\/p>\n<p>Ob tem lahko vsi ljubitelji smu\u010danja denar, ki so ga nameravali porabiti za nakup vstopnice za leto\u0161njo prireditev, donirajo in namenijo projektu Botrstvo v \u0161portu. Namen akcije je zagotavljanje pomo\u010di mladim \u0161portnikom iz socialno ogro\u017eenih okolij.<\/p>\n<p>Gre za podporo dobrodelni akciji pod imenom #VITRANCcares, s katero so kranjskogorski organizatorji zdru\u017eili mo\u010di z Zvezo prijateljev mladine Ljubljana Moste-Polje.<\/p>\n","protected":false},"excerpt":{"rendered":"<p>V Kranjski Gori je vse pripravljeno na za\u010detek tradicionalnega mednarodnega tekmovanja v alpskem smu\u010danju. Pokal Vitranc letos obele\u017euje 60. obletnico, ki pa bo zaradi novega koronavirusa brez navija\u0161kega pridiha. Za sobotno in nedeljsko tekmo svetovnega pokala bodo veljala posebna pravila z zelo omejenim dostopom.<\/p>\n","protected":false},"author":1,"featured_media":447138,"comment_status":"closed","ping_status":"closed","sticky":false,"template":"","format":"standard","meta":{"footnotes":""},"categories":[18176],"tags":[4849,10647],"source":[1518,1556],"supertag":[],"acf":[],"yoast_head":"<!-- This site is optimized with the Yoast SEO plugin v21.3 - https:\/\/yoast.com\/wordpress\/plugins\/seo\/ -->\n<title>V Kranjski Gori bodo praznovali 60. jubilej pokala Vitranc spletno in v mehur\u010dku - Hudo Slovenija<\/title>\n<meta name=\"robots\" content=\"index, follow, max-snippet:-1, max-image-preview:large, max-video-preview:-1\" \/>\n<link rel=\"canonical\" href=\"https:\/\/hudo.com\/si\/sport\/v-kranjski-gori-bodo-praznovali-60-jubilej-pokala-vitranc-spletno-in-v-mehurcku\/\" \/>\n<meta property=\"og:locale\" content=\"sl_SI\" \/>\n<meta property=\"og:type\" content=\"article\" \/>\n<meta property=\"og:title\" content=\"V Kranjski Gori bodo praznovali 60. jubilej pokala Vitranc spletno in v mehur\u010dku - Hudo Slovenija\" \/>\n<meta property=\"og:description\" content=\"V Kranjski Gori je vse pripravljeno na za\u010detek tradicionalnega mednarodnega tekmovanja v alpskem smu\u010danju. Pokal Vitranc letos obele\u017euje 60. obletnico, ki pa bo zaradi novega koronavirusa brez navija\u0161kega pridiha. Za sobotno in nedeljsko tekmo svetovnega pokala bodo veljala posebna pravila z zelo omejenim dostopom.\" \/>\n<meta property=\"og:url\" content=\"https:\/\/hudo.com\/si\/sport\/v-kranjski-gori-bodo-praznovali-60-jubilej-pokala-vitranc-spletno-in-v-mehurcku\/\" \/>\n<meta property=\"og:site_name\" content=\"Hudo Slovenija\" \/>\n<meta property=\"article:publisher\" content=\"https:\/\/www.facebook.com\/hudo.si\" \/>\n<meta property=\"article:published_time\" content=\"2021-03-11T09:15:13+00:00\" \/>\n<meta property=\"og:image\" content=\"https:\/\/hudo.com\/si\/wp-content\/uploads\/sites\/2\/2021\/03\/profimedia-0418775886.jpg\" \/>\n\t<meta property=\"og:image:width\" content=\"1250\" \/>\n\t<meta property=\"og:image:height\" content=\"834\" \/>\n\t<meta property=\"og:image:type\" content=\"image\/jpeg\" \/>\n<meta name=\"author\" content=\"hudo\" \/>\n<meta name=\"twitter:card\" content=\"summary_large_image\" \/>\n<meta name=\"twitter:creator\" content=\"@hudo_si\" \/>\n<meta name=\"twitter:site\" content=\"@hudo_si\" \/>\n<meta name=\"twitter:label1\" content=\"Written by\" \/>\n\t<meta name=\"twitter:data1\" content=\"hudo\" \/>\n\t<meta name=\"twitter:label2\" content=\"Est. reading time\" \/>\n\t<meta name=\"twitter:data2\" content=\"3 minute\" \/>\n<script type=\"application\/ld+json\" class=\"yoast-schema-graph\">{\"@context\":\"https:\/\/schema.org\",\"@graph\":[{\"@type\":\"Article\",\"@id\":\"https:\/\/hudo.com\/si\/sport\/v-kranjski-gori-bodo-praznovali-60-jubilej-pokala-vitranc-spletno-in-v-mehurcku\/#article\",\"isPartOf\":{\"@id\":\"https:\/\/hudo.com\/si\/sport\/v-kranjski-gori-bodo-praznovali-60-jubilej-pokala-vitranc-spletno-in-v-mehurcku\/\"},\"author\":{\"name\":\"hudo\",\"@id\":\"https:\/\/hudo.com\/si\/#\/schema\/person\/601cf3379633985b20f7e50f2bb47707\"},\"headline\":\"V Kranjski Gori bodo praznovali 60. jubilej pokala Vitranc spletno in v mehur\u010dku\",\"datePublished\":\"2021-03-11T09:15:13+00:00\",\"dateModified\":\"2021-03-11T09:15:13+00:00\",\"mainEntityOfPage\":{\"@id\":\"https:\/\/hudo.com\/si\/sport\/v-kranjski-gori-bodo-praznovali-60-jubilej-pokala-vitranc-spletno-in-v-mehurcku\/\"},\"wordCount\":673,\"publisher\":{\"@id\":\"https:\/\/hudo.com\/si\/#organization\"},\"keywords\":[\"alpsko smu\u010danje\",\"pokal vitranc\"],\"articleSection\":[\"\u0160port\"],\"inLanguage\":\"sl-SI\"},{\"@type\":\"WebPage\",\"@id\":\"https:\/\/hudo.com\/si\/sport\/v-kranjski-gori-bodo-praznovali-60-jubilej-pokala-vitranc-spletno-in-v-mehurcku\/\",\"url\":\"https:\/\/hudo.com\/si\/sport\/v-kranjski-gori-bodo-praznovali-60-jubilej-pokala-vitranc-spletno-in-v-mehurcku\/\",\"name\":\"V Kranjski Gori bodo praznovali 60. jubilej pokala Vitranc spletno in v mehur\u010dku - Hudo Slovenija\",\"isPartOf\":{\"@id\":\"https:\/\/hudo.com\/si\/#website\"},\"datePublished\":\"2021-03-11T09:15:13+00:00\",\"dateModified\":\"2021-03-11T09:15:13+00:00\",\"breadcrumb\":{\"@id\":\"https:\/\/hudo.com\/si\/sport\/v-kranjski-gori-bodo-praznovali-60-jubilej-pokala-vitranc-spletno-in-v-mehurcku\/#breadcrumb\"},\"inLanguage\":\"sl-SI\",\"potentialAction\":[{\"@type\":\"ReadAction\",\"target\":[\"https:\/\/hudo.com\/si\/sport\/v-kranjski-gori-bodo-praznovali-60-jubilej-pokala-vitranc-spletno-in-v-mehurcku\/\"]}]},{\"@type\":\"BreadcrumbList\",\"@id\":\"https:\/\/hudo.com\/si\/sport\/v-kranjski-gori-bodo-praznovali-60-jubilej-pokala-vitranc-spletno-in-v-mehurcku\/#breadcrumb\",\"itemListElement\":[{\"@type\":\"ListItem\",\"position\":1,\"name\":\"Home\",\"item\":\"https:\/\/hudo.com\/si\/\"},{\"@type\":\"ListItem\",\"position\":2,\"name\":\"V Kranjski Gori bodo praznovali 60. jubilej pokala Vitranc spletno in v mehur\u010dku\"}]},{\"@type\":\"WebSite\",\"@id\":\"https:\/\/hudo.com\/si\/#website\",\"url\":\"https:\/\/hudo.com\/si\/\",\"name\":\"Hudo Slovenija\",\"description\":\"Vse novice iz Slovenije in sveta\",\"publisher\":{\"@id\":\"https:\/\/hudo.com\/si\/#organization\"},\"potentialAction\":[{\"@type\":\"SearchAction\",\"target\":{\"@type\":\"EntryPoint\",\"urlTemplate\":\"https:\/\/hudo.com\/si\/?s={search_term_string}\"},\"query-input\":\"required name=search_term_string\"}],\"inLanguage\":\"sl-SI\"},{\"@type\":\"Organization\",\"@id\":\"https:\/\/hudo.com\/si\/#organization\",\"name\":\"VSN Media\",\"url\":\"https:\/\/hudo.com\/si\/\",\"logo\":{\"@type\":\"ImageObject\",\"inLanguage\":\"sl-SI\",\"@id\":\"https:\/\/hudo.com\/si\/#\/schema\/logo\/image\/\",\"url\":\"https:\/\/hudo.com\/si\/wp-content\/uploads\/sites\/2\/2021\/03\/hudo-app-2.png\",\"contentUrl\":\"https:\/\/hudo.com\/si\/wp-content\/uploads\/sites\/2\/2021\/03\/hudo-app-2.png\",\"width\":2185,\"height\":2167,\"caption\":\"VSN Media\"},\"image\":{\"@id\":\"https:\/\/hudo.com\/si\/#\/schema\/logo\/image\/\"},\"sameAs\":[\"https:\/\/www.facebook.com\/hudo.si\",\"https:\/\/twitter.com\/hudo_si\"]},{\"@type\":\"Person\",\"@id\":\"https:\/\/hudo.com\/si\/#\/schema\/person\/601cf3379633985b20f7e50f2bb47707\",\"name\":\"hudo\",\"image\":{\"@type\":\"ImageObject\",\"inLanguage\":\"sl-SI\",\"@id\":\"https:\/\/hudo.com\/si\/#\/schema\/person\/image\/\",\"url\":\"https:\/\/secure.gravatar.com\/avatar\/c4ca25fa72cace7a696b52ff5db9e095?s=96&d=mm&r=g\",\"contentUrl\":\"https:\/\/secure.gravatar.com\/avatar\/c4ca25fa72cace7a696b52ff5db9e095?s=96&d=mm&r=g\",\"caption\":\"hudo\"},\"url\":\"https:\/\/hudo.com\/si\/author\/hudo\/\"}]}<\/script>\n<!-- \/ Yoast SEO plugin. -->","yoast_head_json":{"title":"V Kranjski Gori bodo praznovali 60. jubilej pokala Vitranc spletno in v mehur\u010dku - Hudo Slovenija","robots":{"index":"index","follow":"follow","max-snippet":"max-snippet:-1","max-image-preview":"max-image-preview:large","max-video-preview":"max-video-preview:-1"},"canonical":"https:\/\/hudo.com\/si\/sport\/v-kranjski-gori-bodo-praznovali-60-jubilej-pokala-vitranc-spletno-in-v-mehurcku\/","og_locale":"sl_SI","og_type":"article","og_title":"V Kranjski Gori bodo praznovali 60. jubilej pokala Vitranc spletno in v mehur\u010dku - Hudo Slovenija","og_description":"V Kranjski Gori je vse pripravljeno na za\u010detek tradicionalnega mednarodnega tekmovanja v alpskem smu\u010danju. Pokal Vitranc letos obele\u017euje 60. obletnico, ki pa bo zaradi novega koronavirusa brez navija\u0161kega pridiha. Za sobotno in nedeljsko tekmo svetovnega pokala bodo veljala posebna pravila z zelo omejenim dostopom.","og_url":"https:\/\/hudo.com\/si\/sport\/v-kranjski-gori-bodo-praznovali-60-jubilej-pokala-vitranc-spletno-in-v-mehurcku\/","og_site_name":"Hudo Slovenija","article_publisher":"https:\/\/www.facebook.com\/hudo.si","article_published_time":"2021-03-11T09:15:13+00:00","og_image":[{"width":1250,"height":834,"url":"https:\/\/hudo.com\/si\/wp-content\/uploads\/sites\/2\/2021\/03\/profimedia-0418775886.jpg","type":"image\/jpeg"}],"author":"hudo","twitter_card":"summary_large_image","twitter_creator":"@hudo_si","twitter_site":"@hudo_si","twitter_misc":{"Written by":"hudo","Est. reading time":"3 minute"},"schema":{"@context":"https:\/\/schema.org","@graph":[{"@type":"Article","@id":"https:\/\/hudo.com\/si\/sport\/v-kranjski-gori-bodo-praznovali-60-jubilej-pokala-vitranc-spletno-in-v-mehurcku\/#article","isPartOf":{"@id":"https:\/\/hudo.com\/si\/sport\/v-kranjski-gori-bodo-praznovali-60-jubilej-pokala-vitranc-spletno-in-v-mehurcku\/"},"author":{"name":"hudo","@id":"https:\/\/hudo.com\/si\/#\/schema\/person\/601cf3379633985b20f7e50f2bb47707"},"headline":"V Kranjski Gori bodo praznovali 60. jubilej pokala Vitranc spletno in v mehur\u010dku","datePublished":"2021-03-11T09:15:13+00:00","dateModified":"2021-03-11T09:15:13+00:00","mainEntityOfPage":{"@id":"https:\/\/hudo.com\/si\/sport\/v-kranjski-gori-bodo-praznovali-60-jubilej-pokala-vitranc-spletno-in-v-mehurcku\/"},"wordCount":673,"publisher":{"@id":"https:\/\/hudo.com\/si\/#organization"},"keywords":["alpsko smu\u010danje","pokal vitranc"],"articleSection":["\u0160port"],"inLanguage":"sl-SI"},{"@type":"WebPage","@id":"https:\/\/hudo.com\/si\/sport\/v-kranjski-gori-bodo-praznovali-60-jubilej-pokala-vitranc-spletno-in-v-mehurcku\/","url":"https:\/\/hudo.com\/si\/sport\/v-kranjski-gori-bodo-praznovali-60-jubilej-pokala-vitranc-spletno-in-v-mehurcku\/","name":"V Kranjski Gori bodo praznovali 60. jubilej pokala Vitranc spletno in v mehur\u010dku - Hudo Slovenija","isPartOf":{"@id":"https:\/\/hudo.com\/si\/#website"},"datePublished":"2021-03-11T09:15:13+00:00","dateModified":"2021-03-11T09:15:13+00:00","breadcrumb":{"@id":"https:\/\/hudo.com\/si\/sport\/v-kranjski-gori-bodo-praznovali-60-jubilej-pokala-vitranc-spletno-in-v-mehurcku\/#breadcrumb"},"inLanguage":"sl-SI","potentialAction":[{"@type":"ReadAction","target":["https:\/\/hudo.com\/si\/sport\/v-kranjski-gori-bodo-praznovali-60-jubilej-pokala-vitranc-spletno-in-v-mehurcku\/"]}]},{"@type":"BreadcrumbList","@id":"https:\/\/hudo.com\/si\/sport\/v-kranjski-gori-bodo-praznovali-60-jubilej-pokala-vitranc-spletno-in-v-mehurcku\/#breadcrumb","itemListElement":[{"@type":"ListItem","position":1,"name":"Home","item":"https:\/\/hudo.com\/si\/"},{"@type":"ListItem","position":2,"name":"V Kranjski Gori bodo praznovali 60. jubilej pokala Vitranc spletno in v mehur\u010dku"}]},{"@type":"WebSite","@id":"https:\/\/hudo.com\/si\/#website","url":"https:\/\/hudo.com\/si\/","name":"Hudo Slovenija","description":"Vse novice iz Slovenije in sveta","publisher":{"@id":"https:\/\/hudo.com\/si\/#organization"},"potentialAction":[{"@type":"SearchAction","target":{"@type":"EntryPoint","urlTemplate":"https:\/\/hudo.com\/si\/?s={search_term_string}"},"query-input":"required name=search_term_string"}],"inLanguage":"sl-SI"},{"@type":"Organization","@id":"https:\/\/hudo.com\/si\/#organization","name":"VSN Media","url":"https:\/\/hudo.com\/si\/","logo":{"@type":"ImageObject","inLanguage":"sl-SI","@id":"https:\/\/hudo.com\/si\/#\/schema\/logo\/image\/","url":"https:\/\/hudo.com\/si\/wp-content\/uploads\/sites\/2\/2021\/03\/hudo-app-2.png","contentUrl":"https:\/\/hudo.com\/si\/wp-content\/uploads\/sites\/2\/2021\/03\/hudo-app-2.png","width":2185,"height":2167,"caption":"VSN Media"},"image":{"@id":"https:\/\/hudo.com\/si\/#\/schema\/logo\/image\/"},"sameAs":["https:\/\/www.facebook.com\/hudo.si","https:\/\/twitter.com\/hudo_si"]},{"@type":"Person","@id":"https:\/\/hudo.com\/si\/#\/schema\/person\/601cf3379633985b20f7e50f2bb47707","name":"hudo","image":{"@type":"ImageObject","inLanguage":"sl-SI","@id":"https:\/\/hudo.com\/si\/#\/schema\/person\/image\/","url":"https:\/\/secure.gravatar.com\/avatar\/c4ca25fa72cace7a696b52ff5db9e095?s=96&d=mm&r=g","contentUrl":"https:\/\/secure.gravatar.com\/avatar\/c4ca25fa72cace7a696b52ff5db9e095?s=96&d=mm&r=g","caption":"hudo"},"url":"https:\/\/hudo.com\/si\/author\/hudo\/"}]}},"amp_enabled":true,"_links":{"self":[{"href":"https:\/\/hudo.com\/si\/wp-json\/wp\/v2\/posts\/447137"}],"collection":[{"href":"https:\/\/hudo.com\/si\/wp-json\/wp\/v2\/posts"}],"about":[{"href":"https:\/\/hudo.com\/si\/wp-json\/wp\/v2\/types\/post"}],"author":[{"embeddable":true,"href":"https:\/\/hudo.com\/si\/wp-json\/wp\/v2\/users\/1"}],"replies":[{"embeddable":true,"href":"https:\/\/hudo.com\/si\/wp-json\/wp\/v2\/comments?post=447137"}],"version-history":[{"count":0,"href":"https:\/\/hudo.com\/si\/wp-json\/wp\/v2\/posts\/447137\/revisions"}],"wp:featuredmedia":[{"embeddable":true,"href":"https:\/\/hudo.com\/si\/wp-json\/wp\/v2\/media\/447138"}],"wp:attachment":[{"href":"https:\/\/hudo.com\/si\/wp-json\/wp\/v2\/media?parent=447137"}],"wp:term":[{"taxonomy":"category","embeddable":true,"href":"https:\/\/hudo.com\/si\/wp-json\/wp\/v2\/categories?post=447137"},{"taxonomy":"post_tag","embeddable":true,"href":"https:\/\/hudo.com\/si\/wp-json\/wp\/v2\/tags?post=447137"},{"taxonomy":"source","embeddable":true,"href":"https:\/\/hudo.com\/si\/wp-json\/wp\/v2\/source?post=447137"},{"taxonomy":"supertag","embeddable":true,"href":"https:\/\/hudo.com\/si\/wp-json\/wp\/v2\/supertag?post=447137"}],"curies":[{"name":"wp","href":"https:\/\/api.w.org\/{rel}","templated":true}]}}