{"id":447160,"date":"2021-03-11T14:45:45","date_gmt":"2021-03-11T13:45:45","guid":{"rendered":"https:\/\/hudo.com\/si\/?p=447160"},"modified":"2021-03-11T14:45:45","modified_gmt":"2021-03-11T13:45:45","slug":"milan-krek-sproscanja-ukrepov-se-nekaj-casa-ni-za-pricakovati","status":"publish","type":"post","link":"https:\/\/hudo.com\/si\/aktualno\/slovenija\/milan-krek-sproscanja-ukrepov-se-nekaj-casa-ni-za-pricakovati\/","title":{"rendered":"Milan Krek: Spro\u0161\u010danja ukrepov \u0161e nekaj \u010dasa ni za pri\u010dakovati"},"content":{"rendered":"<p>Kot je pojasnil Krek, na svetovnem nivoju \u0161tevilo oku\u017eb raste, podobno se dogaja tudi v Evropi, in sicer predvsem zaradi novih razli\u010dic koronavirusa, tako da po\u010dasi drsimo v nov epidemi\u010dni val. Pri tem po njegovih besedah vsi upamo, da ga zaradi cepljenja ne bo, toda \u0161tevilke napovedujejo druga\u010de. Tudi v Sloveniji, kjer je aktivno oku\u017eenih pribli\u017eno pet ljudi na tiso\u010d prebivalcev, se trend kljub nekoliko bolj\u0161im rezultatom v zadnjih dneh \u0161e ni obrnil, je pojasnil.<\/p>\n<p>V teh dneh po njegovih navedbah opa\u017eajo stagniranje \u0161tevila oku\u017eb, ki rahlo drsi navzdol. Kot je spomnil, je bilo podobno \u017ee novembra, ko pa je po stagnaciji ob koncu preteklega leta \u0161tevilo oku\u017eb znova za\u010delo nara\u0161\u010dati. &#8220;Bojimo se, da bo zdaj podobno, zato je pomembno, da vztrajamo pri ukrepih, da smo \u0161e bolj pozorni na ukrepe in zmanj\u0161ujemo prenos virusa, kajti virus se prenese samo, \u010de mu damo mo\u017enost,&#8221; je poudaril direktor Nacionalnega in\u0161tituta za javno zdravje (NIJZ).<\/p>\n<p>Poudaril je, da je treba \u0161e vedno nujno upo\u0161tevati vse previdnostne ukrepe, in to \u0161e veliko bolj zaradi prisotnosti treh novih razli\u010dic koronavirusa, ki so hitreje prenosljive. Ob tem je opozoril na velik dele\u017e oku\u017eb z novimi, hitreje prenosljivimi razli\u010dicami koronavirusa na \u010ce\u0161kem in Slova\u0161kem, pa tudi v na\u0161i bli\u017eini, v italijanski Furlaniji-Julijski krajini, kjer so sprejeli stroge ukrepe in tudi zaprli \u0161ole.<\/p>\n<p>Po Krekovih navedbah pri nas \u0161e vedno vztrajamo pri odprtju \u0161ol, se pa \u0161tevilo oku\u017eenih v \u0161olah po\u010dasi pove\u010duje. &#8220;Bomo videli, kak\u0161en bo razvoj naprej. \u010ce se bodo stvari poslab\u0161ale, bo treba morda sprejeti kak\u0161ne dodatne ukrepe,&#8221; je dejal. \u010ce je na\u0161 cilj, da otroci kon\u010dajo \u0161olsko leto v razredih, moramo po njegovih besedah previdno spro\u0161\u010dati dejavnosti in se dosledno dr\u017eati navodil v \u0161olah, prav tako je treba pazljivo ravnati pri dru\u017eenju zunaj \u0161olskega \u010dasa, tudi pri ob\u0161olskih dejavnostih se morajo dr\u017eati priporo\u010dil NIJZ.<\/p>\n<p>Na vpra\u0161anje, ali morajo maske nositi u\u010denci tudi pri \u0161portni vzgoji znotraj in zunaj, je odgovoril, da je zelo jasno, da morajo otroci nad 11 letom starosti nositi maske kjerkoli v \u0161olskem procesu.<\/p>\n<p>Med drugim je Krek izpostavil tudi pomembno vlogo cepljenja vseh pedago\u0161kih delavcev. Vse tiste, ki se zanj \u0161e niso odlo\u010dili, je pozval, da to storijo v dobro otrok, sebe in svoje dru\u017eine.<\/p>\n<p>Tudi omejitev gibanja pono\u010di je po njegovem mnenju smiselna v kontekstu tega, da &#8220;ne \u017eelimo preve\u010d spro\u0161\u010dati, ker \u010de bomo preve\u010d spro\u0161\u010dali, bomo morali tudi \u0161ole zapirati&#8221;. Ta omejitev je po njegovih navedbah eden od ukrepov, ki manj prizadene prebivalstvo, gospodarstvo, otroke, hkrati ima pa nekaj pozitivnih rezultatov.<\/p>\n<p>Glede razhajanj med podatki o dobavljenih in porabljenih odmerkih cepiva proti covidu-19 je Krek pojasnil, da zaradi administrativnega dela na cepilnih mestih traja, da zabele\u017eijo podatke o cepljenju. Ta teden bodo po njegovih napovedih posku\u0161ali posodobiti spletno stran, da bodo podatki bolj a\u017eurni.<\/p>\n<p>\u010ce bo cepivo, ki ga je razvilo ameri\u0161ko podjetje Johnson &amp; Johnson, danes prejelo zeleno lu\u010d Evropske agencije za zdravila, po Krekovih besedah ra\u010dunajo, da ga bodo dobili v prvih tednih aprila, pri\u010dakujejo pa 200.000 odmerkov tega cepiva.<\/p>\n<p>Glede mo\u017enosti, da bi tisti, ki so covid-19 \u017ee preboleli, prejeli samo en odmerek cepiva, \u010detudi sta sicer potrebna dva, je Krek pojasnil, da je narejenih nekaj \u0161tudij, po katerih bi lahko prebolevniki po \u0161estih mesecih prejeli samo \u0161e dodatno dozo. O tem predlogu se po Krekovih besedah \u0161e niso dokon\u010dno odlo\u010dili, ga pa ocenjuje kot dobrega, ker lahko ob pomanjkanju cepiva to zelo pomaga pri pove\u010danju precepljenosti v populaciji.<\/p>\n","protected":false},"excerpt":{"rendered":"<p>Direktor Nacionalnega in\u0161tituta za javno zdravje Milan Krek je na novinarski konferenci opozoril na nara\u0161\u010danje \u0161tevila oku\u017eb z novim koronavirusom v svetu in v Evropi, ki napoveduje tretji epidemi\u010dni val. Tudi v Sloveniji smo po njegovih besedah \u0161e &#8220;globoko v epidemiji&#8221;. &#8220;Samo z doslednim upo\u0161tevanjem ukrepov bomo zmanj\u0161ali \u0161tevilo oku\u017eenih,&#8221; meni.<\/p>\n","protected":false},"author":7,"featured_media":442423,"comment_status":"closed","ping_status":"closed","sticky":false,"template":"","format":"standard","meta":{"footnotes":""},"categories":[18201],"tags":[16110],"source":[4511],"supertag":[],"acf":[],"yoast_head":"<!-- This site is optimized with the Yoast SEO plugin v21.3 - https:\/\/yoast.com\/wordpress\/plugins\/seo\/ -->\n<title>Milan Krek: Spro\u0161\u010danja ukrepov \u0161e nekaj \u010dasa ni za pri\u010dakovati - Hudo Slovenija<\/title>\n<meta name=\"robots\" content=\"index, follow, max-snippet:-1, max-image-preview:large, max-video-preview:-1\" \/>\n<link rel=\"canonical\" href=\"https:\/\/hudo.com\/si\/aktualno\/slovenija\/milan-krek-sproscanja-ukrepov-se-nekaj-casa-ni-za-pricakovati\/\" \/>\n<meta property=\"og:locale\" content=\"sl_SI\" \/>\n<meta property=\"og:type\" content=\"article\" \/>\n<meta property=\"og:title\" content=\"Milan Krek: Spro\u0161\u010danja ukrepov \u0161e nekaj \u010dasa ni za pri\u010dakovati - Hudo Slovenija\" \/>\n<meta property=\"og:description\" content=\"Direktor Nacionalnega in\u0161tituta za javno zdravje Milan Krek je na novinarski konferenci opozoril na nara\u0161\u010danje \u0161tevila oku\u017eb z novim koronavirusom v svetu in v Evropi, ki napoveduje tretji epidemi\u010dni val. Tudi v Sloveniji smo po njegovih besedah \u0161e &quot;globoko v epidemiji&quot;. &quot;Samo z doslednim upo\u0161tevanjem ukrepov bomo zmanj\u0161ali \u0161tevilo oku\u017eenih,&quot; meni.\" \/>\n<meta property=\"og:url\" content=\"https:\/\/hudo.com\/si\/aktualno\/slovenija\/milan-krek-sproscanja-ukrepov-se-nekaj-casa-ni-za-pricakovati\/\" \/>\n<meta property=\"og:site_name\" content=\"Hudo Slovenija\" \/>\n<meta property=\"article:publisher\" content=\"https:\/\/www.facebook.com\/hudo.si\" \/>\n<meta property=\"article:published_time\" content=\"2021-03-11T13:45:45+00:00\" \/>\n<meta property=\"og:image\" content=\"https:\/\/hudo.com\/si\/wp-content\/uploads\/sites\/2\/2021\/01\/Screenshot-from-2021-01-12-17-44-43.png\" \/>\n\t<meta property=\"og:image:width\" content=\"633\" \/>\n\t<meta property=\"og:image:height\" content=\"422\" \/>\n\t<meta property=\"og:image:type\" content=\"image\/png\" \/>\n<meta name=\"author\" content=\"A. P., STA\" \/>\n<meta name=\"twitter:card\" content=\"summary_large_image\" \/>\n<meta name=\"twitter:creator\" content=\"@hudo_si\" \/>\n<meta name=\"twitter:site\" content=\"@hudo_si\" \/>\n<meta name=\"twitter:label1\" content=\"Written by\" \/>\n\t<meta name=\"twitter:data1\" content=\"A. P., STA\" \/>\n\t<meta name=\"twitter:label2\" content=\"Est. reading time\" \/>\n\t<meta name=\"twitter:data2\" content=\"3 minute\" \/>\n<script type=\"application\/ld+json\" class=\"yoast-schema-graph\">{\"@context\":\"https:\/\/schema.org\",\"@graph\":[{\"@type\":\"Article\",\"@id\":\"https:\/\/hudo.com\/si\/aktualno\/slovenija\/milan-krek-sproscanja-ukrepov-se-nekaj-casa-ni-za-pricakovati\/#article\",\"isPartOf\":{\"@id\":\"https:\/\/hudo.com\/si\/aktualno\/slovenija\/milan-krek-sproscanja-ukrepov-se-nekaj-casa-ni-za-pricakovati\/\"},\"author\":{\"name\":\"A. P., STA\",\"@id\":\"https:\/\/hudo.com\/si\/#\/schema\/person\/18f09c02475ba9e606e941a565b80cff\"},\"headline\":\"Milan Krek: Spro\u0161\u010danja ukrepov \u0161e nekaj \u010dasa ni za pri\u010dakovati\",\"datePublished\":\"2021-03-11T13:45:45+00:00\",\"dateModified\":\"2021-03-11T13:45:45+00:00\",\"mainEntityOfPage\":{\"@id\":\"https:\/\/hudo.com\/si\/aktualno\/slovenija\/milan-krek-sproscanja-ukrepov-se-nekaj-casa-ni-za-pricakovati\/\"},\"wordCount\":629,\"publisher\":{\"@id\":\"https:\/\/hudo.com\/si\/#organization\"},\"keywords\":[\"Milan Krek\"],\"articleSection\":[\"Slovenija\"],\"inLanguage\":\"sl-SI\"},{\"@type\":\"WebPage\",\"@id\":\"https:\/\/hudo.com\/si\/aktualno\/slovenija\/milan-krek-sproscanja-ukrepov-se-nekaj-casa-ni-za-pricakovati\/\",\"url\":\"https:\/\/hudo.com\/si\/aktualno\/slovenija\/milan-krek-sproscanja-ukrepov-se-nekaj-casa-ni-za-pricakovati\/\",\"name\":\"Milan Krek: Spro\u0161\u010danja ukrepov \u0161e nekaj \u010dasa ni za pri\u010dakovati - Hudo Slovenija\",\"isPartOf\":{\"@id\":\"https:\/\/hudo.com\/si\/#website\"},\"datePublished\":\"2021-03-11T13:45:45+00:00\",\"dateModified\":\"2021-03-11T13:45:45+00:00\",\"breadcrumb\":{\"@id\":\"https:\/\/hudo.com\/si\/aktualno\/slovenija\/milan-krek-sproscanja-ukrepov-se-nekaj-casa-ni-za-pricakovati\/#breadcrumb\"},\"inLanguage\":\"sl-SI\",\"potentialAction\":[{\"@type\":\"ReadAction\",\"target\":[\"https:\/\/hudo.com\/si\/aktualno\/slovenija\/milan-krek-sproscanja-ukrepov-se-nekaj-casa-ni-za-pricakovati\/\"]}]},{\"@type\":\"BreadcrumbList\",\"@id\":\"https:\/\/hudo.com\/si\/aktualno\/slovenija\/milan-krek-sproscanja-ukrepov-se-nekaj-casa-ni-za-pricakovati\/#breadcrumb\",\"itemListElement\":[{\"@type\":\"ListItem\",\"position\":1,\"name\":\"Home\",\"item\":\"https:\/\/hudo.com\/si\/\"},{\"@type\":\"ListItem\",\"position\":2,\"name\":\"Milan Krek: Spro\u0161\u010danja ukrepov \u0161e nekaj \u010dasa ni za pri\u010dakovati\"}]},{\"@type\":\"WebSite\",\"@id\":\"https:\/\/hudo.com\/si\/#website\",\"url\":\"https:\/\/hudo.com\/si\/\",\"name\":\"Hudo Slovenija\",\"description\":\"Vse novice iz Slovenije in sveta\",\"publisher\":{\"@id\":\"https:\/\/hudo.com\/si\/#organization\"},\"potentialAction\":[{\"@type\":\"SearchAction\",\"target\":{\"@type\":\"EntryPoint\",\"urlTemplate\":\"https:\/\/hudo.com\/si\/?s={search_term_string}\"},\"query-input\":\"required name=search_term_string\"}],\"inLanguage\":\"sl-SI\"},{\"@type\":\"Organization\",\"@id\":\"https:\/\/hudo.com\/si\/#organization\",\"name\":\"VSN Media\",\"url\":\"https:\/\/hudo.com\/si\/\",\"logo\":{\"@type\":\"ImageObject\",\"inLanguage\":\"sl-SI\",\"@id\":\"https:\/\/hudo.com\/si\/#\/schema\/logo\/image\/\",\"url\":\"https:\/\/hudo.com\/si\/wp-content\/uploads\/sites\/2\/2021\/03\/hudo-app-2.png\",\"contentUrl\":\"https:\/\/hudo.com\/si\/wp-content\/uploads\/sites\/2\/2021\/03\/hudo-app-2.png\",\"width\":2185,\"height\":2167,\"caption\":\"VSN Media\"},\"image\":{\"@id\":\"https:\/\/hudo.com\/si\/#\/schema\/logo\/image\/\"},\"sameAs\":[\"https:\/\/www.facebook.com\/hudo.si\",\"https:\/\/twitter.com\/hudo_si\"]},{\"@type\":\"Person\",\"@id\":\"https:\/\/hudo.com\/si\/#\/schema\/person\/18f09c02475ba9e606e941a565b80cff\",\"name\":\"A. P., STA\",\"image\":{\"@type\":\"ImageObject\",\"inLanguage\":\"sl-SI\",\"@id\":\"https:\/\/hudo.com\/si\/#\/schema\/person\/image\/\",\"url\":\"https:\/\/secure.gravatar.com\/avatar\/03eac8e609f5f04383125d80eaeaaf3e?s=96&d=mm&r=g\",\"contentUrl\":\"https:\/\/secure.gravatar.com\/avatar\/03eac8e609f5f04383125d80eaeaaf3e?s=96&d=mm&r=g\",\"caption\":\"A. P., STA\"},\"url\":\"https:\/\/hudo.com\/si\/author\/lubu\/\"}]}<\/script>\n<!-- \/ Yoast SEO plugin. -->","yoast_head_json":{"title":"Milan Krek: Spro\u0161\u010danja ukrepov \u0161e nekaj \u010dasa ni za pri\u010dakovati - Hudo Slovenija","robots":{"index":"index","follow":"follow","max-snippet":"max-snippet:-1","max-image-preview":"max-image-preview:large","max-video-preview":"max-video-preview:-1"},"canonical":"https:\/\/hudo.com\/si\/aktualno\/slovenija\/milan-krek-sproscanja-ukrepov-se-nekaj-casa-ni-za-pricakovati\/","og_locale":"sl_SI","og_type":"article","og_title":"Milan Krek: Spro\u0161\u010danja ukrepov \u0161e nekaj \u010dasa ni za pri\u010dakovati - Hudo Slovenija","og_description":"Direktor Nacionalnega in\u0161tituta za javno zdravje Milan Krek je na novinarski konferenci opozoril na nara\u0161\u010danje \u0161tevila oku\u017eb z novim koronavirusom v svetu in v Evropi, ki napoveduje tretji epidemi\u010dni val. Tudi v Sloveniji smo po njegovih besedah \u0161e \"globoko v epidemiji\". \"Samo z doslednim upo\u0161tevanjem ukrepov bomo zmanj\u0161ali \u0161tevilo oku\u017eenih,\" meni.","og_url":"https:\/\/hudo.com\/si\/aktualno\/slovenija\/milan-krek-sproscanja-ukrepov-se-nekaj-casa-ni-za-pricakovati\/","og_site_name":"Hudo Slovenija","article_publisher":"https:\/\/www.facebook.com\/hudo.si","article_published_time":"2021-03-11T13:45:45+00:00","og_image":[{"width":633,"height":422,"url":"https:\/\/hudo.com\/si\/wp-content\/uploads\/sites\/2\/2021\/01\/Screenshot-from-2021-01-12-17-44-43.png","type":"image\/png"}],"author":"A. P., STA","twitter_card":"summary_large_image","twitter_creator":"@hudo_si","twitter_site":"@hudo_si","twitter_misc":{"Written by":"A. P., STA","Est. reading time":"3 minute"},"schema":{"@context":"https:\/\/schema.org","@graph":[{"@type":"Article","@id":"https:\/\/hudo.com\/si\/aktualno\/slovenija\/milan-krek-sproscanja-ukrepov-se-nekaj-casa-ni-za-pricakovati\/#article","isPartOf":{"@id":"https:\/\/hudo.com\/si\/aktualno\/slovenija\/milan-krek-sproscanja-ukrepov-se-nekaj-casa-ni-za-pricakovati\/"},"author":{"name":"A. P., STA","@id":"https:\/\/hudo.com\/si\/#\/schema\/person\/18f09c02475ba9e606e941a565b80cff"},"headline":"Milan Krek: Spro\u0161\u010danja ukrepov \u0161e nekaj \u010dasa ni za pri\u010dakovati","datePublished":"2021-03-11T13:45:45+00:00","dateModified":"2021-03-11T13:45:45+00:00","mainEntityOfPage":{"@id":"https:\/\/hudo.com\/si\/aktualno\/slovenija\/milan-krek-sproscanja-ukrepov-se-nekaj-casa-ni-za-pricakovati\/"},"wordCount":629,"publisher":{"@id":"https:\/\/hudo.com\/si\/#organization"},"keywords":["Milan Krek"],"articleSection":["Slovenija"],"inLanguage":"sl-SI"},{"@type":"WebPage","@id":"https:\/\/hudo.com\/si\/aktualno\/slovenija\/milan-krek-sproscanja-ukrepov-se-nekaj-casa-ni-za-pricakovati\/","url":"https:\/\/hudo.com\/si\/aktualno\/slovenija\/milan-krek-sproscanja-ukrepov-se-nekaj-casa-ni-za-pricakovati\/","name":"Milan Krek: Spro\u0161\u010danja ukrepov \u0161e nekaj \u010dasa ni za pri\u010dakovati - Hudo Slovenija","isPartOf":{"@id":"https:\/\/hudo.com\/si\/#website"},"datePublished":"2021-03-11T13:45:45+00:00","dateModified":"2021-03-11T13:45:45+00:00","breadcrumb":{"@id":"https:\/\/hudo.com\/si\/aktualno\/slovenija\/milan-krek-sproscanja-ukrepov-se-nekaj-casa-ni-za-pricakovati\/#breadcrumb"},"inLanguage":"sl-SI","potentialAction":[{"@type":"ReadAction","target":["https:\/\/hudo.com\/si\/aktualno\/slovenija\/milan-krek-sproscanja-ukrepov-se-nekaj-casa-ni-za-pricakovati\/"]}]},{"@type":"BreadcrumbList","@id":"https:\/\/hudo.com\/si\/aktualno\/slovenija\/milan-krek-sproscanja-ukrepov-se-nekaj-casa-ni-za-pricakovati\/#breadcrumb","itemListElement":[{"@type":"ListItem","position":1,"name":"Home","item":"https:\/\/hudo.com\/si\/"},{"@type":"ListItem","position":2,"name":"Milan Krek: Spro\u0161\u010danja ukrepov \u0161e nekaj \u010dasa ni za pri\u010dakovati"}]},{"@type":"WebSite","@id":"https:\/\/hudo.com\/si\/#website","url":"https:\/\/hudo.com\/si\/","name":"Hudo Slovenija","description":"Vse novice iz Slovenije in sveta","publisher":{"@id":"https:\/\/hudo.com\/si\/#organization"},"potentialAction":[{"@type":"SearchAction","target":{"@type":"EntryPoint","urlTemplate":"https:\/\/hudo.com\/si\/?s={search_term_string}"},"query-input":"required name=search_term_string"}],"inLanguage":"sl-SI"},{"@type":"Organization","@id":"https:\/\/hudo.com\/si\/#organization","name":"VSN Media","url":"https:\/\/hudo.com\/si\/","logo":{"@type":"ImageObject","inLanguage":"sl-SI","@id":"https:\/\/hudo.com\/si\/#\/schema\/logo\/image\/","url":"https:\/\/hudo.com\/si\/wp-content\/uploads\/sites\/2\/2021\/03\/hudo-app-2.png","contentUrl":"https:\/\/hudo.com\/si\/wp-content\/uploads\/sites\/2\/2021\/03\/hudo-app-2.png","width":2185,"height":2167,"caption":"VSN Media"},"image":{"@id":"https:\/\/hudo.com\/si\/#\/schema\/logo\/image\/"},"sameAs":["https:\/\/www.facebook.com\/hudo.si","https:\/\/twitter.com\/hudo_si"]},{"@type":"Person","@id":"https:\/\/hudo.com\/si\/#\/schema\/person\/18f09c02475ba9e606e941a565b80cff","name":"A. P., STA","image":{"@type":"ImageObject","inLanguage":"sl-SI","@id":"https:\/\/hudo.com\/si\/#\/schema\/person\/image\/","url":"https:\/\/secure.gravatar.com\/avatar\/03eac8e609f5f04383125d80eaeaaf3e?s=96&d=mm&r=g","contentUrl":"https:\/\/secure.gravatar.com\/avatar\/03eac8e609f5f04383125d80eaeaaf3e?s=96&d=mm&r=g","caption":"A. P., STA"},"url":"https:\/\/hudo.com\/si\/author\/lubu\/"}]}},"amp_enabled":true,"_links":{"self":[{"href":"https:\/\/hudo.com\/si\/wp-json\/wp\/v2\/posts\/447160"}],"collection":[{"href":"https:\/\/hudo.com\/si\/wp-json\/wp\/v2\/posts"}],"about":[{"href":"https:\/\/hudo.com\/si\/wp-json\/wp\/v2\/types\/post"}],"author":[{"embeddable":true,"href":"https:\/\/hudo.com\/si\/wp-json\/wp\/v2\/users\/7"}],"replies":[{"embeddable":true,"href":"https:\/\/hudo.com\/si\/wp-json\/wp\/v2\/comments?post=447160"}],"version-history":[{"count":1,"href":"https:\/\/hudo.com\/si\/wp-json\/wp\/v2\/posts\/447160\/revisions"}],"predecessor-version":[{"id":447161,"href":"https:\/\/hudo.com\/si\/wp-json\/wp\/v2\/posts\/447160\/revisions\/447161"}],"wp:featuredmedia":[{"embeddable":true,"href":"https:\/\/hudo.com\/si\/wp-json\/wp\/v2\/media\/442423"}],"wp:attachment":[{"href":"https:\/\/hudo.com\/si\/wp-json\/wp\/v2\/media?parent=447160"}],"wp:term":[{"taxonomy":"category","embeddable":true,"href":"https:\/\/hudo.com\/si\/wp-json\/wp\/v2\/categories?post=447160"},{"taxonomy":"post_tag","embeddable":true,"href":"https:\/\/hudo.com\/si\/wp-json\/wp\/v2\/tags?post=447160"},{"taxonomy":"source","embeddable":true,"href":"https:\/\/hudo.com\/si\/wp-json\/wp\/v2\/source?post=447160"},{"taxonomy":"supertag","embeddable":true,"href":"https:\/\/hudo.com\/si\/wp-json\/wp\/v2\/supertag?post=447160"}],"curies":[{"name":"wp","href":"https:\/\/api.w.org\/{rel}","templated":true}]}}