{"id":447399,"date":"2021-03-15T14:31:10","date_gmt":"2021-03-15T13:31:10","guid":{"rendered":"https:\/\/hudo.com\/si\/?p=447399"},"modified":"2021-03-15T14:31:10","modified_gmt":"2021-03-15T13:31:10","slug":"za-testiranje-na-mejnem-prehodu-solkan-danes-dolga-cakalna-vrsta","status":"publish","type":"post","link":"https:\/\/hudo.com\/si\/aktualno\/slovenija\/za-testiranje-na-mejnem-prehodu-solkan-danes-dolga-cakalna-vrsta\/","title":{"rendered":"Za testiranje na mejnem prehodu Solkan danes dolga \u010dakalna vrsta"},"content":{"rendered":"<p>Kontrolna to\u010dka se odpira vsak dan ob \u0161esti uri zjutraj, testiranje pa za\u010denjajo \u0161ele ob sedmi uri. Zato so mnogi \u010dakajo\u010di v vrsti danes negodovali nad tem, da bi morali s testiranji za\u010deti ob odprtju mejnega prehoda, saj da nimajo \u010dasa \u010dakati.<\/p>\n<p>Namestnik poveljnika ob\u010dinskega \u0161taba Civilne za\u0161\u010dite (CZ) Nova Gorica Simon Vendramin je za STA povedal, da so take, ki niso imeli izjave o prehodu meje, zavrnili.<\/p>\n<p>&#8220;Z izvajalcem hitrega testiranja smo se dogovorili, da lahko na tej to\u010dki testirajo le tiste, ki predlo\u017eijo zahteve za prehod dr\u017eavne meje. Nekateri so namre\u010d sku\u0161ali izkoristiti mo\u017enost, da bi pri\u0161li na vrsto prej,&#8221; pa je povedal novogori\u0161ki pod\u017eupan Sa\u0161o Kogov\u0161ek.<\/p>\n<p>Vendramin je povedal, da se je stanje dopoldne umirilo, na testiranje je \u010dakalo le po nekaj ljudi, ki so pri\u0161li na vrsto v manj kot eni uri. Prav zato niso razmi\u0161ljali o tem, da bi zaprosili za dodatno ekipo, ki bi opravljala testiranja. Prepri\u010dan je namre\u010d, da se bodo v prihodnje ljudje, ki potrebujejo negativne izvide testov, razvrstili preko celega tedna in tako ne bodo ve\u010d pri\u010da dalj\u0161im \u010dakalnim vrstam na testiranje.<\/p>\n<p>Mejni prehod Solkan so za promet sicer odprli prej\u0161nji teden, ko so zaradi gradbenih del zaprli mejni prehod na Erjav\u010devi ulici v Novi Gorici.<\/p>\n","protected":false},"excerpt":{"rendered":"<p>Na mejnem prehodu Solkan, kjer potekajo hitra testiranja na novi koronavirus za ljudi z dovoljenimi izjemami za prehod dr\u017eavne meje, je bila danes kar precej\u0161nja vrsta \u010dakajo\u010dih na testiranje. Med njimi so bili tudi tisti, ki so sem pri\u0161li zaradi dalj\u0161e \u010dakalne vrste na testiranje za ob\u010dane, ki ga opravljajo na drugi lokaciji v Novi Gorici.<\/p>\n","protected":false},"author":8,"featured_media":401492,"comment_status":"closed","ping_status":"closed","sticky":false,"template":"","format":"standard","meta":{"footnotes":""},"categories":[18201],"tags":[1760,7727,18450,1595,15946],"source":[4511],"supertag":[5675],"acf":[],"yoast_head":"<!-- This site is optimized with the Yoast SEO plugin v21.3 - https:\/\/yoast.com\/wordpress\/plugins\/seo\/ -->\n<title>Za testiranje na mejnem prehodu Solkan danes dolga \u010dakalna vrsta - Hudo Slovenija<\/title>\n<meta name=\"robots\" content=\"index, follow, max-snippet:-1, max-image-preview:large, max-video-preview:-1\" \/>\n<link rel=\"canonical\" href=\"https:\/\/hudo.com\/si\/aktualno\/slovenija\/za-testiranje-na-mejnem-prehodu-solkan-danes-dolga-cakalna-vrsta\/\" \/>\n<meta property=\"og:locale\" content=\"sl_SI\" \/>\n<meta property=\"og:type\" content=\"article\" \/>\n<meta property=\"og:title\" content=\"Za testiranje na mejnem prehodu Solkan danes dolga \u010dakalna vrsta - Hudo Slovenija\" \/>\n<meta property=\"og:description\" content=\"Na mejnem prehodu Solkan, kjer potekajo hitra testiranja na novi koronavirus za ljudi z dovoljenimi izjemami za prehod dr\u017eavne meje, je bila danes kar precej\u0161nja vrsta \u010dakajo\u010dih na testiranje. Med njimi so bili tudi tisti, ki so sem pri\u0161li zaradi dalj\u0161e \u010dakalne vrste na testiranje za ob\u010dane, ki ga opravljajo na drugi lokaciji v Novi Gorici.\" \/>\n<meta property=\"og:url\" content=\"https:\/\/hudo.com\/si\/aktualno\/slovenija\/za-testiranje-na-mejnem-prehodu-solkan-danes-dolga-cakalna-vrsta\/\" \/>\n<meta property=\"og:site_name\" content=\"Hudo Slovenija\" \/>\n<meta property=\"article:publisher\" content=\"https:\/\/www.facebook.com\/hudo.si\" \/>\n<meta property=\"article:published_time\" content=\"2021-03-15T13:31:10+00:00\" \/>\n<meta property=\"og:image\" content=\"https:\/\/hudo.com\/si\/wp-content\/uploads\/sites\/2\/2019\/06\/profimedia-0373266115.jpg\" \/>\n\t<meta property=\"og:image:width\" content=\"1250\" \/>\n\t<meta property=\"og:image:height\" content=\"799\" \/>\n\t<meta property=\"og:image:type\" content=\"image\/jpeg\" \/>\n<meta name=\"author\" content=\"M. N., STA\" \/>\n<meta name=\"twitter:card\" content=\"summary_large_image\" \/>\n<meta name=\"twitter:creator\" content=\"@hudo_si\" \/>\n<meta name=\"twitter:site\" content=\"@hudo_si\" \/>\n<meta name=\"twitter:label1\" content=\"Written by\" \/>\n\t<meta name=\"twitter:data1\" content=\"M. N., STA\" \/>\n\t<meta name=\"twitter:label2\" content=\"Est. reading time\" \/>\n\t<meta name=\"twitter:data2\" content=\"1 minuta\" \/>\n<script type=\"application\/ld+json\" class=\"yoast-schema-graph\">{\"@context\":\"https:\/\/schema.org\",\"@graph\":[{\"@type\":\"Article\",\"@id\":\"https:\/\/hudo.com\/si\/aktualno\/slovenija\/za-testiranje-na-mejnem-prehodu-solkan-danes-dolga-cakalna-vrsta\/#article\",\"isPartOf\":{\"@id\":\"https:\/\/hudo.com\/si\/aktualno\/slovenija\/za-testiranje-na-mejnem-prehodu-solkan-danes-dolga-cakalna-vrsta\/\"},\"author\":{\"name\":\"M. N., STA\",\"@id\":\"https:\/\/hudo.com\/si\/#\/schema\/person\/c2f10ce65d2e6ede2aeda5be2a0611fa\"},\"headline\":\"Za testiranje na mejnem prehodu Solkan danes dolga \u010dakalna vrsta\",\"datePublished\":\"2021-03-15T13:31:10+00:00\",\"dateModified\":\"2021-03-15T13:31:10+00:00\",\"mainEntityOfPage\":{\"@id\":\"https:\/\/hudo.com\/si\/aktualno\/slovenija\/za-testiranje-na-mejnem-prehodu-solkan-danes-dolga-cakalna-vrsta\/\"},\"wordCount\":238,\"publisher\":{\"@id\":\"https:\/\/hudo.com\/si\/#organization\"},\"keywords\":[\"italija\",\"nadzor na mejah\",\"prehod dr\u017eavne meje\",\"Slovenija\",\"testiranje\"],\"articleSection\":[\"Slovenija\"],\"inLanguage\":\"sl-SI\"},{\"@type\":\"WebPage\",\"@id\":\"https:\/\/hudo.com\/si\/aktualno\/slovenija\/za-testiranje-na-mejnem-prehodu-solkan-danes-dolga-cakalna-vrsta\/\",\"url\":\"https:\/\/hudo.com\/si\/aktualno\/slovenija\/za-testiranje-na-mejnem-prehodu-solkan-danes-dolga-cakalna-vrsta\/\",\"name\":\"Za testiranje na mejnem prehodu Solkan danes dolga \u010dakalna vrsta - Hudo Slovenija\",\"isPartOf\":{\"@id\":\"https:\/\/hudo.com\/si\/#website\"},\"datePublished\":\"2021-03-15T13:31:10+00:00\",\"dateModified\":\"2021-03-15T13:31:10+00:00\",\"breadcrumb\":{\"@id\":\"https:\/\/hudo.com\/si\/aktualno\/slovenija\/za-testiranje-na-mejnem-prehodu-solkan-danes-dolga-cakalna-vrsta\/#breadcrumb\"},\"inLanguage\":\"sl-SI\",\"potentialAction\":[{\"@type\":\"ReadAction\",\"target\":[\"https:\/\/hudo.com\/si\/aktualno\/slovenija\/za-testiranje-na-mejnem-prehodu-solkan-danes-dolga-cakalna-vrsta\/\"]}]},{\"@type\":\"BreadcrumbList\",\"@id\":\"https:\/\/hudo.com\/si\/aktualno\/slovenija\/za-testiranje-na-mejnem-prehodu-solkan-danes-dolga-cakalna-vrsta\/#breadcrumb\",\"itemListElement\":[{\"@type\":\"ListItem\",\"position\":1,\"name\":\"Home\",\"item\":\"https:\/\/hudo.com\/si\/\"},{\"@type\":\"ListItem\",\"position\":2,\"name\":\"Za testiranje na mejnem prehodu Solkan danes dolga \u010dakalna vrsta\"}]},{\"@type\":\"WebSite\",\"@id\":\"https:\/\/hudo.com\/si\/#website\",\"url\":\"https:\/\/hudo.com\/si\/\",\"name\":\"Hudo Slovenija\",\"description\":\"Vse novice iz Slovenije in sveta\",\"publisher\":{\"@id\":\"https:\/\/hudo.com\/si\/#organization\"},\"potentialAction\":[{\"@type\":\"SearchAction\",\"target\":{\"@type\":\"EntryPoint\",\"urlTemplate\":\"https:\/\/hudo.com\/si\/?s={search_term_string}\"},\"query-input\":\"required name=search_term_string\"}],\"inLanguage\":\"sl-SI\"},{\"@type\":\"Organization\",\"@id\":\"https:\/\/hudo.com\/si\/#organization\",\"name\":\"VSN Media\",\"url\":\"https:\/\/hudo.com\/si\/\",\"logo\":{\"@type\":\"ImageObject\",\"inLanguage\":\"sl-SI\",\"@id\":\"https:\/\/hudo.com\/si\/#\/schema\/logo\/image\/\",\"url\":\"https:\/\/hudo.com\/si\/wp-content\/uploads\/sites\/2\/2021\/03\/hudo-app-2.png\",\"contentUrl\":\"https:\/\/hudo.com\/si\/wp-content\/uploads\/sites\/2\/2021\/03\/hudo-app-2.png\",\"width\":2185,\"height\":2167,\"caption\":\"VSN Media\"},\"image\":{\"@id\":\"https:\/\/hudo.com\/si\/#\/schema\/logo\/image\/\"},\"sameAs\":[\"https:\/\/www.facebook.com\/hudo.si\",\"https:\/\/twitter.com\/hudo_si\"]},{\"@type\":\"Person\",\"@id\":\"https:\/\/hudo.com\/si\/#\/schema\/person\/c2f10ce65d2e6ede2aeda5be2a0611fa\",\"name\":\"M. N., STA\",\"image\":{\"@type\":\"ImageObject\",\"inLanguage\":\"sl-SI\",\"@id\":\"https:\/\/hudo.com\/si\/#\/schema\/person\/image\/\",\"url\":\"https:\/\/secure.gravatar.com\/avatar\/f370d38daa10467f755c5c766a4cac20?s=96&d=mm&r=g\",\"contentUrl\":\"https:\/\/secure.gravatar.com\/avatar\/f370d38daa10467f755c5c766a4cac20?s=96&d=mm&r=g\",\"caption\":\"M. N., STA\"},\"url\":\"https:\/\/hudo.com\/si\/author\/mana\/\"}]}<\/script>\n<!-- \/ Yoast SEO plugin. -->","yoast_head_json":{"title":"Za testiranje na mejnem prehodu Solkan danes dolga \u010dakalna vrsta - Hudo Slovenija","robots":{"index":"index","follow":"follow","max-snippet":"max-snippet:-1","max-image-preview":"max-image-preview:large","max-video-preview":"max-video-preview:-1"},"canonical":"https:\/\/hudo.com\/si\/aktualno\/slovenija\/za-testiranje-na-mejnem-prehodu-solkan-danes-dolga-cakalna-vrsta\/","og_locale":"sl_SI","og_type":"article","og_title":"Za testiranje na mejnem prehodu Solkan danes dolga \u010dakalna vrsta - Hudo Slovenija","og_description":"Na mejnem prehodu Solkan, kjer potekajo hitra testiranja na novi koronavirus za ljudi z dovoljenimi izjemami za prehod dr\u017eavne meje, je bila danes kar precej\u0161nja vrsta \u010dakajo\u010dih na testiranje. Med njimi so bili tudi tisti, ki so sem pri\u0161li zaradi dalj\u0161e \u010dakalne vrste na testiranje za ob\u010dane, ki ga opravljajo na drugi lokaciji v Novi Gorici.","og_url":"https:\/\/hudo.com\/si\/aktualno\/slovenija\/za-testiranje-na-mejnem-prehodu-solkan-danes-dolga-cakalna-vrsta\/","og_site_name":"Hudo Slovenija","article_publisher":"https:\/\/www.facebook.com\/hudo.si","article_published_time":"2021-03-15T13:31:10+00:00","og_image":[{"width":1250,"height":799,"url":"https:\/\/hudo.com\/si\/wp-content\/uploads\/sites\/2\/2019\/06\/profimedia-0373266115.jpg","type":"image\/jpeg"}],"author":"M. N., STA","twitter_card":"summary_large_image","twitter_creator":"@hudo_si","twitter_site":"@hudo_si","twitter_misc":{"Written by":"M. N., STA","Est. reading time":"1 minuta"},"schema":{"@context":"https:\/\/schema.org","@graph":[{"@type":"Article","@id":"https:\/\/hudo.com\/si\/aktualno\/slovenija\/za-testiranje-na-mejnem-prehodu-solkan-danes-dolga-cakalna-vrsta\/#article","isPartOf":{"@id":"https:\/\/hudo.com\/si\/aktualno\/slovenija\/za-testiranje-na-mejnem-prehodu-solkan-danes-dolga-cakalna-vrsta\/"},"author":{"name":"M. N., STA","@id":"https:\/\/hudo.com\/si\/#\/schema\/person\/c2f10ce65d2e6ede2aeda5be2a0611fa"},"headline":"Za testiranje na mejnem prehodu Solkan danes dolga \u010dakalna vrsta","datePublished":"2021-03-15T13:31:10+00:00","dateModified":"2021-03-15T13:31:10+00:00","mainEntityOfPage":{"@id":"https:\/\/hudo.com\/si\/aktualno\/slovenija\/za-testiranje-na-mejnem-prehodu-solkan-danes-dolga-cakalna-vrsta\/"},"wordCount":238,"publisher":{"@id":"https:\/\/hudo.com\/si\/#organization"},"keywords":["italija","nadzor na mejah","prehod dr\u017eavne meje","Slovenija","testiranje"],"articleSection":["Slovenija"],"inLanguage":"sl-SI"},{"@type":"WebPage","@id":"https:\/\/hudo.com\/si\/aktualno\/slovenija\/za-testiranje-na-mejnem-prehodu-solkan-danes-dolga-cakalna-vrsta\/","url":"https:\/\/hudo.com\/si\/aktualno\/slovenija\/za-testiranje-na-mejnem-prehodu-solkan-danes-dolga-cakalna-vrsta\/","name":"Za testiranje na mejnem prehodu Solkan danes dolga \u010dakalna vrsta - Hudo Slovenija","isPartOf":{"@id":"https:\/\/hudo.com\/si\/#website"},"datePublished":"2021-03-15T13:31:10+00:00","dateModified":"2021-03-15T13:31:10+00:00","breadcrumb":{"@id":"https:\/\/hudo.com\/si\/aktualno\/slovenija\/za-testiranje-na-mejnem-prehodu-solkan-danes-dolga-cakalna-vrsta\/#breadcrumb"},"inLanguage":"sl-SI","potentialAction":[{"@type":"ReadAction","target":["https:\/\/hudo.com\/si\/aktualno\/slovenija\/za-testiranje-na-mejnem-prehodu-solkan-danes-dolga-cakalna-vrsta\/"]}]},{"@type":"BreadcrumbList","@id":"https:\/\/hudo.com\/si\/aktualno\/slovenija\/za-testiranje-na-mejnem-prehodu-solkan-danes-dolga-cakalna-vrsta\/#breadcrumb","itemListElement":[{"@type":"ListItem","position":1,"name":"Home","item":"https:\/\/hudo.com\/si\/"},{"@type":"ListItem","position":2,"name":"Za testiranje na mejnem prehodu Solkan danes dolga \u010dakalna vrsta"}]},{"@type":"WebSite","@id":"https:\/\/hudo.com\/si\/#website","url":"https:\/\/hudo.com\/si\/","name":"Hudo Slovenija","description":"Vse novice iz Slovenije in sveta","publisher":{"@id":"https:\/\/hudo.com\/si\/#organization"},"potentialAction":[{"@type":"SearchAction","target":{"@type":"EntryPoint","urlTemplate":"https:\/\/hudo.com\/si\/?s={search_term_string}"},"query-input":"required name=search_term_string"}],"inLanguage":"sl-SI"},{"@type":"Organization","@id":"https:\/\/hudo.com\/si\/#organization","name":"VSN Media","url":"https:\/\/hudo.com\/si\/","logo":{"@type":"ImageObject","inLanguage":"sl-SI","@id":"https:\/\/hudo.com\/si\/#\/schema\/logo\/image\/","url":"https:\/\/hudo.com\/si\/wp-content\/uploads\/sites\/2\/2021\/03\/hudo-app-2.png","contentUrl":"https:\/\/hudo.com\/si\/wp-content\/uploads\/sites\/2\/2021\/03\/hudo-app-2.png","width":2185,"height":2167,"caption":"VSN Media"},"image":{"@id":"https:\/\/hudo.com\/si\/#\/schema\/logo\/image\/"},"sameAs":["https:\/\/www.facebook.com\/hudo.si","https:\/\/twitter.com\/hudo_si"]},{"@type":"Person","@id":"https:\/\/hudo.com\/si\/#\/schema\/person\/c2f10ce65d2e6ede2aeda5be2a0611fa","name":"M. N., STA","image":{"@type":"ImageObject","inLanguage":"sl-SI","@id":"https:\/\/hudo.com\/si\/#\/schema\/person\/image\/","url":"https:\/\/secure.gravatar.com\/avatar\/f370d38daa10467f755c5c766a4cac20?s=96&d=mm&r=g","contentUrl":"https:\/\/secure.gravatar.com\/avatar\/f370d38daa10467f755c5c766a4cac20?s=96&d=mm&r=g","caption":"M. N., STA"},"url":"https:\/\/hudo.com\/si\/author\/mana\/"}]}},"amp_enabled":true,"_links":{"self":[{"href":"https:\/\/hudo.com\/si\/wp-json\/wp\/v2\/posts\/447399"}],"collection":[{"href":"https:\/\/hudo.com\/si\/wp-json\/wp\/v2\/posts"}],"about":[{"href":"https:\/\/hudo.com\/si\/wp-json\/wp\/v2\/types\/post"}],"author":[{"embeddable":true,"href":"https:\/\/hudo.com\/si\/wp-json\/wp\/v2\/users\/8"}],"replies":[{"embeddable":true,"href":"https:\/\/hudo.com\/si\/wp-json\/wp\/v2\/comments?post=447399"}],"version-history":[{"count":1,"href":"https:\/\/hudo.com\/si\/wp-json\/wp\/v2\/posts\/447399\/revisions"}],"predecessor-version":[{"id":447400,"href":"https:\/\/hudo.com\/si\/wp-json\/wp\/v2\/posts\/447399\/revisions\/447400"}],"wp:featuredmedia":[{"embeddable":true,"href":"https:\/\/hudo.com\/si\/wp-json\/wp\/v2\/media\/401492"}],"wp:attachment":[{"href":"https:\/\/hudo.com\/si\/wp-json\/wp\/v2\/media?parent=447399"}],"wp:term":[{"taxonomy":"category","embeddable":true,"href":"https:\/\/hudo.com\/si\/wp-json\/wp\/v2\/categories?post=447399"},{"taxonomy":"post_tag","embeddable":true,"href":"https:\/\/hudo.com\/si\/wp-json\/wp\/v2\/tags?post=447399"},{"taxonomy":"source","embeddable":true,"href":"https:\/\/hudo.com\/si\/wp-json\/wp\/v2\/source?post=447399"},{"taxonomy":"supertag","embeddable":true,"href":"https:\/\/hudo.com\/si\/wp-json\/wp\/v2\/supertag?post=447399"}],"curies":[{"name":"wp","href":"https:\/\/api.w.org\/{rel}","templated":true}]}}