{"id":447405,"date":"2021-03-15T15:28:19","date_gmt":"2021-03-15T14:28:19","guid":{"rendered":"https:\/\/hudo.com\/si\/?p=447405"},"modified":"2021-03-15T15:28:19","modified_gmt":"2021-03-15T14:28:19","slug":"ocitno-vatikan-pod-vodstvom-papeza-franciska-ni-nic-manj-diskriminatoren-cerkev-sporocila-da-ne-more-blagosloviti-homoseksualnih-parov-saj-ne-more-blagosloviti-greha","status":"publish","type":"post","link":"https:\/\/hudo.com\/si\/aktualno\/svet\/ocitno-vatikan-pod-vodstvom-papeza-franciska-ni-nic-manj-diskriminatoren-cerkev-sporocila-da-ne-more-blagosloviti-homoseksualnih-parov-saj-ne-more-blagosloviti-greha\/","title":{"rendered":"O\u010ditno Vatikan pod vodstvom pape\u017ea Fran\u010di\u0161ka ni ni\u010d manj diskriminatoren: Cerkev sporo\u010dila, da ne more blagosloviti homoseksualnih parov, saj ne more blagosloviti greha"},"content":{"rendered":"<p>Kongregacija za nauk vere je danes v odgovoru na vpra\u0161anje, ali ima Cerkev pooblastilo, da blagoslovi zvezo oseb istega spola, odgovorila, da ne. Blagoslovi zvez so namre\u010d lahko mo\u017eni samo, \u010de slu\u017eijo bo\u017ejim na\u010drtom. &#8220;Zato ni dovoljeno blagosloviti zvez ali celo stabilnih partnerstev, ki vklju\u010dujejo spolne odnose zunaj zakona,&#8221; so zapisali in dodali, da je tako v primeru istospolnih partnerstev.<\/p>\n<p>Pri odgovoru gre za pojasnilo t. i. resnice liturgi\u010dnega obreda in ne gre za diskriminacijo, so dodali. Po njihovem mnenju so homoseksualci lahko dele\u017eni duhovne obravnave, vodenja in blagoslova, ni pa dovoljen blagoslov, ki bi priznaval homoseksualno partnerstvo.<\/p>\n<p>Kr\u0161\u010dansko skupnost so \u0161e pozvali, naj spo\u0161tujejo homoseksualce.<\/p>\n<p>Objavo dokumenta je odobril tudi pape\u017e Fran\u010di\u0161ek, ki je v zadnjih letih omilil doktrino Cerkve glede istospolnih zvez.<\/p>\n","protected":false},"excerpt":{"rendered":"<p> Katoli\u0161ka cerkev glede na nov dekret iz Vatikana ne more blagosloviti istospolnih partnerstev. V pojasnilu so zapisali, da ne morejo blagosloviti greha. Ob tem so dodali, da ne gre za diskriminacijo in da pri tak\u0161nih zvezah priznavajo pozitivne elemente, poro\u010dajo tuje tiskovne agencije.<\/p>\n","protected":false},"author":8,"featured_media":184085,"comment_status":"closed","ping_status":"closed","sticky":false,"template":"","format":"standard","meta":{"footnotes":""},"categories":[18202],"tags":[18451,5424,12766,4925,1627],"source":[4511],"supertag":[],"acf":[],"yoast_head":"<!-- This site is optimized with the Yoast SEO plugin v21.3 - https:\/\/yoast.com\/wordpress\/plugins\/seo\/ -->\n<title>O\u010ditno Vatikan pod vodstvom pape\u017ea Fran\u010di\u0161ka ni ni\u010d manj diskriminatoren: Cerkev sporo\u010dila, da ne more blagosloviti homoseksualnih parov, saj ne more blagosloviti greha - Hudo Slovenija<\/title>\n<meta name=\"robots\" content=\"index, follow, max-snippet:-1, max-image-preview:large, max-video-preview:-1\" \/>\n<link rel=\"canonical\" href=\"https:\/\/hudo.com\/si\/aktualno\/svet\/ocitno-vatikan-pod-vodstvom-papeza-franciska-ni-nic-manj-diskriminatoren-cerkev-sporocila-da-ne-more-blagosloviti-homoseksualnih-parov-saj-ne-more-blagosloviti-greha\/\" \/>\n<meta property=\"og:locale\" content=\"sl_SI\" \/>\n<meta property=\"og:type\" content=\"article\" \/>\n<meta property=\"og:title\" content=\"O\u010ditno Vatikan pod vodstvom pape\u017ea Fran\u010di\u0161ka ni ni\u010d manj diskriminatoren: Cerkev sporo\u010dila, da ne more blagosloviti homoseksualnih parov, saj ne more blagosloviti greha - Hudo Slovenija\" \/>\n<meta property=\"og:description\" content=\"Katoli\u0161ka cerkev glede na nov dekret iz Vatikana ne more blagosloviti istospolnih partnerstev. V pojasnilu so zapisali, da ne morejo blagosloviti greha. Ob tem so dodali, da ne gre za diskriminacijo in da pri tak\u0161nih zvezah priznavajo pozitivne elemente, poro\u010dajo tuje tiskovne agencije.\" \/>\n<meta property=\"og:url\" content=\"https:\/\/hudo.com\/si\/aktualno\/svet\/ocitno-vatikan-pod-vodstvom-papeza-franciska-ni-nic-manj-diskriminatoren-cerkev-sporocila-da-ne-more-blagosloviti-homoseksualnih-parov-saj-ne-more-blagosloviti-greha\/\" \/>\n<meta property=\"og:site_name\" content=\"Hudo Slovenija\" \/>\n<meta property=\"article:publisher\" content=\"https:\/\/www.facebook.com\/hudo.si\" \/>\n<meta property=\"article:published_time\" content=\"2021-03-15T14:28:19+00:00\" \/>\n<meta property=\"og:image\" content=\"https:\/\/hudo.com\/si\/wp-content\/uploads\/sites\/2\/2017\/01\/profimedia-0205175352.jpg\" \/>\n\t<meta property=\"og:image:width\" content=\"1250\" \/>\n\t<meta property=\"og:image:height\" content=\"937\" \/>\n\t<meta property=\"og:image:type\" content=\"image\/jpeg\" \/>\n<meta name=\"author\" content=\"M. N., STA\" \/>\n<meta name=\"twitter:card\" content=\"summary_large_image\" \/>\n<meta name=\"twitter:creator\" content=\"@hudo_si\" \/>\n<meta name=\"twitter:site\" content=\"@hudo_si\" \/>\n<meta name=\"twitter:label1\" content=\"Written by\" \/>\n\t<meta name=\"twitter:data1\" content=\"M. N., STA\" \/>\n\t<meta name=\"twitter:label2\" content=\"Est. reading time\" \/>\n\t<meta name=\"twitter:data2\" content=\"1 minuta\" \/>\n<script type=\"application\/ld+json\" class=\"yoast-schema-graph\">{\"@context\":\"https:\/\/schema.org\",\"@graph\":[{\"@type\":\"Article\",\"@id\":\"https:\/\/hudo.com\/si\/aktualno\/svet\/ocitno-vatikan-pod-vodstvom-papeza-franciska-ni-nic-manj-diskriminatoren-cerkev-sporocila-da-ne-more-blagosloviti-homoseksualnih-parov-saj-ne-more-blagosloviti-greha\/#article\",\"isPartOf\":{\"@id\":\"https:\/\/hudo.com\/si\/aktualno\/svet\/ocitno-vatikan-pod-vodstvom-papeza-franciska-ni-nic-manj-diskriminatoren-cerkev-sporocila-da-ne-more-blagosloviti-homoseksualnih-parov-saj-ne-more-blagosloviti-greha\/\"},\"author\":{\"name\":\"M. N., STA\",\"@id\":\"https:\/\/hudo.com\/si\/#\/schema\/person\/c2f10ce65d2e6ede2aeda5be2a0611fa\"},\"headline\":\"O\u010ditno Vatikan pod vodstvom pape\u017ea Fran\u010di\u0161ka ni ni\u010d manj diskriminatoren: Cerkev sporo\u010dila, da ne more blagosloviti homoseksualnih parov, saj ne more blagosloviti greha\",\"datePublished\":\"2021-03-15T14:28:19+00:00\",\"dateModified\":\"2021-03-15T14:28:19+00:00\",\"mainEntityOfPage\":{\"@id\":\"https:\/\/hudo.com\/si\/aktualno\/svet\/ocitno-vatikan-pod-vodstvom-papeza-franciska-ni-nic-manj-diskriminatoren-cerkev-sporocila-da-ne-more-blagosloviti-homoseksualnih-parov-saj-ne-more-blagosloviti-greha\/\"},\"wordCount\":164,\"publisher\":{\"@id\":\"https:\/\/hudo.com\/si\/#organization\"},\"keywords\":[\"homoseksualni pari\",\"homoseksualnost\",\"katoli\u0161ka cerkev\",\"pape\u017e\",\"vatikan\"],\"articleSection\":[\"Svet\"],\"inLanguage\":\"sl-SI\"},{\"@type\":\"WebPage\",\"@id\":\"https:\/\/hudo.com\/si\/aktualno\/svet\/ocitno-vatikan-pod-vodstvom-papeza-franciska-ni-nic-manj-diskriminatoren-cerkev-sporocila-da-ne-more-blagosloviti-homoseksualnih-parov-saj-ne-more-blagosloviti-greha\/\",\"url\":\"https:\/\/hudo.com\/si\/aktualno\/svet\/ocitno-vatikan-pod-vodstvom-papeza-franciska-ni-nic-manj-diskriminatoren-cerkev-sporocila-da-ne-more-blagosloviti-homoseksualnih-parov-saj-ne-more-blagosloviti-greha\/\",\"name\":\"O\u010ditno Vatikan pod vodstvom pape\u017ea Fran\u010di\u0161ka ni ni\u010d manj diskriminatoren: Cerkev sporo\u010dila, da ne more blagosloviti homoseksualnih parov, saj ne more blagosloviti greha - Hudo Slovenija\",\"isPartOf\":{\"@id\":\"https:\/\/hudo.com\/si\/#website\"},\"datePublished\":\"2021-03-15T14:28:19+00:00\",\"dateModified\":\"2021-03-15T14:28:19+00:00\",\"breadcrumb\":{\"@id\":\"https:\/\/hudo.com\/si\/aktualno\/svet\/ocitno-vatikan-pod-vodstvom-papeza-franciska-ni-nic-manj-diskriminatoren-cerkev-sporocila-da-ne-more-blagosloviti-homoseksualnih-parov-saj-ne-more-blagosloviti-greha\/#breadcrumb\"},\"inLanguage\":\"sl-SI\",\"potentialAction\":[{\"@type\":\"ReadAction\",\"target\":[\"https:\/\/hudo.com\/si\/aktualno\/svet\/ocitno-vatikan-pod-vodstvom-papeza-franciska-ni-nic-manj-diskriminatoren-cerkev-sporocila-da-ne-more-blagosloviti-homoseksualnih-parov-saj-ne-more-blagosloviti-greha\/\"]}]},{\"@type\":\"BreadcrumbList\",\"@id\":\"https:\/\/hudo.com\/si\/aktualno\/svet\/ocitno-vatikan-pod-vodstvom-papeza-franciska-ni-nic-manj-diskriminatoren-cerkev-sporocila-da-ne-more-blagosloviti-homoseksualnih-parov-saj-ne-more-blagosloviti-greha\/#breadcrumb\",\"itemListElement\":[{\"@type\":\"ListItem\",\"position\":1,\"name\":\"Home\",\"item\":\"https:\/\/hudo.com\/si\/\"},{\"@type\":\"ListItem\",\"position\":2,\"name\":\"O\u010ditno Vatikan pod vodstvom pape\u017ea Fran\u010di\u0161ka ni ni\u010d manj diskriminatoren: Cerkev sporo\u010dila, da ne more blagosloviti homoseksualnih parov, saj ne more blagosloviti greha\"}]},{\"@type\":\"WebSite\",\"@id\":\"https:\/\/hudo.com\/si\/#website\",\"url\":\"https:\/\/hudo.com\/si\/\",\"name\":\"Hudo Slovenija\",\"description\":\"Vse novice iz Slovenije in sveta\",\"publisher\":{\"@id\":\"https:\/\/hudo.com\/si\/#organization\"},\"potentialAction\":[{\"@type\":\"SearchAction\",\"target\":{\"@type\":\"EntryPoint\",\"urlTemplate\":\"https:\/\/hudo.com\/si\/?s={search_term_string}\"},\"query-input\":\"required name=search_term_string\"}],\"inLanguage\":\"sl-SI\"},{\"@type\":\"Organization\",\"@id\":\"https:\/\/hudo.com\/si\/#organization\",\"name\":\"VSN Media\",\"url\":\"https:\/\/hudo.com\/si\/\",\"logo\":{\"@type\":\"ImageObject\",\"inLanguage\":\"sl-SI\",\"@id\":\"https:\/\/hudo.com\/si\/#\/schema\/logo\/image\/\",\"url\":\"https:\/\/hudo.com\/si\/wp-content\/uploads\/sites\/2\/2021\/03\/hudo-app-2.png\",\"contentUrl\":\"https:\/\/hudo.com\/si\/wp-content\/uploads\/sites\/2\/2021\/03\/hudo-app-2.png\",\"width\":2185,\"height\":2167,\"caption\":\"VSN Media\"},\"image\":{\"@id\":\"https:\/\/hudo.com\/si\/#\/schema\/logo\/image\/\"},\"sameAs\":[\"https:\/\/www.facebook.com\/hudo.si\",\"https:\/\/twitter.com\/hudo_si\"]},{\"@type\":\"Person\",\"@id\":\"https:\/\/hudo.com\/si\/#\/schema\/person\/c2f10ce65d2e6ede2aeda5be2a0611fa\",\"name\":\"M. N., STA\",\"image\":{\"@type\":\"ImageObject\",\"inLanguage\":\"sl-SI\",\"@id\":\"https:\/\/hudo.com\/si\/#\/schema\/person\/image\/\",\"url\":\"https:\/\/secure.gravatar.com\/avatar\/f370d38daa10467f755c5c766a4cac20?s=96&d=mm&r=g\",\"contentUrl\":\"https:\/\/secure.gravatar.com\/avatar\/f370d38daa10467f755c5c766a4cac20?s=96&d=mm&r=g\",\"caption\":\"M. N., STA\"},\"url\":\"https:\/\/hudo.com\/si\/author\/mana\/\"}]}<\/script>\n<!-- \/ Yoast SEO plugin. -->","yoast_head_json":{"title":"O\u010ditno Vatikan pod vodstvom pape\u017ea Fran\u010di\u0161ka ni ni\u010d manj diskriminatoren: Cerkev sporo\u010dila, da ne more blagosloviti homoseksualnih parov, saj ne more blagosloviti greha - Hudo Slovenija","robots":{"index":"index","follow":"follow","max-snippet":"max-snippet:-1","max-image-preview":"max-image-preview:large","max-video-preview":"max-video-preview:-1"},"canonical":"https:\/\/hudo.com\/si\/aktualno\/svet\/ocitno-vatikan-pod-vodstvom-papeza-franciska-ni-nic-manj-diskriminatoren-cerkev-sporocila-da-ne-more-blagosloviti-homoseksualnih-parov-saj-ne-more-blagosloviti-greha\/","og_locale":"sl_SI","og_type":"article","og_title":"O\u010ditno Vatikan pod vodstvom pape\u017ea Fran\u010di\u0161ka ni ni\u010d manj diskriminatoren: Cerkev sporo\u010dila, da ne more blagosloviti homoseksualnih parov, saj ne more blagosloviti greha - Hudo Slovenija","og_description":"Katoli\u0161ka cerkev glede na nov dekret iz Vatikana ne more blagosloviti istospolnih partnerstev. V pojasnilu so zapisali, da ne morejo blagosloviti greha. Ob tem so dodali, da ne gre za diskriminacijo in da pri tak\u0161nih zvezah priznavajo pozitivne elemente, poro\u010dajo tuje tiskovne agencije.","og_url":"https:\/\/hudo.com\/si\/aktualno\/svet\/ocitno-vatikan-pod-vodstvom-papeza-franciska-ni-nic-manj-diskriminatoren-cerkev-sporocila-da-ne-more-blagosloviti-homoseksualnih-parov-saj-ne-more-blagosloviti-greha\/","og_site_name":"Hudo Slovenija","article_publisher":"https:\/\/www.facebook.com\/hudo.si","article_published_time":"2021-03-15T14:28:19+00:00","og_image":[{"width":1250,"height":937,"url":"https:\/\/hudo.com\/si\/wp-content\/uploads\/sites\/2\/2017\/01\/profimedia-0205175352.jpg","type":"image\/jpeg"}],"author":"M. N., STA","twitter_card":"summary_large_image","twitter_creator":"@hudo_si","twitter_site":"@hudo_si","twitter_misc":{"Written by":"M. N., STA","Est. reading time":"1 minuta"},"schema":{"@context":"https:\/\/schema.org","@graph":[{"@type":"Article","@id":"https:\/\/hudo.com\/si\/aktualno\/svet\/ocitno-vatikan-pod-vodstvom-papeza-franciska-ni-nic-manj-diskriminatoren-cerkev-sporocila-da-ne-more-blagosloviti-homoseksualnih-parov-saj-ne-more-blagosloviti-greha\/#article","isPartOf":{"@id":"https:\/\/hudo.com\/si\/aktualno\/svet\/ocitno-vatikan-pod-vodstvom-papeza-franciska-ni-nic-manj-diskriminatoren-cerkev-sporocila-da-ne-more-blagosloviti-homoseksualnih-parov-saj-ne-more-blagosloviti-greha\/"},"author":{"name":"M. N., STA","@id":"https:\/\/hudo.com\/si\/#\/schema\/person\/c2f10ce65d2e6ede2aeda5be2a0611fa"},"headline":"O\u010ditno Vatikan pod vodstvom pape\u017ea Fran\u010di\u0161ka ni ni\u010d manj diskriminatoren: Cerkev sporo\u010dila, da ne more blagosloviti homoseksualnih parov, saj ne more blagosloviti greha","datePublished":"2021-03-15T14:28:19+00:00","dateModified":"2021-03-15T14:28:19+00:00","mainEntityOfPage":{"@id":"https:\/\/hudo.com\/si\/aktualno\/svet\/ocitno-vatikan-pod-vodstvom-papeza-franciska-ni-nic-manj-diskriminatoren-cerkev-sporocila-da-ne-more-blagosloviti-homoseksualnih-parov-saj-ne-more-blagosloviti-greha\/"},"wordCount":164,"publisher":{"@id":"https:\/\/hudo.com\/si\/#organization"},"keywords":["homoseksualni pari","homoseksualnost","katoli\u0161ka cerkev","pape\u017e","vatikan"],"articleSection":["Svet"],"inLanguage":"sl-SI"},{"@type":"WebPage","@id":"https:\/\/hudo.com\/si\/aktualno\/svet\/ocitno-vatikan-pod-vodstvom-papeza-franciska-ni-nic-manj-diskriminatoren-cerkev-sporocila-da-ne-more-blagosloviti-homoseksualnih-parov-saj-ne-more-blagosloviti-greha\/","url":"https:\/\/hudo.com\/si\/aktualno\/svet\/ocitno-vatikan-pod-vodstvom-papeza-franciska-ni-nic-manj-diskriminatoren-cerkev-sporocila-da-ne-more-blagosloviti-homoseksualnih-parov-saj-ne-more-blagosloviti-greha\/","name":"O\u010ditno Vatikan pod vodstvom pape\u017ea Fran\u010di\u0161ka ni ni\u010d manj diskriminatoren: Cerkev sporo\u010dila, da ne more blagosloviti homoseksualnih parov, saj ne more blagosloviti greha - Hudo Slovenija","isPartOf":{"@id":"https:\/\/hudo.com\/si\/#website"},"datePublished":"2021-03-15T14:28:19+00:00","dateModified":"2021-03-15T14:28:19+00:00","breadcrumb":{"@id":"https:\/\/hudo.com\/si\/aktualno\/svet\/ocitno-vatikan-pod-vodstvom-papeza-franciska-ni-nic-manj-diskriminatoren-cerkev-sporocila-da-ne-more-blagosloviti-homoseksualnih-parov-saj-ne-more-blagosloviti-greha\/#breadcrumb"},"inLanguage":"sl-SI","potentialAction":[{"@type":"ReadAction","target":["https:\/\/hudo.com\/si\/aktualno\/svet\/ocitno-vatikan-pod-vodstvom-papeza-franciska-ni-nic-manj-diskriminatoren-cerkev-sporocila-da-ne-more-blagosloviti-homoseksualnih-parov-saj-ne-more-blagosloviti-greha\/"]}]},{"@type":"BreadcrumbList","@id":"https:\/\/hudo.com\/si\/aktualno\/svet\/ocitno-vatikan-pod-vodstvom-papeza-franciska-ni-nic-manj-diskriminatoren-cerkev-sporocila-da-ne-more-blagosloviti-homoseksualnih-parov-saj-ne-more-blagosloviti-greha\/#breadcrumb","itemListElement":[{"@type":"ListItem","position":1,"name":"Home","item":"https:\/\/hudo.com\/si\/"},{"@type":"ListItem","position":2,"name":"O\u010ditno Vatikan pod vodstvom pape\u017ea Fran\u010di\u0161ka ni ni\u010d manj diskriminatoren: Cerkev sporo\u010dila, da ne more blagosloviti homoseksualnih parov, saj ne more blagosloviti greha"}]},{"@type":"WebSite","@id":"https:\/\/hudo.com\/si\/#website","url":"https:\/\/hudo.com\/si\/","name":"Hudo Slovenija","description":"Vse novice iz Slovenije in sveta","publisher":{"@id":"https:\/\/hudo.com\/si\/#organization"},"potentialAction":[{"@type":"SearchAction","target":{"@type":"EntryPoint","urlTemplate":"https:\/\/hudo.com\/si\/?s={search_term_string}"},"query-input":"required name=search_term_string"}],"inLanguage":"sl-SI"},{"@type":"Organization","@id":"https:\/\/hudo.com\/si\/#organization","name":"VSN Media","url":"https:\/\/hudo.com\/si\/","logo":{"@type":"ImageObject","inLanguage":"sl-SI","@id":"https:\/\/hudo.com\/si\/#\/schema\/logo\/image\/","url":"https:\/\/hudo.com\/si\/wp-content\/uploads\/sites\/2\/2021\/03\/hudo-app-2.png","contentUrl":"https:\/\/hudo.com\/si\/wp-content\/uploads\/sites\/2\/2021\/03\/hudo-app-2.png","width":2185,"height":2167,"caption":"VSN Media"},"image":{"@id":"https:\/\/hudo.com\/si\/#\/schema\/logo\/image\/"},"sameAs":["https:\/\/www.facebook.com\/hudo.si","https:\/\/twitter.com\/hudo_si"]},{"@type":"Person","@id":"https:\/\/hudo.com\/si\/#\/schema\/person\/c2f10ce65d2e6ede2aeda5be2a0611fa","name":"M. N., STA","image":{"@type":"ImageObject","inLanguage":"sl-SI","@id":"https:\/\/hudo.com\/si\/#\/schema\/person\/image\/","url":"https:\/\/secure.gravatar.com\/avatar\/f370d38daa10467f755c5c766a4cac20?s=96&d=mm&r=g","contentUrl":"https:\/\/secure.gravatar.com\/avatar\/f370d38daa10467f755c5c766a4cac20?s=96&d=mm&r=g","caption":"M. N., STA"},"url":"https:\/\/hudo.com\/si\/author\/mana\/"}]}},"amp_enabled":true,"_links":{"self":[{"href":"https:\/\/hudo.com\/si\/wp-json\/wp\/v2\/posts\/447405"}],"collection":[{"href":"https:\/\/hudo.com\/si\/wp-json\/wp\/v2\/posts"}],"about":[{"href":"https:\/\/hudo.com\/si\/wp-json\/wp\/v2\/types\/post"}],"author":[{"embeddable":true,"href":"https:\/\/hudo.com\/si\/wp-json\/wp\/v2\/users\/8"}],"replies":[{"embeddable":true,"href":"https:\/\/hudo.com\/si\/wp-json\/wp\/v2\/comments?post=447405"}],"version-history":[{"count":1,"href":"https:\/\/hudo.com\/si\/wp-json\/wp\/v2\/posts\/447405\/revisions"}],"predecessor-version":[{"id":447406,"href":"https:\/\/hudo.com\/si\/wp-json\/wp\/v2\/posts\/447405\/revisions\/447406"}],"wp:featuredmedia":[{"embeddable":true,"href":"https:\/\/hudo.com\/si\/wp-json\/wp\/v2\/media\/184085"}],"wp:attachment":[{"href":"https:\/\/hudo.com\/si\/wp-json\/wp\/v2\/media?parent=447405"}],"wp:term":[{"taxonomy":"category","embeddable":true,"href":"https:\/\/hudo.com\/si\/wp-json\/wp\/v2\/categories?post=447405"},{"taxonomy":"post_tag","embeddable":true,"href":"https:\/\/hudo.com\/si\/wp-json\/wp\/v2\/tags?post=447405"},{"taxonomy":"source","embeddable":true,"href":"https:\/\/hudo.com\/si\/wp-json\/wp\/v2\/source?post=447405"},{"taxonomy":"supertag","embeddable":true,"href":"https:\/\/hudo.com\/si\/wp-json\/wp\/v2\/supertag?post=447405"}],"curies":[{"name":"wp","href":"https:\/\/api.w.org\/{rel}","templated":true}]}}