{"id":447611,"date":"2021-03-17T19:20:56","date_gmt":"2021-03-17T18:20:56","guid":{"rendered":"https:\/\/hudo.com\/si\/?p=447611"},"modified":"2021-03-17T19:20:56","modified_gmt":"2021-03-17T18:20:56","slug":"koliko-odmerkov-cepiva-bo-eu-prejela-v-prvem-polletju","status":"publish","type":"post","link":"https:\/\/hudo.com\/si\/aktualno\/koliko-odmerkov-cepiva-bo-eu-prejela-v-prvem-polletju\/","title":{"rendered":"Koliko odmerkov cepiva bo EU prejela v prvem polletju?"},"content":{"rendered":"<p>&#8220;Za\u010detek je bil te\u017eak, kot se je pri\u010dakovalo,&#8221; je poudarila von der Leynova na novinarski konferenci, na kateri je orisala polo\u017eaj glede cepiv dva tedna pred iztekom prvega \u010detrtletja leta. A razmere se izbolj\u0161ujejo.<\/p>\n<p>BioNTech in Pfizer ter Moderna v prvem \u010detrtletju dobavljajo v skladu s pogodbo. Od BioNTecha in Pfizerja bo unija v omenjenem obdobju dobila 66 milijonov odmerkov, od Moderne pa deset milijonov, je pojasnila predsednica.<\/p>\n<p>AstraZeneca pa je po navedbah von der Leynove \u017eal proizvedla in dobavila manj, kot bi morala po pogodbenih obveznostih, kar je bole\u010de zmanj\u0161alo hitrost cepljenja. To britansko-\u0161vedsko podjetje bi moralo v prvem \u010detrtletju dobaviti 90 milijonov odmerkov. To \u0161tevilko je sprva zmanj\u0161alo na 40 milijonov, nato pa na 30 milijonov.<\/p>\n<p>\u010ce bo AstraZeneca dobavila, kar je nazadnje obljubila, bo EU od konca decembra lani, ko se je za\u010delo cepljenje, do konca marca dobila 106 milijonov odmerkov cepiv.<\/p>\n<p>V drugem \u010detrtletju, v za\u010detku aprila, se bo trojici cepiv pridru\u017eilo \u0161e cepivo dru\u017ebe Johnson &amp; Johnson, ki naj bi v tem obdobju dobavila 55 milijonov odmerkov cepiv. To cepivo je doslej edino, ki se daje v enem odmerku.<\/p>\n<p>BioNTech in Pfizer naj bi v drugem \u010detrtletju zagotovila 200 milijonov odmerkov, Moderna 35 milijonov, AstraZeneca pa le 70 milijonov, medtem ko bi jih po pogodbi morala dobaviti 180 milijonov.<\/p>\n<p>Ob upo\u0161tevanju vseh na\u0161tetih \u0161tevilk torej unija v drugem \u010detrtletju ra\u010duna na 360 milijonov odmerkov cepiv.<\/p>\n<p>EU si je zastavila cilj, da se do konca poletja cepi 70 odstotkov vseh odraslih. Z navedenimi odmerki lahko unija do konca junija cepi 260 milijonov ljudi, kar je okoli 58 odstotkov.<\/p>\n<p>Evropski komisar za notranji trg Thierry Breton pa je izpostavil, da je EU doslej dobila 69,8 milijona odmerkov cepiv, uporabila pa je 52,4 milijona odmerkov. 15,2 milijona odmerkov so rezervirali, da se zagotovi drugi odmerek. Ostane 2,2 milijona odmerkov. To je razlika med dobavljenimi in uporabljenimi cepivi.<\/p>\n","protected":false},"excerpt":{"rendered":"<p>Predsednica Evropske komisije Ursula von der Leyen je danes navedla koli\u010dine odmerkov cepiv, ki jih EU je oziroma naj bi jih dobila v prvem polletju. V prvem \u010detrtletju, ki se kon\u010duje, naj bi dobila 106 milijonov odmerkov, v drugem pa ra\u010duna na 360 milijonov. S tem bi lahko do konca junija cepili 260 milijonov ljudi.<\/p>\n","protected":false},"author":5,"featured_media":447612,"comment_status":"closed","ping_status":"closed","sticky":false,"template":"","format":"standard","meta":{"footnotes":""},"categories":[1179],"tags":[],"source":[4511],"supertag":[],"acf":[],"yoast_head":"<!-- This site is optimized with the Yoast SEO plugin v21.3 - https:\/\/yoast.com\/wordpress\/plugins\/seo\/ -->\n<title>Koliko odmerkov cepiva bo EU prejela v prvem polletju? - Hudo Slovenija<\/title>\n<meta name=\"robots\" content=\"index, follow, max-snippet:-1, max-image-preview:large, max-video-preview:-1\" \/>\n<link rel=\"canonical\" href=\"https:\/\/hudo.com\/si\/aktualno\/koliko-odmerkov-cepiva-bo-eu-prejela-v-prvem-polletju\/\" \/>\n<meta property=\"og:locale\" content=\"sl_SI\" \/>\n<meta property=\"og:type\" content=\"article\" \/>\n<meta property=\"og:title\" content=\"Koliko odmerkov cepiva bo EU prejela v prvem polletju? - Hudo Slovenija\" \/>\n<meta property=\"og:description\" content=\"Predsednica Evropske komisije Ursula von der Leyen je danes navedla koli\u010dine odmerkov cepiv, ki jih EU je oziroma naj bi jih dobila v prvem polletju. V prvem \u010detrtletju, ki se kon\u010duje, naj bi dobila 106 milijonov odmerkov, v drugem pa ra\u010duna na 360 milijonov. S tem bi lahko do konca junija cepili 260 milijonov ljudi.\" \/>\n<meta property=\"og:url\" content=\"https:\/\/hudo.com\/si\/aktualno\/koliko-odmerkov-cepiva-bo-eu-prejela-v-prvem-polletju\/\" \/>\n<meta property=\"og:site_name\" content=\"Hudo Slovenija\" \/>\n<meta property=\"article:publisher\" content=\"https:\/\/www.facebook.com\/hudo.si\" \/>\n<meta property=\"article:published_time\" content=\"2021-03-17T18:20:56+00:00\" \/>\n<meta property=\"og:image\" content=\"https:\/\/hudo.com\/si\/wp-content\/uploads\/sites\/2\/2021\/03\/profimedia-0517401315.jpg\" \/>\n\t<meta property=\"og:image:width\" content=\"1250\" \/>\n\t<meta property=\"og:image:height\" content=\"833\" \/>\n\t<meta property=\"og:image:type\" content=\"image\/jpeg\" \/>\n<meta name=\"author\" content=\"A. G., STA\" \/>\n<meta name=\"twitter:card\" content=\"summary_large_image\" \/>\n<meta name=\"twitter:creator\" content=\"@hudo_si\" \/>\n<meta name=\"twitter:site\" content=\"@hudo_si\" \/>\n<meta name=\"twitter:label1\" content=\"Written by\" \/>\n\t<meta name=\"twitter:data1\" content=\"A. G., STA\" \/>\n\t<meta name=\"twitter:label2\" content=\"Est. reading time\" \/>\n\t<meta name=\"twitter:data2\" content=\"2 minuti\" \/>\n<script type=\"application\/ld+json\" class=\"yoast-schema-graph\">{\"@context\":\"https:\/\/schema.org\",\"@graph\":[{\"@type\":\"Article\",\"@id\":\"https:\/\/hudo.com\/si\/aktualno\/koliko-odmerkov-cepiva-bo-eu-prejela-v-prvem-polletju\/#article\",\"isPartOf\":{\"@id\":\"https:\/\/hudo.com\/si\/aktualno\/koliko-odmerkov-cepiva-bo-eu-prejela-v-prvem-polletju\/\"},\"author\":{\"name\":\"A. G., STA\",\"@id\":\"https:\/\/hudo.com\/si\/#\/schema\/person\/2391667a63ea075ba94f2f2dc6b77537\"},\"headline\":\"Koliko odmerkov cepiva bo EU prejela v prvem polletju?\",\"datePublished\":\"2021-03-17T18:20:56+00:00\",\"dateModified\":\"2021-03-17T18:20:56+00:00\",\"mainEntityOfPage\":{\"@id\":\"https:\/\/hudo.com\/si\/aktualno\/koliko-odmerkov-cepiva-bo-eu-prejela-v-prvem-polletju\/\"},\"wordCount\":316,\"publisher\":{\"@id\":\"https:\/\/hudo.com\/si\/#organization\"},\"articleSection\":[\"Aktualno\"],\"inLanguage\":\"sl-SI\"},{\"@type\":\"WebPage\",\"@id\":\"https:\/\/hudo.com\/si\/aktualno\/koliko-odmerkov-cepiva-bo-eu-prejela-v-prvem-polletju\/\",\"url\":\"https:\/\/hudo.com\/si\/aktualno\/koliko-odmerkov-cepiva-bo-eu-prejela-v-prvem-polletju\/\",\"name\":\"Koliko odmerkov cepiva bo EU prejela v prvem polletju? - Hudo Slovenija\",\"isPartOf\":{\"@id\":\"https:\/\/hudo.com\/si\/#website\"},\"datePublished\":\"2021-03-17T18:20:56+00:00\",\"dateModified\":\"2021-03-17T18:20:56+00:00\",\"breadcrumb\":{\"@id\":\"https:\/\/hudo.com\/si\/aktualno\/koliko-odmerkov-cepiva-bo-eu-prejela-v-prvem-polletju\/#breadcrumb\"},\"inLanguage\":\"sl-SI\",\"potentialAction\":[{\"@type\":\"ReadAction\",\"target\":[\"https:\/\/hudo.com\/si\/aktualno\/koliko-odmerkov-cepiva-bo-eu-prejela-v-prvem-polletju\/\"]}]},{\"@type\":\"BreadcrumbList\",\"@id\":\"https:\/\/hudo.com\/si\/aktualno\/koliko-odmerkov-cepiva-bo-eu-prejela-v-prvem-polletju\/#breadcrumb\",\"itemListElement\":[{\"@type\":\"ListItem\",\"position\":1,\"name\":\"Home\",\"item\":\"https:\/\/hudo.com\/si\/\"},{\"@type\":\"ListItem\",\"position\":2,\"name\":\"Koliko odmerkov cepiva bo EU prejela v prvem polletju?\"}]},{\"@type\":\"WebSite\",\"@id\":\"https:\/\/hudo.com\/si\/#website\",\"url\":\"https:\/\/hudo.com\/si\/\",\"name\":\"Hudo Slovenija\",\"description\":\"Vse novice iz Slovenije in sveta\",\"publisher\":{\"@id\":\"https:\/\/hudo.com\/si\/#organization\"},\"potentialAction\":[{\"@type\":\"SearchAction\",\"target\":{\"@type\":\"EntryPoint\",\"urlTemplate\":\"https:\/\/hudo.com\/si\/?s={search_term_string}\"},\"query-input\":\"required name=search_term_string\"}],\"inLanguage\":\"sl-SI\"},{\"@type\":\"Organization\",\"@id\":\"https:\/\/hudo.com\/si\/#organization\",\"name\":\"VSN Media\",\"url\":\"https:\/\/hudo.com\/si\/\",\"logo\":{\"@type\":\"ImageObject\",\"inLanguage\":\"sl-SI\",\"@id\":\"https:\/\/hudo.com\/si\/#\/schema\/logo\/image\/\",\"url\":\"https:\/\/hudo.com\/si\/wp-content\/uploads\/sites\/2\/2021\/03\/hudo-app-2.png\",\"contentUrl\":\"https:\/\/hudo.com\/si\/wp-content\/uploads\/sites\/2\/2021\/03\/hudo-app-2.png\",\"width\":2185,\"height\":2167,\"caption\":\"VSN Media\"},\"image\":{\"@id\":\"https:\/\/hudo.com\/si\/#\/schema\/logo\/image\/\"},\"sameAs\":[\"https:\/\/www.facebook.com\/hudo.si\",\"https:\/\/twitter.com\/hudo_si\"]},{\"@type\":\"Person\",\"@id\":\"https:\/\/hudo.com\/si\/#\/schema\/person\/2391667a63ea075ba94f2f2dc6b77537\",\"name\":\"A. G., STA\",\"image\":{\"@type\":\"ImageObject\",\"inLanguage\":\"sl-SI\",\"@id\":\"https:\/\/hudo.com\/si\/#\/schema\/person\/image\/\",\"url\":\"https:\/\/secure.gravatar.com\/avatar\/e13d22ac3e442658d5025fbbe6238a79?s=96&d=mm&r=g\",\"contentUrl\":\"https:\/\/secure.gravatar.com\/avatar\/e13d22ac3e442658d5025fbbe6238a79?s=96&d=mm&r=g\",\"caption\":\"A. G., STA\"},\"url\":\"https:\/\/hudo.com\/si\/author\/alenka\/\"}]}<\/script>\n<!-- \/ Yoast SEO plugin. -->","yoast_head_json":{"title":"Koliko odmerkov cepiva bo EU prejela v prvem polletju? - Hudo Slovenija","robots":{"index":"index","follow":"follow","max-snippet":"max-snippet:-1","max-image-preview":"max-image-preview:large","max-video-preview":"max-video-preview:-1"},"canonical":"https:\/\/hudo.com\/si\/aktualno\/koliko-odmerkov-cepiva-bo-eu-prejela-v-prvem-polletju\/","og_locale":"sl_SI","og_type":"article","og_title":"Koliko odmerkov cepiva bo EU prejela v prvem polletju? - Hudo Slovenija","og_description":"Predsednica Evropske komisije Ursula von der Leyen je danes navedla koli\u010dine odmerkov cepiv, ki jih EU je oziroma naj bi jih dobila v prvem polletju. V prvem \u010detrtletju, ki se kon\u010duje, naj bi dobila 106 milijonov odmerkov, v drugem pa ra\u010duna na 360 milijonov. S tem bi lahko do konca junija cepili 260 milijonov ljudi.","og_url":"https:\/\/hudo.com\/si\/aktualno\/koliko-odmerkov-cepiva-bo-eu-prejela-v-prvem-polletju\/","og_site_name":"Hudo Slovenija","article_publisher":"https:\/\/www.facebook.com\/hudo.si","article_published_time":"2021-03-17T18:20:56+00:00","og_image":[{"width":1250,"height":833,"url":"https:\/\/hudo.com\/si\/wp-content\/uploads\/sites\/2\/2021\/03\/profimedia-0517401315.jpg","type":"image\/jpeg"}],"author":"A. G., STA","twitter_card":"summary_large_image","twitter_creator":"@hudo_si","twitter_site":"@hudo_si","twitter_misc":{"Written by":"A. G., STA","Est. reading time":"2 minuti"},"schema":{"@context":"https:\/\/schema.org","@graph":[{"@type":"Article","@id":"https:\/\/hudo.com\/si\/aktualno\/koliko-odmerkov-cepiva-bo-eu-prejela-v-prvem-polletju\/#article","isPartOf":{"@id":"https:\/\/hudo.com\/si\/aktualno\/koliko-odmerkov-cepiva-bo-eu-prejela-v-prvem-polletju\/"},"author":{"name":"A. G., STA","@id":"https:\/\/hudo.com\/si\/#\/schema\/person\/2391667a63ea075ba94f2f2dc6b77537"},"headline":"Koliko odmerkov cepiva bo EU prejela v prvem polletju?","datePublished":"2021-03-17T18:20:56+00:00","dateModified":"2021-03-17T18:20:56+00:00","mainEntityOfPage":{"@id":"https:\/\/hudo.com\/si\/aktualno\/koliko-odmerkov-cepiva-bo-eu-prejela-v-prvem-polletju\/"},"wordCount":316,"publisher":{"@id":"https:\/\/hudo.com\/si\/#organization"},"articleSection":["Aktualno"],"inLanguage":"sl-SI"},{"@type":"WebPage","@id":"https:\/\/hudo.com\/si\/aktualno\/koliko-odmerkov-cepiva-bo-eu-prejela-v-prvem-polletju\/","url":"https:\/\/hudo.com\/si\/aktualno\/koliko-odmerkov-cepiva-bo-eu-prejela-v-prvem-polletju\/","name":"Koliko odmerkov cepiva bo EU prejela v prvem polletju? - Hudo Slovenija","isPartOf":{"@id":"https:\/\/hudo.com\/si\/#website"},"datePublished":"2021-03-17T18:20:56+00:00","dateModified":"2021-03-17T18:20:56+00:00","breadcrumb":{"@id":"https:\/\/hudo.com\/si\/aktualno\/koliko-odmerkov-cepiva-bo-eu-prejela-v-prvem-polletju\/#breadcrumb"},"inLanguage":"sl-SI","potentialAction":[{"@type":"ReadAction","target":["https:\/\/hudo.com\/si\/aktualno\/koliko-odmerkov-cepiva-bo-eu-prejela-v-prvem-polletju\/"]}]},{"@type":"BreadcrumbList","@id":"https:\/\/hudo.com\/si\/aktualno\/koliko-odmerkov-cepiva-bo-eu-prejela-v-prvem-polletju\/#breadcrumb","itemListElement":[{"@type":"ListItem","position":1,"name":"Home","item":"https:\/\/hudo.com\/si\/"},{"@type":"ListItem","position":2,"name":"Koliko odmerkov cepiva bo EU prejela v prvem polletju?"}]},{"@type":"WebSite","@id":"https:\/\/hudo.com\/si\/#website","url":"https:\/\/hudo.com\/si\/","name":"Hudo Slovenija","description":"Vse novice iz Slovenije in sveta","publisher":{"@id":"https:\/\/hudo.com\/si\/#organization"},"potentialAction":[{"@type":"SearchAction","target":{"@type":"EntryPoint","urlTemplate":"https:\/\/hudo.com\/si\/?s={search_term_string}"},"query-input":"required name=search_term_string"}],"inLanguage":"sl-SI"},{"@type":"Organization","@id":"https:\/\/hudo.com\/si\/#organization","name":"VSN Media","url":"https:\/\/hudo.com\/si\/","logo":{"@type":"ImageObject","inLanguage":"sl-SI","@id":"https:\/\/hudo.com\/si\/#\/schema\/logo\/image\/","url":"https:\/\/hudo.com\/si\/wp-content\/uploads\/sites\/2\/2021\/03\/hudo-app-2.png","contentUrl":"https:\/\/hudo.com\/si\/wp-content\/uploads\/sites\/2\/2021\/03\/hudo-app-2.png","width":2185,"height":2167,"caption":"VSN Media"},"image":{"@id":"https:\/\/hudo.com\/si\/#\/schema\/logo\/image\/"},"sameAs":["https:\/\/www.facebook.com\/hudo.si","https:\/\/twitter.com\/hudo_si"]},{"@type":"Person","@id":"https:\/\/hudo.com\/si\/#\/schema\/person\/2391667a63ea075ba94f2f2dc6b77537","name":"A. G., STA","image":{"@type":"ImageObject","inLanguage":"sl-SI","@id":"https:\/\/hudo.com\/si\/#\/schema\/person\/image\/","url":"https:\/\/secure.gravatar.com\/avatar\/e13d22ac3e442658d5025fbbe6238a79?s=96&d=mm&r=g","contentUrl":"https:\/\/secure.gravatar.com\/avatar\/e13d22ac3e442658d5025fbbe6238a79?s=96&d=mm&r=g","caption":"A. G., STA"},"url":"https:\/\/hudo.com\/si\/author\/alenka\/"}]}},"amp_enabled":true,"_links":{"self":[{"href":"https:\/\/hudo.com\/si\/wp-json\/wp\/v2\/posts\/447611"}],"collection":[{"href":"https:\/\/hudo.com\/si\/wp-json\/wp\/v2\/posts"}],"about":[{"href":"https:\/\/hudo.com\/si\/wp-json\/wp\/v2\/types\/post"}],"author":[{"embeddable":true,"href":"https:\/\/hudo.com\/si\/wp-json\/wp\/v2\/users\/5"}],"replies":[{"embeddable":true,"href":"https:\/\/hudo.com\/si\/wp-json\/wp\/v2\/comments?post=447611"}],"version-history":[{"count":1,"href":"https:\/\/hudo.com\/si\/wp-json\/wp\/v2\/posts\/447611\/revisions"}],"predecessor-version":[{"id":447613,"href":"https:\/\/hudo.com\/si\/wp-json\/wp\/v2\/posts\/447611\/revisions\/447613"}],"wp:featuredmedia":[{"embeddable":true,"href":"https:\/\/hudo.com\/si\/wp-json\/wp\/v2\/media\/447612"}],"wp:attachment":[{"href":"https:\/\/hudo.com\/si\/wp-json\/wp\/v2\/media?parent=447611"}],"wp:term":[{"taxonomy":"category","embeddable":true,"href":"https:\/\/hudo.com\/si\/wp-json\/wp\/v2\/categories?post=447611"},{"taxonomy":"post_tag","embeddable":true,"href":"https:\/\/hudo.com\/si\/wp-json\/wp\/v2\/tags?post=447611"},{"taxonomy":"source","embeddable":true,"href":"https:\/\/hudo.com\/si\/wp-json\/wp\/v2\/source?post=447611"},{"taxonomy":"supertag","embeddable":true,"href":"https:\/\/hudo.com\/si\/wp-json\/wp\/v2\/supertag?post=447611"}],"curies":[{"name":"wp","href":"https:\/\/api.w.org\/{rel}","templated":true}]}}