{"id":447684,"date":"2021-03-18T13:04:37","date_gmt":"2021-03-18T12:04:37","guid":{"rendered":"https:\/\/hudo.com\/si\/?p=447684"},"modified":"2021-03-18T13:04:37","modified_gmt":"2021-03-18T12:04:37","slug":"krek-v-naslednjih-tednih-nas-najverjetneje-caka-nov-epidemicni-val","status":"publish","type":"post","link":"https:\/\/hudo.com\/si\/aktualno\/slovenija\/krek-v-naslednjih-tednih-nas-najverjetneje-caka-nov-epidemicni-val\/","title":{"rendered":"Krek: V naslednjih tednih nas najverjetneje \u010daka nov epidemi\u010dni val"},"content":{"rendered":"<p>Pandemija covida-19 v svetu se razvija naprej, \u0161tevilo oku\u017eenih se pove\u010duje. EU je eno najbolj ogro\u017eenih obmo\u010dij, situacija se v nekaterih dr\u017eavah celo poslab\u0161uje, je epidemiolo\u0161ke razmere na dana\u0161nji novinarski konferenci opisal Krek. Med drugim je izpostavil \u010ce\u0161ko, kjer je situacija tako te\u017eka, da so morali zaprositi za mednarodno pomo\u010d.<\/p>\n<p>V Sloveniji se je v primerjavi z ostalimi evropskimi dr\u017eavami zmanj\u0161alo \u0161tevilo smrtnih primerov, a Kreka tudi v lu\u010di novih razli\u010dic koronavirusa skrbi dnevno dvigovanje \u0161tevila oku\u017eb.<\/p>\n<p>Ob tem je opozoril, da v zadnjih dneh \u0161tevilo novih primerov v marsikateri regiji raste, po dana\u0161njih podatkih je v rumeni fazi le \u0161e posavska regija. Zato je ponovno pozval k spo\u0161tovanju vseh za\u0161\u010ditnih ukrepov.<\/p>\n<p>Meni sicer, da bo vrh epidemi\u010dnega vala, ki nas najverjetneje \u010daka v prihodnjih tednih, nizek, \u010de se bomo zelo dobro dr\u017eali vseh preventivnih ukrepov. Na milej\u0161i potek naslednja vala bi bo Krekovih besedah lahko vplivalo tudi \u0161tevilo cepljenih oseb in tistih, ki so covid-19 \u017ee preboleli.<\/p>\n<p>Kot je \u0161e izpostavil, je napa\u010dno mi\u0161ljenje, da je oku\u017eba nevarna samo starej\u0161im. Pri njih je res vi\u0161ja smrtnost, a tudi mlaj\u0161i zbolijo s te\u017ekim potekom bolezni in imajo lahko dolgoro\u010dne posledice.<\/p>\n<p>Strokovno svetovalno skupino za covid-19 pri ministrstvu za zdravje skrbijo spro\u0161\u010danja ukrepov za zajezitev \u0161irjenja oku\u017ebe, kar so po Krekovih navedbah v sredo tudi sporo\u010dili politikom. Vsi napori so namre\u010d usmerjeni v to, da se pouk do konca \u0161olskega leta izvaja v \u0161olah.<\/p>\n","protected":false},"excerpt":{"rendered":"<p>Direktor Nacionalnega in\u0161tituta za javno zdravje (NIJZ) Milan Krek je danes opozoril, da nas v naslednjih tednih najverjetneje \u010daka nov epidemi\u010dni val covida-19, ki se bo v posameznih dr\u017eavah razvijal razli\u010dno. Ob tem Kreka skrbijo tudi nove, bolj ku\u017ene razli\u010dice koronavirusa, strokovno posvetovalno skupino pa dodatna spro\u0161\u010danja ukrepov.<\/p>\n","protected":false},"author":5,"featured_media":442423,"comment_status":"closed","ping_status":"closed","sticky":false,"template":"","format":"standard","meta":{"footnotes":""},"categories":[18201],"tags":[6026,15632,16110,1595],"source":[4511],"supertag":[5675],"acf":[],"yoast_head":"<!-- This site is optimized with the Yoast SEO plugin v21.3 - https:\/\/yoast.com\/wordpress\/plugins\/seo\/ -->\n<title>Krek: V naslednjih tednih nas najverjetneje \u010daka nov epidemi\u010dni val - Hudo Slovenija<\/title>\n<meta name=\"robots\" content=\"index, follow, max-snippet:-1, max-image-preview:large, max-video-preview:-1\" \/>\n<link rel=\"canonical\" href=\"https:\/\/hudo.com\/si\/aktualno\/slovenija\/krek-v-naslednjih-tednih-nas-najverjetneje-caka-nov-epidemicni-val\/\" \/>\n<meta property=\"og:locale\" content=\"sl_SI\" \/>\n<meta property=\"og:type\" content=\"article\" \/>\n<meta property=\"og:title\" content=\"Krek: V naslednjih tednih nas najverjetneje \u010daka nov epidemi\u010dni val - Hudo Slovenija\" \/>\n<meta property=\"og:description\" content=\"Direktor Nacionalnega in\u0161tituta za javno zdravje (NIJZ) Milan Krek je danes opozoril, da nas v naslednjih tednih najverjetneje \u010daka nov epidemi\u010dni val covida-19, ki se bo v posameznih dr\u017eavah razvijal razli\u010dno. Ob tem Kreka skrbijo tudi nove, bolj ku\u017ene razli\u010dice koronavirusa, strokovno posvetovalno skupino pa dodatna spro\u0161\u010danja ukrepov.\" \/>\n<meta property=\"og:url\" content=\"https:\/\/hudo.com\/si\/aktualno\/slovenija\/krek-v-naslednjih-tednih-nas-najverjetneje-caka-nov-epidemicni-val\/\" \/>\n<meta property=\"og:site_name\" content=\"Hudo Slovenija\" \/>\n<meta property=\"article:publisher\" content=\"https:\/\/www.facebook.com\/hudo.si\" \/>\n<meta property=\"article:published_time\" content=\"2021-03-18T12:04:37+00:00\" \/>\n<meta property=\"og:image\" content=\"https:\/\/hudo.com\/si\/wp-content\/uploads\/sites\/2\/2021\/01\/Screenshot-from-2021-01-12-17-44-43.png\" \/>\n\t<meta property=\"og:image:width\" content=\"633\" \/>\n\t<meta property=\"og:image:height\" content=\"422\" \/>\n\t<meta property=\"og:image:type\" content=\"image\/png\" \/>\n<meta name=\"author\" content=\"A. G., STA\" \/>\n<meta name=\"twitter:card\" content=\"summary_large_image\" \/>\n<meta name=\"twitter:creator\" content=\"@hudo_si\" \/>\n<meta name=\"twitter:site\" content=\"@hudo_si\" \/>\n<meta name=\"twitter:label1\" content=\"Written by\" \/>\n\t<meta name=\"twitter:data1\" content=\"A. G., STA\" \/>\n\t<meta name=\"twitter:label2\" content=\"Est. reading time\" \/>\n\t<meta name=\"twitter:data2\" content=\"1 minuta\" \/>\n<script type=\"application\/ld+json\" class=\"yoast-schema-graph\">{\"@context\":\"https:\/\/schema.org\",\"@graph\":[{\"@type\":\"Article\",\"@id\":\"https:\/\/hudo.com\/si\/aktualno\/slovenija\/krek-v-naslednjih-tednih-nas-najverjetneje-caka-nov-epidemicni-val\/#article\",\"isPartOf\":{\"@id\":\"https:\/\/hudo.com\/si\/aktualno\/slovenija\/krek-v-naslednjih-tednih-nas-najverjetneje-caka-nov-epidemicni-val\/\"},\"author\":{\"name\":\"A. G., STA\",\"@id\":\"https:\/\/hudo.com\/si\/#\/schema\/person\/2391667a63ea075ba94f2f2dc6b77537\"},\"headline\":\"Krek: V naslednjih tednih nas najverjetneje \u010daka nov epidemi\u010dni val\",\"datePublished\":\"2021-03-18T12:04:37+00:00\",\"dateModified\":\"2021-03-18T12:04:37+00:00\",\"mainEntityOfPage\":{\"@id\":\"https:\/\/hudo.com\/si\/aktualno\/slovenija\/krek-v-naslednjih-tednih-nas-najverjetneje-caka-nov-epidemicni-val\/\"},\"wordCount\":276,\"publisher\":{\"@id\":\"https:\/\/hudo.com\/si\/#organization\"},\"keywords\":[\"epidemija\",\"koronavirus\",\"Milan Krek\",\"Slovenija\"],\"articleSection\":[\"Slovenija\"],\"inLanguage\":\"sl-SI\"},{\"@type\":\"WebPage\",\"@id\":\"https:\/\/hudo.com\/si\/aktualno\/slovenija\/krek-v-naslednjih-tednih-nas-najverjetneje-caka-nov-epidemicni-val\/\",\"url\":\"https:\/\/hudo.com\/si\/aktualno\/slovenija\/krek-v-naslednjih-tednih-nas-najverjetneje-caka-nov-epidemicni-val\/\",\"name\":\"Krek: V naslednjih tednih nas najverjetneje \u010daka nov epidemi\u010dni val - Hudo Slovenija\",\"isPartOf\":{\"@id\":\"https:\/\/hudo.com\/si\/#website\"},\"datePublished\":\"2021-03-18T12:04:37+00:00\",\"dateModified\":\"2021-03-18T12:04:37+00:00\",\"breadcrumb\":{\"@id\":\"https:\/\/hudo.com\/si\/aktualno\/slovenija\/krek-v-naslednjih-tednih-nas-najverjetneje-caka-nov-epidemicni-val\/#breadcrumb\"},\"inLanguage\":\"sl-SI\",\"potentialAction\":[{\"@type\":\"ReadAction\",\"target\":[\"https:\/\/hudo.com\/si\/aktualno\/slovenija\/krek-v-naslednjih-tednih-nas-najverjetneje-caka-nov-epidemicni-val\/\"]}]},{\"@type\":\"BreadcrumbList\",\"@id\":\"https:\/\/hudo.com\/si\/aktualno\/slovenija\/krek-v-naslednjih-tednih-nas-najverjetneje-caka-nov-epidemicni-val\/#breadcrumb\",\"itemListElement\":[{\"@type\":\"ListItem\",\"position\":1,\"name\":\"Home\",\"item\":\"https:\/\/hudo.com\/si\/\"},{\"@type\":\"ListItem\",\"position\":2,\"name\":\"Krek: V naslednjih tednih nas najverjetneje \u010daka nov epidemi\u010dni val\"}]},{\"@type\":\"WebSite\",\"@id\":\"https:\/\/hudo.com\/si\/#website\",\"url\":\"https:\/\/hudo.com\/si\/\",\"name\":\"Hudo Slovenija\",\"description\":\"Vse novice iz Slovenije in sveta\",\"publisher\":{\"@id\":\"https:\/\/hudo.com\/si\/#organization\"},\"potentialAction\":[{\"@type\":\"SearchAction\",\"target\":{\"@type\":\"EntryPoint\",\"urlTemplate\":\"https:\/\/hudo.com\/si\/?s={search_term_string}\"},\"query-input\":\"required name=search_term_string\"}],\"inLanguage\":\"sl-SI\"},{\"@type\":\"Organization\",\"@id\":\"https:\/\/hudo.com\/si\/#organization\",\"name\":\"VSN Media\",\"url\":\"https:\/\/hudo.com\/si\/\",\"logo\":{\"@type\":\"ImageObject\",\"inLanguage\":\"sl-SI\",\"@id\":\"https:\/\/hudo.com\/si\/#\/schema\/logo\/image\/\",\"url\":\"https:\/\/hudo.com\/si\/wp-content\/uploads\/sites\/2\/2021\/03\/hudo-app-2.png\",\"contentUrl\":\"https:\/\/hudo.com\/si\/wp-content\/uploads\/sites\/2\/2021\/03\/hudo-app-2.png\",\"width\":2185,\"height\":2167,\"caption\":\"VSN Media\"},\"image\":{\"@id\":\"https:\/\/hudo.com\/si\/#\/schema\/logo\/image\/\"},\"sameAs\":[\"https:\/\/www.facebook.com\/hudo.si\",\"https:\/\/twitter.com\/hudo_si\"]},{\"@type\":\"Person\",\"@id\":\"https:\/\/hudo.com\/si\/#\/schema\/person\/2391667a63ea075ba94f2f2dc6b77537\",\"name\":\"A. G., STA\",\"image\":{\"@type\":\"ImageObject\",\"inLanguage\":\"sl-SI\",\"@id\":\"https:\/\/hudo.com\/si\/#\/schema\/person\/image\/\",\"url\":\"https:\/\/secure.gravatar.com\/avatar\/e13d22ac3e442658d5025fbbe6238a79?s=96&d=mm&r=g\",\"contentUrl\":\"https:\/\/secure.gravatar.com\/avatar\/e13d22ac3e442658d5025fbbe6238a79?s=96&d=mm&r=g\",\"caption\":\"A. G., STA\"},\"url\":\"https:\/\/hudo.com\/si\/author\/alenka\/\"}]}<\/script>\n<!-- \/ Yoast SEO plugin. -->","yoast_head_json":{"title":"Krek: V naslednjih tednih nas najverjetneje \u010daka nov epidemi\u010dni val - Hudo Slovenija","robots":{"index":"index","follow":"follow","max-snippet":"max-snippet:-1","max-image-preview":"max-image-preview:large","max-video-preview":"max-video-preview:-1"},"canonical":"https:\/\/hudo.com\/si\/aktualno\/slovenija\/krek-v-naslednjih-tednih-nas-najverjetneje-caka-nov-epidemicni-val\/","og_locale":"sl_SI","og_type":"article","og_title":"Krek: V naslednjih tednih nas najverjetneje \u010daka nov epidemi\u010dni val - Hudo Slovenija","og_description":"Direktor Nacionalnega in\u0161tituta za javno zdravje (NIJZ) Milan Krek je danes opozoril, da nas v naslednjih tednih najverjetneje \u010daka nov epidemi\u010dni val covida-19, ki se bo v posameznih dr\u017eavah razvijal razli\u010dno. Ob tem Kreka skrbijo tudi nove, bolj ku\u017ene razli\u010dice koronavirusa, strokovno posvetovalno skupino pa dodatna spro\u0161\u010danja ukrepov.","og_url":"https:\/\/hudo.com\/si\/aktualno\/slovenija\/krek-v-naslednjih-tednih-nas-najverjetneje-caka-nov-epidemicni-val\/","og_site_name":"Hudo Slovenija","article_publisher":"https:\/\/www.facebook.com\/hudo.si","article_published_time":"2021-03-18T12:04:37+00:00","og_image":[{"width":633,"height":422,"url":"https:\/\/hudo.com\/si\/wp-content\/uploads\/sites\/2\/2021\/01\/Screenshot-from-2021-01-12-17-44-43.png","type":"image\/png"}],"author":"A. G., STA","twitter_card":"summary_large_image","twitter_creator":"@hudo_si","twitter_site":"@hudo_si","twitter_misc":{"Written by":"A. G., STA","Est. reading time":"1 minuta"},"schema":{"@context":"https:\/\/schema.org","@graph":[{"@type":"Article","@id":"https:\/\/hudo.com\/si\/aktualno\/slovenija\/krek-v-naslednjih-tednih-nas-najverjetneje-caka-nov-epidemicni-val\/#article","isPartOf":{"@id":"https:\/\/hudo.com\/si\/aktualno\/slovenija\/krek-v-naslednjih-tednih-nas-najverjetneje-caka-nov-epidemicni-val\/"},"author":{"name":"A. G., STA","@id":"https:\/\/hudo.com\/si\/#\/schema\/person\/2391667a63ea075ba94f2f2dc6b77537"},"headline":"Krek: V naslednjih tednih nas najverjetneje \u010daka nov epidemi\u010dni val","datePublished":"2021-03-18T12:04:37+00:00","dateModified":"2021-03-18T12:04:37+00:00","mainEntityOfPage":{"@id":"https:\/\/hudo.com\/si\/aktualno\/slovenija\/krek-v-naslednjih-tednih-nas-najverjetneje-caka-nov-epidemicni-val\/"},"wordCount":276,"publisher":{"@id":"https:\/\/hudo.com\/si\/#organization"},"keywords":["epidemija","koronavirus","Milan Krek","Slovenija"],"articleSection":["Slovenija"],"inLanguage":"sl-SI"},{"@type":"WebPage","@id":"https:\/\/hudo.com\/si\/aktualno\/slovenija\/krek-v-naslednjih-tednih-nas-najverjetneje-caka-nov-epidemicni-val\/","url":"https:\/\/hudo.com\/si\/aktualno\/slovenija\/krek-v-naslednjih-tednih-nas-najverjetneje-caka-nov-epidemicni-val\/","name":"Krek: V naslednjih tednih nas najverjetneje \u010daka nov epidemi\u010dni val - Hudo Slovenija","isPartOf":{"@id":"https:\/\/hudo.com\/si\/#website"},"datePublished":"2021-03-18T12:04:37+00:00","dateModified":"2021-03-18T12:04:37+00:00","breadcrumb":{"@id":"https:\/\/hudo.com\/si\/aktualno\/slovenija\/krek-v-naslednjih-tednih-nas-najverjetneje-caka-nov-epidemicni-val\/#breadcrumb"},"inLanguage":"sl-SI","potentialAction":[{"@type":"ReadAction","target":["https:\/\/hudo.com\/si\/aktualno\/slovenija\/krek-v-naslednjih-tednih-nas-najverjetneje-caka-nov-epidemicni-val\/"]}]},{"@type":"BreadcrumbList","@id":"https:\/\/hudo.com\/si\/aktualno\/slovenija\/krek-v-naslednjih-tednih-nas-najverjetneje-caka-nov-epidemicni-val\/#breadcrumb","itemListElement":[{"@type":"ListItem","position":1,"name":"Home","item":"https:\/\/hudo.com\/si\/"},{"@type":"ListItem","position":2,"name":"Krek: V naslednjih tednih nas najverjetneje \u010daka nov epidemi\u010dni val"}]},{"@type":"WebSite","@id":"https:\/\/hudo.com\/si\/#website","url":"https:\/\/hudo.com\/si\/","name":"Hudo Slovenija","description":"Vse novice iz Slovenije in sveta","publisher":{"@id":"https:\/\/hudo.com\/si\/#organization"},"potentialAction":[{"@type":"SearchAction","target":{"@type":"EntryPoint","urlTemplate":"https:\/\/hudo.com\/si\/?s={search_term_string}"},"query-input":"required name=search_term_string"}],"inLanguage":"sl-SI"},{"@type":"Organization","@id":"https:\/\/hudo.com\/si\/#organization","name":"VSN Media","url":"https:\/\/hudo.com\/si\/","logo":{"@type":"ImageObject","inLanguage":"sl-SI","@id":"https:\/\/hudo.com\/si\/#\/schema\/logo\/image\/","url":"https:\/\/hudo.com\/si\/wp-content\/uploads\/sites\/2\/2021\/03\/hudo-app-2.png","contentUrl":"https:\/\/hudo.com\/si\/wp-content\/uploads\/sites\/2\/2021\/03\/hudo-app-2.png","width":2185,"height":2167,"caption":"VSN Media"},"image":{"@id":"https:\/\/hudo.com\/si\/#\/schema\/logo\/image\/"},"sameAs":["https:\/\/www.facebook.com\/hudo.si","https:\/\/twitter.com\/hudo_si"]},{"@type":"Person","@id":"https:\/\/hudo.com\/si\/#\/schema\/person\/2391667a63ea075ba94f2f2dc6b77537","name":"A. G., STA","image":{"@type":"ImageObject","inLanguage":"sl-SI","@id":"https:\/\/hudo.com\/si\/#\/schema\/person\/image\/","url":"https:\/\/secure.gravatar.com\/avatar\/e13d22ac3e442658d5025fbbe6238a79?s=96&d=mm&r=g","contentUrl":"https:\/\/secure.gravatar.com\/avatar\/e13d22ac3e442658d5025fbbe6238a79?s=96&d=mm&r=g","caption":"A. G., STA"},"url":"https:\/\/hudo.com\/si\/author\/alenka\/"}]}},"amp_enabled":true,"_links":{"self":[{"href":"https:\/\/hudo.com\/si\/wp-json\/wp\/v2\/posts\/447684"}],"collection":[{"href":"https:\/\/hudo.com\/si\/wp-json\/wp\/v2\/posts"}],"about":[{"href":"https:\/\/hudo.com\/si\/wp-json\/wp\/v2\/types\/post"}],"author":[{"embeddable":true,"href":"https:\/\/hudo.com\/si\/wp-json\/wp\/v2\/users\/5"}],"replies":[{"embeddable":true,"href":"https:\/\/hudo.com\/si\/wp-json\/wp\/v2\/comments?post=447684"}],"version-history":[{"count":1,"href":"https:\/\/hudo.com\/si\/wp-json\/wp\/v2\/posts\/447684\/revisions"}],"predecessor-version":[{"id":447685,"href":"https:\/\/hudo.com\/si\/wp-json\/wp\/v2\/posts\/447684\/revisions\/447685"}],"wp:featuredmedia":[{"embeddable":true,"href":"https:\/\/hudo.com\/si\/wp-json\/wp\/v2\/media\/442423"}],"wp:attachment":[{"href":"https:\/\/hudo.com\/si\/wp-json\/wp\/v2\/media?parent=447684"}],"wp:term":[{"taxonomy":"category","embeddable":true,"href":"https:\/\/hudo.com\/si\/wp-json\/wp\/v2\/categories?post=447684"},{"taxonomy":"post_tag","embeddable":true,"href":"https:\/\/hudo.com\/si\/wp-json\/wp\/v2\/tags?post=447684"},{"taxonomy":"source","embeddable":true,"href":"https:\/\/hudo.com\/si\/wp-json\/wp\/v2\/source?post=447684"},{"taxonomy":"supertag","embeddable":true,"href":"https:\/\/hudo.com\/si\/wp-json\/wp\/v2\/supertag?post=447684"}],"curies":[{"name":"wp","href":"https:\/\/api.w.org\/{rel}","templated":true}]}}