{"id":447695,"date":"2021-03-18T13:45:49","date_gmt":"2021-03-18T12:45:49","guid":{"rendered":"https:\/\/hudo.com\/si\/?p=447695"},"modified":"2021-03-18T13:45:49","modified_gmt":"2021-03-18T12:45:49","slug":"v-ljubljanskem-zivalskem-vrtu-zalujejo-rakava-obolenja-zal-ne-prizanasajo-niti-zivalim","status":"publish","type":"post","link":"https:\/\/hudo.com\/si\/aktualno\/slovenija\/v-ljubljanskem-zivalskem-vrtu-zalujejo-rakava-obolenja-zal-ne-prizanasajo-niti-zivalim\/","title":{"rendered":"V ljubljanskem \u017eivalskem vrtu \u017ealujejo, rakava obolenja \u017eal ne prizana\u0161ajo niti \u017eivalim"},"content":{"rendered":"<p>Rakava obolenja \u017eal ne prizana\u0161ajo niti \u017eivalim. Bolezen je bila v \u017divalskem vrtu Ljubljana usodna za devetletnega sibirskega tigra Vita in desetletno kapibaro Stinkyja, so danes sporo\u010dili iz \u017eivalskega vrta.<\/p>\n<p>\u017divljenjska doba \u017eivali v \u017eivalskih vrtovih je vi\u0161ja v primerjavi z \u017eivljenjsko dobo v naravi, zato je tudi pojavljanje rakavih obolenj po vsej verjetnosti vi\u0161je. Podobno je tudi pri ljudeh, ki povpre\u010dno dosegamo vi\u0161jo starost kot v preteklosti, so zapisali v sporo\u010dilu za javnost.<\/p>\n<p>V desetletnem obdobju je bil vzrok pogina \u017eivali zaradi tumorjev v ljubljanskem vrtu 4-odstoten. Obolevale so tako dvo\u017eivke, kot plazilci, pti\u010di in sesalci. To je bistveno manj kot pri ljudeh, kjer je smrt zaradi rakavega obolenja na drugem mestu, pri mo\u0161kih v Sloveniji pa celo na prvem.<\/p>\n<p>Da se Vito ne po\u010duti dobro, so opazili novembra. Zaradi redkega agresivnega tumorja je moral na operacijo, med katero so mu odstranili ledvico in vranico. Kljub trudu veterinarske ekipe in zaposlenih je bolezen napredovala do te mere, da so Vita morali uspavati.<\/p>\n<p>Kapibara Stinky je imel redko obliko raka slepega \u010drevesa, ki je pri kapibarah izjemno pomemben del prebavne cevi, zato je bil zanj kljub zdravljenju usoden.<\/p>\n<p>&#8220;Vemo, da ju boste obiskovalci pogre\u0161ali, \u0161e bolj pa ju bomo pogre\u0161ali zaposleni in med nami njihovi oskrbniki, ki so se z njima dnevno sre\u010devali. Vito je na dale\u010d prepoznal zvok motorja svojih oskrbnikov in prihitel v notranji prostor. Tam se je sre\u010dal z oskrbniki, ki so ga nagradil z igra\u010do ali pribolj\u0161kom. Tudi Stinky je imel prav posebno vez z oskrbniki. Skupaj so se igrali, izvajali razli\u010dne spretnosti, \u0161e posebej pa je u\u017eival v crkljanju,&#8221; so zapisali.<\/p>\n<p>Vito in Stinky sta bila sicer ambasadorja svojih vrst v \u017eivalskem vrtu. Sodelovala sta v \u0161tevilnih izobra\u017eevalnih programih in se sre\u010dala z veliko obiskovalci ter jih mnogo nau\u010dila o ogro\u017eenosti narave ter ljubezni do \u017eivih bitij, so \u0161e dodali.<\/p>\n","protected":false},"excerpt":{"rendered":"<p>V ljubljanskem \u017eivalskem vrtu poginila sibirski tiger in kapibara.<\/p>\n","protected":false},"author":5,"featured_media":447697,"comment_status":"closed","ping_status":"closed","sticky":false,"template":"","format":"standard","meta":{"footnotes":""},"categories":[18201],"tags":[4897,4822],"source":[4511],"supertag":[],"acf":[],"yoast_head":"<!-- This site is optimized with the Yoast SEO plugin v21.3 - https:\/\/yoast.com\/wordpress\/plugins\/seo\/ -->\n<title>V ljubljanskem \u017eivalskem vrtu \u017ealujejo, rakava obolenja \u017eal ne prizana\u0161ajo niti \u017eivalim - Hudo Slovenija<\/title>\n<meta name=\"robots\" content=\"index, follow, max-snippet:-1, max-image-preview:large, max-video-preview:-1\" \/>\n<link rel=\"canonical\" href=\"https:\/\/hudo.com\/si\/aktualno\/slovenija\/v-ljubljanskem-zivalskem-vrtu-zalujejo-rakava-obolenja-zal-ne-prizanasajo-niti-zivalim\/\" \/>\n<meta property=\"og:locale\" content=\"sl_SI\" \/>\n<meta property=\"og:type\" content=\"article\" \/>\n<meta property=\"og:title\" content=\"V ljubljanskem \u017eivalskem vrtu \u017ealujejo, rakava obolenja \u017eal ne prizana\u0161ajo niti \u017eivalim - Hudo Slovenija\" \/>\n<meta property=\"og:description\" content=\"V ljubljanskem \u017eivalskem vrtu poginila sibirski tiger in kapibara.\" \/>\n<meta property=\"og:url\" content=\"https:\/\/hudo.com\/si\/aktualno\/slovenija\/v-ljubljanskem-zivalskem-vrtu-zalujejo-rakava-obolenja-zal-ne-prizanasajo-niti-zivalim\/\" \/>\n<meta property=\"og:site_name\" content=\"Hudo Slovenija\" \/>\n<meta property=\"article:publisher\" content=\"https:\/\/www.facebook.com\/hudo.si\" \/>\n<meta property=\"article:published_time\" content=\"2021-03-18T12:45:49+00:00\" \/>\n<meta property=\"og:image\" content=\"https:\/\/hudo.com\/si\/wp-content\/uploads\/sites\/2\/2021\/03\/profimedia-0108427565.jpg\" \/>\n\t<meta property=\"og:image:width\" content=\"1250\" \/>\n\t<meta property=\"og:image:height\" content=\"836\" \/>\n\t<meta property=\"og:image:type\" content=\"image\/jpeg\" \/>\n<meta name=\"author\" content=\"A. G., STA\" \/>\n<meta name=\"twitter:card\" content=\"summary_large_image\" \/>\n<meta name=\"twitter:creator\" content=\"@hudo_si\" \/>\n<meta name=\"twitter:site\" content=\"@hudo_si\" \/>\n<meta name=\"twitter:label1\" content=\"Written by\" \/>\n\t<meta name=\"twitter:data1\" content=\"A. G., STA\" \/>\n\t<meta name=\"twitter:label2\" content=\"Est. reading time\" \/>\n\t<meta name=\"twitter:data2\" content=\"2 minuti\" \/>\n<script type=\"application\/ld+json\" class=\"yoast-schema-graph\">{\"@context\":\"https:\/\/schema.org\",\"@graph\":[{\"@type\":\"Article\",\"@id\":\"https:\/\/hudo.com\/si\/aktualno\/slovenija\/v-ljubljanskem-zivalskem-vrtu-zalujejo-rakava-obolenja-zal-ne-prizanasajo-niti-zivalim\/#article\",\"isPartOf\":{\"@id\":\"https:\/\/hudo.com\/si\/aktualno\/slovenija\/v-ljubljanskem-zivalskem-vrtu-zalujejo-rakava-obolenja-zal-ne-prizanasajo-niti-zivalim\/\"},\"author\":{\"name\":\"A. G., STA\",\"@id\":\"https:\/\/hudo.com\/si\/#\/schema\/person\/2391667a63ea075ba94f2f2dc6b77537\"},\"headline\":\"V ljubljanskem \u017eivalskem vrtu \u017ealujejo, rakava obolenja \u017eal ne prizana\u0161ajo niti \u017eivalim\",\"datePublished\":\"2021-03-18T12:45:49+00:00\",\"dateModified\":\"2021-03-18T12:45:49+00:00\",\"mainEntityOfPage\":{\"@id\":\"https:\/\/hudo.com\/si\/aktualno\/slovenija\/v-ljubljanskem-zivalskem-vrtu-zalujejo-rakava-obolenja-zal-ne-prizanasajo-niti-zivalim\/\"},\"wordCount\":341,\"publisher\":{\"@id\":\"https:\/\/hudo.com\/si\/#organization\"},\"keywords\":[\"bolezen\",\"ZOO Ljubljana\"],\"articleSection\":[\"Slovenija\"],\"inLanguage\":\"sl-SI\"},{\"@type\":\"WebPage\",\"@id\":\"https:\/\/hudo.com\/si\/aktualno\/slovenija\/v-ljubljanskem-zivalskem-vrtu-zalujejo-rakava-obolenja-zal-ne-prizanasajo-niti-zivalim\/\",\"url\":\"https:\/\/hudo.com\/si\/aktualno\/slovenija\/v-ljubljanskem-zivalskem-vrtu-zalujejo-rakava-obolenja-zal-ne-prizanasajo-niti-zivalim\/\",\"name\":\"V ljubljanskem \u017eivalskem vrtu \u017ealujejo, rakava obolenja \u017eal ne prizana\u0161ajo niti \u017eivalim - Hudo Slovenija\",\"isPartOf\":{\"@id\":\"https:\/\/hudo.com\/si\/#website\"},\"datePublished\":\"2021-03-18T12:45:49+00:00\",\"dateModified\":\"2021-03-18T12:45:49+00:00\",\"breadcrumb\":{\"@id\":\"https:\/\/hudo.com\/si\/aktualno\/slovenija\/v-ljubljanskem-zivalskem-vrtu-zalujejo-rakava-obolenja-zal-ne-prizanasajo-niti-zivalim\/#breadcrumb\"},\"inLanguage\":\"sl-SI\",\"potentialAction\":[{\"@type\":\"ReadAction\",\"target\":[\"https:\/\/hudo.com\/si\/aktualno\/slovenija\/v-ljubljanskem-zivalskem-vrtu-zalujejo-rakava-obolenja-zal-ne-prizanasajo-niti-zivalim\/\"]}]},{\"@type\":\"BreadcrumbList\",\"@id\":\"https:\/\/hudo.com\/si\/aktualno\/slovenija\/v-ljubljanskem-zivalskem-vrtu-zalujejo-rakava-obolenja-zal-ne-prizanasajo-niti-zivalim\/#breadcrumb\",\"itemListElement\":[{\"@type\":\"ListItem\",\"position\":1,\"name\":\"Home\",\"item\":\"https:\/\/hudo.com\/si\/\"},{\"@type\":\"ListItem\",\"position\":2,\"name\":\"V ljubljanskem \u017eivalskem vrtu \u017ealujejo, rakava obolenja \u017eal ne prizana\u0161ajo niti \u017eivalim\"}]},{\"@type\":\"WebSite\",\"@id\":\"https:\/\/hudo.com\/si\/#website\",\"url\":\"https:\/\/hudo.com\/si\/\",\"name\":\"Hudo Slovenija\",\"description\":\"Vse novice iz Slovenije in sveta\",\"publisher\":{\"@id\":\"https:\/\/hudo.com\/si\/#organization\"},\"potentialAction\":[{\"@type\":\"SearchAction\",\"target\":{\"@type\":\"EntryPoint\",\"urlTemplate\":\"https:\/\/hudo.com\/si\/?s={search_term_string}\"},\"query-input\":\"required name=search_term_string\"}],\"inLanguage\":\"sl-SI\"},{\"@type\":\"Organization\",\"@id\":\"https:\/\/hudo.com\/si\/#organization\",\"name\":\"VSN Media\",\"url\":\"https:\/\/hudo.com\/si\/\",\"logo\":{\"@type\":\"ImageObject\",\"inLanguage\":\"sl-SI\",\"@id\":\"https:\/\/hudo.com\/si\/#\/schema\/logo\/image\/\",\"url\":\"https:\/\/hudo.com\/si\/wp-content\/uploads\/sites\/2\/2021\/03\/hudo-app-2.png\",\"contentUrl\":\"https:\/\/hudo.com\/si\/wp-content\/uploads\/sites\/2\/2021\/03\/hudo-app-2.png\",\"width\":2185,\"height\":2167,\"caption\":\"VSN Media\"},\"image\":{\"@id\":\"https:\/\/hudo.com\/si\/#\/schema\/logo\/image\/\"},\"sameAs\":[\"https:\/\/www.facebook.com\/hudo.si\",\"https:\/\/twitter.com\/hudo_si\"]},{\"@type\":\"Person\",\"@id\":\"https:\/\/hudo.com\/si\/#\/schema\/person\/2391667a63ea075ba94f2f2dc6b77537\",\"name\":\"A. G., STA\",\"image\":{\"@type\":\"ImageObject\",\"inLanguage\":\"sl-SI\",\"@id\":\"https:\/\/hudo.com\/si\/#\/schema\/person\/image\/\",\"url\":\"https:\/\/secure.gravatar.com\/avatar\/e13d22ac3e442658d5025fbbe6238a79?s=96&d=mm&r=g\",\"contentUrl\":\"https:\/\/secure.gravatar.com\/avatar\/e13d22ac3e442658d5025fbbe6238a79?s=96&d=mm&r=g\",\"caption\":\"A. G., STA\"},\"url\":\"https:\/\/hudo.com\/si\/author\/alenka\/\"}]}<\/script>\n<!-- \/ Yoast SEO plugin. -->","yoast_head_json":{"title":"V ljubljanskem \u017eivalskem vrtu \u017ealujejo, rakava obolenja \u017eal ne prizana\u0161ajo niti \u017eivalim - Hudo Slovenija","robots":{"index":"index","follow":"follow","max-snippet":"max-snippet:-1","max-image-preview":"max-image-preview:large","max-video-preview":"max-video-preview:-1"},"canonical":"https:\/\/hudo.com\/si\/aktualno\/slovenija\/v-ljubljanskem-zivalskem-vrtu-zalujejo-rakava-obolenja-zal-ne-prizanasajo-niti-zivalim\/","og_locale":"sl_SI","og_type":"article","og_title":"V ljubljanskem \u017eivalskem vrtu \u017ealujejo, rakava obolenja \u017eal ne prizana\u0161ajo niti \u017eivalim - Hudo Slovenija","og_description":"V ljubljanskem \u017eivalskem vrtu poginila sibirski tiger in kapibara.","og_url":"https:\/\/hudo.com\/si\/aktualno\/slovenija\/v-ljubljanskem-zivalskem-vrtu-zalujejo-rakava-obolenja-zal-ne-prizanasajo-niti-zivalim\/","og_site_name":"Hudo Slovenija","article_publisher":"https:\/\/www.facebook.com\/hudo.si","article_published_time":"2021-03-18T12:45:49+00:00","og_image":[{"width":1250,"height":836,"url":"https:\/\/hudo.com\/si\/wp-content\/uploads\/sites\/2\/2021\/03\/profimedia-0108427565.jpg","type":"image\/jpeg"}],"author":"A. G., STA","twitter_card":"summary_large_image","twitter_creator":"@hudo_si","twitter_site":"@hudo_si","twitter_misc":{"Written by":"A. G., STA","Est. reading time":"2 minuti"},"schema":{"@context":"https:\/\/schema.org","@graph":[{"@type":"Article","@id":"https:\/\/hudo.com\/si\/aktualno\/slovenija\/v-ljubljanskem-zivalskem-vrtu-zalujejo-rakava-obolenja-zal-ne-prizanasajo-niti-zivalim\/#article","isPartOf":{"@id":"https:\/\/hudo.com\/si\/aktualno\/slovenija\/v-ljubljanskem-zivalskem-vrtu-zalujejo-rakava-obolenja-zal-ne-prizanasajo-niti-zivalim\/"},"author":{"name":"A. G., STA","@id":"https:\/\/hudo.com\/si\/#\/schema\/person\/2391667a63ea075ba94f2f2dc6b77537"},"headline":"V ljubljanskem \u017eivalskem vrtu \u017ealujejo, rakava obolenja \u017eal ne prizana\u0161ajo niti \u017eivalim","datePublished":"2021-03-18T12:45:49+00:00","dateModified":"2021-03-18T12:45:49+00:00","mainEntityOfPage":{"@id":"https:\/\/hudo.com\/si\/aktualno\/slovenija\/v-ljubljanskem-zivalskem-vrtu-zalujejo-rakava-obolenja-zal-ne-prizanasajo-niti-zivalim\/"},"wordCount":341,"publisher":{"@id":"https:\/\/hudo.com\/si\/#organization"},"keywords":["bolezen","ZOO Ljubljana"],"articleSection":["Slovenija"],"inLanguage":"sl-SI"},{"@type":"WebPage","@id":"https:\/\/hudo.com\/si\/aktualno\/slovenija\/v-ljubljanskem-zivalskem-vrtu-zalujejo-rakava-obolenja-zal-ne-prizanasajo-niti-zivalim\/","url":"https:\/\/hudo.com\/si\/aktualno\/slovenija\/v-ljubljanskem-zivalskem-vrtu-zalujejo-rakava-obolenja-zal-ne-prizanasajo-niti-zivalim\/","name":"V ljubljanskem \u017eivalskem vrtu \u017ealujejo, rakava obolenja \u017eal ne prizana\u0161ajo niti \u017eivalim - Hudo Slovenija","isPartOf":{"@id":"https:\/\/hudo.com\/si\/#website"},"datePublished":"2021-03-18T12:45:49+00:00","dateModified":"2021-03-18T12:45:49+00:00","breadcrumb":{"@id":"https:\/\/hudo.com\/si\/aktualno\/slovenija\/v-ljubljanskem-zivalskem-vrtu-zalujejo-rakava-obolenja-zal-ne-prizanasajo-niti-zivalim\/#breadcrumb"},"inLanguage":"sl-SI","potentialAction":[{"@type":"ReadAction","target":["https:\/\/hudo.com\/si\/aktualno\/slovenija\/v-ljubljanskem-zivalskem-vrtu-zalujejo-rakava-obolenja-zal-ne-prizanasajo-niti-zivalim\/"]}]},{"@type":"BreadcrumbList","@id":"https:\/\/hudo.com\/si\/aktualno\/slovenija\/v-ljubljanskem-zivalskem-vrtu-zalujejo-rakava-obolenja-zal-ne-prizanasajo-niti-zivalim\/#breadcrumb","itemListElement":[{"@type":"ListItem","position":1,"name":"Home","item":"https:\/\/hudo.com\/si\/"},{"@type":"ListItem","position":2,"name":"V ljubljanskem \u017eivalskem vrtu \u017ealujejo, rakava obolenja \u017eal ne prizana\u0161ajo niti \u017eivalim"}]},{"@type":"WebSite","@id":"https:\/\/hudo.com\/si\/#website","url":"https:\/\/hudo.com\/si\/","name":"Hudo Slovenija","description":"Vse novice iz Slovenije in sveta","publisher":{"@id":"https:\/\/hudo.com\/si\/#organization"},"potentialAction":[{"@type":"SearchAction","target":{"@type":"EntryPoint","urlTemplate":"https:\/\/hudo.com\/si\/?s={search_term_string}"},"query-input":"required name=search_term_string"}],"inLanguage":"sl-SI"},{"@type":"Organization","@id":"https:\/\/hudo.com\/si\/#organization","name":"VSN Media","url":"https:\/\/hudo.com\/si\/","logo":{"@type":"ImageObject","inLanguage":"sl-SI","@id":"https:\/\/hudo.com\/si\/#\/schema\/logo\/image\/","url":"https:\/\/hudo.com\/si\/wp-content\/uploads\/sites\/2\/2021\/03\/hudo-app-2.png","contentUrl":"https:\/\/hudo.com\/si\/wp-content\/uploads\/sites\/2\/2021\/03\/hudo-app-2.png","width":2185,"height":2167,"caption":"VSN Media"},"image":{"@id":"https:\/\/hudo.com\/si\/#\/schema\/logo\/image\/"},"sameAs":["https:\/\/www.facebook.com\/hudo.si","https:\/\/twitter.com\/hudo_si"]},{"@type":"Person","@id":"https:\/\/hudo.com\/si\/#\/schema\/person\/2391667a63ea075ba94f2f2dc6b77537","name":"A. G., STA","image":{"@type":"ImageObject","inLanguage":"sl-SI","@id":"https:\/\/hudo.com\/si\/#\/schema\/person\/image\/","url":"https:\/\/secure.gravatar.com\/avatar\/e13d22ac3e442658d5025fbbe6238a79?s=96&d=mm&r=g","contentUrl":"https:\/\/secure.gravatar.com\/avatar\/e13d22ac3e442658d5025fbbe6238a79?s=96&d=mm&r=g","caption":"A. G., STA"},"url":"https:\/\/hudo.com\/si\/author\/alenka\/"}]}},"amp_enabled":true,"_links":{"self":[{"href":"https:\/\/hudo.com\/si\/wp-json\/wp\/v2\/posts\/447695"}],"collection":[{"href":"https:\/\/hudo.com\/si\/wp-json\/wp\/v2\/posts"}],"about":[{"href":"https:\/\/hudo.com\/si\/wp-json\/wp\/v2\/types\/post"}],"author":[{"embeddable":true,"href":"https:\/\/hudo.com\/si\/wp-json\/wp\/v2\/users\/5"}],"replies":[{"embeddable":true,"href":"https:\/\/hudo.com\/si\/wp-json\/wp\/v2\/comments?post=447695"}],"version-history":[{"count":1,"href":"https:\/\/hudo.com\/si\/wp-json\/wp\/v2\/posts\/447695\/revisions"}],"predecessor-version":[{"id":447698,"href":"https:\/\/hudo.com\/si\/wp-json\/wp\/v2\/posts\/447695\/revisions\/447698"}],"wp:featuredmedia":[{"embeddable":true,"href":"https:\/\/hudo.com\/si\/wp-json\/wp\/v2\/media\/447697"}],"wp:attachment":[{"href":"https:\/\/hudo.com\/si\/wp-json\/wp\/v2\/media?parent=447695"}],"wp:term":[{"taxonomy":"category","embeddable":true,"href":"https:\/\/hudo.com\/si\/wp-json\/wp\/v2\/categories?post=447695"},{"taxonomy":"post_tag","embeddable":true,"href":"https:\/\/hudo.com\/si\/wp-json\/wp\/v2\/tags?post=447695"},{"taxonomy":"source","embeddable":true,"href":"https:\/\/hudo.com\/si\/wp-json\/wp\/v2\/source?post=447695"},{"taxonomy":"supertag","embeddable":true,"href":"https:\/\/hudo.com\/si\/wp-json\/wp\/v2\/supertag?post=447695"}],"curies":[{"name":"wp","href":"https:\/\/api.w.org\/{rel}","templated":true}]}}