{"id":448046,"date":"2021-03-23T10:16:55","date_gmt":"2021-03-23T09:16:55","guid":{"rendered":"https:\/\/hudo.com\/si\/2021\/03\/23\/fifa-jana-oblaka-izpostavila-kot-enega-od-desetih-nogometasev-sveta-ki-si-zasluzijo-mesto-na-svetovnem-prvenstvu-v-katarju\/"},"modified":"2021-03-23T10:16:55","modified_gmt":"2021-03-23T09:16:55","slug":"fifa-jana-oblaka-izpostavila-kot-enega-od-desetih-nogometasev-sveta-ki-si-zasluzijo-mesto-na-svetovnem-prvenstvu-v-katarju","status":"publish","type":"post","link":"https:\/\/hudo.com\/si\/sport\/fifa-jana-oblaka-izpostavila-kot-enega-od-desetih-nogometasev-sveta-ki-si-zasluzijo-mesto-na-svetovnem-prvenstvu-v-katarju\/","title":{"rendered":"Fifa Jana Oblaka izpostavila kot enega od desetih nogometa\u0161ev sveta, ki si zaslu\u017eijo mesto na svetovnem prvenstvu v Katarju"},"content":{"rendered":"<figure>\n\t\t\t\t\t<img loading=\"lazy\" decoding=\"async\" width=\"660\" height=\"320\" src=\"image\/gif;base64,R0lGODlhAQABAAAAACH5BAEKAAEALAAAAAABAAEAAAICTAEAOw==\" class=\"lazyload\" data-src=\"https:\/\/moski.hudo.com\/wp-content\/uploads\/2021\/03\/profimedia-0599508470-320x155.jpg\" data-srcset=\"https:\/\/moski.hudo.com\/wp-content\/uploads\/2021\/03\/profimedia-0599508470-660x320.jpg 660w,https:\/\/moski.hudo.com\/wp-content\/uploads\/2021\/03\/profimedia-0599508470-320x155.jpg 330w\" \/><figcaption>Foto: Profimedia<\/figcaption><\/figure>\n<p>Mednarodna zveza Fifa je izbrala deset igralcev, starih vsaj 28 let, ki si zaslu\u017eijo biti del mundiala. Da se je pri tem spomnila tudi na Oblaka, niti ni presene\u010denje, glede na to, kak\u0161en status ima \u0160kofjelo\u010dan v nogometnem svetu; predvsem po zaslugi izvrstnih predstav v dresu \u0161panskega velikana Atletica iz Madrida.<\/p>\n<p>Kapetan slovenske vrste (vsaj pred vrnitvijo Bojana Joki\u0107a) je bil tretji med vratarji v zadnjem Fifinem izboru najbolj\u0161ih leta 2020, v zadnjih \u0161tirih sezonah je prejel nagrado zamora za povpre\u010dno najmanj prejetih zadetkov v \u0161panski ligi.<\/p>\n<p>Oblak je tako v slovenski reprezentanci ve\u010d kot dostojno nasledil svojega predhodnika Samirja Handanovi\u0107a in \u010deprav v zadnjem obdobju Slovenija tudi po Oblakovi zaslugi prejema malo zadetkov, se ji \u0161e ni uspelo prebiti na veliko tekmovanje.<\/p>\n<p>Nove kvalifikacije predstavljajo novo prilo\u017enost, naloga v skupini H pa ne bo lahka v dru\u017ebi \u017ee omenjenih Hrvatov, Rusov, Cipr\u010danov, Slovakov in Malte\u017eanov. Pri Fifi kot glavno pomo\u010d Oblaku pri lovljenju SP 2022 navajajo Jasmina Kurti\u0107a (Parma), Miho Zajca (Genoa) in Josipa Ili\u010di\u0107a (Atalanta).<\/p>\n<p>&#8220;Ko sem bil \u0161e de\u010dek, sem videl, kako se je Slovenija prebila na evropsko prvenstvo 2000 in svetovno 2002. Pozneje tudi \u0161e na SP 2010. Videl sem, da so bili ljudje ob tem sre\u010dni in to veselje bi spet rad prinesel v dr\u017eavo. Pa ne samo navija\u010dem. Zame bi bilo igranje na SP ali EP izpolnitev otro\u0161kih sanj, zato bom naredil vse, da to tudi uresni\u010dim,&#8221; je decembra za Fifo dejal Oblak.<\/p>\n<p>Ob Oblaku je Fifa od izku\u0161enih evropskih igralcev &#8220;za\u017eelela&#8221; svetovno prvenstvo \u0161e Vali\u017eanu Garethu Balu, Armencu Henrihu Mhitarjanu, Makedoncu Goranu Pandevu in Nizozemcu Virgilu van Dijku.<\/p>\n<p>Z drugih celin se je spomnila Ili\u010di\u0107evega soigralca iz Atalante, Kolumbijca Duvana Zapate, pa Wilfrieda Zahaja, reprezentanta Slonoko\u0161\u010dene obale, Kitajca Wu Leija, ki je s 14 leti postal najmlaj\u0161i igralec v kitajskem poklicnem nogometu, Kanad\u010dana Atibe Hutchinsona in Gabonca Pierre-Emericka Aubameyanga.<\/p>\n","protected":false},"excerpt":{"rendered":"<p>Slovenska nogometna reprezentanca bo v sredo zve\u010der proti Hrva\u0161ki v Sto\u017eicah za\u010dela kvalifikacije za svetovno prvenstvo 2022. Eden klju\u010dnih mo\u017e ekipe, ki jo vodi Matja\u017e Kek, je vratar Jan Oblak. Mednarodna nogometna zveza ga je skupaj z devetimi omenila v \u010dlanku deseterice izku\u0161enih nogometa\u0161ev, ki si zaslu\u017eijo mesto na turnirju v Katarju.<\/p>\n","protected":false},"author":1,"featured_media":448047,"comment_status":"closed","ping_status":"closed","sticky":false,"template":"","format":"standard","meta":{"footnotes":""},"categories":[18176],"tags":[4964,5053,18502,3600,18503],"source":[1518,4032,1556],"supertag":[],"acf":[],"yoast_head":"<!-- This site is optimized with the Yoast SEO plugin v21.3 - https:\/\/yoast.com\/wordpress\/plugins\/seo\/ -->\n<title>Fifa Jana Oblaka izpostavila kot enega od desetih nogometa\u0161ev sveta, ki si zaslu\u017eijo mesto na svetovnem prvenstvu v Katarju - Hudo Slovenija<\/title>\n<meta name=\"robots\" content=\"index, follow, max-snippet:-1, max-image-preview:large, max-video-preview:-1\" \/>\n<link rel=\"canonical\" href=\"https:\/\/hudo.com\/si\/sport\/fifa-jana-oblaka-izpostavila-kot-enega-od-desetih-nogometasev-sveta-ki-si-zasluzijo-mesto-na-svetovnem-prvenstvu-v-katarju\/\" \/>\n<meta property=\"og:locale\" content=\"sl_SI\" \/>\n<meta property=\"og:type\" content=\"article\" \/>\n<meta property=\"og:title\" content=\"Fifa Jana Oblaka izpostavila kot enega od desetih nogometa\u0161ev sveta, ki si zaslu\u017eijo mesto na svetovnem prvenstvu v Katarju - Hudo Slovenija\" \/>\n<meta property=\"og:description\" content=\"Slovenska nogometna reprezentanca bo v sredo zve\u010der proti Hrva\u0161ki v Sto\u017eicah za\u010dela kvalifikacije za svetovno prvenstvo 2022. Eden klju\u010dnih mo\u017e ekipe, ki jo vodi Matja\u017e Kek, je vratar Jan Oblak. Mednarodna nogometna zveza ga je skupaj z devetimi omenila v \u010dlanku deseterice izku\u0161enih nogometa\u0161ev, ki si zaslu\u017eijo mesto na turnirju v Katarju.\" \/>\n<meta property=\"og:url\" content=\"https:\/\/hudo.com\/si\/sport\/fifa-jana-oblaka-izpostavila-kot-enega-od-desetih-nogometasev-sveta-ki-si-zasluzijo-mesto-na-svetovnem-prvenstvu-v-katarju\/\" \/>\n<meta property=\"og:site_name\" content=\"Hudo Slovenija\" \/>\n<meta property=\"article:publisher\" content=\"https:\/\/www.facebook.com\/hudo.si\" \/>\n<meta property=\"article:published_time\" content=\"2021-03-23T09:16:55+00:00\" \/>\n<meta property=\"og:image\" content=\"https:\/\/hudo.com\/si\/wp-content\/uploads\/sites\/2\/2021\/03\/profimedia-0599508470.jpg\" \/>\n\t<meta property=\"og:image:width\" content=\"1250\" \/>\n\t<meta property=\"og:image:height\" content=\"869\" \/>\n\t<meta property=\"og:image:type\" content=\"image\/jpeg\" \/>\n<meta name=\"author\" content=\"hudo\" \/>\n<meta name=\"twitter:card\" content=\"summary_large_image\" \/>\n<meta name=\"twitter:creator\" content=\"@hudo_si\" \/>\n<meta name=\"twitter:site\" content=\"@hudo_si\" \/>\n<meta name=\"twitter:label1\" content=\"Written by\" \/>\n\t<meta name=\"twitter:data1\" content=\"hudo\" \/>\n\t<meta name=\"twitter:label2\" content=\"Est. reading time\" \/>\n\t<meta name=\"twitter:data2\" content=\"2 minuti\" \/>\n<script type=\"application\/ld+json\" class=\"yoast-schema-graph\">{\"@context\":\"https:\/\/schema.org\",\"@graph\":[{\"@type\":\"Article\",\"@id\":\"https:\/\/hudo.com\/si\/sport\/fifa-jana-oblaka-izpostavila-kot-enega-od-desetih-nogometasev-sveta-ki-si-zasluzijo-mesto-na-svetovnem-prvenstvu-v-katarju\/#article\",\"isPartOf\":{\"@id\":\"https:\/\/hudo.com\/si\/sport\/fifa-jana-oblaka-izpostavila-kot-enega-od-desetih-nogometasev-sveta-ki-si-zasluzijo-mesto-na-svetovnem-prvenstvu-v-katarju\/\"},\"author\":{\"name\":\"hudo\",\"@id\":\"https:\/\/hudo.com\/si\/#\/schema\/person\/601cf3379633985b20f7e50f2bb47707\"},\"headline\":\"Fifa Jana Oblaka izpostavila kot enega od desetih nogometa\u0161ev sveta, ki si zaslu\u017eijo mesto na svetovnem prvenstvu v Katarju\",\"datePublished\":\"2021-03-23T09:16:55+00:00\",\"dateModified\":\"2021-03-23T09:16:55+00:00\",\"mainEntityOfPage\":{\"@id\":\"https:\/\/hudo.com\/si\/sport\/fifa-jana-oblaka-izpostavila-kot-enega-od-desetih-nogometasev-sveta-ki-si-zasluzijo-mesto-na-svetovnem-prvenstvu-v-katarju\/\"},\"wordCount\":351,\"publisher\":{\"@id\":\"https:\/\/hudo.com\/si\/#organization\"},\"keywords\":[\"FIFA\",\"Jan Oblak\",\"katar 2022\",\"nogomet\",\"svetovno prvenstvo v nogometu 2022\"],\"articleSection\":[\"\u0160port\"],\"inLanguage\":\"sl-SI\"},{\"@type\":\"WebPage\",\"@id\":\"https:\/\/hudo.com\/si\/sport\/fifa-jana-oblaka-izpostavila-kot-enega-od-desetih-nogometasev-sveta-ki-si-zasluzijo-mesto-na-svetovnem-prvenstvu-v-katarju\/\",\"url\":\"https:\/\/hudo.com\/si\/sport\/fifa-jana-oblaka-izpostavila-kot-enega-od-desetih-nogometasev-sveta-ki-si-zasluzijo-mesto-na-svetovnem-prvenstvu-v-katarju\/\",\"name\":\"Fifa Jana Oblaka izpostavila kot enega od desetih nogometa\u0161ev sveta, ki si zaslu\u017eijo mesto na svetovnem prvenstvu v Katarju - Hudo Slovenija\",\"isPartOf\":{\"@id\":\"https:\/\/hudo.com\/si\/#website\"},\"datePublished\":\"2021-03-23T09:16:55+00:00\",\"dateModified\":\"2021-03-23T09:16:55+00:00\",\"breadcrumb\":{\"@id\":\"https:\/\/hudo.com\/si\/sport\/fifa-jana-oblaka-izpostavila-kot-enega-od-desetih-nogometasev-sveta-ki-si-zasluzijo-mesto-na-svetovnem-prvenstvu-v-katarju\/#breadcrumb\"},\"inLanguage\":\"sl-SI\",\"potentialAction\":[{\"@type\":\"ReadAction\",\"target\":[\"https:\/\/hudo.com\/si\/sport\/fifa-jana-oblaka-izpostavila-kot-enega-od-desetih-nogometasev-sveta-ki-si-zasluzijo-mesto-na-svetovnem-prvenstvu-v-katarju\/\"]}]},{\"@type\":\"BreadcrumbList\",\"@id\":\"https:\/\/hudo.com\/si\/sport\/fifa-jana-oblaka-izpostavila-kot-enega-od-desetih-nogometasev-sveta-ki-si-zasluzijo-mesto-na-svetovnem-prvenstvu-v-katarju\/#breadcrumb\",\"itemListElement\":[{\"@type\":\"ListItem\",\"position\":1,\"name\":\"Home\",\"item\":\"https:\/\/hudo.com\/si\/\"},{\"@type\":\"ListItem\",\"position\":2,\"name\":\"Fifa Jana Oblaka izpostavila kot enega od desetih nogometa\u0161ev sveta, ki si zaslu\u017eijo mesto na svetovnem prvenstvu v Katarju\"}]},{\"@type\":\"WebSite\",\"@id\":\"https:\/\/hudo.com\/si\/#website\",\"url\":\"https:\/\/hudo.com\/si\/\",\"name\":\"Hudo Slovenija\",\"description\":\"Vse novice iz Slovenije in sveta\",\"publisher\":{\"@id\":\"https:\/\/hudo.com\/si\/#organization\"},\"potentialAction\":[{\"@type\":\"SearchAction\",\"target\":{\"@type\":\"EntryPoint\",\"urlTemplate\":\"https:\/\/hudo.com\/si\/?s={search_term_string}\"},\"query-input\":\"required name=search_term_string\"}],\"inLanguage\":\"sl-SI\"},{\"@type\":\"Organization\",\"@id\":\"https:\/\/hudo.com\/si\/#organization\",\"name\":\"VSN Media\",\"url\":\"https:\/\/hudo.com\/si\/\",\"logo\":{\"@type\":\"ImageObject\",\"inLanguage\":\"sl-SI\",\"@id\":\"https:\/\/hudo.com\/si\/#\/schema\/logo\/image\/\",\"url\":\"https:\/\/hudo.com\/si\/wp-content\/uploads\/sites\/2\/2021\/03\/hudo-app-2.png\",\"contentUrl\":\"https:\/\/hudo.com\/si\/wp-content\/uploads\/sites\/2\/2021\/03\/hudo-app-2.png\",\"width\":2185,\"height\":2167,\"caption\":\"VSN Media\"},\"image\":{\"@id\":\"https:\/\/hudo.com\/si\/#\/schema\/logo\/image\/\"},\"sameAs\":[\"https:\/\/www.facebook.com\/hudo.si\",\"https:\/\/twitter.com\/hudo_si\"]},{\"@type\":\"Person\",\"@id\":\"https:\/\/hudo.com\/si\/#\/schema\/person\/601cf3379633985b20f7e50f2bb47707\",\"name\":\"hudo\",\"image\":{\"@type\":\"ImageObject\",\"inLanguage\":\"sl-SI\",\"@id\":\"https:\/\/hudo.com\/si\/#\/schema\/person\/image\/\",\"url\":\"https:\/\/secure.gravatar.com\/avatar\/c4ca25fa72cace7a696b52ff5db9e095?s=96&d=mm&r=g\",\"contentUrl\":\"https:\/\/secure.gravatar.com\/avatar\/c4ca25fa72cace7a696b52ff5db9e095?s=96&d=mm&r=g\",\"caption\":\"hudo\"},\"url\":\"https:\/\/hudo.com\/si\/author\/hudo\/\"}]}<\/script>\n<!-- \/ Yoast SEO plugin. -->","yoast_head_json":{"title":"Fifa Jana Oblaka izpostavila kot enega od desetih nogometa\u0161ev sveta, ki si zaslu\u017eijo mesto na svetovnem prvenstvu v Katarju - Hudo Slovenija","robots":{"index":"index","follow":"follow","max-snippet":"max-snippet:-1","max-image-preview":"max-image-preview:large","max-video-preview":"max-video-preview:-1"},"canonical":"https:\/\/hudo.com\/si\/sport\/fifa-jana-oblaka-izpostavila-kot-enega-od-desetih-nogometasev-sveta-ki-si-zasluzijo-mesto-na-svetovnem-prvenstvu-v-katarju\/","og_locale":"sl_SI","og_type":"article","og_title":"Fifa Jana Oblaka izpostavila kot enega od desetih nogometa\u0161ev sveta, ki si zaslu\u017eijo mesto na svetovnem prvenstvu v Katarju - Hudo Slovenija","og_description":"Slovenska nogometna reprezentanca bo v sredo zve\u010der proti Hrva\u0161ki v Sto\u017eicah za\u010dela kvalifikacije za svetovno prvenstvo 2022. Eden klju\u010dnih mo\u017e ekipe, ki jo vodi Matja\u017e Kek, je vratar Jan Oblak. Mednarodna nogometna zveza ga je skupaj z devetimi omenila v \u010dlanku deseterice izku\u0161enih nogometa\u0161ev, ki si zaslu\u017eijo mesto na turnirju v Katarju.","og_url":"https:\/\/hudo.com\/si\/sport\/fifa-jana-oblaka-izpostavila-kot-enega-od-desetih-nogometasev-sveta-ki-si-zasluzijo-mesto-na-svetovnem-prvenstvu-v-katarju\/","og_site_name":"Hudo Slovenija","article_publisher":"https:\/\/www.facebook.com\/hudo.si","article_published_time":"2021-03-23T09:16:55+00:00","og_image":[{"width":1250,"height":869,"url":"https:\/\/hudo.com\/si\/wp-content\/uploads\/sites\/2\/2021\/03\/profimedia-0599508470.jpg","type":"image\/jpeg"}],"author":"hudo","twitter_card":"summary_large_image","twitter_creator":"@hudo_si","twitter_site":"@hudo_si","twitter_misc":{"Written by":"hudo","Est. reading time":"2 minuti"},"schema":{"@context":"https:\/\/schema.org","@graph":[{"@type":"Article","@id":"https:\/\/hudo.com\/si\/sport\/fifa-jana-oblaka-izpostavila-kot-enega-od-desetih-nogometasev-sveta-ki-si-zasluzijo-mesto-na-svetovnem-prvenstvu-v-katarju\/#article","isPartOf":{"@id":"https:\/\/hudo.com\/si\/sport\/fifa-jana-oblaka-izpostavila-kot-enega-od-desetih-nogometasev-sveta-ki-si-zasluzijo-mesto-na-svetovnem-prvenstvu-v-katarju\/"},"author":{"name":"hudo","@id":"https:\/\/hudo.com\/si\/#\/schema\/person\/601cf3379633985b20f7e50f2bb47707"},"headline":"Fifa Jana Oblaka izpostavila kot enega od desetih nogometa\u0161ev sveta, ki si zaslu\u017eijo mesto na svetovnem prvenstvu v Katarju","datePublished":"2021-03-23T09:16:55+00:00","dateModified":"2021-03-23T09:16:55+00:00","mainEntityOfPage":{"@id":"https:\/\/hudo.com\/si\/sport\/fifa-jana-oblaka-izpostavila-kot-enega-od-desetih-nogometasev-sveta-ki-si-zasluzijo-mesto-na-svetovnem-prvenstvu-v-katarju\/"},"wordCount":351,"publisher":{"@id":"https:\/\/hudo.com\/si\/#organization"},"keywords":["FIFA","Jan Oblak","katar 2022","nogomet","svetovno prvenstvo v nogometu 2022"],"articleSection":["\u0160port"],"inLanguage":"sl-SI"},{"@type":"WebPage","@id":"https:\/\/hudo.com\/si\/sport\/fifa-jana-oblaka-izpostavila-kot-enega-od-desetih-nogometasev-sveta-ki-si-zasluzijo-mesto-na-svetovnem-prvenstvu-v-katarju\/","url":"https:\/\/hudo.com\/si\/sport\/fifa-jana-oblaka-izpostavila-kot-enega-od-desetih-nogometasev-sveta-ki-si-zasluzijo-mesto-na-svetovnem-prvenstvu-v-katarju\/","name":"Fifa Jana Oblaka izpostavila kot enega od desetih nogometa\u0161ev sveta, ki si zaslu\u017eijo mesto na svetovnem prvenstvu v Katarju - Hudo Slovenija","isPartOf":{"@id":"https:\/\/hudo.com\/si\/#website"},"datePublished":"2021-03-23T09:16:55+00:00","dateModified":"2021-03-23T09:16:55+00:00","breadcrumb":{"@id":"https:\/\/hudo.com\/si\/sport\/fifa-jana-oblaka-izpostavila-kot-enega-od-desetih-nogometasev-sveta-ki-si-zasluzijo-mesto-na-svetovnem-prvenstvu-v-katarju\/#breadcrumb"},"inLanguage":"sl-SI","potentialAction":[{"@type":"ReadAction","target":["https:\/\/hudo.com\/si\/sport\/fifa-jana-oblaka-izpostavila-kot-enega-od-desetih-nogometasev-sveta-ki-si-zasluzijo-mesto-na-svetovnem-prvenstvu-v-katarju\/"]}]},{"@type":"BreadcrumbList","@id":"https:\/\/hudo.com\/si\/sport\/fifa-jana-oblaka-izpostavila-kot-enega-od-desetih-nogometasev-sveta-ki-si-zasluzijo-mesto-na-svetovnem-prvenstvu-v-katarju\/#breadcrumb","itemListElement":[{"@type":"ListItem","position":1,"name":"Home","item":"https:\/\/hudo.com\/si\/"},{"@type":"ListItem","position":2,"name":"Fifa Jana Oblaka izpostavila kot enega od desetih nogometa\u0161ev sveta, ki si zaslu\u017eijo mesto na svetovnem prvenstvu v Katarju"}]},{"@type":"WebSite","@id":"https:\/\/hudo.com\/si\/#website","url":"https:\/\/hudo.com\/si\/","name":"Hudo Slovenija","description":"Vse novice iz Slovenije in sveta","publisher":{"@id":"https:\/\/hudo.com\/si\/#organization"},"potentialAction":[{"@type":"SearchAction","target":{"@type":"EntryPoint","urlTemplate":"https:\/\/hudo.com\/si\/?s={search_term_string}"},"query-input":"required name=search_term_string"}],"inLanguage":"sl-SI"},{"@type":"Organization","@id":"https:\/\/hudo.com\/si\/#organization","name":"VSN Media","url":"https:\/\/hudo.com\/si\/","logo":{"@type":"ImageObject","inLanguage":"sl-SI","@id":"https:\/\/hudo.com\/si\/#\/schema\/logo\/image\/","url":"https:\/\/hudo.com\/si\/wp-content\/uploads\/sites\/2\/2021\/03\/hudo-app-2.png","contentUrl":"https:\/\/hudo.com\/si\/wp-content\/uploads\/sites\/2\/2021\/03\/hudo-app-2.png","width":2185,"height":2167,"caption":"VSN Media"},"image":{"@id":"https:\/\/hudo.com\/si\/#\/schema\/logo\/image\/"},"sameAs":["https:\/\/www.facebook.com\/hudo.si","https:\/\/twitter.com\/hudo_si"]},{"@type":"Person","@id":"https:\/\/hudo.com\/si\/#\/schema\/person\/601cf3379633985b20f7e50f2bb47707","name":"hudo","image":{"@type":"ImageObject","inLanguage":"sl-SI","@id":"https:\/\/hudo.com\/si\/#\/schema\/person\/image\/","url":"https:\/\/secure.gravatar.com\/avatar\/c4ca25fa72cace7a696b52ff5db9e095?s=96&d=mm&r=g","contentUrl":"https:\/\/secure.gravatar.com\/avatar\/c4ca25fa72cace7a696b52ff5db9e095?s=96&d=mm&r=g","caption":"hudo"},"url":"https:\/\/hudo.com\/si\/author\/hudo\/"}]}},"amp_enabled":true,"_links":{"self":[{"href":"https:\/\/hudo.com\/si\/wp-json\/wp\/v2\/posts\/448046"}],"collection":[{"href":"https:\/\/hudo.com\/si\/wp-json\/wp\/v2\/posts"}],"about":[{"href":"https:\/\/hudo.com\/si\/wp-json\/wp\/v2\/types\/post"}],"author":[{"embeddable":true,"href":"https:\/\/hudo.com\/si\/wp-json\/wp\/v2\/users\/1"}],"replies":[{"embeddable":true,"href":"https:\/\/hudo.com\/si\/wp-json\/wp\/v2\/comments?post=448046"}],"version-history":[{"count":0,"href":"https:\/\/hudo.com\/si\/wp-json\/wp\/v2\/posts\/448046\/revisions"}],"wp:featuredmedia":[{"embeddable":true,"href":"https:\/\/hudo.com\/si\/wp-json\/wp\/v2\/media\/448047"}],"wp:attachment":[{"href":"https:\/\/hudo.com\/si\/wp-json\/wp\/v2\/media?parent=448046"}],"wp:term":[{"taxonomy":"category","embeddable":true,"href":"https:\/\/hudo.com\/si\/wp-json\/wp\/v2\/categories?post=448046"},{"taxonomy":"post_tag","embeddable":true,"href":"https:\/\/hudo.com\/si\/wp-json\/wp\/v2\/tags?post=448046"},{"taxonomy":"source","embeddable":true,"href":"https:\/\/hudo.com\/si\/wp-json\/wp\/v2\/source?post=448046"},{"taxonomy":"supertag","embeddable":true,"href":"https:\/\/hudo.com\/si\/wp-json\/wp\/v2\/supertag?post=448046"}],"curies":[{"name":"wp","href":"https:\/\/api.w.org\/{rel}","templated":true}]}}