{"id":448520,"date":"2021-03-29T17:47:07","date_gmt":"2021-03-29T15:47:07","guid":{"rendered":"https:\/\/hudo.com\/si\/?p=448520"},"modified":"2021-03-29T17:47:07","modified_gmt":"2021-03-29T15:47:07","slug":"javno-zivljenje-bo-zaprto-proizvodnja-v-velikih-podjetjih-pa-bo-tekla-dalje","status":"publish","type":"post","link":"https:\/\/hudo.com\/si\/aktualno\/slovenija\/javno-zivljenje-bo-zaprto-proizvodnja-v-velikih-podjetjih-pa-bo-tekla-dalje\/","title":{"rendered":"Javno \u017eivljenje bo zaprto, proizvodnja v velikih podjetjih pa bo tekla dalje"},"content":{"rendered":"<p>Predstavniki vlade so podjetja v nedeljo pozvali, naj med 1. in 11. aprilom delo po mo\u017enosti organizirajo na daljavo. \u010ce tega ni mogo\u010de storiti, pa naj delavce spodbudijo h kori\u0161\u010denju dopusta ali nadur.<\/p>\n<p>Vlada je namre\u010d v nedeljo sprejela stroge omejitvene ukrepe, s katerimi \u017eeli zajeziti nadaljnje \u0161irjenje koronavirusa. Ti bodo z izjemo zaostritev na meji s Slovenijo, ki velja \u017ee od danes pa vse do vklju\u010dno 12. aprila, veljali od 1. do vklju\u010dno 11. aprila.<\/p>\n<p>V novome\u0161kem Revozu, kjer so zaradi pomanjkanja \u010dipov, ki jih vgrajujejo v avtomobilske modele, v \u010detrtek zaustavili proizvodnjo, danes pa jo vnovi\u010d pognali, bodo delali do konca tedna. Po velikono\u010dnem ponedeljku prihodnji teden od torka do petka iz tega razloga predvidevajo vnovi\u010dno \u0161tiridnevno zaustavitev proizvodnje, a se o tem \u0161e niso dokon\u010dno odlo\u010dili.<\/p>\n<p>Gre za sprotno odlo\u010danje in prilagajanje, upo\u0161tevati pa morajo tudi prihajanje na delo v tovarni zaposlenih tujcev. Med morebitno zaustavitvijo proizvodnje bodo imeli sicer delavci imeli t. i. nedelovne dni, je za STA povedala vodja Revozove slu\u017ebe za komuniciranje Nevenka Ba\u0161ek Zild\u017eovi\u0107.<\/p>\n<p>V bistri\u0161kem Impolu so za STA pojasnili, da je zaradi visoke rasti povpra\u0161evanja na trgu zaustavitev proizvodnje v tem trenutku pri njih nemogo\u010da, saj bi imeli velike te\u017eave zaradi neizpolnjevanja pogodbenih obveznosti do kupcev. \u017de tako bodo zaradi vladnih ukrepov imeli te\u017eave z zagotavljanjem prisotnosti zaposlenih, saj, kot je napovedano, bo ponovno zaprta celotna podporna infrastruktura, kot so vrtci in \u0161ole.<\/p>\n<p>Ob tem dodajajo, da se znotraj svoje skupine v celotnem obdobju trajanja pandemije dr\u017eijo \u0161tevilnih ukrepov, med drugim skrbijo za razku\u017eevanje in merjenje temperature pred vhodom ter redno spremljajo zdravstveno stanje zaposlenih, prav tako ve\u010dina re\u017eijskih delavcev delo opravlja od doma.<\/p>\n<p>Kot so \u0161e dodali, trenutno stanje oku\u017eb obvladujejo, saj imajo na dana\u0161nji dan med 1380 zaposlenimi tri aktivne oku\u017ebe in pet delavcev v karanteni. Razmere so tako ob\u010dutno bolj\u0161e kot v lanskem novembru in decembru, ko je bilo zaradi oku\u017eb ali karantene odsotnih ve\u010d kot 70 ljudi.<\/p>\n<p>Zaustavitve proizvodnje ne na\u010drtujejo niti v velenjskem Gorenju, ki je del kitajskega Hisensa. Kot so pojasnili za STA, njihovi re\u017eijski delavci od doma delajo \u017ee od lanskega avgusta, v proizvodnji pa imajo prav tako \u017ee ve\u010d kot leto dni stroge preventivne ukrepe in u\u010dinkovite protokole ravnanja ob vsakem sumu oku\u017eb vklju\u010dno s hitrimi testi in testi PCR.<\/p>\n<p>&#8220;Z doslednim upo\u0161tevanjem ukrepov in z rutinskimi protokoli ravnanja ob sumu oku\u017eb nam je uspelo \u0161irjenje oku\u017eb znotraj podjetja \u017ee kmalu po izbruhu epidemije obvladati in nato tudi prepre\u010diti, tako da na\u0161e podjetje ni vir oku\u017eb,&#8221; so poudarili. \u010ce se kdo od zaposlenih oku\u017ei, se to zgodi zunaj podjetja, so dodali.<\/p>\n<p>Tudi v Cinkarni Celje ne nameravajo ustaviti proizvodnje. &#8220;Glede na specifike proizvodnega procesa bo Cinkarna Celje \u0161e naprej sledila strategiji neprekinjenega delovanja, upo\u0161tevajo\u010d vse sprejete ukrepe s strani vlade in uprave podjetja. V okviru vseh omejitev bo podjetje maksimalno skrbelo za varnost in zdravje svojih zaposlenih ter prilagajalo delovne procese situaciji,&#8221; so zapisali.<\/p>\n<p>Kot so dodali, bo del zaposlenih opravljal delo od doma, del pa v dogovoru z delodajalcem koristil letni dopust oz. odsotnost z dela zaradi vi\u0161je sile zaradi varstva otrok. Kolektivnega dopusta pa v \u010dasu zaprtja ne na\u010drtujejo, so za STA \u0161e pojasnili v Cinkarni Celje.<\/p>\n<p>V zre\u0161kem Uniorju so povedali, da bo delo v tem \u010dasu potekalo nemoteno, saj tudi sicer v podjetju izvajajo vrsto ukrepov za prepre\u010devanje oku\u017eb \u017ee od za\u010detka pandemije.<\/p>\n<p>V Domelu ustavitve ali zmanj\u0161anja proizvodnje ne predvidevajo, saj imajo zaradi velikega povpra\u0161evanja kupcev proizvodne kapacitete povsem zapolnjene vse do poletnih dopustov. Bodo pa skladno z vladnimi ukrepi vse re\u017eijske in podporne slu\u017ebe napotili na delo od doma, za zaposlene v proizvodnji pa bodo \u0161e naprej skrbeli z za\u0161\u010ditnimi ukrepi za prepre\u010devanje prenosa oku\u017eb, je za STA pojasnil predsednik uprave Domel Holdinga Matja\u017e \u010cema\u017ear.<\/p>\n<p>Kot je dodal, bi bilo popolno zaprtje proizvodnje za Domel kriti\u010dno zlasti z vidika izpolnjevanja pogodbenih obveznosti do kupcev. Zaustavitev proizvodnje bi neposredno pomenila izpad prihodkov od prodaje, ki jih tudi s subvencijami ni mo\u017eno popolnoma nadomestiti. Nedobava izdelkov pa bi imela tudi dolgoro\u010dne posledice na strate\u0161kih pozicijah, saj kupci tak\u0161nem primeru i\u0161\u010dejo in vzpostavljajo alternativne vire.<\/p>\n<p>Tudi glavni direktor Iskra Mehanizmov Marjan Poga\u010dnik je za STA povedal, da imajo ve\u010dino proizvodnje pogodbeno vezano na dobave ve\u010djim kupcem, izostanek dobav pa bi kratkoro\u010dno pomenil ve\u010dje od\u0161kodnine, dolgoro\u010dno pa najbr\u017e izgubo posla. &#8220;Zato bomo pozivu vlade sledili tako, da bomo v proizvodnji, tako kot do zdaj, predvsem zagotavljali vse potrebne ukrepe za za\u0161\u010dito pred \u0161irjenjem virusa, vklju\u010dno s testiranjem zaposlenih, merjenjem temperature pri prihodu v slu\u017ebo in podobno,&#8221; je dejal Poga\u010dnik. Kot je dodal, so bili s temi ukrepi zaenkrat precej uspe\u0161ni. Re\u017eijski delavci pa bodo v veliki ve\u010dini delali od doma.<\/p>\n<p>Kjer delo na daljavo ni mogo\u010de oz. se delodajalci zanj ne bodo odlo\u010dili, morajo v najve\u010dji meri poskrbeti za za\u0161\u010dito zdravja delavcev, je pozval predsednik Konfederacije sindikatov Slovenije Pergam Jakob Po\u010divav\u0161ek. &#8220;Sprejeti morajo vse ukrepe, ki bodo mo\u017enost prenosa virusa zmanj\u0161ali na najmanj\u0161o mo\u017eno raven,&#8221; je poudaril.<\/p>\n<p>K za\u0161\u010diti zaposlenih je pozvala tudi predsednica Zveze svobodnih sindikatov Slovenije Lidija Jerki\u010d. Kot je ocenila, je za mnoga podjetja in delavce delo na daljavo \u017ee dobro ute\u010den postopek.<\/p>\n","protected":false},"excerpt":{"rendered":"<p>Podjetja ob napovedi ponovnega zaprtja dr\u017eave in pozivih k prehodu na delo na daljavo ve\u010dinoma ne na\u010drtujejo ustavitve proizvodnje, pa\u010d pa bodo \u0161e naprej izvajala ukrepe za prepre\u010devanje \u0161irjenja oku\u017eb z novim koronavirusom med zaposlenimi. Bodo pa na delo na domu marsikje pre\u0161li re\u017eijski delavci.<\/p>\n","protected":false},"author":7,"featured_media":448523,"comment_status":"closed","ping_status":"closed","sticky":false,"template":"","format":"standard","meta":{"footnotes":""},"categories":[18201],"tags":[2391,1595],"source":[4511],"supertag":[7541,5675],"acf":[],"yoast_head":"<!-- This site is optimized with the Yoast SEO plugin v21.3 - https:\/\/yoast.com\/wordpress\/plugins\/seo\/ -->\n<title>Javno \u017eivljenje bo zaprto, proizvodnja v velikih podjetjih pa bo tekla dalje - Hudo Slovenija<\/title>\n<meta name=\"robots\" content=\"index, follow, max-snippet:-1, max-image-preview:large, max-video-preview:-1\" \/>\n<link rel=\"canonical\" href=\"https:\/\/hudo.com\/si\/aktualno\/slovenija\/javno-zivljenje-bo-zaprto-proizvodnja-v-velikih-podjetjih-pa-bo-tekla-dalje\/\" \/>\n<meta property=\"og:locale\" content=\"sl_SI\" \/>\n<meta property=\"og:type\" content=\"article\" \/>\n<meta property=\"og:title\" content=\"Javno \u017eivljenje bo zaprto, proizvodnja v velikih podjetjih pa bo tekla dalje - Hudo Slovenija\" \/>\n<meta property=\"og:description\" content=\"Podjetja ob napovedi ponovnega zaprtja dr\u017eave in pozivih k prehodu na delo na daljavo ve\u010dinoma ne na\u010drtujejo ustavitve proizvodnje, pa\u010d pa bodo \u0161e naprej izvajala ukrepe za prepre\u010devanje \u0161irjenja oku\u017eb z novim koronavirusom med zaposlenimi. Bodo pa na delo na domu marsikje pre\u0161li re\u017eijski delavci.\" \/>\n<meta property=\"og:url\" content=\"https:\/\/hudo.com\/si\/aktualno\/slovenija\/javno-zivljenje-bo-zaprto-proizvodnja-v-velikih-podjetjih-pa-bo-tekla-dalje\/\" \/>\n<meta property=\"og:site_name\" content=\"Hudo Slovenija\" \/>\n<meta property=\"article:publisher\" content=\"https:\/\/www.facebook.com\/hudo.si\" \/>\n<meta property=\"article:published_time\" content=\"2021-03-29T15:47:07+00:00\" \/>\n<meta property=\"og:image\" content=\"https:\/\/hudo.com\/si\/wp-content\/uploads\/sites\/2\/2021\/03\/profimedia-0328529805.jpg\" \/>\n\t<meta property=\"og:image:width\" content=\"1250\" \/>\n\t<meta property=\"og:image:height\" content=\"834\" \/>\n\t<meta property=\"og:image:type\" content=\"image\/jpeg\" \/>\n<meta name=\"author\" content=\"A. P., STA\" \/>\n<meta name=\"twitter:card\" content=\"summary_large_image\" \/>\n<meta name=\"twitter:creator\" content=\"@hudo_si\" \/>\n<meta name=\"twitter:site\" content=\"@hudo_si\" \/>\n<meta name=\"twitter:label1\" content=\"Written by\" \/>\n\t<meta name=\"twitter:data1\" content=\"A. P., STA\" \/>\n\t<meta name=\"twitter:label2\" content=\"Est. reading time\" \/>\n\t<meta name=\"twitter:data2\" content=\"5 minut\" \/>\n<script type=\"application\/ld+json\" class=\"yoast-schema-graph\">{\"@context\":\"https:\/\/schema.org\",\"@graph\":[{\"@type\":\"Article\",\"@id\":\"https:\/\/hudo.com\/si\/aktualno\/slovenija\/javno-zivljenje-bo-zaprto-proizvodnja-v-velikih-podjetjih-pa-bo-tekla-dalje\/#article\",\"isPartOf\":{\"@id\":\"https:\/\/hudo.com\/si\/aktualno\/slovenija\/javno-zivljenje-bo-zaprto-proizvodnja-v-velikih-podjetjih-pa-bo-tekla-dalje\/\"},\"author\":{\"name\":\"A. P., STA\",\"@id\":\"https:\/\/hudo.com\/si\/#\/schema\/person\/18f09c02475ba9e606e941a565b80cff\"},\"headline\":\"Javno \u017eivljenje bo zaprto, proizvodnja v velikih podjetjih pa bo tekla dalje\",\"datePublished\":\"2021-03-29T15:47:07+00:00\",\"dateModified\":\"2021-03-29T15:47:07+00:00\",\"mainEntityOfPage\":{\"@id\":\"https:\/\/hudo.com\/si\/aktualno\/slovenija\/javno-zivljenje-bo-zaprto-proizvodnja-v-velikih-podjetjih-pa-bo-tekla-dalje\/\"},\"wordCount\":939,\"publisher\":{\"@id\":\"https:\/\/hudo.com\/si\/#organization\"},\"keywords\":[\"gospodarstvo\",\"Slovenija\"],\"articleSection\":[\"Slovenija\"],\"inLanguage\":\"sl-SI\"},{\"@type\":\"WebPage\",\"@id\":\"https:\/\/hudo.com\/si\/aktualno\/slovenija\/javno-zivljenje-bo-zaprto-proizvodnja-v-velikih-podjetjih-pa-bo-tekla-dalje\/\",\"url\":\"https:\/\/hudo.com\/si\/aktualno\/slovenija\/javno-zivljenje-bo-zaprto-proizvodnja-v-velikih-podjetjih-pa-bo-tekla-dalje\/\",\"name\":\"Javno \u017eivljenje bo zaprto, proizvodnja v velikih podjetjih pa bo tekla dalje - Hudo Slovenija\",\"isPartOf\":{\"@id\":\"https:\/\/hudo.com\/si\/#website\"},\"datePublished\":\"2021-03-29T15:47:07+00:00\",\"dateModified\":\"2021-03-29T15:47:07+00:00\",\"breadcrumb\":{\"@id\":\"https:\/\/hudo.com\/si\/aktualno\/slovenija\/javno-zivljenje-bo-zaprto-proizvodnja-v-velikih-podjetjih-pa-bo-tekla-dalje\/#breadcrumb\"},\"inLanguage\":\"sl-SI\",\"potentialAction\":[{\"@type\":\"ReadAction\",\"target\":[\"https:\/\/hudo.com\/si\/aktualno\/slovenija\/javno-zivljenje-bo-zaprto-proizvodnja-v-velikih-podjetjih-pa-bo-tekla-dalje\/\"]}]},{\"@type\":\"BreadcrumbList\",\"@id\":\"https:\/\/hudo.com\/si\/aktualno\/slovenija\/javno-zivljenje-bo-zaprto-proizvodnja-v-velikih-podjetjih-pa-bo-tekla-dalje\/#breadcrumb\",\"itemListElement\":[{\"@type\":\"ListItem\",\"position\":1,\"name\":\"Home\",\"item\":\"https:\/\/hudo.com\/si\/\"},{\"@type\":\"ListItem\",\"position\":2,\"name\":\"Javno \u017eivljenje bo zaprto, proizvodnja v velikih podjetjih pa bo tekla dalje\"}]},{\"@type\":\"WebSite\",\"@id\":\"https:\/\/hudo.com\/si\/#website\",\"url\":\"https:\/\/hudo.com\/si\/\",\"name\":\"Hudo Slovenija\",\"description\":\"Vse novice iz Slovenije in sveta\",\"publisher\":{\"@id\":\"https:\/\/hudo.com\/si\/#organization\"},\"potentialAction\":[{\"@type\":\"SearchAction\",\"target\":{\"@type\":\"EntryPoint\",\"urlTemplate\":\"https:\/\/hudo.com\/si\/?s={search_term_string}\"},\"query-input\":\"required name=search_term_string\"}],\"inLanguage\":\"sl-SI\"},{\"@type\":\"Organization\",\"@id\":\"https:\/\/hudo.com\/si\/#organization\",\"name\":\"VSN Media\",\"url\":\"https:\/\/hudo.com\/si\/\",\"logo\":{\"@type\":\"ImageObject\",\"inLanguage\":\"sl-SI\",\"@id\":\"https:\/\/hudo.com\/si\/#\/schema\/logo\/image\/\",\"url\":\"https:\/\/hudo.com\/si\/wp-content\/uploads\/sites\/2\/2021\/03\/hudo-app-2.png\",\"contentUrl\":\"https:\/\/hudo.com\/si\/wp-content\/uploads\/sites\/2\/2021\/03\/hudo-app-2.png\",\"width\":2185,\"height\":2167,\"caption\":\"VSN Media\"},\"image\":{\"@id\":\"https:\/\/hudo.com\/si\/#\/schema\/logo\/image\/\"},\"sameAs\":[\"https:\/\/www.facebook.com\/hudo.si\",\"https:\/\/twitter.com\/hudo_si\"]},{\"@type\":\"Person\",\"@id\":\"https:\/\/hudo.com\/si\/#\/schema\/person\/18f09c02475ba9e606e941a565b80cff\",\"name\":\"A. P., STA\",\"image\":{\"@type\":\"ImageObject\",\"inLanguage\":\"sl-SI\",\"@id\":\"https:\/\/hudo.com\/si\/#\/schema\/person\/image\/\",\"url\":\"https:\/\/secure.gravatar.com\/avatar\/03eac8e609f5f04383125d80eaeaaf3e?s=96&d=mm&r=g\",\"contentUrl\":\"https:\/\/secure.gravatar.com\/avatar\/03eac8e609f5f04383125d80eaeaaf3e?s=96&d=mm&r=g\",\"caption\":\"A. P., STA\"},\"url\":\"https:\/\/hudo.com\/si\/author\/lubu\/\"}]}<\/script>\n<!-- \/ Yoast SEO plugin. -->","yoast_head_json":{"title":"Javno \u017eivljenje bo zaprto, proizvodnja v velikih podjetjih pa bo tekla dalje - Hudo Slovenija","robots":{"index":"index","follow":"follow","max-snippet":"max-snippet:-1","max-image-preview":"max-image-preview:large","max-video-preview":"max-video-preview:-1"},"canonical":"https:\/\/hudo.com\/si\/aktualno\/slovenija\/javno-zivljenje-bo-zaprto-proizvodnja-v-velikih-podjetjih-pa-bo-tekla-dalje\/","og_locale":"sl_SI","og_type":"article","og_title":"Javno \u017eivljenje bo zaprto, proizvodnja v velikih podjetjih pa bo tekla dalje - Hudo Slovenija","og_description":"Podjetja ob napovedi ponovnega zaprtja dr\u017eave in pozivih k prehodu na delo na daljavo ve\u010dinoma ne na\u010drtujejo ustavitve proizvodnje, pa\u010d pa bodo \u0161e naprej izvajala ukrepe za prepre\u010devanje \u0161irjenja oku\u017eb z novim koronavirusom med zaposlenimi. Bodo pa na delo na domu marsikje pre\u0161li re\u017eijski delavci.","og_url":"https:\/\/hudo.com\/si\/aktualno\/slovenija\/javno-zivljenje-bo-zaprto-proizvodnja-v-velikih-podjetjih-pa-bo-tekla-dalje\/","og_site_name":"Hudo Slovenija","article_publisher":"https:\/\/www.facebook.com\/hudo.si","article_published_time":"2021-03-29T15:47:07+00:00","og_image":[{"width":1250,"height":834,"url":"https:\/\/hudo.com\/si\/wp-content\/uploads\/sites\/2\/2021\/03\/profimedia-0328529805.jpg","type":"image\/jpeg"}],"author":"A. P., STA","twitter_card":"summary_large_image","twitter_creator":"@hudo_si","twitter_site":"@hudo_si","twitter_misc":{"Written by":"A. P., STA","Est. reading time":"5 minut"},"schema":{"@context":"https:\/\/schema.org","@graph":[{"@type":"Article","@id":"https:\/\/hudo.com\/si\/aktualno\/slovenija\/javno-zivljenje-bo-zaprto-proizvodnja-v-velikih-podjetjih-pa-bo-tekla-dalje\/#article","isPartOf":{"@id":"https:\/\/hudo.com\/si\/aktualno\/slovenija\/javno-zivljenje-bo-zaprto-proizvodnja-v-velikih-podjetjih-pa-bo-tekla-dalje\/"},"author":{"name":"A. P., STA","@id":"https:\/\/hudo.com\/si\/#\/schema\/person\/18f09c02475ba9e606e941a565b80cff"},"headline":"Javno \u017eivljenje bo zaprto, proizvodnja v velikih podjetjih pa bo tekla dalje","datePublished":"2021-03-29T15:47:07+00:00","dateModified":"2021-03-29T15:47:07+00:00","mainEntityOfPage":{"@id":"https:\/\/hudo.com\/si\/aktualno\/slovenija\/javno-zivljenje-bo-zaprto-proizvodnja-v-velikih-podjetjih-pa-bo-tekla-dalje\/"},"wordCount":939,"publisher":{"@id":"https:\/\/hudo.com\/si\/#organization"},"keywords":["gospodarstvo","Slovenija"],"articleSection":["Slovenija"],"inLanguage":"sl-SI"},{"@type":"WebPage","@id":"https:\/\/hudo.com\/si\/aktualno\/slovenija\/javno-zivljenje-bo-zaprto-proizvodnja-v-velikih-podjetjih-pa-bo-tekla-dalje\/","url":"https:\/\/hudo.com\/si\/aktualno\/slovenija\/javno-zivljenje-bo-zaprto-proizvodnja-v-velikih-podjetjih-pa-bo-tekla-dalje\/","name":"Javno \u017eivljenje bo zaprto, proizvodnja v velikih podjetjih pa bo tekla dalje - Hudo Slovenija","isPartOf":{"@id":"https:\/\/hudo.com\/si\/#website"},"datePublished":"2021-03-29T15:47:07+00:00","dateModified":"2021-03-29T15:47:07+00:00","breadcrumb":{"@id":"https:\/\/hudo.com\/si\/aktualno\/slovenija\/javno-zivljenje-bo-zaprto-proizvodnja-v-velikih-podjetjih-pa-bo-tekla-dalje\/#breadcrumb"},"inLanguage":"sl-SI","potentialAction":[{"@type":"ReadAction","target":["https:\/\/hudo.com\/si\/aktualno\/slovenija\/javno-zivljenje-bo-zaprto-proizvodnja-v-velikih-podjetjih-pa-bo-tekla-dalje\/"]}]},{"@type":"BreadcrumbList","@id":"https:\/\/hudo.com\/si\/aktualno\/slovenija\/javno-zivljenje-bo-zaprto-proizvodnja-v-velikih-podjetjih-pa-bo-tekla-dalje\/#breadcrumb","itemListElement":[{"@type":"ListItem","position":1,"name":"Home","item":"https:\/\/hudo.com\/si\/"},{"@type":"ListItem","position":2,"name":"Javno \u017eivljenje bo zaprto, proizvodnja v velikih podjetjih pa bo tekla dalje"}]},{"@type":"WebSite","@id":"https:\/\/hudo.com\/si\/#website","url":"https:\/\/hudo.com\/si\/","name":"Hudo Slovenija","description":"Vse novice iz Slovenije in sveta","publisher":{"@id":"https:\/\/hudo.com\/si\/#organization"},"potentialAction":[{"@type":"SearchAction","target":{"@type":"EntryPoint","urlTemplate":"https:\/\/hudo.com\/si\/?s={search_term_string}"},"query-input":"required name=search_term_string"}],"inLanguage":"sl-SI"},{"@type":"Organization","@id":"https:\/\/hudo.com\/si\/#organization","name":"VSN Media","url":"https:\/\/hudo.com\/si\/","logo":{"@type":"ImageObject","inLanguage":"sl-SI","@id":"https:\/\/hudo.com\/si\/#\/schema\/logo\/image\/","url":"https:\/\/hudo.com\/si\/wp-content\/uploads\/sites\/2\/2021\/03\/hudo-app-2.png","contentUrl":"https:\/\/hudo.com\/si\/wp-content\/uploads\/sites\/2\/2021\/03\/hudo-app-2.png","width":2185,"height":2167,"caption":"VSN Media"},"image":{"@id":"https:\/\/hudo.com\/si\/#\/schema\/logo\/image\/"},"sameAs":["https:\/\/www.facebook.com\/hudo.si","https:\/\/twitter.com\/hudo_si"]},{"@type":"Person","@id":"https:\/\/hudo.com\/si\/#\/schema\/person\/18f09c02475ba9e606e941a565b80cff","name":"A. P., STA","image":{"@type":"ImageObject","inLanguage":"sl-SI","@id":"https:\/\/hudo.com\/si\/#\/schema\/person\/image\/","url":"https:\/\/secure.gravatar.com\/avatar\/03eac8e609f5f04383125d80eaeaaf3e?s=96&d=mm&r=g","contentUrl":"https:\/\/secure.gravatar.com\/avatar\/03eac8e609f5f04383125d80eaeaaf3e?s=96&d=mm&r=g","caption":"A. P., STA"},"url":"https:\/\/hudo.com\/si\/author\/lubu\/"}]}},"amp_enabled":true,"_links":{"self":[{"href":"https:\/\/hudo.com\/si\/wp-json\/wp\/v2\/posts\/448520"}],"collection":[{"href":"https:\/\/hudo.com\/si\/wp-json\/wp\/v2\/posts"}],"about":[{"href":"https:\/\/hudo.com\/si\/wp-json\/wp\/v2\/types\/post"}],"author":[{"embeddable":true,"href":"https:\/\/hudo.com\/si\/wp-json\/wp\/v2\/users\/7"}],"replies":[{"embeddable":true,"href":"https:\/\/hudo.com\/si\/wp-json\/wp\/v2\/comments?post=448520"}],"version-history":[{"count":1,"href":"https:\/\/hudo.com\/si\/wp-json\/wp\/v2\/posts\/448520\/revisions"}],"predecessor-version":[{"id":448524,"href":"https:\/\/hudo.com\/si\/wp-json\/wp\/v2\/posts\/448520\/revisions\/448524"}],"wp:featuredmedia":[{"embeddable":true,"href":"https:\/\/hudo.com\/si\/wp-json\/wp\/v2\/media\/448523"}],"wp:attachment":[{"href":"https:\/\/hudo.com\/si\/wp-json\/wp\/v2\/media?parent=448520"}],"wp:term":[{"taxonomy":"category","embeddable":true,"href":"https:\/\/hudo.com\/si\/wp-json\/wp\/v2\/categories?post=448520"},{"taxonomy":"post_tag","embeddable":true,"href":"https:\/\/hudo.com\/si\/wp-json\/wp\/v2\/tags?post=448520"},{"taxonomy":"source","embeddable":true,"href":"https:\/\/hudo.com\/si\/wp-json\/wp\/v2\/source?post=448520"},{"taxonomy":"supertag","embeddable":true,"href":"https:\/\/hudo.com\/si\/wp-json\/wp\/v2\/supertag?post=448520"}],"curies":[{"name":"wp","href":"https:\/\/api.w.org\/{rel}","templated":true}]}}