{"id":448609,"date":"2021-03-31T08:03:29","date_gmt":"2021-03-31T06:03:29","guid":{"rendered":"https:\/\/hudo.com\/si\/?p=448609"},"modified":"2021-03-31T08:03:29","modified_gmt":"2021-03-31T06:03:29","slug":"nic-kaj-roznato-porocilo-zda-o-sloveniji-le-malo-drzav-je-v-tako-kratkem-casu-dozivelo-taksen-obrat-po-zamenjavi-vlade","status":"publish","type":"post","link":"https:\/\/hudo.com\/si\/aktualno\/slovenija\/nic-kaj-roznato-porocilo-zda-o-sloveniji-le-malo-drzav-je-v-tako-kratkem-casu-dozivelo-taksen-obrat-po-zamenjavi-vlade\/","title":{"rendered":"Ni\u010d kaj ro\u017enato poro\u010dilo ZDA o Sloveniji: &#8221;Le malo dr\u017eav je v tako kratkem \u010dasu do\u017eivelo tak\u0161en obrat po zamenjavi vlade.&#8221;"},"content":{"rendered":"<p>State Department omenja poro\u010dila novinarskih organizacij o nara\u0161\u010danju sovra\u017ene retorike in gro\u017enjah novinarjem na internetu, ki so jih vzpodbudile sovra\u017enosti dr\u017eavnih uradnikov, \u017ee v uvodu celotnega poro\u010dila pa napade na medije ozna\u010duje kot bistveno vpra\u0161anje glede polo\u017eaja \u010dlovekovih pravic v Sloveniji.<\/p>\n<p>Mednarodni in\u0161titut za tisk (IPI) je izpostavil vrsto tviterskih napadov na novinarje, kar je vzpodbudilo rast digitalnega nadlegovanja s strani spletnih trolov in prispevalo k sovra\u017enem ozra\u010dju za raziskovalno novinarstvo. Poro\u010dilo sicer omenja, da je premier Janez Jan\u0161a obsodil fizi\u010dne napade na novinarje in vzpodbujanje k takim napadom.<\/p>\n<p>Posebej je v poro\u010dilu omenjeno ponovno tvitanje vladnega kriznega \u0161taba za covid-19 o raziskovalnem novinarju Bla\u017eu Zgagi, da ima &#8220;covid Marx Lenin virus&#8221;, kar je spro\u017eilo napade provladnih medijev nanj, omenjajo se kritike vladnih uradnikov, da RTV ne poro\u010da ugodno o vladi.<\/p>\n<p>Poro\u010dila omenja tudi imenovanje novih \u010dlanih programskega sveta, Jan\u0161evem tvitu, da RTV la\u017ee o vi\u0161anju pla\u010d ministrom in dr\u017eavnim sekretarjem, \u017ealjive tvite in besedne napade na novinarje RTV, ki so jim sledili fizi\u010dni napadi nevladnih dejavnikov, ter gro\u017enje novinarki RTV Eugeniji Carl, ki je dobila po\u0161iljko s sumljivim belim prahom.<\/p>\n<p>State Department poro\u010da tudi o napadih na novinarje v \u010dasu protestov, med drugim napadu raperja Zlatka \u010cordi\u0107a na provladno televiziji Novo24. Poro\u010dilo State Departmenta niza mednarodne organizacije, kot so Svet Evrope, OVSE in druge, ki so obsodile gro\u017enje novinarjem, ter navaja poro\u010dilo Evropske komisije o skrbeh zaradi mo\u017enih politi\u010dno motiviranih spremembah financiranja RTV in vodenja nacionalne tiskovne agencije.<\/p>\n<p>&#8220;IPI ocenjuje, da je le malo dr\u017eav v Evropi, ki so do\u017eivele tako hiter preobrat na slab\u0161e pri svobodi medijev po zamenjavi oblasti. To je privedlo v zaskrbljujo\u010d padec medijske svobode v kratkem \u010dasu v dr\u017eavi, ki je bila doslej relativno varna za neodvisno novinarstvo,&#8221; poro\u010dilo IPI navaja State Department.<\/p>\n<p>Vlada je sku\u0161ala upravi\u010diti svoje kritike medijev v pismu Svetu Evrope, kjer navaja, da je polo\u017eaj posledica tega, da imajo mediji izvor v nekdanjem komunisti\u010dnem re\u017eimu, lastni\u0161tvo pa je konsolidirano v krogih blizu levice. Obenem poro\u010dilo State Departmenta navaja skrbi zaradi financiranja dolo\u010denih medijev iz krogov blizu mad\u017earske vladajo\u010de stranke Fidesz.<\/p>\n<p>Ameri\u010dani poro\u010dajo tudi o prito\u017ebah zaradi policijskega nasilja nad protestniki in policijskem zanikanju nasilja, nevladnih organizacijah, ki vlado obto\u017eujejo ma\u0161\u010devanja zaradi kritike vladnih politik, in poro\u010dilih lokalnih strokovnjakov za korupcijo, da je zadeva v dr\u017eavi sistemska, \u010deprav je policija preiskala le osamljene primere.<\/p>\n<p>Korupcija se ka\u017ee s politi\u010dno motiviranimi imenovanji v dr\u017eavna podjetja, konflikti interesov, slabi preglednosti javnih naro\u010dil, med drugim pri nabavah za\u0161\u010ditne opreme v \u010dasu pandemije covida-19. Omenja primer Ivana Galeta, ki je obto\u017eil ministra za gospodarske zadeve Zdravka Po\u010dival\u0161ka, da je osebno usmeril osem milijonov evrov vredne pogodbe za nakup ventilatorjem favoriziranemu podjetju Geneplanet.<\/p>\n<p>Poro\u010dilo State Departmenta med drugim navaja, da je vlada je ukrepala proti dr\u017eavnim uradnikom, ki so zlorabljali \u010dlovekove pravice in ni bilo primerov nekaznovanosti.<\/p>\n<p>Glede polo\u017eaja v zaporih poro\u010dilo pravi, da je varuh \u010dlovekovih pravic opozoril na diskriminacijo zapornic na Igu v primerjavi z zaporniki na Dobu. Mo\u0161ki imajo ve\u010d pravic glede telefonskih klicev, elektronske komunikacije, rekreacije, nobena zapornic pa ni dobila pravice do obiskovalca za \u010dez no\u010d ali do intimnih stikov, kar imajo zaporniki.<\/p>\n<p>Poro\u010dilo tudi letos omenja vra\u010danje po vojni zaplenjenega premo\u017eenja in opozarja na nekaj nere\u0161enih zahtevkov iz \u010dasa holokavsta. Poro\u010dil o nasilju nad Judi ni bilo, omenja pa se izraz zaskrbljenosti Judovskega kulturnega centra v Ljubljani zaradi razveljavitve smrtne obsodbe generala Leona Rupnika leta 1946.<\/p>\n<p>Precej obse\u017een je ponovno del glede diskriminacije Romov, \u010deprav poro\u010dilo navaja tudi vse pozitivne ukrepe vlade.<\/p>\n<p>Omenja tudi zahtevo nem\u0161ko govore\u010de skupnosti v Sloveniji za priznanje statusa narodne manj\u0161ine, kar zahtevajo tudi druge skupnosti, kot so albanska, bosanska, hrva\u0161ka, makedonska, \u010drnogorska in srbska.<\/p>\n<p>Poro\u010dilo navaja tudi napad na gejevskega aktivista in prijatelje 5. junija v Mariboru in poro\u010dila o primerih prisilnega dela v gradbenem sektorju, kjer se izkori\u0161\u010dajo migrantski delavci, kazni za izkori\u0161\u010devalce pa so nizke.<\/p>\n<p>Navajajo tudi poro\u010dila nevladnih organizacij, kot je Amnesty International, o vra\u010danju prosilcev za azil na Hrva\u0161ko, odkoder jih porivajo v Bosno in Hercegovino ter trditve slovenske vlada, da nima kapacitet za procesiranje in sprejem novih prosilcev za azil.<\/p>\n","protected":false},"excerpt":{"rendered":"<p>Ameri\u0161ki State Department je v torek izdal poro\u010dilo o polo\u017eaju \u010dlovekovih pravic po svetu v letu 2020, ki se glede Slovenije ob\u0161irneje kot kadarkoli doslej ukvarja z napadi na medije in novinarje.<\/p>\n","protected":false},"author":7,"featured_media":434678,"comment_status":"closed","ping_status":"closed","sticky":false,"template":"","format":"standard","meta":{"footnotes":""},"categories":[18201],"tags":[4144,1682],"source":[4511],"supertag":[6103],"acf":[],"yoast_head":"<!-- This site is optimized with the Yoast SEO plugin v21.3 - https:\/\/yoast.com\/wordpress\/plugins\/seo\/ -->\n<title>Ni\u010d kaj ro\u017enato poro\u010dilo ZDA o Sloveniji: &#039;&#039;Le malo dr\u017eav je v tako kratkem \u010dasu do\u017eivelo tak\u0161en obrat po zamenjavi vlade.&#039;&#039; - Hudo Slovenija<\/title>\n<meta name=\"robots\" content=\"index, follow, max-snippet:-1, max-image-preview:large, max-video-preview:-1\" \/>\n<link rel=\"canonical\" href=\"https:\/\/hudo.com\/si\/aktualno\/slovenija\/nic-kaj-roznato-porocilo-zda-o-sloveniji-le-malo-drzav-je-v-tako-kratkem-casu-dozivelo-taksen-obrat-po-zamenjavi-vlade\/\" \/>\n<meta property=\"og:locale\" content=\"sl_SI\" \/>\n<meta property=\"og:type\" content=\"article\" \/>\n<meta property=\"og:title\" content=\"Ni\u010d kaj ro\u017enato poro\u010dilo ZDA o Sloveniji: &#039;&#039;Le malo dr\u017eav je v tako kratkem \u010dasu do\u017eivelo tak\u0161en obrat po zamenjavi vlade.&#039;&#039; - Hudo Slovenija\" \/>\n<meta property=\"og:description\" content=\"Ameri\u0161ki State Department je v torek izdal poro\u010dilo o polo\u017eaju \u010dlovekovih pravic po svetu v letu 2020, ki se glede Slovenije ob\u0161irneje kot kadarkoli doslej ukvarja z napadi na medije in novinarje.\" \/>\n<meta property=\"og:url\" content=\"https:\/\/hudo.com\/si\/aktualno\/slovenija\/nic-kaj-roznato-porocilo-zda-o-sloveniji-le-malo-drzav-je-v-tako-kratkem-casu-dozivelo-taksen-obrat-po-zamenjavi-vlade\/\" \/>\n<meta property=\"og:site_name\" content=\"Hudo Slovenija\" \/>\n<meta property=\"article:publisher\" content=\"https:\/\/www.facebook.com\/hudo.si\" \/>\n<meta property=\"article:published_time\" content=\"2021-03-31T06:03:29+00:00\" \/>\n<meta property=\"og:image\" content=\"https:\/\/hudo.com\/si\/wp-content\/uploads\/sites\/2\/2020\/10\/20201006-01029545-scaled.jpg\" \/>\n\t<meta property=\"og:image:width\" content=\"2560\" \/>\n\t<meta property=\"og:image:height\" content=\"1707\" \/>\n\t<meta property=\"og:image:type\" content=\"image\/jpeg\" \/>\n<meta name=\"author\" content=\"A. P., STA\" \/>\n<meta name=\"twitter:card\" content=\"summary_large_image\" \/>\n<meta name=\"twitter:creator\" content=\"@hudo_si\" \/>\n<meta name=\"twitter:site\" content=\"@hudo_si\" \/>\n<meta name=\"twitter:label1\" content=\"Written by\" \/>\n\t<meta name=\"twitter:data1\" content=\"A. P., STA\" \/>\n\t<meta name=\"twitter:label2\" content=\"Est. reading time\" \/>\n\t<meta name=\"twitter:data2\" content=\"4 minute\" \/>\n<script type=\"application\/ld+json\" class=\"yoast-schema-graph\">{\"@context\":\"https:\/\/schema.org\",\"@graph\":[{\"@type\":\"Article\",\"@id\":\"https:\/\/hudo.com\/si\/aktualno\/slovenija\/nic-kaj-roznato-porocilo-zda-o-sloveniji-le-malo-drzav-je-v-tako-kratkem-casu-dozivelo-taksen-obrat-po-zamenjavi-vlade\/#article\",\"isPartOf\":{\"@id\":\"https:\/\/hudo.com\/si\/aktualno\/slovenija\/nic-kaj-roznato-porocilo-zda-o-sloveniji-le-malo-drzav-je-v-tako-kratkem-casu-dozivelo-taksen-obrat-po-zamenjavi-vlade\/\"},\"author\":{\"name\":\"A. P., STA\",\"@id\":\"https:\/\/hudo.com\/si\/#\/schema\/person\/18f09c02475ba9e606e941a565b80cff\"},\"headline\":\"Ni\u010d kaj ro\u017enato poro\u010dilo ZDA o Sloveniji: &#8221;Le malo dr\u017eav je v tako kratkem \u010dasu do\u017eivelo tak\u0161en obrat po zamenjavi vlade.&#8221;\",\"datePublished\":\"2021-03-31T06:03:29+00:00\",\"dateModified\":\"2021-03-31T06:03:29+00:00\",\"mainEntityOfPage\":{\"@id\":\"https:\/\/hudo.com\/si\/aktualno\/slovenija\/nic-kaj-roznato-porocilo-zda-o-sloveniji-le-malo-drzav-je-v-tako-kratkem-casu-dozivelo-taksen-obrat-po-zamenjavi-vlade\/\"},\"wordCount\":783,\"publisher\":{\"@id\":\"https:\/\/hudo.com\/si\/#organization\"},\"keywords\":[\"\u010dlovekove pravice\",\"ZDA\"],\"articleSection\":[\"Slovenija\"],\"inLanguage\":\"sl-SI\"},{\"@type\":\"WebPage\",\"@id\":\"https:\/\/hudo.com\/si\/aktualno\/slovenija\/nic-kaj-roznato-porocilo-zda-o-sloveniji-le-malo-drzav-je-v-tako-kratkem-casu-dozivelo-taksen-obrat-po-zamenjavi-vlade\/\",\"url\":\"https:\/\/hudo.com\/si\/aktualno\/slovenija\/nic-kaj-roznato-porocilo-zda-o-sloveniji-le-malo-drzav-je-v-tako-kratkem-casu-dozivelo-taksen-obrat-po-zamenjavi-vlade\/\",\"name\":\"Ni\u010d kaj ro\u017enato poro\u010dilo ZDA o Sloveniji: ''Le malo dr\u017eav je v tako kratkem \u010dasu do\u017eivelo tak\u0161en obrat po zamenjavi vlade.'' - Hudo Slovenija\",\"isPartOf\":{\"@id\":\"https:\/\/hudo.com\/si\/#website\"},\"datePublished\":\"2021-03-31T06:03:29+00:00\",\"dateModified\":\"2021-03-31T06:03:29+00:00\",\"breadcrumb\":{\"@id\":\"https:\/\/hudo.com\/si\/aktualno\/slovenija\/nic-kaj-roznato-porocilo-zda-o-sloveniji-le-malo-drzav-je-v-tako-kratkem-casu-dozivelo-taksen-obrat-po-zamenjavi-vlade\/#breadcrumb\"},\"inLanguage\":\"sl-SI\",\"potentialAction\":[{\"@type\":\"ReadAction\",\"target\":[\"https:\/\/hudo.com\/si\/aktualno\/slovenija\/nic-kaj-roznato-porocilo-zda-o-sloveniji-le-malo-drzav-je-v-tako-kratkem-casu-dozivelo-taksen-obrat-po-zamenjavi-vlade\/\"]}]},{\"@type\":\"BreadcrumbList\",\"@id\":\"https:\/\/hudo.com\/si\/aktualno\/slovenija\/nic-kaj-roznato-porocilo-zda-o-sloveniji-le-malo-drzav-je-v-tako-kratkem-casu-dozivelo-taksen-obrat-po-zamenjavi-vlade\/#breadcrumb\",\"itemListElement\":[{\"@type\":\"ListItem\",\"position\":1,\"name\":\"Home\",\"item\":\"https:\/\/hudo.com\/si\/\"},{\"@type\":\"ListItem\",\"position\":2,\"name\":\"Ni\u010d kaj ro\u017enato poro\u010dilo ZDA o Sloveniji: &#8221;Le malo dr\u017eav je v tako kratkem \u010dasu do\u017eivelo tak\u0161en obrat po zamenjavi vlade.&#8221;\"}]},{\"@type\":\"WebSite\",\"@id\":\"https:\/\/hudo.com\/si\/#website\",\"url\":\"https:\/\/hudo.com\/si\/\",\"name\":\"Hudo Slovenija\",\"description\":\"Vse novice iz Slovenije in sveta\",\"publisher\":{\"@id\":\"https:\/\/hudo.com\/si\/#organization\"},\"potentialAction\":[{\"@type\":\"SearchAction\",\"target\":{\"@type\":\"EntryPoint\",\"urlTemplate\":\"https:\/\/hudo.com\/si\/?s={search_term_string}\"},\"query-input\":\"required name=search_term_string\"}],\"inLanguage\":\"sl-SI\"},{\"@type\":\"Organization\",\"@id\":\"https:\/\/hudo.com\/si\/#organization\",\"name\":\"VSN Media\",\"url\":\"https:\/\/hudo.com\/si\/\",\"logo\":{\"@type\":\"ImageObject\",\"inLanguage\":\"sl-SI\",\"@id\":\"https:\/\/hudo.com\/si\/#\/schema\/logo\/image\/\",\"url\":\"https:\/\/hudo.com\/si\/wp-content\/uploads\/sites\/2\/2021\/03\/hudo-app-2.png\",\"contentUrl\":\"https:\/\/hudo.com\/si\/wp-content\/uploads\/sites\/2\/2021\/03\/hudo-app-2.png\",\"width\":2185,\"height\":2167,\"caption\":\"VSN Media\"},\"image\":{\"@id\":\"https:\/\/hudo.com\/si\/#\/schema\/logo\/image\/\"},\"sameAs\":[\"https:\/\/www.facebook.com\/hudo.si\",\"https:\/\/twitter.com\/hudo_si\"]},{\"@type\":\"Person\",\"@id\":\"https:\/\/hudo.com\/si\/#\/schema\/person\/18f09c02475ba9e606e941a565b80cff\",\"name\":\"A. P., STA\",\"image\":{\"@type\":\"ImageObject\",\"inLanguage\":\"sl-SI\",\"@id\":\"https:\/\/hudo.com\/si\/#\/schema\/person\/image\/\",\"url\":\"https:\/\/secure.gravatar.com\/avatar\/03eac8e609f5f04383125d80eaeaaf3e?s=96&d=mm&r=g\",\"contentUrl\":\"https:\/\/secure.gravatar.com\/avatar\/03eac8e609f5f04383125d80eaeaaf3e?s=96&d=mm&r=g\",\"caption\":\"A. P., STA\"},\"url\":\"https:\/\/hudo.com\/si\/author\/lubu\/\"}]}<\/script>\n<!-- \/ Yoast SEO plugin. -->","yoast_head_json":{"title":"Ni\u010d kaj ro\u017enato poro\u010dilo ZDA o Sloveniji: ''Le malo dr\u017eav je v tako kratkem \u010dasu do\u017eivelo tak\u0161en obrat po zamenjavi vlade.'' - Hudo Slovenija","robots":{"index":"index","follow":"follow","max-snippet":"max-snippet:-1","max-image-preview":"max-image-preview:large","max-video-preview":"max-video-preview:-1"},"canonical":"https:\/\/hudo.com\/si\/aktualno\/slovenija\/nic-kaj-roznato-porocilo-zda-o-sloveniji-le-malo-drzav-je-v-tako-kratkem-casu-dozivelo-taksen-obrat-po-zamenjavi-vlade\/","og_locale":"sl_SI","og_type":"article","og_title":"Ni\u010d kaj ro\u017enato poro\u010dilo ZDA o Sloveniji: ''Le malo dr\u017eav je v tako kratkem \u010dasu do\u017eivelo tak\u0161en obrat po zamenjavi vlade.'' - Hudo Slovenija","og_description":"Ameri\u0161ki State Department je v torek izdal poro\u010dilo o polo\u017eaju \u010dlovekovih pravic po svetu v letu 2020, ki se glede Slovenije ob\u0161irneje kot kadarkoli doslej ukvarja z napadi na medije in novinarje.","og_url":"https:\/\/hudo.com\/si\/aktualno\/slovenija\/nic-kaj-roznato-porocilo-zda-o-sloveniji-le-malo-drzav-je-v-tako-kratkem-casu-dozivelo-taksen-obrat-po-zamenjavi-vlade\/","og_site_name":"Hudo Slovenija","article_publisher":"https:\/\/www.facebook.com\/hudo.si","article_published_time":"2021-03-31T06:03:29+00:00","og_image":[{"width":2560,"height":1707,"url":"https:\/\/hudo.com\/si\/wp-content\/uploads\/sites\/2\/2020\/10\/20201006-01029545-scaled.jpg","type":"image\/jpeg"}],"author":"A. P., STA","twitter_card":"summary_large_image","twitter_creator":"@hudo_si","twitter_site":"@hudo_si","twitter_misc":{"Written by":"A. P., STA","Est. reading time":"4 minute"},"schema":{"@context":"https:\/\/schema.org","@graph":[{"@type":"Article","@id":"https:\/\/hudo.com\/si\/aktualno\/slovenija\/nic-kaj-roznato-porocilo-zda-o-sloveniji-le-malo-drzav-je-v-tako-kratkem-casu-dozivelo-taksen-obrat-po-zamenjavi-vlade\/#article","isPartOf":{"@id":"https:\/\/hudo.com\/si\/aktualno\/slovenija\/nic-kaj-roznato-porocilo-zda-o-sloveniji-le-malo-drzav-je-v-tako-kratkem-casu-dozivelo-taksen-obrat-po-zamenjavi-vlade\/"},"author":{"name":"A. P., STA","@id":"https:\/\/hudo.com\/si\/#\/schema\/person\/18f09c02475ba9e606e941a565b80cff"},"headline":"Ni\u010d kaj ro\u017enato poro\u010dilo ZDA o Sloveniji: &#8221;Le malo dr\u017eav je v tako kratkem \u010dasu do\u017eivelo tak\u0161en obrat po zamenjavi vlade.&#8221;","datePublished":"2021-03-31T06:03:29+00:00","dateModified":"2021-03-31T06:03:29+00:00","mainEntityOfPage":{"@id":"https:\/\/hudo.com\/si\/aktualno\/slovenija\/nic-kaj-roznato-porocilo-zda-o-sloveniji-le-malo-drzav-je-v-tako-kratkem-casu-dozivelo-taksen-obrat-po-zamenjavi-vlade\/"},"wordCount":783,"publisher":{"@id":"https:\/\/hudo.com\/si\/#organization"},"keywords":["\u010dlovekove pravice","ZDA"],"articleSection":["Slovenija"],"inLanguage":"sl-SI"},{"@type":"WebPage","@id":"https:\/\/hudo.com\/si\/aktualno\/slovenija\/nic-kaj-roznato-porocilo-zda-o-sloveniji-le-malo-drzav-je-v-tako-kratkem-casu-dozivelo-taksen-obrat-po-zamenjavi-vlade\/","url":"https:\/\/hudo.com\/si\/aktualno\/slovenija\/nic-kaj-roznato-porocilo-zda-o-sloveniji-le-malo-drzav-je-v-tako-kratkem-casu-dozivelo-taksen-obrat-po-zamenjavi-vlade\/","name":"Ni\u010d kaj ro\u017enato poro\u010dilo ZDA o Sloveniji: ''Le malo dr\u017eav je v tako kratkem \u010dasu do\u017eivelo tak\u0161en obrat po zamenjavi vlade.'' - Hudo Slovenija","isPartOf":{"@id":"https:\/\/hudo.com\/si\/#website"},"datePublished":"2021-03-31T06:03:29+00:00","dateModified":"2021-03-31T06:03:29+00:00","breadcrumb":{"@id":"https:\/\/hudo.com\/si\/aktualno\/slovenija\/nic-kaj-roznato-porocilo-zda-o-sloveniji-le-malo-drzav-je-v-tako-kratkem-casu-dozivelo-taksen-obrat-po-zamenjavi-vlade\/#breadcrumb"},"inLanguage":"sl-SI","potentialAction":[{"@type":"ReadAction","target":["https:\/\/hudo.com\/si\/aktualno\/slovenija\/nic-kaj-roznato-porocilo-zda-o-sloveniji-le-malo-drzav-je-v-tako-kratkem-casu-dozivelo-taksen-obrat-po-zamenjavi-vlade\/"]}]},{"@type":"BreadcrumbList","@id":"https:\/\/hudo.com\/si\/aktualno\/slovenija\/nic-kaj-roznato-porocilo-zda-o-sloveniji-le-malo-drzav-je-v-tako-kratkem-casu-dozivelo-taksen-obrat-po-zamenjavi-vlade\/#breadcrumb","itemListElement":[{"@type":"ListItem","position":1,"name":"Home","item":"https:\/\/hudo.com\/si\/"},{"@type":"ListItem","position":2,"name":"Ni\u010d kaj ro\u017enato poro\u010dilo ZDA o Sloveniji: &#8221;Le malo dr\u017eav je v tako kratkem \u010dasu do\u017eivelo tak\u0161en obrat po zamenjavi vlade.&#8221;"}]},{"@type":"WebSite","@id":"https:\/\/hudo.com\/si\/#website","url":"https:\/\/hudo.com\/si\/","name":"Hudo Slovenija","description":"Vse novice iz Slovenije in sveta","publisher":{"@id":"https:\/\/hudo.com\/si\/#organization"},"potentialAction":[{"@type":"SearchAction","target":{"@type":"EntryPoint","urlTemplate":"https:\/\/hudo.com\/si\/?s={search_term_string}"},"query-input":"required name=search_term_string"}],"inLanguage":"sl-SI"},{"@type":"Organization","@id":"https:\/\/hudo.com\/si\/#organization","name":"VSN Media","url":"https:\/\/hudo.com\/si\/","logo":{"@type":"ImageObject","inLanguage":"sl-SI","@id":"https:\/\/hudo.com\/si\/#\/schema\/logo\/image\/","url":"https:\/\/hudo.com\/si\/wp-content\/uploads\/sites\/2\/2021\/03\/hudo-app-2.png","contentUrl":"https:\/\/hudo.com\/si\/wp-content\/uploads\/sites\/2\/2021\/03\/hudo-app-2.png","width":2185,"height":2167,"caption":"VSN Media"},"image":{"@id":"https:\/\/hudo.com\/si\/#\/schema\/logo\/image\/"},"sameAs":["https:\/\/www.facebook.com\/hudo.si","https:\/\/twitter.com\/hudo_si"]},{"@type":"Person","@id":"https:\/\/hudo.com\/si\/#\/schema\/person\/18f09c02475ba9e606e941a565b80cff","name":"A. P., STA","image":{"@type":"ImageObject","inLanguage":"sl-SI","@id":"https:\/\/hudo.com\/si\/#\/schema\/person\/image\/","url":"https:\/\/secure.gravatar.com\/avatar\/03eac8e609f5f04383125d80eaeaaf3e?s=96&d=mm&r=g","contentUrl":"https:\/\/secure.gravatar.com\/avatar\/03eac8e609f5f04383125d80eaeaaf3e?s=96&d=mm&r=g","caption":"A. P., STA"},"url":"https:\/\/hudo.com\/si\/author\/lubu\/"}]}},"amp_enabled":true,"_links":{"self":[{"href":"https:\/\/hudo.com\/si\/wp-json\/wp\/v2\/posts\/448609"}],"collection":[{"href":"https:\/\/hudo.com\/si\/wp-json\/wp\/v2\/posts"}],"about":[{"href":"https:\/\/hudo.com\/si\/wp-json\/wp\/v2\/types\/post"}],"author":[{"embeddable":true,"href":"https:\/\/hudo.com\/si\/wp-json\/wp\/v2\/users\/7"}],"replies":[{"embeddable":true,"href":"https:\/\/hudo.com\/si\/wp-json\/wp\/v2\/comments?post=448609"}],"version-history":[{"count":1,"href":"https:\/\/hudo.com\/si\/wp-json\/wp\/v2\/posts\/448609\/revisions"}],"predecessor-version":[{"id":448610,"href":"https:\/\/hudo.com\/si\/wp-json\/wp\/v2\/posts\/448609\/revisions\/448610"}],"wp:featuredmedia":[{"embeddable":true,"href":"https:\/\/hudo.com\/si\/wp-json\/wp\/v2\/media\/434678"}],"wp:attachment":[{"href":"https:\/\/hudo.com\/si\/wp-json\/wp\/v2\/media?parent=448609"}],"wp:term":[{"taxonomy":"category","embeddable":true,"href":"https:\/\/hudo.com\/si\/wp-json\/wp\/v2\/categories?post=448609"},{"taxonomy":"post_tag","embeddable":true,"href":"https:\/\/hudo.com\/si\/wp-json\/wp\/v2\/tags?post=448609"},{"taxonomy":"source","embeddable":true,"href":"https:\/\/hudo.com\/si\/wp-json\/wp\/v2\/source?post=448609"},{"taxonomy":"supertag","embeddable":true,"href":"https:\/\/hudo.com\/si\/wp-json\/wp\/v2\/supertag?post=448609"}],"curies":[{"name":"wp","href":"https:\/\/api.w.org\/{rel}","templated":true}]}}