{"id":448696,"date":"2021-04-01T08:36:09","date_gmt":"2021-04-01T06:36:09","guid":{"rendered":"https:\/\/hudo.com\/si\/?p=448696"},"modified":"2021-04-01T08:36:09","modified_gmt":"2021-04-01T06:36:09","slug":"zacetek-11-dnevne-zapore-javnega-zivljenja-vsi-ukrepi-in-omejitve-na-enem-mestu-seznam","status":"publish","type":"post","link":"https:\/\/hudo.com\/si\/aktualno\/slovenija\/zacetek-11-dnevne-zapore-javnega-zivljenja-vsi-ukrepi-in-omejitve-na-enem-mestu-seznam\/","title":{"rendered":"Za\u010detek 11-dnevne zapore javnega \u017eivljenja: Vsi ukrepi in omejitve na enem mestu (seznam)"},"content":{"rendered":"<h2><b>PREHAJANJE MEJE<\/b><\/h2>\n<p>Od 29. marca do vklju\u010dno 12. aprila je dodatno omejen izstop iz in vstop v dr\u017eavo. Slovenije ni ve\u010d mogo\u010de zapustiti za potovanje v dr\u017eavo, ki je na rde\u010dem seznamu (na njem so med drugim vse sosednje dr\u017eave), za vstop v Slovenijo bo potreben negativen test PCR, opravljen v \u010dlanici EU ali schengenskega obmo\u010dja, ali predlo\u017eitev dokazila o preboleli bolezni ali cepljenju. Brez teh dokazil velja pri vstopu v Slovenijo 10-dnevna karantena, ki je ni mogo\u010de pred\u010dasno prekiniti.<\/p>\n<p>Izjema pri prehajanju meje velja za tranzitne potnike in tovorni promet.<\/p>\n<h2><b>ZBIRANJE LJUDI IN OMEJITEV GIBANJA<\/b><\/h2>\n<p>Do vklju\u010dno 11. aprila je prepovedano prehajanje med statisti\u010dnimi regijami, razen ob predlo\u017eitvi negativnega testa PCR, dokazila o cepljenju ali prebolelosti covida-19.<\/p>\n<p>Izjeme so (ob predlo\u017eitvi ustreznega dokazila oz. izjave):<br \/>\n&#8211; prihod in odhod na delo ter opravljanje gospodarskih, kmetijskih in gozdarskih dejavnosti<br \/>\n&#8211; odpravljanje neposredne nevarnosti za zdravje, \u017eivljenje in premo\u017eenje<br \/>\n&#8211; varstvo in pomo\u010d osebam, ki so potrebne podpore, oz. zaradi oskrbe ali nege dru\u017einskih \u010dlanov ali \u010de gre za izvajanje star\u0161evske skrbi in stikov z otrokom<br \/>\n&#8211; dostop do lekarn, zdravstvenih in sanitarnih storitev ter zdravili\u0161kega zdravljenja<br \/>\n&#8211; dostop do tujih diplomatskih in konzularnih predstavni\u0161tev<br \/>\n&#8211; dostop do storitev za nujne primere<br \/>\n&#8211; dostop do izvajanja nalog, povezanih z delovanjem pravosodnih in upravnih organov ter organov pregona,<br \/>\n&#8211; dostop do storitev za osebe s posebnimi potrebami<br \/>\n&#8211; dostop do trgovin ali storitev v drugi statisti\u010dni regiji, \u010de so bli\u017eje prebivali\u0161\u010du ali \u010de jih v regiji prebivali\u0161\u010da ni.<\/p>\n<p>Na velikono\u010dno nedeljo, 4. aprila, od 5. ure do 22. ure, lahko osebe prehajajo med statisti\u010dnimi regijami brez omejitev, \u010de prehajajo zaradi obiska na zasebnih povr\u0161inah. V tem primeru je dovoljeno dru\u017eenje najve\u010d \u0161estih oseb iz najve\u010d dveh gospodinjstev. Med teh \u0161est oseb ne \u0161tejejo mlaj\u0161i od 15 let.<\/p>\n<p>Razen navedene izjeme je do vklju\u010dno 11. aprila prepovedano zbiranje ljudi, z izjemo o\u017ejih dru\u017einskih \u010dlanov ali \u010dlanov skupnega gospodinjstva. Prepovedane so vse prireditve, shodi, slavja, praznovanja in poroke (z dovoljenjem ministra je sklenitev zakonskih in partnerskih zvez dovoljena).<\/p>\n<p>Omejitev gibanja v no\u010dnem \u010dasu po vsej dr\u017eavi \u0161e vedno velja med 22. in 5. uro.<\/p>\n<h2><b>NO\u0160ENJE MASK<\/b><\/h2>\n<p>Znova se uvaja no\u0161enje mask na vseh javnih prostorih, tudi na prostem. Kot zaprt javni kraj oziroma prostor se \u0161tejejo tudi vse oblike javnega potni\u0161kega prometa. Maske so obvezne tudi v osebnih avtomobilih, \u010de je v njem ve\u010d oseb, ki niso iz istega gospodinjstva. Izjema velja za otroke do dopolnjenega 6. leta starosti in pri individualni \u0161portni aktivnosti na zelenih povr\u0161inah, \u010de je mogo\u010de zagotoviti vsaj meter in pol razdalje med osebami.<\/p>\n<h2><b>\u0160OLSTVO IN VRTCI<\/b><\/h2>\n<p>Do vklju\u010dno 11. aprila bo pouk potekal na daljavo, vrtci bodo zaprti. Vrtci in prvo triletje osnovnih \u0161ol bodo kljub temu zagotavljali nujno varstvo za otroke star\u0161ev, zaposlenih v kriti\u010dni infrastrukturi, v \u0161olah bodo tudi otroci s posebnimi potrebami.<\/p>\n<h2><b>\u0160PORT IN REKREACIJA<\/b><\/h2>\n<p>Treningi so do vklju\u010dno 11. aprila dovoljeni vrhunskim \u0161portnikom olimpijskega, mednarodnega in svetovnega razreda ter \u0161portnikom v starostnih kategorijah kadeti in mladinci, ki so \u010dlani dr\u017eavnih reprezentanc.<\/p>\n<p>V kolektivnih in individualnih \u0161portih je dovoljeno izvajanje velikih mednarodnih \u0161portnih prireditev, kot so evropsko in svetovno prvenstvo ter svetovni pokal. Za \u0161portnike, ki jim je dovoljeno tekmovati, je dovoljena tudi \u0161portna vadba. Ustavljena pa so dr\u017eavna tekmovanja.<\/p>\n<p>Na podro\u010dju rekreativnega \u0161porta se lahko posamezniki, o\u017eji dru\u017einski \u010dlani ali osebe iz skupnega gospodinjstva ob ohranjanju ustrezne razdalje v regiji prebivali\u0161\u010da udejstvujejo rekreacije na prostem.<\/p>\n<h2><b>GOSTINSKA DEJAVNOST<\/b><\/h2>\n<p>Brez pogoja testiranja za zaposlene je mogo\u010de do vklju\u010dno 11. aprila ponujati osebni prevzem blaga ali hrane na prevzemnih mestih, vklju\u010dno s prodajo kmetijskih pridelkov na kmetiji med 5. in 22. uro. Konzumiranje prevzete hrane in pija\u010de na javnih povr\u0161inah ni dovoljeno.<\/p>\n<p>Dovoljeno je opravljanje dejavnosti priprave jedi in pija\u010d v primeru dostave ter opravljanje dejavnosti priprave in stre\u017ebe jedi ter pija\u010d v organizacijah, ki izvajajo gostinsko dejavnost za svoje zaposlene oziroma varovance.<\/p>\n<h2><b>TRGOVINE IN OSTALE DEJAVNOSTI<\/b><\/h2>\n<p>Do vklju\u010dno 11. aprila je prepovedano ponujati in prodajati blago in storitve potro\u0161nikom, vendar pa so kljub temu odprte prehranske in nekatere druge trgovine in storitve. Odlok namre\u010d navaja ve\u010d izjem od te prepovedi.<\/p>\n<p>Brez pogoja testiranja za zaposlene lahko dejavnosti opravljajo:<br \/>\n&#8211; lekarne<br \/>\n&#8211; bencinski servisi<br \/>\n&#8211; finan\u010dne storitve<br \/>\n&#8211; po\u0161ta<br \/>\n&#8211; dostavne slu\u017ebe<br \/>\n&#8211; dimnikarske storitve (ob navzo\u010dnosti le enega izvajalca v prostoru oz. enega izvajalca in uporabnika male kurilne naprave, prostor pa je mogo\u010de prezra\u010diti)<br \/>\n&#8211; storitve popravil in vzdr\u017eevanja motornih vozil in koles (vulkanizerske, avtomehani\u010dne, avtoli\u010darske ali avtokleparske delavnice, delavnice za popravilo koles)<br \/>\n&#8211; gradbena dela v\/na nenaseljenih gradbi\u0161\u010dih, hi\u0161ah, stanovanjih brez stika s potro\u0161niki ali na prostem<br \/>\n&#8211; osebni prevzem blaga ali hrane na prevzemnih mestih<br \/>\n&#8211; druge nujne storitve za zagotavljanje varnosti in zdravja.<\/p>\n<p>Ob testiranju zaposlenih enkrat tedensko lahko dejavnosti opravljajo:<br \/>\n&#8211; prodajalne, ki v prete\u017eni meri prodajajo \u017eivila, blago za osebno nego in \u010di\u0161\u010denje (prodaja obla\u010dil in obutve v teh prodajalnah ni dovoljena)<br \/>\n&#8211; prodajalne z medicinskimi in ortopedskimi pripomo\u010dki<br \/>\n&#8211; vrtnarije, drevesnice, cvetli\u010darne in program vrt in kmetijstvo v prodajalnah<br \/>\n&#8211; kmetijske prodajalne<br \/>\n&#8211; tr\u017enice (brez prodaje obla\u010dil in obutve)<br \/>\n&#8211; prodajalne s tehni\u010dnim blagom<br \/>\n&#8211; trafike in kioski<br \/>\n&#8211; individualne nezdravstvene svetovalne in terapevtske storitve<\/p>\n<p>\u0160tevilo oseb v zaprtih javnih prostorih, v katerih se izvaja ponudba ter prodaja blaga in storitev, je omejeno na 30 kvadratnih metrov na posamezno stranko ali na eno stranko, \u010de je prostor manj\u0161i od 30 kvadratnih metrov. Trgovski centri morajo imeti lo\u010den vhod in izhod za stranke.<\/p>\n<h2><b>KULTURA IN ZABAVA<\/b><\/h2>\n<p>Ob obstoje\u010di prepovedi kulturnih in kinematografskih storitev se dodatno za \u010das med 1. in 11. aprilom zapirajo galerije, muzeji, knji\u017enice, arhivi in ograjeni parki.<\/p>\n<h2><b>VERSKI OBJEKTI<\/b><\/h2>\n<p>Bogoslu\u017eja, verski obredi in druge verske prakse se bodo do 11. aprila izvajali brez navzo\u010dnosti vernikov, tudi v \u010dasu velikono\u010dnih praznikov. Edina verska aktivnost, ki se ohranja, je neposredna duhovna oskrba ljudi v stiski.<\/p>\n<h2><b>SMU\u010cI\u0160\u010cA<\/b><\/h2>\n<p>\u017di\u010dni\u0161ke naprave in nihalke do vklju\u010dno 11. aprila ne bodo delovale, s tem pa se zapirajo tudi smu\u010di\u0161\u010da.<\/p>\n<h2><b>JAVNI PROMET<\/b><\/h2>\n<p>Javni potni\u0161ki promet bo do vklju\u010dno 11. aprila deloval po po\u010ditni\u0161kih voznih redih. Vozniki v javnem potni\u0161kem prometu, spremljevalno osebje v \u017eelezni\u0161kem prometu in taksisti se bodo morali najmanj enkrat tedensko testirati na oku\u017ebo z novim koronavirusom. Izjema so cepljeni ali tisti, ki so covid-19 preboleli.<\/p>\n<p>\u0160ole vo\u017enje v tem \u010dasu smejo delovati, prav tako je prepovedano izvajanje pripadajo\u010dih izobra\u017eevanj. Za\u010dasno sta onemogo\u010dena tudi opravljanje tehni\u010dnih pregledov in delovanje tahografskih delavnic. Vozni\u0161ka in prometna dovoljenja, ki pote\u010dejo v tem obdobju, bodo podalj\u0161ana do 9. maja.<\/p>\n<p>Prepovedano je letenje zrakoplovov in drugih letalnih naprav, kot so jadralni zmaji in jadralna padala, \u010de sta vzlet ali pristanek v Sloveniji, pri \u010demer pa prepoved ne vpliva na lete zrakoplovov, ki opravljajo mednarodni, notranji in doma\u010di redni ter posebni komercialni zra\u010dni prevoz potnikov, blaga in po\u0161te. Prepoved se med drugim ne nana\u0161a tudi na lete dr\u017eavnih zrakoplovov, torej tistih, ki se uporabljajo v voja\u0161ke, policijske in carinske namene.<\/p>\n<h2><b>DRUGO<\/b><\/h2>\n<p>V dr\u017eavni upravi je na delovnih mestih najve\u010d petina uslu\u017ebencev. Javnim uslu\u017ebencem, ki ne morejo delati od doma, priporo\u010dajo kori\u0161\u010denje dopusta ali ur, sicer pa zanje predlagajo napotitev na \u010dakanje na delo. Dr\u017eavna uprava bo v tem obdobju izvajala le nujne naloge.<\/p>\n<p>Na sodi\u0161\u010dih so med 1. in 9. aprilom preklicani naroki v zadevah, ki niso nujne. Notarji pa bodo v tem \u010dasu poslovali v \u010dasu uradnih ur po predhodni najavi, ki je lahko pisna, po telefonu ali elektronski po\u0161ti.<\/p>\n<p>V ve\u010dstanovanjskih stavbah je \u0161e naprej obvezna namestitev razpr\u0161ilnikov za razku\u017eevanje rok.<\/p>\n","protected":false},"excerpt":{"rendered":"<p>Danes so za\u010deli veljati strogi omejitveni ukrepi, s katerimi \u017eeli vlada zajeziti nadaljnje \u0161irjenje novega koronavirusa. Ti bodo veljali do vklju\u010dno 11. aprila, z izjemo zaostritev na meji s Slovenijo, ki velja \u017ee od ponedeljka in bo veljala do vklju\u010dno 12. aprila. Navajamo seznam klju\u010dnih ukrepov.<\/p>\n","protected":false},"author":5,"featured_media":448699,"comment_status":"closed","ping_status":"closed","sticky":false,"template":"","format":"standard","meta":{"footnotes":""},"categories":[18201],"tags":[],"source":[4511],"supertag":[],"acf":[],"yoast_head":"<!-- This site is optimized with the Yoast SEO plugin v21.3 - https:\/\/yoast.com\/wordpress\/plugins\/seo\/ -->\n<title>Za\u010detek 11-dnevne zapore javnega \u017eivljenja: Vsi ukrepi in omejitve na enem mestu (seznam) - Hudo Slovenija<\/title>\n<meta name=\"robots\" content=\"index, follow, max-snippet:-1, max-image-preview:large, max-video-preview:-1\" \/>\n<link rel=\"canonical\" href=\"https:\/\/hudo.com\/si\/aktualno\/slovenija\/zacetek-11-dnevne-zapore-javnega-zivljenja-vsi-ukrepi-in-omejitve-na-enem-mestu-seznam\/\" \/>\n<meta property=\"og:locale\" content=\"sl_SI\" \/>\n<meta property=\"og:type\" content=\"article\" \/>\n<meta property=\"og:title\" content=\"Za\u010detek 11-dnevne zapore javnega \u017eivljenja: Vsi ukrepi in omejitve na enem mestu (seznam) - Hudo Slovenija\" \/>\n<meta property=\"og:description\" content=\"Danes so za\u010deli veljati strogi omejitveni ukrepi, s katerimi \u017eeli vlada zajeziti nadaljnje \u0161irjenje novega koronavirusa. Ti bodo veljali do vklju\u010dno 11. aprila, z izjemo zaostritev na meji s Slovenijo, ki velja \u017ee od ponedeljka in bo veljala do vklju\u010dno 12. aprila. Navajamo seznam klju\u010dnih ukrepov.\" \/>\n<meta property=\"og:url\" content=\"https:\/\/hudo.com\/si\/aktualno\/slovenija\/zacetek-11-dnevne-zapore-javnega-zivljenja-vsi-ukrepi-in-omejitve-na-enem-mestu-seznam\/\" \/>\n<meta property=\"og:site_name\" content=\"Hudo Slovenija\" \/>\n<meta property=\"article:publisher\" content=\"https:\/\/www.facebook.com\/hudo.si\" \/>\n<meta property=\"article:published_time\" content=\"2021-04-01T06:36:09+00:00\" \/>\n<meta property=\"og:image\" content=\"https:\/\/hudo.com\/si\/wp-content\/uploads\/sites\/2\/2021\/04\/profimedia-0565307630.jpg\" \/>\n\t<meta property=\"og:image:width\" content=\"1250\" \/>\n\t<meta property=\"og:image:height\" content=\"834\" \/>\n\t<meta property=\"og:image:type\" content=\"image\/jpeg\" \/>\n<meta name=\"author\" content=\"A. G., STA\" \/>\n<meta name=\"twitter:card\" content=\"summary_large_image\" \/>\n<meta name=\"twitter:creator\" content=\"@hudo_si\" \/>\n<meta name=\"twitter:site\" content=\"@hudo_si\" \/>\n<meta name=\"twitter:label1\" content=\"Written by\" \/>\n\t<meta name=\"twitter:data1\" content=\"A. G., STA\" \/>\n\t<meta name=\"twitter:label2\" content=\"Est. reading time\" \/>\n\t<meta name=\"twitter:data2\" content=\"7 minut\" \/>\n<script type=\"application\/ld+json\" class=\"yoast-schema-graph\">{\"@context\":\"https:\/\/schema.org\",\"@graph\":[{\"@type\":\"Article\",\"@id\":\"https:\/\/hudo.com\/si\/aktualno\/slovenija\/zacetek-11-dnevne-zapore-javnega-zivljenja-vsi-ukrepi-in-omejitve-na-enem-mestu-seznam\/#article\",\"isPartOf\":{\"@id\":\"https:\/\/hudo.com\/si\/aktualno\/slovenija\/zacetek-11-dnevne-zapore-javnega-zivljenja-vsi-ukrepi-in-omejitve-na-enem-mestu-seznam\/\"},\"author\":{\"name\":\"A. G., STA\",\"@id\":\"https:\/\/hudo.com\/si\/#\/schema\/person\/2391667a63ea075ba94f2f2dc6b77537\"},\"headline\":\"Za\u010detek 11-dnevne zapore javnega \u017eivljenja: Vsi ukrepi in omejitve na enem mestu (seznam)\",\"datePublished\":\"2021-04-01T06:36:09+00:00\",\"dateModified\":\"2021-04-01T06:36:09+00:00\",\"mainEntityOfPage\":{\"@id\":\"https:\/\/hudo.com\/si\/aktualno\/slovenija\/zacetek-11-dnevne-zapore-javnega-zivljenja-vsi-ukrepi-in-omejitve-na-enem-mestu-seznam\/\"},\"wordCount\":1333,\"publisher\":{\"@id\":\"https:\/\/hudo.com\/si\/#organization\"},\"articleSection\":[\"Slovenija\"],\"inLanguage\":\"sl-SI\"},{\"@type\":\"WebPage\",\"@id\":\"https:\/\/hudo.com\/si\/aktualno\/slovenija\/zacetek-11-dnevne-zapore-javnega-zivljenja-vsi-ukrepi-in-omejitve-na-enem-mestu-seznam\/\",\"url\":\"https:\/\/hudo.com\/si\/aktualno\/slovenija\/zacetek-11-dnevne-zapore-javnega-zivljenja-vsi-ukrepi-in-omejitve-na-enem-mestu-seznam\/\",\"name\":\"Za\u010detek 11-dnevne zapore javnega \u017eivljenja: Vsi ukrepi in omejitve na enem mestu (seznam) - Hudo Slovenija\",\"isPartOf\":{\"@id\":\"https:\/\/hudo.com\/si\/#website\"},\"datePublished\":\"2021-04-01T06:36:09+00:00\",\"dateModified\":\"2021-04-01T06:36:09+00:00\",\"breadcrumb\":{\"@id\":\"https:\/\/hudo.com\/si\/aktualno\/slovenija\/zacetek-11-dnevne-zapore-javnega-zivljenja-vsi-ukrepi-in-omejitve-na-enem-mestu-seznam\/#breadcrumb\"},\"inLanguage\":\"sl-SI\",\"potentialAction\":[{\"@type\":\"ReadAction\",\"target\":[\"https:\/\/hudo.com\/si\/aktualno\/slovenija\/zacetek-11-dnevne-zapore-javnega-zivljenja-vsi-ukrepi-in-omejitve-na-enem-mestu-seznam\/\"]}]},{\"@type\":\"BreadcrumbList\",\"@id\":\"https:\/\/hudo.com\/si\/aktualno\/slovenija\/zacetek-11-dnevne-zapore-javnega-zivljenja-vsi-ukrepi-in-omejitve-na-enem-mestu-seznam\/#breadcrumb\",\"itemListElement\":[{\"@type\":\"ListItem\",\"position\":1,\"name\":\"Home\",\"item\":\"https:\/\/hudo.com\/si\/\"},{\"@type\":\"ListItem\",\"position\":2,\"name\":\"Za\u010detek 11-dnevne zapore javnega \u017eivljenja: Vsi ukrepi in omejitve na enem mestu (seznam)\"}]},{\"@type\":\"WebSite\",\"@id\":\"https:\/\/hudo.com\/si\/#website\",\"url\":\"https:\/\/hudo.com\/si\/\",\"name\":\"Hudo Slovenija\",\"description\":\"Vse novice iz Slovenije in sveta\",\"publisher\":{\"@id\":\"https:\/\/hudo.com\/si\/#organization\"},\"potentialAction\":[{\"@type\":\"SearchAction\",\"target\":{\"@type\":\"EntryPoint\",\"urlTemplate\":\"https:\/\/hudo.com\/si\/?s={search_term_string}\"},\"query-input\":\"required name=search_term_string\"}],\"inLanguage\":\"sl-SI\"},{\"@type\":\"Organization\",\"@id\":\"https:\/\/hudo.com\/si\/#organization\",\"name\":\"VSN Media\",\"url\":\"https:\/\/hudo.com\/si\/\",\"logo\":{\"@type\":\"ImageObject\",\"inLanguage\":\"sl-SI\",\"@id\":\"https:\/\/hudo.com\/si\/#\/schema\/logo\/image\/\",\"url\":\"https:\/\/hudo.com\/si\/wp-content\/uploads\/sites\/2\/2021\/03\/hudo-app-2.png\",\"contentUrl\":\"https:\/\/hudo.com\/si\/wp-content\/uploads\/sites\/2\/2021\/03\/hudo-app-2.png\",\"width\":2185,\"height\":2167,\"caption\":\"VSN Media\"},\"image\":{\"@id\":\"https:\/\/hudo.com\/si\/#\/schema\/logo\/image\/\"},\"sameAs\":[\"https:\/\/www.facebook.com\/hudo.si\",\"https:\/\/twitter.com\/hudo_si\"]},{\"@type\":\"Person\",\"@id\":\"https:\/\/hudo.com\/si\/#\/schema\/person\/2391667a63ea075ba94f2f2dc6b77537\",\"name\":\"A. G., STA\",\"image\":{\"@type\":\"ImageObject\",\"inLanguage\":\"sl-SI\",\"@id\":\"https:\/\/hudo.com\/si\/#\/schema\/person\/image\/\",\"url\":\"https:\/\/secure.gravatar.com\/avatar\/e13d22ac3e442658d5025fbbe6238a79?s=96&d=mm&r=g\",\"contentUrl\":\"https:\/\/secure.gravatar.com\/avatar\/e13d22ac3e442658d5025fbbe6238a79?s=96&d=mm&r=g\",\"caption\":\"A. G., STA\"},\"url\":\"https:\/\/hudo.com\/si\/author\/alenka\/\"}]}<\/script>\n<!-- \/ Yoast SEO plugin. -->","yoast_head_json":{"title":"Za\u010detek 11-dnevne zapore javnega \u017eivljenja: Vsi ukrepi in omejitve na enem mestu (seznam) - Hudo Slovenija","robots":{"index":"index","follow":"follow","max-snippet":"max-snippet:-1","max-image-preview":"max-image-preview:large","max-video-preview":"max-video-preview:-1"},"canonical":"https:\/\/hudo.com\/si\/aktualno\/slovenija\/zacetek-11-dnevne-zapore-javnega-zivljenja-vsi-ukrepi-in-omejitve-na-enem-mestu-seznam\/","og_locale":"sl_SI","og_type":"article","og_title":"Za\u010detek 11-dnevne zapore javnega \u017eivljenja: Vsi ukrepi in omejitve na enem mestu (seznam) - Hudo Slovenija","og_description":"Danes so za\u010deli veljati strogi omejitveni ukrepi, s katerimi \u017eeli vlada zajeziti nadaljnje \u0161irjenje novega koronavirusa. Ti bodo veljali do vklju\u010dno 11. aprila, z izjemo zaostritev na meji s Slovenijo, ki velja \u017ee od ponedeljka in bo veljala do vklju\u010dno 12. aprila. Navajamo seznam klju\u010dnih ukrepov.","og_url":"https:\/\/hudo.com\/si\/aktualno\/slovenija\/zacetek-11-dnevne-zapore-javnega-zivljenja-vsi-ukrepi-in-omejitve-na-enem-mestu-seznam\/","og_site_name":"Hudo Slovenija","article_publisher":"https:\/\/www.facebook.com\/hudo.si","article_published_time":"2021-04-01T06:36:09+00:00","og_image":[{"width":1250,"height":834,"url":"https:\/\/hudo.com\/si\/wp-content\/uploads\/sites\/2\/2021\/04\/profimedia-0565307630.jpg","type":"image\/jpeg"}],"author":"A. G., STA","twitter_card":"summary_large_image","twitter_creator":"@hudo_si","twitter_site":"@hudo_si","twitter_misc":{"Written by":"A. G., STA","Est. reading time":"7 minut"},"schema":{"@context":"https:\/\/schema.org","@graph":[{"@type":"Article","@id":"https:\/\/hudo.com\/si\/aktualno\/slovenija\/zacetek-11-dnevne-zapore-javnega-zivljenja-vsi-ukrepi-in-omejitve-na-enem-mestu-seznam\/#article","isPartOf":{"@id":"https:\/\/hudo.com\/si\/aktualno\/slovenija\/zacetek-11-dnevne-zapore-javnega-zivljenja-vsi-ukrepi-in-omejitve-na-enem-mestu-seznam\/"},"author":{"name":"A. G., STA","@id":"https:\/\/hudo.com\/si\/#\/schema\/person\/2391667a63ea075ba94f2f2dc6b77537"},"headline":"Za\u010detek 11-dnevne zapore javnega \u017eivljenja: Vsi ukrepi in omejitve na enem mestu (seznam)","datePublished":"2021-04-01T06:36:09+00:00","dateModified":"2021-04-01T06:36:09+00:00","mainEntityOfPage":{"@id":"https:\/\/hudo.com\/si\/aktualno\/slovenija\/zacetek-11-dnevne-zapore-javnega-zivljenja-vsi-ukrepi-in-omejitve-na-enem-mestu-seznam\/"},"wordCount":1333,"publisher":{"@id":"https:\/\/hudo.com\/si\/#organization"},"articleSection":["Slovenija"],"inLanguage":"sl-SI"},{"@type":"WebPage","@id":"https:\/\/hudo.com\/si\/aktualno\/slovenija\/zacetek-11-dnevne-zapore-javnega-zivljenja-vsi-ukrepi-in-omejitve-na-enem-mestu-seznam\/","url":"https:\/\/hudo.com\/si\/aktualno\/slovenija\/zacetek-11-dnevne-zapore-javnega-zivljenja-vsi-ukrepi-in-omejitve-na-enem-mestu-seznam\/","name":"Za\u010detek 11-dnevne zapore javnega \u017eivljenja: Vsi ukrepi in omejitve na enem mestu (seznam) - Hudo Slovenija","isPartOf":{"@id":"https:\/\/hudo.com\/si\/#website"},"datePublished":"2021-04-01T06:36:09+00:00","dateModified":"2021-04-01T06:36:09+00:00","breadcrumb":{"@id":"https:\/\/hudo.com\/si\/aktualno\/slovenija\/zacetek-11-dnevne-zapore-javnega-zivljenja-vsi-ukrepi-in-omejitve-na-enem-mestu-seznam\/#breadcrumb"},"inLanguage":"sl-SI","potentialAction":[{"@type":"ReadAction","target":["https:\/\/hudo.com\/si\/aktualno\/slovenija\/zacetek-11-dnevne-zapore-javnega-zivljenja-vsi-ukrepi-in-omejitve-na-enem-mestu-seznam\/"]}]},{"@type":"BreadcrumbList","@id":"https:\/\/hudo.com\/si\/aktualno\/slovenija\/zacetek-11-dnevne-zapore-javnega-zivljenja-vsi-ukrepi-in-omejitve-na-enem-mestu-seznam\/#breadcrumb","itemListElement":[{"@type":"ListItem","position":1,"name":"Home","item":"https:\/\/hudo.com\/si\/"},{"@type":"ListItem","position":2,"name":"Za\u010detek 11-dnevne zapore javnega \u017eivljenja: Vsi ukrepi in omejitve na enem mestu (seznam)"}]},{"@type":"WebSite","@id":"https:\/\/hudo.com\/si\/#website","url":"https:\/\/hudo.com\/si\/","name":"Hudo Slovenija","description":"Vse novice iz Slovenije in sveta","publisher":{"@id":"https:\/\/hudo.com\/si\/#organization"},"potentialAction":[{"@type":"SearchAction","target":{"@type":"EntryPoint","urlTemplate":"https:\/\/hudo.com\/si\/?s={search_term_string}"},"query-input":"required name=search_term_string"}],"inLanguage":"sl-SI"},{"@type":"Organization","@id":"https:\/\/hudo.com\/si\/#organization","name":"VSN Media","url":"https:\/\/hudo.com\/si\/","logo":{"@type":"ImageObject","inLanguage":"sl-SI","@id":"https:\/\/hudo.com\/si\/#\/schema\/logo\/image\/","url":"https:\/\/hudo.com\/si\/wp-content\/uploads\/sites\/2\/2021\/03\/hudo-app-2.png","contentUrl":"https:\/\/hudo.com\/si\/wp-content\/uploads\/sites\/2\/2021\/03\/hudo-app-2.png","width":2185,"height":2167,"caption":"VSN Media"},"image":{"@id":"https:\/\/hudo.com\/si\/#\/schema\/logo\/image\/"},"sameAs":["https:\/\/www.facebook.com\/hudo.si","https:\/\/twitter.com\/hudo_si"]},{"@type":"Person","@id":"https:\/\/hudo.com\/si\/#\/schema\/person\/2391667a63ea075ba94f2f2dc6b77537","name":"A. G., STA","image":{"@type":"ImageObject","inLanguage":"sl-SI","@id":"https:\/\/hudo.com\/si\/#\/schema\/person\/image\/","url":"https:\/\/secure.gravatar.com\/avatar\/e13d22ac3e442658d5025fbbe6238a79?s=96&d=mm&r=g","contentUrl":"https:\/\/secure.gravatar.com\/avatar\/e13d22ac3e442658d5025fbbe6238a79?s=96&d=mm&r=g","caption":"A. G., STA"},"url":"https:\/\/hudo.com\/si\/author\/alenka\/"}]}},"amp_enabled":true,"_links":{"self":[{"href":"https:\/\/hudo.com\/si\/wp-json\/wp\/v2\/posts\/448696"}],"collection":[{"href":"https:\/\/hudo.com\/si\/wp-json\/wp\/v2\/posts"}],"about":[{"href":"https:\/\/hudo.com\/si\/wp-json\/wp\/v2\/types\/post"}],"author":[{"embeddable":true,"href":"https:\/\/hudo.com\/si\/wp-json\/wp\/v2\/users\/5"}],"replies":[{"embeddable":true,"href":"https:\/\/hudo.com\/si\/wp-json\/wp\/v2\/comments?post=448696"}],"version-history":[{"count":1,"href":"https:\/\/hudo.com\/si\/wp-json\/wp\/v2\/posts\/448696\/revisions"}],"predecessor-version":[{"id":448700,"href":"https:\/\/hudo.com\/si\/wp-json\/wp\/v2\/posts\/448696\/revisions\/448700"}],"wp:featuredmedia":[{"embeddable":true,"href":"https:\/\/hudo.com\/si\/wp-json\/wp\/v2\/media\/448699"}],"wp:attachment":[{"href":"https:\/\/hudo.com\/si\/wp-json\/wp\/v2\/media?parent=448696"}],"wp:term":[{"taxonomy":"category","embeddable":true,"href":"https:\/\/hudo.com\/si\/wp-json\/wp\/v2\/categories?post=448696"},{"taxonomy":"post_tag","embeddable":true,"href":"https:\/\/hudo.com\/si\/wp-json\/wp\/v2\/tags?post=448696"},{"taxonomy":"source","embeddable":true,"href":"https:\/\/hudo.com\/si\/wp-json\/wp\/v2\/source?post=448696"},{"taxonomy":"supertag","embeddable":true,"href":"https:\/\/hudo.com\/si\/wp-json\/wp\/v2\/supertag?post=448696"}],"curies":[{"name":"wp","href":"https:\/\/api.w.org\/{rel}","templated":true}]}}