{"id":44873,"date":"2016-05-04T08:31:52","date_gmt":"2016-05-04T06:31:52","guid":{"rendered":"http:\/\/hudo.com\/si\/?p=44873"},"modified":"2016-05-04T08:31:52","modified_gmt":"2016-05-04T06:31:52","slug":"danes-se-zacenja-obdobje-preverjanja-znanj-za-ucence-dijake","status":"publish","type":"post","link":"https:\/\/hudo.com\/si\/aktualno\/danes-se-zacenja-obdobje-preverjanja-znanj-za-ucence-dijake\/","title":{"rendered":"Danes se za\u010denja obdobje preverjanja znanj za u\u010dence in dijake"},"content":{"rendered":"<div class=\"text\">\n<figure id=\"attachment_44901\" aria-describedby=\"caption-attachment-44901\" style=\"width: 1000px\" class=\"wp-caption alignnone\"><a href=\"http:\/\/hudo.com\/si\/wp-content\/uploads\/sites\/2\/2016\/05\/ThinkstockPhotos-180107378.jpg\" rel=\"attachment wp-att-44901\"><img loading=\"lazy\" decoding=\"async\" class=\"size-large wp-image-44901\" src=\"http:\/\/hudo.com\/si\/wp-content\/uploads\/sites\/2\/2016\/05\/ThinkstockPhotos-180107378-1024x683.jpg\" alt=\"Foto: Thinkstock\" width=\"1000\" height=\"667\" srcset=\"https:\/\/hudo.com\/si\/wp-content\/uploads\/sites\/2\/2016\/05\/ThinkstockPhotos-180107378-1024x683.jpg 1024w, https:\/\/hudo.com\/si\/wp-content\/uploads\/sites\/2\/2016\/05\/ThinkstockPhotos-180107378-300x200.jpg 300w, https:\/\/hudo.com\/si\/wp-content\/uploads\/sites\/2\/2016\/05\/ThinkstockPhotos-180107378-768x512.jpg 768w, https:\/\/hudo.com\/si\/wp-content\/uploads\/sites\/2\/2016\/05\/ThinkstockPhotos-180107378-1536x1024.jpg 1536w, https:\/\/hudo.com\/si\/wp-content\/uploads\/sites\/2\/2016\/05\/ThinkstockPhotos-180107378-2048x1366.jpg 2048w, https:\/\/hudo.com\/si\/wp-content\/uploads\/sites\/2\/2016\/05\/ThinkstockPhotos-180107378-600x400.jpg 600w\" sizes=\"(max-width: 1000px) 100vw, 1000px\" \/><\/a><figcaption id=\"caption-attachment-44901\" class=\"wp-caption-text\">Foto: Thinkstock<\/figcaption><\/figure>\n<p>Nacionalno preverjanje znanja bo letos v 6. razredu opravljalo 18.132 u\u010dencev, v 9. pa 17.281. V 6. razredih bo preverjanje opravljajo dodatnih 88 u\u010dencev ni\u017ejega izobra\u017eevalnega standarda, v 9. razredih pa dodaten 101 u\u010denec. K Nacionalnem preverjanju znanja je v 6. razredu prijavljenih tudi 1528 u\u010dencev s posebnimi potrebami, v 9. razredu pa 1608. Preverjanje je sicer obvezno za vse, njegovi rezultati pa naj bi u\u010dencem in \u0161olam pomagali pri preverjanju znanja in primerjavo z vrstniki na \u0161oli oziroma v dr\u017eavi.<\/p>\n<p>Danes bodo tako u\u010denci 6. kot 9. razredov pisali preizkus iz matematike, v petek pa iz maternega jezika. 10. maja bodo u\u010denci 6. razreda pisali preizkus znanja tujega jezika, u\u010denci 9. razreda pa preizkus znanja tretjega predmeta. Za leto\u0161nje preverjanje je ministrstvo dolo\u010dilo, da bodo t. i. tretji predmeti fizika, likovna umetnost, zgodovina in prvi tuji jezik.<\/p>\n<p>U\u010denci 6. razredov bodo z dose\u017eki na Nacionalnem preverjanju znanja seznanjeni 7. junija, u\u010denci 9. razredov pa 31. maja.<\/p>\n<p>Dijaki in dijakinje bodo splo\u0161no maturo za\u010deli z esejem iz materin\u0161\u010dine. Leto\u0161nji tematski sklop nosi naslov Vse sre\u010dne dru\u017eine so si podobne, vsaka nesre\u010dna dru\u017eina pa je nesre\u010dna po svoje, obsega pa besedili Ferija Lain\u0161\u010dka Lo\u010dil bom peno od valov in Leva Nikolajevi\u010da Tolstoja Ana Karenina.<\/p>\n<p>Drugi del pisnega izpita iz materin\u0161\u010dine bodo dijaki pisali 30. maja. Pisni izpiti iz tujih jezikov bodo potekali od konca maja do sredine junija. 4. junija bo potekal pisni izpit iz matematike, med 31. majem in 10. junijem pa pisni izpiti iz izbirnih predmetov. Ustni maturitetni izpiti bodo med 15. in 22. junijem.<\/p>\n<p>Z uspehom na leto\u0161njem spomladanskem roku splo\u0161ne mature bodo dijaki seznanjeni 11. julija.<\/p>\n<p>Splo\u0161na matura bo sicer potekala na 84 \u0161olah, prvi\u010d pa jo bo opravljalo 7.003 kandidatov (lani 7.278 kandidatov), kar potrjuje znano dejstvo, da \u0161tevilo tistih, ki opravljajo splo\u0161no maturo, upada.<\/p>\n<\/div>\n","protected":false},"excerpt":{"rendered":"<p>U\u010denci 6. in 9. razredov bodo danes s preizkusom iz matematike za\u010deli nacionalno preverjanje znanja, s katerim se preverja njihovo poznavanje u\u010dnih programov. Dijaki in dijakinje zaklju\u010dnih letnikov srednjih \u0161ol pa bodo z esejem iz maternega jezika za\u010deli splo\u0161no maturo.<\/p>\n","protected":false},"author":5,"featured_media":44901,"comment_status":"closed","ping_status":"closed","sticky":false,"template":"","format":"standard","meta":{"footnotes":""},"categories":[1179],"tags":[5013,5014],"source":[4511],"supertag":[],"acf":[],"yoast_head":"<!-- This site is optimized with the Yoast SEO plugin v21.3 - https:\/\/yoast.com\/wordpress\/plugins\/seo\/ -->\n<title>Danes se za\u010denja obdobje preverjanja znanj za u\u010dence in dijake - Hudo Slovenija<\/title>\n<meta name=\"robots\" content=\"index, follow, max-snippet:-1, max-image-preview:large, max-video-preview:-1\" \/>\n<link rel=\"canonical\" href=\"https:\/\/hudo.com\/si\/aktualno\/danes-se-zacenja-obdobje-preverjanja-znanj-za-ucence-dijake\/\" \/>\n<meta property=\"og:locale\" content=\"sl_SI\" \/>\n<meta property=\"og:type\" content=\"article\" \/>\n<meta property=\"og:title\" content=\"Danes se za\u010denja obdobje preverjanja znanj za u\u010dence in dijake - Hudo Slovenija\" \/>\n<meta property=\"og:description\" content=\"U\u010denci 6. in 9. razredov bodo danes s preizkusom iz matematike za\u010deli nacionalno preverjanje znanja, s katerim se preverja njihovo poznavanje u\u010dnih programov. Dijaki in dijakinje zaklju\u010dnih letnikov srednjih \u0161ol pa bodo z esejem iz maternega jezika za\u010deli splo\u0161no maturo.\" \/>\n<meta property=\"og:url\" content=\"https:\/\/hudo.com\/si\/aktualno\/danes-se-zacenja-obdobje-preverjanja-znanj-za-ucence-dijake\/\" \/>\n<meta property=\"og:site_name\" content=\"Hudo Slovenija\" \/>\n<meta property=\"article:publisher\" content=\"https:\/\/www.facebook.com\/hudo.si\" \/>\n<meta property=\"article:published_time\" content=\"2016-05-04T06:31:52+00:00\" \/>\n<meta property=\"og:image\" content=\"https:\/\/hudo.com\/si\/wp-content\/uploads\/sites\/2\/2016\/05\/ThinkstockPhotos-180107378.jpg\" \/>\n\t<meta property=\"og:image:width\" content=\"2122\" \/>\n\t<meta property=\"og:image:height\" content=\"1415\" \/>\n\t<meta property=\"og:image:type\" content=\"image\/jpeg\" \/>\n<meta name=\"author\" content=\"A. G., STA\" \/>\n<meta name=\"twitter:card\" content=\"summary_large_image\" \/>\n<meta name=\"twitter:creator\" content=\"@hudo_si\" \/>\n<meta name=\"twitter:site\" content=\"@hudo_si\" \/>\n<meta name=\"twitter:label1\" content=\"Written by\" \/>\n\t<meta name=\"twitter:data1\" content=\"A. G., STA\" \/>\n\t<meta name=\"twitter:label2\" content=\"Est. reading time\" \/>\n\t<meta name=\"twitter:data2\" content=\"2 minuti\" \/>\n<script type=\"application\/ld+json\" class=\"yoast-schema-graph\">{\"@context\":\"https:\/\/schema.org\",\"@graph\":[{\"@type\":\"Article\",\"@id\":\"https:\/\/hudo.com\/si\/aktualno\/danes-se-zacenja-obdobje-preverjanja-znanj-za-ucence-dijake\/#article\",\"isPartOf\":{\"@id\":\"https:\/\/hudo.com\/si\/aktualno\/danes-se-zacenja-obdobje-preverjanja-znanj-za-ucence-dijake\/\"},\"author\":{\"name\":\"A. G., STA\",\"@id\":\"https:\/\/hudo.com\/si\/#\/schema\/person\/2391667a63ea075ba94f2f2dc6b77537\"},\"headline\":\"Danes se za\u010denja obdobje preverjanja znanj za u\u010dence in dijake\",\"datePublished\":\"2016-05-04T06:31:52+00:00\",\"dateModified\":\"2016-05-04T06:31:52+00:00\",\"mainEntityOfPage\":{\"@id\":\"https:\/\/hudo.com\/si\/aktualno\/danes-se-zacenja-obdobje-preverjanja-znanj-za-ucence-dijake\/\"},\"wordCount\":322,\"publisher\":{\"@id\":\"https:\/\/hudo.com\/si\/#organization\"},\"keywords\":[\"matura\",\"\u0161olstvo\"],\"articleSection\":[\"Aktualno\"],\"inLanguage\":\"sl-SI\"},{\"@type\":\"WebPage\",\"@id\":\"https:\/\/hudo.com\/si\/aktualno\/danes-se-zacenja-obdobje-preverjanja-znanj-za-ucence-dijake\/\",\"url\":\"https:\/\/hudo.com\/si\/aktualno\/danes-se-zacenja-obdobje-preverjanja-znanj-za-ucence-dijake\/\",\"name\":\"Danes se za\u010denja obdobje preverjanja znanj za u\u010dence in dijake - Hudo Slovenija\",\"isPartOf\":{\"@id\":\"https:\/\/hudo.com\/si\/#website\"},\"datePublished\":\"2016-05-04T06:31:52+00:00\",\"dateModified\":\"2016-05-04T06:31:52+00:00\",\"breadcrumb\":{\"@id\":\"https:\/\/hudo.com\/si\/aktualno\/danes-se-zacenja-obdobje-preverjanja-znanj-za-ucence-dijake\/#breadcrumb\"},\"inLanguage\":\"sl-SI\",\"potentialAction\":[{\"@type\":\"ReadAction\",\"target\":[\"https:\/\/hudo.com\/si\/aktualno\/danes-se-zacenja-obdobje-preverjanja-znanj-za-ucence-dijake\/\"]}]},{\"@type\":\"BreadcrumbList\",\"@id\":\"https:\/\/hudo.com\/si\/aktualno\/danes-se-zacenja-obdobje-preverjanja-znanj-za-ucence-dijake\/#breadcrumb\",\"itemListElement\":[{\"@type\":\"ListItem\",\"position\":1,\"name\":\"Home\",\"item\":\"https:\/\/hudo.com\/si\/\"},{\"@type\":\"ListItem\",\"position\":2,\"name\":\"Danes se za\u010denja obdobje preverjanja znanj za u\u010dence in dijake\"}]},{\"@type\":\"WebSite\",\"@id\":\"https:\/\/hudo.com\/si\/#website\",\"url\":\"https:\/\/hudo.com\/si\/\",\"name\":\"Hudo Slovenija\",\"description\":\"Vse novice iz Slovenije in sveta\",\"publisher\":{\"@id\":\"https:\/\/hudo.com\/si\/#organization\"},\"potentialAction\":[{\"@type\":\"SearchAction\",\"target\":{\"@type\":\"EntryPoint\",\"urlTemplate\":\"https:\/\/hudo.com\/si\/?s={search_term_string}\"},\"query-input\":\"required name=search_term_string\"}],\"inLanguage\":\"sl-SI\"},{\"@type\":\"Organization\",\"@id\":\"https:\/\/hudo.com\/si\/#organization\",\"name\":\"VSN Media\",\"url\":\"https:\/\/hudo.com\/si\/\",\"logo\":{\"@type\":\"ImageObject\",\"inLanguage\":\"sl-SI\",\"@id\":\"https:\/\/hudo.com\/si\/#\/schema\/logo\/image\/\",\"url\":\"https:\/\/hudo.com\/si\/wp-content\/uploads\/sites\/2\/2021\/03\/hudo-app-2.png\",\"contentUrl\":\"https:\/\/hudo.com\/si\/wp-content\/uploads\/sites\/2\/2021\/03\/hudo-app-2.png\",\"width\":2185,\"height\":2167,\"caption\":\"VSN Media\"},\"image\":{\"@id\":\"https:\/\/hudo.com\/si\/#\/schema\/logo\/image\/\"},\"sameAs\":[\"https:\/\/www.facebook.com\/hudo.si\",\"https:\/\/twitter.com\/hudo_si\"]},{\"@type\":\"Person\",\"@id\":\"https:\/\/hudo.com\/si\/#\/schema\/person\/2391667a63ea075ba94f2f2dc6b77537\",\"name\":\"A. G., STA\",\"image\":{\"@type\":\"ImageObject\",\"inLanguage\":\"sl-SI\",\"@id\":\"https:\/\/hudo.com\/si\/#\/schema\/person\/image\/\",\"url\":\"https:\/\/secure.gravatar.com\/avatar\/e13d22ac3e442658d5025fbbe6238a79?s=96&d=mm&r=g\",\"contentUrl\":\"https:\/\/secure.gravatar.com\/avatar\/e13d22ac3e442658d5025fbbe6238a79?s=96&d=mm&r=g\",\"caption\":\"A. G., STA\"},\"url\":\"https:\/\/hudo.com\/si\/author\/alenka\/\"}]}<\/script>\n<!-- \/ Yoast SEO plugin. -->","yoast_head_json":{"title":"Danes se za\u010denja obdobje preverjanja znanj za u\u010dence in dijake - Hudo Slovenija","robots":{"index":"index","follow":"follow","max-snippet":"max-snippet:-1","max-image-preview":"max-image-preview:large","max-video-preview":"max-video-preview:-1"},"canonical":"https:\/\/hudo.com\/si\/aktualno\/danes-se-zacenja-obdobje-preverjanja-znanj-za-ucence-dijake\/","og_locale":"sl_SI","og_type":"article","og_title":"Danes se za\u010denja obdobje preverjanja znanj za u\u010dence in dijake - Hudo Slovenija","og_description":"U\u010denci 6. in 9. razredov bodo danes s preizkusom iz matematike za\u010deli nacionalno preverjanje znanja, s katerim se preverja njihovo poznavanje u\u010dnih programov. Dijaki in dijakinje zaklju\u010dnih letnikov srednjih \u0161ol pa bodo z esejem iz maternega jezika za\u010deli splo\u0161no maturo.","og_url":"https:\/\/hudo.com\/si\/aktualno\/danes-se-zacenja-obdobje-preverjanja-znanj-za-ucence-dijake\/","og_site_name":"Hudo Slovenija","article_publisher":"https:\/\/www.facebook.com\/hudo.si","article_published_time":"2016-05-04T06:31:52+00:00","og_image":[{"width":2122,"height":1415,"url":"https:\/\/hudo.com\/si\/wp-content\/uploads\/sites\/2\/2016\/05\/ThinkstockPhotos-180107378.jpg","type":"image\/jpeg"}],"author":"A. G., STA","twitter_card":"summary_large_image","twitter_creator":"@hudo_si","twitter_site":"@hudo_si","twitter_misc":{"Written by":"A. G., STA","Est. reading time":"2 minuti"},"schema":{"@context":"https:\/\/schema.org","@graph":[{"@type":"Article","@id":"https:\/\/hudo.com\/si\/aktualno\/danes-se-zacenja-obdobje-preverjanja-znanj-za-ucence-dijake\/#article","isPartOf":{"@id":"https:\/\/hudo.com\/si\/aktualno\/danes-se-zacenja-obdobje-preverjanja-znanj-za-ucence-dijake\/"},"author":{"name":"A. G., STA","@id":"https:\/\/hudo.com\/si\/#\/schema\/person\/2391667a63ea075ba94f2f2dc6b77537"},"headline":"Danes se za\u010denja obdobje preverjanja znanj za u\u010dence in dijake","datePublished":"2016-05-04T06:31:52+00:00","dateModified":"2016-05-04T06:31:52+00:00","mainEntityOfPage":{"@id":"https:\/\/hudo.com\/si\/aktualno\/danes-se-zacenja-obdobje-preverjanja-znanj-za-ucence-dijake\/"},"wordCount":322,"publisher":{"@id":"https:\/\/hudo.com\/si\/#organization"},"keywords":["matura","\u0161olstvo"],"articleSection":["Aktualno"],"inLanguage":"sl-SI"},{"@type":"WebPage","@id":"https:\/\/hudo.com\/si\/aktualno\/danes-se-zacenja-obdobje-preverjanja-znanj-za-ucence-dijake\/","url":"https:\/\/hudo.com\/si\/aktualno\/danes-se-zacenja-obdobje-preverjanja-znanj-za-ucence-dijake\/","name":"Danes se za\u010denja obdobje preverjanja znanj za u\u010dence in dijake - Hudo Slovenija","isPartOf":{"@id":"https:\/\/hudo.com\/si\/#website"},"datePublished":"2016-05-04T06:31:52+00:00","dateModified":"2016-05-04T06:31:52+00:00","breadcrumb":{"@id":"https:\/\/hudo.com\/si\/aktualno\/danes-se-zacenja-obdobje-preverjanja-znanj-za-ucence-dijake\/#breadcrumb"},"inLanguage":"sl-SI","potentialAction":[{"@type":"ReadAction","target":["https:\/\/hudo.com\/si\/aktualno\/danes-se-zacenja-obdobje-preverjanja-znanj-za-ucence-dijake\/"]}]},{"@type":"BreadcrumbList","@id":"https:\/\/hudo.com\/si\/aktualno\/danes-se-zacenja-obdobje-preverjanja-znanj-za-ucence-dijake\/#breadcrumb","itemListElement":[{"@type":"ListItem","position":1,"name":"Home","item":"https:\/\/hudo.com\/si\/"},{"@type":"ListItem","position":2,"name":"Danes se za\u010denja obdobje preverjanja znanj za u\u010dence in dijake"}]},{"@type":"WebSite","@id":"https:\/\/hudo.com\/si\/#website","url":"https:\/\/hudo.com\/si\/","name":"Hudo Slovenija","description":"Vse novice iz Slovenije in sveta","publisher":{"@id":"https:\/\/hudo.com\/si\/#organization"},"potentialAction":[{"@type":"SearchAction","target":{"@type":"EntryPoint","urlTemplate":"https:\/\/hudo.com\/si\/?s={search_term_string}"},"query-input":"required name=search_term_string"}],"inLanguage":"sl-SI"},{"@type":"Organization","@id":"https:\/\/hudo.com\/si\/#organization","name":"VSN Media","url":"https:\/\/hudo.com\/si\/","logo":{"@type":"ImageObject","inLanguage":"sl-SI","@id":"https:\/\/hudo.com\/si\/#\/schema\/logo\/image\/","url":"https:\/\/hudo.com\/si\/wp-content\/uploads\/sites\/2\/2021\/03\/hudo-app-2.png","contentUrl":"https:\/\/hudo.com\/si\/wp-content\/uploads\/sites\/2\/2021\/03\/hudo-app-2.png","width":2185,"height":2167,"caption":"VSN Media"},"image":{"@id":"https:\/\/hudo.com\/si\/#\/schema\/logo\/image\/"},"sameAs":["https:\/\/www.facebook.com\/hudo.si","https:\/\/twitter.com\/hudo_si"]},{"@type":"Person","@id":"https:\/\/hudo.com\/si\/#\/schema\/person\/2391667a63ea075ba94f2f2dc6b77537","name":"A. G., STA","image":{"@type":"ImageObject","inLanguage":"sl-SI","@id":"https:\/\/hudo.com\/si\/#\/schema\/person\/image\/","url":"https:\/\/secure.gravatar.com\/avatar\/e13d22ac3e442658d5025fbbe6238a79?s=96&d=mm&r=g","contentUrl":"https:\/\/secure.gravatar.com\/avatar\/e13d22ac3e442658d5025fbbe6238a79?s=96&d=mm&r=g","caption":"A. G., STA"},"url":"https:\/\/hudo.com\/si\/author\/alenka\/"}]}},"amp_enabled":true,"_links":{"self":[{"href":"https:\/\/hudo.com\/si\/wp-json\/wp\/v2\/posts\/44873"}],"collection":[{"href":"https:\/\/hudo.com\/si\/wp-json\/wp\/v2\/posts"}],"about":[{"href":"https:\/\/hudo.com\/si\/wp-json\/wp\/v2\/types\/post"}],"author":[{"embeddable":true,"href":"https:\/\/hudo.com\/si\/wp-json\/wp\/v2\/users\/5"}],"replies":[{"embeddable":true,"href":"https:\/\/hudo.com\/si\/wp-json\/wp\/v2\/comments?post=44873"}],"version-history":[{"count":1,"href":"https:\/\/hudo.com\/si\/wp-json\/wp\/v2\/posts\/44873\/revisions"}],"predecessor-version":[{"id":44902,"href":"https:\/\/hudo.com\/si\/wp-json\/wp\/v2\/posts\/44873\/revisions\/44902"}],"wp:featuredmedia":[{"embeddable":true,"href":"https:\/\/hudo.com\/si\/wp-json\/wp\/v2\/media\/44901"}],"wp:attachment":[{"href":"https:\/\/hudo.com\/si\/wp-json\/wp\/v2\/media?parent=44873"}],"wp:term":[{"taxonomy":"category","embeddable":true,"href":"https:\/\/hudo.com\/si\/wp-json\/wp\/v2\/categories?post=44873"},{"taxonomy":"post_tag","embeddable":true,"href":"https:\/\/hudo.com\/si\/wp-json\/wp\/v2\/tags?post=44873"},{"taxonomy":"source","embeddable":true,"href":"https:\/\/hudo.com\/si\/wp-json\/wp\/v2\/source?post=44873"},{"taxonomy":"supertag","embeddable":true,"href":"https:\/\/hudo.com\/si\/wp-json\/wp\/v2\/supertag?post=44873"}],"curies":[{"name":"wp","href":"https:\/\/api.w.org\/{rel}","templated":true}]}}