{"id":448735,"date":"2021-04-01T11:14:04","date_gmt":"2021-04-01T09:14:04","guid":{"rendered":"https:\/\/hudo.com\/si\/?p=448735"},"modified":"2021-04-01T11:15:50","modified_gmt":"2021-04-01T09:15:50","slug":"usoden-padec-kolesarja-pri-novem-mestu","status":"publish","type":"post","link":"https:\/\/hudo.com\/si\/aktualno\/slovenija\/usoden-padec-kolesarja-pri-novem-mestu\/","title":{"rendered":"Usoden padec kolesarja pri Novem mestu"},"content":{"rendered":"<p>Kot so sporo\u010dili z novome\u0161ke policijske uprave, so bili v sredo nekaj pred 13. uro obve\u0161\u010deni, da v bolni\u0161nici oskrbujejo mo\u0161kega, ki naj bi padel s kolesom. Po zbranih obvestilih so ugotovili, da je 61-letni mo\u0161ki kolesaril na obmo\u010dju Bori\u010devega in pri vo\u017enji po klancu navzdol izgubil oblast nad kolesom in padel. V bolni\u0161nici je pozneje umrl, policisti pa okoli\u0161\u010dine nesre\u010de \u0161e preverjajo.<\/p>\n<p>V sredo popoldne pa se je na regionalni cesti med Malim Mra\u0161evim in Kostanjevico na Krki zgodila prometna nesre\u010da, ki jo je po prvih ugotovitvah povzro\u010dila 60-letna voznica osebnega avtomobila, ko je z regionalne ceste zavijala levo proti dovozu do stanovanjske hi\u0161e, medtem pa je iz nasprotne smeri pravilno pripeljal 32-letni motorist. Motorist je po silovitem \u010delnem tr\u010denju hudo po\u0161kodovan oble\u017eal na travniku ve\u010d kot 70 metrov od mesta tr\u010denja, v bolni\u0161nici so ugotovili, da ima posebno hude telesne po\u0161kodbe, so navedli na PU Novo mesto. Pojasnili so, da policisti okoli\u0161\u010dine nesre\u010de \u0161e preiskujejo in bodo zoper povzro\u010diteljico na pristojno to\u017eilstvo podali kazensko ovadbo zaradi kaznivega dejanja nevarne vo\u017enje v cestnem prometu.<\/p>\n<p>Ob tem so pojasnili, da so bili lani v prometnih nesre\u010dah na obmo\u010dju PU Novo mesto kolesarji udele\u017eeni v 65 prometnih nesre\u010dah. Deset kolesarjev se je hudo po\u0161kodovalo, 51 pa la\u017eje. V 36 primerih so policisti ugotovili, da so bili kolesarji tudi povzro\u010ditelji prometne nesre\u010de. Motoristi pa so bili udele\u017eeni v 67 prometnih nesre\u010dah. Pri tem je en motorist umrl, 16 je bilo hudo in 35 la\u017eje po\u0161kodovanih. V 48 primerih so bili za prometno nesre\u010do odgovorni motoristi.<\/p>\n<p>Policisti opozarjajo, da je po dalj\u0161em obdobju na na\u0161ih cestah ponovno ve\u010d kolesarjev in motoristov, ki spadajo med najranljivej\u0161e udele\u017eence v prometu. &#8220;Policisti vse udele\u017eence v cestnem prometu pozivamo k previdnosti in strpnosti. Opozorilo namenjamo tudi tistim, ki z avtomobilom premagujejo le kraj\u0161e razdalje v doma\u010dem okolju. Vozniki so namre\u010d v doma\u010dem okolju pogosto manj previdni, manj so pozorni na ostale udele\u017eence v prometu in morebitne spremembe prometne signalizacije,&#8221; so navedli.<\/p>\n<p>Ob tem so pojasnili, da vozniki pri vo\u017enji v doma\u010dem okolju nemalokrat ne uporabljajo smernikov in ob zavijanju levo je to lahko usodno za motorista ali kolesarja, ki pripelje iz nasprotne smeri. Prav tako tudi telefoniranje med vo\u017enjo bistveno zmanj\u0161a koncentracijo voznikov in zmanj\u0161uje pozornost na dogajanje v prometu.<\/p>\n<p>Voznike pozivajo \u0161e, naj prilagodijo hitrost svoje vo\u017enje veljavnim omejitvam, razmeram na cesti in svojim vozni\u0161kim izku\u0161njam. Vozilo naj upravljajo le trezni, tudi \u010de imajo namen prevoziti le nekaj kilometrov.<\/p>\n<p>Kolesarjem in motoristom pa svetujejo, naj poskrbijo za svojo vidnost, med vo\u017enjo naj posku\u0161ajo predvideti ravnanja in morebitne nepravilnosti ostalih udele\u017eencev v prometu, predvsem voznikov motornih vozil.<\/p>\n","protected":false},"excerpt":{"rendered":"<p>V sredo je na obmo\u010dju Bori\u010devega pri Novem mestu pri vo\u017enji po klancu navzdol padel 61-letni kolesar, ki je pozneje v bolni\u0161nici umrl. V prometni nesre\u010di pri Kostanjevici na Krki pa se je huje po\u0161kodoval motorist. Na Policijski upravi Novo mesto ob tem opozarjajo, da je na cestah ponovno ve\u010d kolesarjev in motoristov, zato pozivajo k previdnosti.<\/p>\n","protected":false},"author":5,"featured_media":179103,"comment_status":"closed","ping_status":"closed","sticky":false,"template":"","format":"standard","meta":{"footnotes":""},"categories":[18201],"tags":[4688,7105,1595],"source":[4511],"supertag":[5675],"acf":[],"yoast_head":"<!-- This site is optimized with the Yoast SEO plugin v21.3 - https:\/\/yoast.com\/wordpress\/plugins\/seo\/ -->\n<title>Usoden padec kolesarja pri Novem mestu - Hudo Slovenija<\/title>\n<meta name=\"robots\" content=\"index, follow, max-snippet:-1, max-image-preview:large, max-video-preview:-1\" \/>\n<link rel=\"canonical\" href=\"https:\/\/hudo.com\/si\/aktualno\/slovenija\/usoden-padec-kolesarja-pri-novem-mestu\/\" \/>\n<meta property=\"og:locale\" content=\"sl_SI\" \/>\n<meta property=\"og:type\" content=\"article\" \/>\n<meta property=\"og:title\" content=\"Usoden padec kolesarja pri Novem mestu - Hudo Slovenija\" \/>\n<meta property=\"og:description\" content=\"V sredo je na obmo\u010dju Bori\u010devega pri Novem mestu pri vo\u017enji po klancu navzdol padel 61-letni kolesar, ki je pozneje v bolni\u0161nici umrl. V prometni nesre\u010di pri Kostanjevici na Krki pa se je huje po\u0161kodoval motorist. Na Policijski upravi Novo mesto ob tem opozarjajo, da je na cestah ponovno ve\u010d kolesarjev in motoristov, zato pozivajo k previdnosti.\" \/>\n<meta property=\"og:url\" content=\"https:\/\/hudo.com\/si\/aktualno\/slovenija\/usoden-padec-kolesarja-pri-novem-mestu\/\" \/>\n<meta property=\"og:site_name\" content=\"Hudo Slovenija\" \/>\n<meta property=\"article:publisher\" content=\"https:\/\/www.facebook.com\/hudo.si\" \/>\n<meta property=\"article:published_time\" content=\"2021-04-01T09:14:04+00:00\" \/>\n<meta property=\"article:modified_time\" content=\"2021-04-01T09:15:50+00:00\" \/>\n<meta property=\"og:image\" content=\"https:\/\/hudo.com\/si\/wp-content\/uploads\/sites\/2\/2016\/11\/20160402-00681597.jpg\" \/>\n\t<meta property=\"og:image:width\" content=\"640\" \/>\n\t<meta property=\"og:image:height\" content=\"426\" \/>\n\t<meta property=\"og:image:type\" content=\"image\/jpeg\" \/>\n<meta name=\"author\" content=\"A. G., STA\" \/>\n<meta name=\"twitter:card\" content=\"summary_large_image\" \/>\n<meta name=\"twitter:creator\" content=\"@hudo_si\" \/>\n<meta name=\"twitter:site\" content=\"@hudo_si\" \/>\n<meta name=\"twitter:label1\" content=\"Written by\" \/>\n\t<meta name=\"twitter:data1\" content=\"A. G., STA\" \/>\n\t<meta name=\"twitter:label2\" content=\"Est. reading time\" \/>\n\t<meta name=\"twitter:data2\" content=\"2 minuti\" \/>\n<script type=\"application\/ld+json\" class=\"yoast-schema-graph\">{\"@context\":\"https:\/\/schema.org\",\"@graph\":[{\"@type\":\"Article\",\"@id\":\"https:\/\/hudo.com\/si\/aktualno\/slovenija\/usoden-padec-kolesarja-pri-novem-mestu\/#article\",\"isPartOf\":{\"@id\":\"https:\/\/hudo.com\/si\/aktualno\/slovenija\/usoden-padec-kolesarja-pri-novem-mestu\/\"},\"author\":{\"name\":\"A. G., STA\",\"@id\":\"https:\/\/hudo.com\/si\/#\/schema\/person\/2391667a63ea075ba94f2f2dc6b77537\"},\"headline\":\"Usoden padec kolesarja pri Novem mestu\",\"datePublished\":\"2021-04-01T09:14:04+00:00\",\"dateModified\":\"2021-04-01T09:15:50+00:00\",\"mainEntityOfPage\":{\"@id\":\"https:\/\/hudo.com\/si\/aktualno\/slovenija\/usoden-padec-kolesarja-pri-novem-mestu\/\"},\"wordCount\":487,\"publisher\":{\"@id\":\"https:\/\/hudo.com\/si\/#organization\"},\"keywords\":[\"\u010drna kronika\",\"nesre\u010da\",\"Slovenija\"],\"articleSection\":[\"Slovenija\"],\"inLanguage\":\"sl-SI\"},{\"@type\":\"WebPage\",\"@id\":\"https:\/\/hudo.com\/si\/aktualno\/slovenija\/usoden-padec-kolesarja-pri-novem-mestu\/\",\"url\":\"https:\/\/hudo.com\/si\/aktualno\/slovenija\/usoden-padec-kolesarja-pri-novem-mestu\/\",\"name\":\"Usoden padec kolesarja pri Novem mestu - Hudo Slovenija\",\"isPartOf\":{\"@id\":\"https:\/\/hudo.com\/si\/#website\"},\"datePublished\":\"2021-04-01T09:14:04+00:00\",\"dateModified\":\"2021-04-01T09:15:50+00:00\",\"breadcrumb\":{\"@id\":\"https:\/\/hudo.com\/si\/aktualno\/slovenija\/usoden-padec-kolesarja-pri-novem-mestu\/#breadcrumb\"},\"inLanguage\":\"sl-SI\",\"potentialAction\":[{\"@type\":\"ReadAction\",\"target\":[\"https:\/\/hudo.com\/si\/aktualno\/slovenija\/usoden-padec-kolesarja-pri-novem-mestu\/\"]}]},{\"@type\":\"BreadcrumbList\",\"@id\":\"https:\/\/hudo.com\/si\/aktualno\/slovenija\/usoden-padec-kolesarja-pri-novem-mestu\/#breadcrumb\",\"itemListElement\":[{\"@type\":\"ListItem\",\"position\":1,\"name\":\"Home\",\"item\":\"https:\/\/hudo.com\/si\/\"},{\"@type\":\"ListItem\",\"position\":2,\"name\":\"Usoden padec kolesarja pri Novem mestu\"}]},{\"@type\":\"WebSite\",\"@id\":\"https:\/\/hudo.com\/si\/#website\",\"url\":\"https:\/\/hudo.com\/si\/\",\"name\":\"Hudo Slovenija\",\"description\":\"Vse novice iz Slovenije in sveta\",\"publisher\":{\"@id\":\"https:\/\/hudo.com\/si\/#organization\"},\"potentialAction\":[{\"@type\":\"SearchAction\",\"target\":{\"@type\":\"EntryPoint\",\"urlTemplate\":\"https:\/\/hudo.com\/si\/?s={search_term_string}\"},\"query-input\":\"required name=search_term_string\"}],\"inLanguage\":\"sl-SI\"},{\"@type\":\"Organization\",\"@id\":\"https:\/\/hudo.com\/si\/#organization\",\"name\":\"VSN Media\",\"url\":\"https:\/\/hudo.com\/si\/\",\"logo\":{\"@type\":\"ImageObject\",\"inLanguage\":\"sl-SI\",\"@id\":\"https:\/\/hudo.com\/si\/#\/schema\/logo\/image\/\",\"url\":\"https:\/\/hudo.com\/si\/wp-content\/uploads\/sites\/2\/2021\/03\/hudo-app-2.png\",\"contentUrl\":\"https:\/\/hudo.com\/si\/wp-content\/uploads\/sites\/2\/2021\/03\/hudo-app-2.png\",\"width\":2185,\"height\":2167,\"caption\":\"VSN Media\"},\"image\":{\"@id\":\"https:\/\/hudo.com\/si\/#\/schema\/logo\/image\/\"},\"sameAs\":[\"https:\/\/www.facebook.com\/hudo.si\",\"https:\/\/twitter.com\/hudo_si\"]},{\"@type\":\"Person\",\"@id\":\"https:\/\/hudo.com\/si\/#\/schema\/person\/2391667a63ea075ba94f2f2dc6b77537\",\"name\":\"A. G., STA\",\"image\":{\"@type\":\"ImageObject\",\"inLanguage\":\"sl-SI\",\"@id\":\"https:\/\/hudo.com\/si\/#\/schema\/person\/image\/\",\"url\":\"https:\/\/secure.gravatar.com\/avatar\/e13d22ac3e442658d5025fbbe6238a79?s=96&d=mm&r=g\",\"contentUrl\":\"https:\/\/secure.gravatar.com\/avatar\/e13d22ac3e442658d5025fbbe6238a79?s=96&d=mm&r=g\",\"caption\":\"A. G., STA\"},\"url\":\"https:\/\/hudo.com\/si\/author\/alenka\/\"}]}<\/script>\n<!-- \/ Yoast SEO plugin. -->","yoast_head_json":{"title":"Usoden padec kolesarja pri Novem mestu - Hudo Slovenija","robots":{"index":"index","follow":"follow","max-snippet":"max-snippet:-1","max-image-preview":"max-image-preview:large","max-video-preview":"max-video-preview:-1"},"canonical":"https:\/\/hudo.com\/si\/aktualno\/slovenija\/usoden-padec-kolesarja-pri-novem-mestu\/","og_locale":"sl_SI","og_type":"article","og_title":"Usoden padec kolesarja pri Novem mestu - Hudo Slovenija","og_description":"V sredo je na obmo\u010dju Bori\u010devega pri Novem mestu pri vo\u017enji po klancu navzdol padel 61-letni kolesar, ki je pozneje v bolni\u0161nici umrl. V prometni nesre\u010di pri Kostanjevici na Krki pa se je huje po\u0161kodoval motorist. Na Policijski upravi Novo mesto ob tem opozarjajo, da je na cestah ponovno ve\u010d kolesarjev in motoristov, zato pozivajo k previdnosti.","og_url":"https:\/\/hudo.com\/si\/aktualno\/slovenija\/usoden-padec-kolesarja-pri-novem-mestu\/","og_site_name":"Hudo Slovenija","article_publisher":"https:\/\/www.facebook.com\/hudo.si","article_published_time":"2021-04-01T09:14:04+00:00","article_modified_time":"2021-04-01T09:15:50+00:00","og_image":[{"width":640,"height":426,"url":"https:\/\/hudo.com\/si\/wp-content\/uploads\/sites\/2\/2016\/11\/20160402-00681597.jpg","type":"image\/jpeg"}],"author":"A. G., STA","twitter_card":"summary_large_image","twitter_creator":"@hudo_si","twitter_site":"@hudo_si","twitter_misc":{"Written by":"A. G., STA","Est. reading time":"2 minuti"},"schema":{"@context":"https:\/\/schema.org","@graph":[{"@type":"Article","@id":"https:\/\/hudo.com\/si\/aktualno\/slovenija\/usoden-padec-kolesarja-pri-novem-mestu\/#article","isPartOf":{"@id":"https:\/\/hudo.com\/si\/aktualno\/slovenija\/usoden-padec-kolesarja-pri-novem-mestu\/"},"author":{"name":"A. G., STA","@id":"https:\/\/hudo.com\/si\/#\/schema\/person\/2391667a63ea075ba94f2f2dc6b77537"},"headline":"Usoden padec kolesarja pri Novem mestu","datePublished":"2021-04-01T09:14:04+00:00","dateModified":"2021-04-01T09:15:50+00:00","mainEntityOfPage":{"@id":"https:\/\/hudo.com\/si\/aktualno\/slovenija\/usoden-padec-kolesarja-pri-novem-mestu\/"},"wordCount":487,"publisher":{"@id":"https:\/\/hudo.com\/si\/#organization"},"keywords":["\u010drna kronika","nesre\u010da","Slovenija"],"articleSection":["Slovenija"],"inLanguage":"sl-SI"},{"@type":"WebPage","@id":"https:\/\/hudo.com\/si\/aktualno\/slovenija\/usoden-padec-kolesarja-pri-novem-mestu\/","url":"https:\/\/hudo.com\/si\/aktualno\/slovenija\/usoden-padec-kolesarja-pri-novem-mestu\/","name":"Usoden padec kolesarja pri Novem mestu - Hudo Slovenija","isPartOf":{"@id":"https:\/\/hudo.com\/si\/#website"},"datePublished":"2021-04-01T09:14:04+00:00","dateModified":"2021-04-01T09:15:50+00:00","breadcrumb":{"@id":"https:\/\/hudo.com\/si\/aktualno\/slovenija\/usoden-padec-kolesarja-pri-novem-mestu\/#breadcrumb"},"inLanguage":"sl-SI","potentialAction":[{"@type":"ReadAction","target":["https:\/\/hudo.com\/si\/aktualno\/slovenija\/usoden-padec-kolesarja-pri-novem-mestu\/"]}]},{"@type":"BreadcrumbList","@id":"https:\/\/hudo.com\/si\/aktualno\/slovenija\/usoden-padec-kolesarja-pri-novem-mestu\/#breadcrumb","itemListElement":[{"@type":"ListItem","position":1,"name":"Home","item":"https:\/\/hudo.com\/si\/"},{"@type":"ListItem","position":2,"name":"Usoden padec kolesarja pri Novem mestu"}]},{"@type":"WebSite","@id":"https:\/\/hudo.com\/si\/#website","url":"https:\/\/hudo.com\/si\/","name":"Hudo Slovenija","description":"Vse novice iz Slovenije in sveta","publisher":{"@id":"https:\/\/hudo.com\/si\/#organization"},"potentialAction":[{"@type":"SearchAction","target":{"@type":"EntryPoint","urlTemplate":"https:\/\/hudo.com\/si\/?s={search_term_string}"},"query-input":"required name=search_term_string"}],"inLanguage":"sl-SI"},{"@type":"Organization","@id":"https:\/\/hudo.com\/si\/#organization","name":"VSN Media","url":"https:\/\/hudo.com\/si\/","logo":{"@type":"ImageObject","inLanguage":"sl-SI","@id":"https:\/\/hudo.com\/si\/#\/schema\/logo\/image\/","url":"https:\/\/hudo.com\/si\/wp-content\/uploads\/sites\/2\/2021\/03\/hudo-app-2.png","contentUrl":"https:\/\/hudo.com\/si\/wp-content\/uploads\/sites\/2\/2021\/03\/hudo-app-2.png","width":2185,"height":2167,"caption":"VSN Media"},"image":{"@id":"https:\/\/hudo.com\/si\/#\/schema\/logo\/image\/"},"sameAs":["https:\/\/www.facebook.com\/hudo.si","https:\/\/twitter.com\/hudo_si"]},{"@type":"Person","@id":"https:\/\/hudo.com\/si\/#\/schema\/person\/2391667a63ea075ba94f2f2dc6b77537","name":"A. G., STA","image":{"@type":"ImageObject","inLanguage":"sl-SI","@id":"https:\/\/hudo.com\/si\/#\/schema\/person\/image\/","url":"https:\/\/secure.gravatar.com\/avatar\/e13d22ac3e442658d5025fbbe6238a79?s=96&d=mm&r=g","contentUrl":"https:\/\/secure.gravatar.com\/avatar\/e13d22ac3e442658d5025fbbe6238a79?s=96&d=mm&r=g","caption":"A. G., STA"},"url":"https:\/\/hudo.com\/si\/author\/alenka\/"}]}},"amp_enabled":true,"_links":{"self":[{"href":"https:\/\/hudo.com\/si\/wp-json\/wp\/v2\/posts\/448735"}],"collection":[{"href":"https:\/\/hudo.com\/si\/wp-json\/wp\/v2\/posts"}],"about":[{"href":"https:\/\/hudo.com\/si\/wp-json\/wp\/v2\/types\/post"}],"author":[{"embeddable":true,"href":"https:\/\/hudo.com\/si\/wp-json\/wp\/v2\/users\/5"}],"replies":[{"embeddable":true,"href":"https:\/\/hudo.com\/si\/wp-json\/wp\/v2\/comments?post=448735"}],"version-history":[{"count":1,"href":"https:\/\/hudo.com\/si\/wp-json\/wp\/v2\/posts\/448735\/revisions"}],"predecessor-version":[{"id":448736,"href":"https:\/\/hudo.com\/si\/wp-json\/wp\/v2\/posts\/448735\/revisions\/448736"}],"wp:featuredmedia":[{"embeddable":true,"href":"https:\/\/hudo.com\/si\/wp-json\/wp\/v2\/media\/179103"}],"wp:attachment":[{"href":"https:\/\/hudo.com\/si\/wp-json\/wp\/v2\/media?parent=448735"}],"wp:term":[{"taxonomy":"category","embeddable":true,"href":"https:\/\/hudo.com\/si\/wp-json\/wp\/v2\/categories?post=448735"},{"taxonomy":"post_tag","embeddable":true,"href":"https:\/\/hudo.com\/si\/wp-json\/wp\/v2\/tags?post=448735"},{"taxonomy":"source","embeddable":true,"href":"https:\/\/hudo.com\/si\/wp-json\/wp\/v2\/source?post=448735"},{"taxonomy":"supertag","embeddable":true,"href":"https:\/\/hudo.com\/si\/wp-json\/wp\/v2\/supertag?post=448735"}],"curies":[{"name":"wp","href":"https:\/\/api.w.org\/{rel}","templated":true}]}}