{"id":448802,"date":"2021-04-02T06:29:36","date_gmt":"2021-04-02T04:29:36","guid":{"rendered":"https:\/\/hudo.com\/si\/2021\/04\/02\/danes-na-rojstni-dan-hansa-christiana-andersena-praznujemo-mednarodni-dan-knjig-za-otroke-berimo-otroske-knjige-da-se-bodo-zgladile-gube-na-celu-starega-sveta\/"},"modified":"2021-04-02T06:29:36","modified_gmt":"2021-04-02T04:29:36","slug":"danes-na-rojstni-dan-hansa-christiana-andersena-praznujemo-mednarodni-dan-knjig-za-otroke-berimo-otroske-knjige-da-se-bodo-zgladile-gube-na-celu-starega-sveta","status":"publish","type":"post","link":"https:\/\/hudo.com\/si\/lifestyle\/danes-na-rojstni-dan-hansa-christiana-andersena-praznujemo-mednarodni-dan-knjig-za-otroke-berimo-otroske-knjige-da-se-bodo-zgladile-gube-na-celu-starega-sveta\/","title":{"rendered":"Danes, na rojstni dan Hansa Christiana Andersena, praznujemo mednarodni dan knjig za otroke: &#8220;Berimo otro\u0161ke knjige, da se bodo zgladile gube na \u010delu starega sveta!&#8221;"},"content":{"rendered":"<div id=\"center\">\n<article class=\"articleui\">\n<div class=\"text\">\n<figure>\n\t\t\t\t\t<img loading=\"lazy\" decoding=\"async\" width=\"660\" height=\"320\" src=\"image\/gif;base64,R0lGODlhAQABAAAAACH5BAEKAAEALAAAAAABAAEAAAICTAEAOw==\" class=\"lazyload\" data-src=\"https:\/\/zenska.hudo.com\/files\/2021\/04\/profimedia-0070066261-320x155.jpg\" data-srcset=\"https:\/\/zenska.hudo.com\/files\/2021\/04\/profimedia-0070066261-660x320.jpg 660w,https:\/\/zenska.hudo.com\/files\/2021\/04\/profimedia-0070066261-320x155.jpg 330w\" \/><figcaption>Foto: Profimedia<\/figcaption><\/figure>\n<p>Ameri\u0161ka pesnica Margarita Engle je v poslanici v obliki pesmi, ki jo je poslovenila Nada Gro\u0161elj, med drugim zapisala, da so besede lahko &#8220;bobni in flavte na listu&#8221; in tudi marsikaj drugega, bralce pa lahko, tudi preko ritma in rim, vabijo k plesu. Doma ali na poti &#8220;so zgodbe in pesmi vse tvoje&#8221;. Poslanico pa sklepa naslednja kitica: &#8220;Kadar delimo besede drug z drugim, glasovi\/postanejo glasba prihodnosti,\/mir, prijateljstvo, radost:\/melodija,\/ki upa.&#8221;<\/p>\n<p>Kot je za STA zapisala predsednica slovenske sekcije IBBY Tina Bilban, leto\u0161nja mednarodna poslanica \u010dudovito opisuje tudi delo Kristine Brenkove, katere 110. obletnico rojstva obele\u017eujemo letos. Spomnila je na zapu\u0161\u010dino Kristine Brenkove, ki &#8220;je gradila mostove ne le med knjigami in otroki, ampak tudi med slovensko in mednarodno mladinsko knji\u017eevnostjo&#8221;.<\/p>\n<p>Tako so z mednarodno poslanico in pisateljico v mislih oblikovali tudi leto\u0161njo spletno bralnospodbujevalno akcijo, ki bo potekala vse do konca \u0161olskega leta. Pri IBBY jo pripravljajo z Mestno knji\u017enico Ljubljana in Pionirsko &#8211; centrom za mladinsko knji\u017eevnost in knji\u017eni\u010darstvo ter v sodelovanju z drugimi partnerji.<\/p>\n<p>Akcijo so naslovili Glasba besed Kristine Brenkove in besede o glasbi: 110 kakovostnih bralnih predlogov. Kot je \u0161e zapisala Tina Bilban, \u017eelijo z vsakoletno akcijo mlade bralce pospremiti v svet branja in jih navdu\u0161iti za vse\u017eivljenjsko dru\u017eenje s knjigami.<\/p>\n<p>&#8220;Vsi, otroci, mladi in odrasli, lahko pose\u017eemo po kakovostnih mladinskih knjigah (nekaj bralnih predlogov najdete tudi na spletni strani:\u00a0<a href=\"http:\/\/www.ibby.si\/\" target=\"_blank\" rel=\"noopener noreferrer\">www.ibby.si<\/a>), ki &#8211; pa naj gre za romane ali zbirke pravljic, stripe ali slikanice, poezijo ali pou\u010dne knjige &#8211; nas lahko pove\u017eejo v skupnem branju, nam pomagajo razumeti svet okoli sebe ali pa nam omogo\u010dajo potovanja iz doma\u010dega naslanja\u010da. 2. april je tako \u010dudovita prilo\u017enost za skupno ve\u010derno branje,&#8221; je sklenila.<\/p>\n<p>Je pa poslanico ob dnevu napisal tudi predsednik Dru\u0161tva Bralna zna\u010dka Slovenije Marko Kravos in v njej pozval: &#8220;Berimo otro\u0161ke knjige, da se bodo zgladile gube na \u010delu starega sveta!&#8221; Kot je Kravos med drugim zapisal, vsa velika literatura rase iz resnic prve otro\u0161ke knjige, ki se napaja in poji ob toku prvinskega \u017eivljenja: &#8220;Od tiso\u010derih zrn soli, tiso\u010derih zrnc cvetnega prahu, iz rojev \u010drk in besed na pisanem papirju. Naj nam bo v veselje: malim in velikim. Dajmo ga z veseljem deliti z drugimi v svoji bli\u017eini.&#8221;<\/p>\n<p>Mednarodna zveza za mladinsko knji\u017eevnost IBBY je sicer 2. april za mednarodni dan knjig za otroke razglasila na mednarodnem kongresu leta 1966 v Ljubljani. Odtlej za ta dan vsaki\u010d druga nacionalna sekcija pripravi plakat in poslanico. Lani je \u010dast pripadla pisatelju Petru Svetini, ki je pri pripravi plakata sodeloval z ilustratorjem Damijanom Stepan\u010di\u010dem. Priljubljena slovenska avtorja sta bila lani nominirana za Andersenovo nagrado, prav tako se zanjo potegujeta v naboru avtorjev in ilustratorjev za leto 2022.<\/p>\n<p>Leta 1968 je sicer poslanico za dan knjig za otroke spisal pisatelj France Bevk, leta 1970 pa pisateljica Ela Peroci. Leta 1997 pa je Slovenska sekcija IBBY pripravila poslanico Otro\u0161tvo je poezija \u017eivljenja. Poezija je otro\u0161tvo sveta, ki jo je napisal pesnik Boris A. Novak, plakat pa je ustvaril Matja\u017e Schmidt.<\/p>\n<p>Ob dnevu ponavadi v Bologni poteka tudi mednarodni sejem otro\u0161kih knjig, ki ponuja vpogled v trende na podro\u010dju otro\u0161ke in mladinske literature. Zaradi epidemije je bila leto\u0161nja 58. izdaja premaknjena na termin med 14. in 17. junijem.<\/p>\n<p>So pa \u017ee v torek naznanili, da je leto\u0161nji prejemnik spominske nagrade Astrid Lindgren (ALMA) francoski avtor Jean-Claude Mourlevat. Iz Slovenije so letos zanjo kandidirali Anja \u0160tefan, Slavko Pregl, Alenka Sottler in Svetlana Makarovi\u010d, pi\u0161e na strani Slovenske sekcije IBBY.<\/p>\n<\/div>\n<\/article>\n<\/div>\n<div id=\"sidebar\"><\/div>\n","protected":false},"excerpt":{"rendered":"<p>Na 2. april, dan, ko se je rodil danski pravlji\u010dar Hans Christian Andersen, po svetu obele\u017eujemo dan knjig za otroke. Mednarodno poslanico je spesnila Margarita Engle, plakat pa je ustvaril Roger Mello. V poslanici z naslovom Glasba besed med drugim pi\u0161e: &#8220;Ko beremo, zrastejo duhu peruti.\/Ko pi\u0161emo, nam zapojejo prsti.&#8221;<\/p>\n","protected":false},"author":1,"featured_media":448803,"comment_status":"closed","ping_status":"closed","sticky":false,"template":"","format":"standard","meta":{"footnotes":""},"categories":[1091],"tags":[18566],"source":[2840,1381,1334],"supertag":[],"acf":[],"yoast_head":"<!-- This site is optimized with the Yoast SEO plugin v21.3 - https:\/\/yoast.com\/wordpress\/plugins\/seo\/ -->\n<title>Danes, na rojstni dan Hansa Christiana Andersena, praznujemo mednarodni dan knjig za otroke: &#8220;Berimo otro\u0161ke knjige, da se bodo zgladile gube na \u010delu starega sveta!&#8221; - Hudo Slovenija<\/title>\n<meta name=\"robots\" content=\"index, follow, max-snippet:-1, max-image-preview:large, max-video-preview:-1\" \/>\n<link rel=\"canonical\" href=\"https:\/\/hudo.com\/si\/lifestyle\/danes-na-rojstni-dan-hansa-christiana-andersena-praznujemo-mednarodni-dan-knjig-za-otroke-berimo-otroske-knjige-da-se-bodo-zgladile-gube-na-celu-starega-sveta\/\" \/>\n<meta property=\"og:locale\" content=\"sl_SI\" \/>\n<meta property=\"og:type\" content=\"article\" \/>\n<meta property=\"og:title\" content=\"Danes, na rojstni dan Hansa Christiana Andersena, praznujemo mednarodni dan knjig za otroke: &#8220;Berimo otro\u0161ke knjige, da se bodo zgladile gube na \u010delu starega sveta!&#8221; - Hudo Slovenija\" \/>\n<meta property=\"og:description\" content=\"Na 2. april, dan, ko se je rodil danski pravlji\u010dar Hans Christian Andersen, po svetu obele\u017eujemo dan knjig za otroke. Mednarodno poslanico je spesnila Margarita Engle, plakat pa je ustvaril Roger Mello. V poslanici z naslovom Glasba besed med drugim pi\u0161e: &quot;Ko beremo, zrastejo duhu peruti.\/Ko pi\u0161emo, nam zapojejo prsti.&quot;\" \/>\n<meta property=\"og:url\" content=\"https:\/\/hudo.com\/si\/lifestyle\/danes-na-rojstni-dan-hansa-christiana-andersena-praznujemo-mednarodni-dan-knjig-za-otroke-berimo-otroske-knjige-da-se-bodo-zgladile-gube-na-celu-starega-sveta\/\" \/>\n<meta property=\"og:site_name\" content=\"Hudo Slovenija\" \/>\n<meta property=\"article:publisher\" content=\"https:\/\/www.facebook.com\/hudo.si\" \/>\n<meta property=\"article:published_time\" content=\"2021-04-02T04:29:36+00:00\" \/>\n<meta property=\"og:image\" content=\"https:\/\/hudo.com\/si\/wp-content\/uploads\/sites\/2\/2021\/04\/profimedia-0070066261.jpg\" \/>\n\t<meta property=\"og:image:width\" content=\"1250\" \/>\n\t<meta property=\"og:image:height\" content=\"883\" \/>\n\t<meta property=\"og:image:type\" content=\"image\/jpeg\" \/>\n<meta name=\"author\" content=\"hudo\" \/>\n<meta name=\"twitter:card\" content=\"summary_large_image\" \/>\n<meta name=\"twitter:creator\" content=\"@hudo_si\" \/>\n<meta name=\"twitter:site\" content=\"@hudo_si\" \/>\n<meta name=\"twitter:label1\" content=\"Written by\" \/>\n\t<meta name=\"twitter:data1\" content=\"hudo\" \/>\n\t<meta name=\"twitter:label2\" content=\"Est. reading time\" \/>\n\t<meta name=\"twitter:data2\" content=\"3 minute\" \/>\n<script type=\"application\/ld+json\" class=\"yoast-schema-graph\">{\"@context\":\"https:\/\/schema.org\",\"@graph\":[{\"@type\":\"Article\",\"@id\":\"https:\/\/hudo.com\/si\/lifestyle\/danes-na-rojstni-dan-hansa-christiana-andersena-praznujemo-mednarodni-dan-knjig-za-otroke-berimo-otroske-knjige-da-se-bodo-zgladile-gube-na-celu-starega-sveta\/#article\",\"isPartOf\":{\"@id\":\"https:\/\/hudo.com\/si\/lifestyle\/danes-na-rojstni-dan-hansa-christiana-andersena-praznujemo-mednarodni-dan-knjig-za-otroke-berimo-otroske-knjige-da-se-bodo-zgladile-gube-na-celu-starega-sveta\/\"},\"author\":{\"name\":\"hudo\",\"@id\":\"https:\/\/hudo.com\/si\/#\/schema\/person\/601cf3379633985b20f7e50f2bb47707\"},\"headline\":\"Danes, na rojstni dan Hansa Christiana Andersena, praznujemo mednarodni dan knjig za otroke: &#8220;Berimo otro\u0161ke knjige, da se bodo zgladile gube na \u010delu starega sveta!&#8221;\",\"datePublished\":\"2021-04-02T04:29:36+00:00\",\"dateModified\":\"2021-04-02T04:29:36+00:00\",\"mainEntityOfPage\":{\"@id\":\"https:\/\/hudo.com\/si\/lifestyle\/danes-na-rojstni-dan-hansa-christiana-andersena-praznujemo-mednarodni-dan-knjig-za-otroke-berimo-otroske-knjige-da-se-bodo-zgladile-gube-na-celu-starega-sveta\/\"},\"wordCount\":626,\"publisher\":{\"@id\":\"https:\/\/hudo.com\/si\/#organization\"},\"keywords\":[\"knjige za otroke\"],\"articleSection\":[\"Lifestyle\"],\"inLanguage\":\"sl-SI\"},{\"@type\":\"WebPage\",\"@id\":\"https:\/\/hudo.com\/si\/lifestyle\/danes-na-rojstni-dan-hansa-christiana-andersena-praznujemo-mednarodni-dan-knjig-za-otroke-berimo-otroske-knjige-da-se-bodo-zgladile-gube-na-celu-starega-sveta\/\",\"url\":\"https:\/\/hudo.com\/si\/lifestyle\/danes-na-rojstni-dan-hansa-christiana-andersena-praznujemo-mednarodni-dan-knjig-za-otroke-berimo-otroske-knjige-da-se-bodo-zgladile-gube-na-celu-starega-sveta\/\",\"name\":\"Danes, na rojstni dan Hansa Christiana Andersena, praznujemo mednarodni dan knjig za otroke: &#8220;Berimo otro\u0161ke knjige, da se bodo zgladile gube na \u010delu starega sveta!&#8221; - Hudo Slovenija\",\"isPartOf\":{\"@id\":\"https:\/\/hudo.com\/si\/#website\"},\"datePublished\":\"2021-04-02T04:29:36+00:00\",\"dateModified\":\"2021-04-02T04:29:36+00:00\",\"breadcrumb\":{\"@id\":\"https:\/\/hudo.com\/si\/lifestyle\/danes-na-rojstni-dan-hansa-christiana-andersena-praznujemo-mednarodni-dan-knjig-za-otroke-berimo-otroske-knjige-da-se-bodo-zgladile-gube-na-celu-starega-sveta\/#breadcrumb\"},\"inLanguage\":\"sl-SI\",\"potentialAction\":[{\"@type\":\"ReadAction\",\"target\":[\"https:\/\/hudo.com\/si\/lifestyle\/danes-na-rojstni-dan-hansa-christiana-andersena-praznujemo-mednarodni-dan-knjig-za-otroke-berimo-otroske-knjige-da-se-bodo-zgladile-gube-na-celu-starega-sveta\/\"]}]},{\"@type\":\"BreadcrumbList\",\"@id\":\"https:\/\/hudo.com\/si\/lifestyle\/danes-na-rojstni-dan-hansa-christiana-andersena-praznujemo-mednarodni-dan-knjig-za-otroke-berimo-otroske-knjige-da-se-bodo-zgladile-gube-na-celu-starega-sveta\/#breadcrumb\",\"itemListElement\":[{\"@type\":\"ListItem\",\"position\":1,\"name\":\"Home\",\"item\":\"https:\/\/hudo.com\/si\/\"},{\"@type\":\"ListItem\",\"position\":2,\"name\":\"Danes, na rojstni dan Hansa Christiana Andersena, praznujemo mednarodni dan knjig za otroke: &#8220;Berimo otro\u0161ke knjige, da se bodo zgladile gube na \u010delu starega sveta!&#8221;\"}]},{\"@type\":\"WebSite\",\"@id\":\"https:\/\/hudo.com\/si\/#website\",\"url\":\"https:\/\/hudo.com\/si\/\",\"name\":\"Hudo Slovenija\",\"description\":\"Vse novice iz Slovenije in sveta\",\"publisher\":{\"@id\":\"https:\/\/hudo.com\/si\/#organization\"},\"potentialAction\":[{\"@type\":\"SearchAction\",\"target\":{\"@type\":\"EntryPoint\",\"urlTemplate\":\"https:\/\/hudo.com\/si\/?s={search_term_string}\"},\"query-input\":\"required name=search_term_string\"}],\"inLanguage\":\"sl-SI\"},{\"@type\":\"Organization\",\"@id\":\"https:\/\/hudo.com\/si\/#organization\",\"name\":\"VSN Media\",\"url\":\"https:\/\/hudo.com\/si\/\",\"logo\":{\"@type\":\"ImageObject\",\"inLanguage\":\"sl-SI\",\"@id\":\"https:\/\/hudo.com\/si\/#\/schema\/logo\/image\/\",\"url\":\"https:\/\/hudo.com\/si\/wp-content\/uploads\/sites\/2\/2021\/03\/hudo-app-2.png\",\"contentUrl\":\"https:\/\/hudo.com\/si\/wp-content\/uploads\/sites\/2\/2021\/03\/hudo-app-2.png\",\"width\":2185,\"height\":2167,\"caption\":\"VSN Media\"},\"image\":{\"@id\":\"https:\/\/hudo.com\/si\/#\/schema\/logo\/image\/\"},\"sameAs\":[\"https:\/\/www.facebook.com\/hudo.si\",\"https:\/\/twitter.com\/hudo_si\"]},{\"@type\":\"Person\",\"@id\":\"https:\/\/hudo.com\/si\/#\/schema\/person\/601cf3379633985b20f7e50f2bb47707\",\"name\":\"hudo\",\"image\":{\"@type\":\"ImageObject\",\"inLanguage\":\"sl-SI\",\"@id\":\"https:\/\/hudo.com\/si\/#\/schema\/person\/image\/\",\"url\":\"https:\/\/secure.gravatar.com\/avatar\/c4ca25fa72cace7a696b52ff5db9e095?s=96&d=mm&r=g\",\"contentUrl\":\"https:\/\/secure.gravatar.com\/avatar\/c4ca25fa72cace7a696b52ff5db9e095?s=96&d=mm&r=g\",\"caption\":\"hudo\"},\"url\":\"https:\/\/hudo.com\/si\/author\/hudo\/\"}]}<\/script>\n<!-- \/ Yoast SEO plugin. -->","yoast_head_json":{"title":"Danes, na rojstni dan Hansa Christiana Andersena, praznujemo mednarodni dan knjig za otroke: &#8220;Berimo otro\u0161ke knjige, da se bodo zgladile gube na \u010delu starega sveta!&#8221; - Hudo Slovenija","robots":{"index":"index","follow":"follow","max-snippet":"max-snippet:-1","max-image-preview":"max-image-preview:large","max-video-preview":"max-video-preview:-1"},"canonical":"https:\/\/hudo.com\/si\/lifestyle\/danes-na-rojstni-dan-hansa-christiana-andersena-praznujemo-mednarodni-dan-knjig-za-otroke-berimo-otroske-knjige-da-se-bodo-zgladile-gube-na-celu-starega-sveta\/","og_locale":"sl_SI","og_type":"article","og_title":"Danes, na rojstni dan Hansa Christiana Andersena, praznujemo mednarodni dan knjig za otroke: &#8220;Berimo otro\u0161ke knjige, da se bodo zgladile gube na \u010delu starega sveta!&#8221; - Hudo Slovenija","og_description":"Na 2. april, dan, ko se je rodil danski pravlji\u010dar Hans Christian Andersen, po svetu obele\u017eujemo dan knjig za otroke. Mednarodno poslanico je spesnila Margarita Engle, plakat pa je ustvaril Roger Mello. V poslanici z naslovom Glasba besed med drugim pi\u0161e: \"Ko beremo, zrastejo duhu peruti.\/Ko pi\u0161emo, nam zapojejo prsti.\"","og_url":"https:\/\/hudo.com\/si\/lifestyle\/danes-na-rojstni-dan-hansa-christiana-andersena-praznujemo-mednarodni-dan-knjig-za-otroke-berimo-otroske-knjige-da-se-bodo-zgladile-gube-na-celu-starega-sveta\/","og_site_name":"Hudo Slovenija","article_publisher":"https:\/\/www.facebook.com\/hudo.si","article_published_time":"2021-04-02T04:29:36+00:00","og_image":[{"width":1250,"height":883,"url":"https:\/\/hudo.com\/si\/wp-content\/uploads\/sites\/2\/2021\/04\/profimedia-0070066261.jpg","type":"image\/jpeg"}],"author":"hudo","twitter_card":"summary_large_image","twitter_creator":"@hudo_si","twitter_site":"@hudo_si","twitter_misc":{"Written by":"hudo","Est. reading time":"3 minute"},"schema":{"@context":"https:\/\/schema.org","@graph":[{"@type":"Article","@id":"https:\/\/hudo.com\/si\/lifestyle\/danes-na-rojstni-dan-hansa-christiana-andersena-praznujemo-mednarodni-dan-knjig-za-otroke-berimo-otroske-knjige-da-se-bodo-zgladile-gube-na-celu-starega-sveta\/#article","isPartOf":{"@id":"https:\/\/hudo.com\/si\/lifestyle\/danes-na-rojstni-dan-hansa-christiana-andersena-praznujemo-mednarodni-dan-knjig-za-otroke-berimo-otroske-knjige-da-se-bodo-zgladile-gube-na-celu-starega-sveta\/"},"author":{"name":"hudo","@id":"https:\/\/hudo.com\/si\/#\/schema\/person\/601cf3379633985b20f7e50f2bb47707"},"headline":"Danes, na rojstni dan Hansa Christiana Andersena, praznujemo mednarodni dan knjig za otroke: &#8220;Berimo otro\u0161ke knjige, da se bodo zgladile gube na \u010delu starega sveta!&#8221;","datePublished":"2021-04-02T04:29:36+00:00","dateModified":"2021-04-02T04:29:36+00:00","mainEntityOfPage":{"@id":"https:\/\/hudo.com\/si\/lifestyle\/danes-na-rojstni-dan-hansa-christiana-andersena-praznujemo-mednarodni-dan-knjig-za-otroke-berimo-otroske-knjige-da-se-bodo-zgladile-gube-na-celu-starega-sveta\/"},"wordCount":626,"publisher":{"@id":"https:\/\/hudo.com\/si\/#organization"},"keywords":["knjige za otroke"],"articleSection":["Lifestyle"],"inLanguage":"sl-SI"},{"@type":"WebPage","@id":"https:\/\/hudo.com\/si\/lifestyle\/danes-na-rojstni-dan-hansa-christiana-andersena-praznujemo-mednarodni-dan-knjig-za-otroke-berimo-otroske-knjige-da-se-bodo-zgladile-gube-na-celu-starega-sveta\/","url":"https:\/\/hudo.com\/si\/lifestyle\/danes-na-rojstni-dan-hansa-christiana-andersena-praznujemo-mednarodni-dan-knjig-za-otroke-berimo-otroske-knjige-da-se-bodo-zgladile-gube-na-celu-starega-sveta\/","name":"Danes, na rojstni dan Hansa Christiana Andersena, praznujemo mednarodni dan knjig za otroke: &#8220;Berimo otro\u0161ke knjige, da se bodo zgladile gube na \u010delu starega sveta!&#8221; - Hudo Slovenija","isPartOf":{"@id":"https:\/\/hudo.com\/si\/#website"},"datePublished":"2021-04-02T04:29:36+00:00","dateModified":"2021-04-02T04:29:36+00:00","breadcrumb":{"@id":"https:\/\/hudo.com\/si\/lifestyle\/danes-na-rojstni-dan-hansa-christiana-andersena-praznujemo-mednarodni-dan-knjig-za-otroke-berimo-otroske-knjige-da-se-bodo-zgladile-gube-na-celu-starega-sveta\/#breadcrumb"},"inLanguage":"sl-SI","potentialAction":[{"@type":"ReadAction","target":["https:\/\/hudo.com\/si\/lifestyle\/danes-na-rojstni-dan-hansa-christiana-andersena-praznujemo-mednarodni-dan-knjig-za-otroke-berimo-otroske-knjige-da-se-bodo-zgladile-gube-na-celu-starega-sveta\/"]}]},{"@type":"BreadcrumbList","@id":"https:\/\/hudo.com\/si\/lifestyle\/danes-na-rojstni-dan-hansa-christiana-andersena-praznujemo-mednarodni-dan-knjig-za-otroke-berimo-otroske-knjige-da-se-bodo-zgladile-gube-na-celu-starega-sveta\/#breadcrumb","itemListElement":[{"@type":"ListItem","position":1,"name":"Home","item":"https:\/\/hudo.com\/si\/"},{"@type":"ListItem","position":2,"name":"Danes, na rojstni dan Hansa Christiana Andersena, praznujemo mednarodni dan knjig za otroke: &#8220;Berimo otro\u0161ke knjige, da se bodo zgladile gube na \u010delu starega sveta!&#8221;"}]},{"@type":"WebSite","@id":"https:\/\/hudo.com\/si\/#website","url":"https:\/\/hudo.com\/si\/","name":"Hudo Slovenija","description":"Vse novice iz Slovenije in sveta","publisher":{"@id":"https:\/\/hudo.com\/si\/#organization"},"potentialAction":[{"@type":"SearchAction","target":{"@type":"EntryPoint","urlTemplate":"https:\/\/hudo.com\/si\/?s={search_term_string}"},"query-input":"required name=search_term_string"}],"inLanguage":"sl-SI"},{"@type":"Organization","@id":"https:\/\/hudo.com\/si\/#organization","name":"VSN Media","url":"https:\/\/hudo.com\/si\/","logo":{"@type":"ImageObject","inLanguage":"sl-SI","@id":"https:\/\/hudo.com\/si\/#\/schema\/logo\/image\/","url":"https:\/\/hudo.com\/si\/wp-content\/uploads\/sites\/2\/2021\/03\/hudo-app-2.png","contentUrl":"https:\/\/hudo.com\/si\/wp-content\/uploads\/sites\/2\/2021\/03\/hudo-app-2.png","width":2185,"height":2167,"caption":"VSN Media"},"image":{"@id":"https:\/\/hudo.com\/si\/#\/schema\/logo\/image\/"},"sameAs":["https:\/\/www.facebook.com\/hudo.si","https:\/\/twitter.com\/hudo_si"]},{"@type":"Person","@id":"https:\/\/hudo.com\/si\/#\/schema\/person\/601cf3379633985b20f7e50f2bb47707","name":"hudo","image":{"@type":"ImageObject","inLanguage":"sl-SI","@id":"https:\/\/hudo.com\/si\/#\/schema\/person\/image\/","url":"https:\/\/secure.gravatar.com\/avatar\/c4ca25fa72cace7a696b52ff5db9e095?s=96&d=mm&r=g","contentUrl":"https:\/\/secure.gravatar.com\/avatar\/c4ca25fa72cace7a696b52ff5db9e095?s=96&d=mm&r=g","caption":"hudo"},"url":"https:\/\/hudo.com\/si\/author\/hudo\/"}]}},"amp_enabled":true,"_links":{"self":[{"href":"https:\/\/hudo.com\/si\/wp-json\/wp\/v2\/posts\/448802"}],"collection":[{"href":"https:\/\/hudo.com\/si\/wp-json\/wp\/v2\/posts"}],"about":[{"href":"https:\/\/hudo.com\/si\/wp-json\/wp\/v2\/types\/post"}],"author":[{"embeddable":true,"href":"https:\/\/hudo.com\/si\/wp-json\/wp\/v2\/users\/1"}],"replies":[{"embeddable":true,"href":"https:\/\/hudo.com\/si\/wp-json\/wp\/v2\/comments?post=448802"}],"version-history":[{"count":0,"href":"https:\/\/hudo.com\/si\/wp-json\/wp\/v2\/posts\/448802\/revisions"}],"wp:featuredmedia":[{"embeddable":true,"href":"https:\/\/hudo.com\/si\/wp-json\/wp\/v2\/media\/448803"}],"wp:attachment":[{"href":"https:\/\/hudo.com\/si\/wp-json\/wp\/v2\/media?parent=448802"}],"wp:term":[{"taxonomy":"category","embeddable":true,"href":"https:\/\/hudo.com\/si\/wp-json\/wp\/v2\/categories?post=448802"},{"taxonomy":"post_tag","embeddable":true,"href":"https:\/\/hudo.com\/si\/wp-json\/wp\/v2\/tags?post=448802"},{"taxonomy":"source","embeddable":true,"href":"https:\/\/hudo.com\/si\/wp-json\/wp\/v2\/source?post=448802"},{"taxonomy":"supertag","embeddable":true,"href":"https:\/\/hudo.com\/si\/wp-json\/wp\/v2\/supertag?post=448802"}],"curies":[{"name":"wp","href":"https:\/\/api.w.org\/{rel}","templated":true}]}}