{"id":448859,"date":"2021-04-03T08:45:53","date_gmt":"2021-04-03T06:45:53","guid":{"rendered":"https:\/\/hudo.com\/si\/?p=448859"},"modified":"2021-04-03T08:45:53","modified_gmt":"2021-04-03T06:45:53","slug":"v-napadu-na-ameriski-kongres-umrla-25-letni-napadalec-in-policist","status":"publish","type":"post","link":"https:\/\/hudo.com\/si\/aktualno\/svet\/v-napadu-na-ameriski-kongres-umrla-25-letni-napadalec-in-policist\/","title":{"rendered":"V napadu na ameri\u0161ki kongres umrla 25-letni napadalec in policist"},"content":{"rendered":"<p>To je bil \u017ee drugi odmeven napad na ameri\u0161ki kongres po 6. januarju, ko so stavbo napadli podporniki biv\u0161ega predsednika ZDA Donalda Trumpa, ki se niso sprijaznili z njegovim porazom na demokrati\u010dnih volitvah.<\/p>\n<p>Med napadom 6. januarja, ko je bil med petimi smrtnimi \u017ertvami prav tako kongresni policist, so prevladovali desni skrajne\u017ei, tokrat pa je napadel temnopolti 25-letnik, ki je na svojem Facebooku izra\u017eal podporo organizaciji Islamska nacija. To vodi radikalni temnopolti politik Louis Farrakhan.<\/p>\n<p>&#8220;Prosim vas, da \u0161e naprej molite za kongresne policiste in njihove dru\u017eine,&#8221; je na novinarski konferenci po napadu dejala vr\u0161ilka dol\u017enosti \u0161efa kongresne policije Yogananda Pittman in dodala, da so to te\u017eki \u010dasi zanje.<\/p>\n<p>Green je ranil dva policista, umrl pa je veteran kongresne policije Billy Evans. Po kraj\u0161i preiskavi in zaprtju kongresnega gri\u010da je postalo jasno, da je \u0161lo za omejeno dejanje posameznika. Preiskava sicer \u0161e traja.<\/p>\n<p>Predsednik Joe Biden je ukazal spustiti zastave pred Belo hi\u0161o na pol droga in izrazil so\u017ealje Evansovi dru\u017eini. So\u017ealje so izrekli tudi podpredsednica ZDA Kamala Harris in \u0161tevilni \u010dlani zveznega kongresa, ki so policistom izrazili hvale\u017enost za za\u0161\u010dito.<\/p>\n<p>Evans je sedmi kongresni policist, ki je umrl med opravljanjem dol\u017enosti v zgodovini kongresne policije. Motiv za petkov napad na kongres za zdaj \u0161e ni pojasnjen.<\/p>\n","protected":false},"excerpt":{"rendered":"<p>V petkovem napadu na ameri\u0161ki kongres sta umrla kongresni policist Billy Evans in napadalec, 25-letni Noah Green iz Indiane, ki so ga smrtno ranili kongresni policisti, potem ko je z no\u017eem v roki izstopil iz avtomobila, s katerim je povozil dva kongresna policista in tre\u0161\u010dil v varnostno oviro.<\/p>\n","protected":false},"author":5,"featured_media":448860,"comment_status":"closed","ping_status":"closed","sticky":false,"template":"","format":"standard","meta":{"footnotes":""},"categories":[18202],"tags":[7797,3645],"source":[4511],"supertag":[],"acf":[],"yoast_head":"<!-- This site is optimized with the Yoast SEO plugin v21.3 - https:\/\/yoast.com\/wordpress\/plugins\/seo\/ -->\n<title>V napadu na ameri\u0161ki kongres umrla 25-letni napadalec in policist - Hudo Slovenija<\/title>\n<meta name=\"robots\" content=\"index, follow, max-snippet:-1, max-image-preview:large, max-video-preview:-1\" \/>\n<link rel=\"canonical\" href=\"https:\/\/hudo.com\/si\/aktualno\/svet\/v-napadu-na-ameriski-kongres-umrla-25-letni-napadalec-in-policist\/\" \/>\n<meta property=\"og:locale\" content=\"sl_SI\" \/>\n<meta property=\"og:type\" content=\"article\" \/>\n<meta property=\"og:title\" content=\"V napadu na ameri\u0161ki kongres umrla 25-letni napadalec in policist - Hudo Slovenija\" \/>\n<meta property=\"og:description\" content=\"V petkovem napadu na ameri\u0161ki kongres sta umrla kongresni policist Billy Evans in napadalec, 25-letni Noah Green iz Indiane, ki so ga smrtno ranili kongresni policisti, potem ko je z no\u017eem v roki izstopil iz avtomobila, s katerim je povozil dva kongresna policista in tre\u0161\u010dil v varnostno oviro.\" \/>\n<meta property=\"og:url\" content=\"https:\/\/hudo.com\/si\/aktualno\/svet\/v-napadu-na-ameriski-kongres-umrla-25-letni-napadalec-in-policist\/\" \/>\n<meta property=\"og:site_name\" content=\"Hudo Slovenija\" \/>\n<meta property=\"article:publisher\" content=\"https:\/\/www.facebook.com\/hudo.si\" \/>\n<meta property=\"article:published_time\" content=\"2021-04-03T06:45:53+00:00\" \/>\n<meta property=\"og:image\" content=\"https:\/\/hudo.com\/si\/wp-content\/uploads\/sites\/2\/2021\/04\/profimedia-0603077681.jpg\" \/>\n\t<meta property=\"og:image:width\" content=\"1219\" \/>\n\t<meta property=\"og:image:height\" content=\"1024\" \/>\n\t<meta property=\"og:image:type\" content=\"image\/jpeg\" \/>\n<meta name=\"author\" content=\"A. G., STA\" \/>\n<meta name=\"twitter:card\" content=\"summary_large_image\" \/>\n<meta name=\"twitter:creator\" content=\"@hudo_si\" \/>\n<meta name=\"twitter:site\" content=\"@hudo_si\" \/>\n<meta name=\"twitter:label1\" content=\"Written by\" \/>\n\t<meta name=\"twitter:data1\" content=\"A. G., STA\" \/>\n\t<meta name=\"twitter:label2\" content=\"Est. reading time\" \/>\n\t<meta name=\"twitter:data2\" content=\"1 minuta\" \/>\n<script type=\"application\/ld+json\" class=\"yoast-schema-graph\">{\"@context\":\"https:\/\/schema.org\",\"@graph\":[{\"@type\":\"Article\",\"@id\":\"https:\/\/hudo.com\/si\/aktualno\/svet\/v-napadu-na-ameriski-kongres-umrla-25-letni-napadalec-in-policist\/#article\",\"isPartOf\":{\"@id\":\"https:\/\/hudo.com\/si\/aktualno\/svet\/v-napadu-na-ameriski-kongres-umrla-25-letni-napadalec-in-policist\/\"},\"author\":{\"name\":\"A. G., STA\",\"@id\":\"https:\/\/hudo.com\/si\/#\/schema\/person\/2391667a63ea075ba94f2f2dc6b77537\"},\"headline\":\"V napadu na ameri\u0161ki kongres umrla 25-letni napadalec in policist\",\"datePublished\":\"2021-04-03T06:45:53+00:00\",\"dateModified\":\"2021-04-03T06:45:53+00:00\",\"mainEntityOfPage\":{\"@id\":\"https:\/\/hudo.com\/si\/aktualno\/svet\/v-napadu-na-ameriski-kongres-umrla-25-letni-napadalec-in-policist\/\"},\"wordCount\":234,\"publisher\":{\"@id\":\"https:\/\/hudo.com\/si\/#organization\"},\"keywords\":[\"ameri\u0161ki kongres\",\"napad\"],\"articleSection\":[\"Svet\"],\"inLanguage\":\"sl-SI\"},{\"@type\":\"WebPage\",\"@id\":\"https:\/\/hudo.com\/si\/aktualno\/svet\/v-napadu-na-ameriski-kongres-umrla-25-letni-napadalec-in-policist\/\",\"url\":\"https:\/\/hudo.com\/si\/aktualno\/svet\/v-napadu-na-ameriski-kongres-umrla-25-letni-napadalec-in-policist\/\",\"name\":\"V napadu na ameri\u0161ki kongres umrla 25-letni napadalec in policist - Hudo Slovenija\",\"isPartOf\":{\"@id\":\"https:\/\/hudo.com\/si\/#website\"},\"datePublished\":\"2021-04-03T06:45:53+00:00\",\"dateModified\":\"2021-04-03T06:45:53+00:00\",\"breadcrumb\":{\"@id\":\"https:\/\/hudo.com\/si\/aktualno\/svet\/v-napadu-na-ameriski-kongres-umrla-25-letni-napadalec-in-policist\/#breadcrumb\"},\"inLanguage\":\"sl-SI\",\"potentialAction\":[{\"@type\":\"ReadAction\",\"target\":[\"https:\/\/hudo.com\/si\/aktualno\/svet\/v-napadu-na-ameriski-kongres-umrla-25-letni-napadalec-in-policist\/\"]}]},{\"@type\":\"BreadcrumbList\",\"@id\":\"https:\/\/hudo.com\/si\/aktualno\/svet\/v-napadu-na-ameriski-kongres-umrla-25-letni-napadalec-in-policist\/#breadcrumb\",\"itemListElement\":[{\"@type\":\"ListItem\",\"position\":1,\"name\":\"Home\",\"item\":\"https:\/\/hudo.com\/si\/\"},{\"@type\":\"ListItem\",\"position\":2,\"name\":\"V napadu na ameri\u0161ki kongres umrla 25-letni napadalec in policist\"}]},{\"@type\":\"WebSite\",\"@id\":\"https:\/\/hudo.com\/si\/#website\",\"url\":\"https:\/\/hudo.com\/si\/\",\"name\":\"Hudo Slovenija\",\"description\":\"Vse novice iz Slovenije in sveta\",\"publisher\":{\"@id\":\"https:\/\/hudo.com\/si\/#organization\"},\"potentialAction\":[{\"@type\":\"SearchAction\",\"target\":{\"@type\":\"EntryPoint\",\"urlTemplate\":\"https:\/\/hudo.com\/si\/?s={search_term_string}\"},\"query-input\":\"required name=search_term_string\"}],\"inLanguage\":\"sl-SI\"},{\"@type\":\"Organization\",\"@id\":\"https:\/\/hudo.com\/si\/#organization\",\"name\":\"VSN Media\",\"url\":\"https:\/\/hudo.com\/si\/\",\"logo\":{\"@type\":\"ImageObject\",\"inLanguage\":\"sl-SI\",\"@id\":\"https:\/\/hudo.com\/si\/#\/schema\/logo\/image\/\",\"url\":\"https:\/\/hudo.com\/si\/wp-content\/uploads\/sites\/2\/2021\/03\/hudo-app-2.png\",\"contentUrl\":\"https:\/\/hudo.com\/si\/wp-content\/uploads\/sites\/2\/2021\/03\/hudo-app-2.png\",\"width\":2185,\"height\":2167,\"caption\":\"VSN Media\"},\"image\":{\"@id\":\"https:\/\/hudo.com\/si\/#\/schema\/logo\/image\/\"},\"sameAs\":[\"https:\/\/www.facebook.com\/hudo.si\",\"https:\/\/twitter.com\/hudo_si\"]},{\"@type\":\"Person\",\"@id\":\"https:\/\/hudo.com\/si\/#\/schema\/person\/2391667a63ea075ba94f2f2dc6b77537\",\"name\":\"A. G., STA\",\"image\":{\"@type\":\"ImageObject\",\"inLanguage\":\"sl-SI\",\"@id\":\"https:\/\/hudo.com\/si\/#\/schema\/person\/image\/\",\"url\":\"https:\/\/secure.gravatar.com\/avatar\/e13d22ac3e442658d5025fbbe6238a79?s=96&d=mm&r=g\",\"contentUrl\":\"https:\/\/secure.gravatar.com\/avatar\/e13d22ac3e442658d5025fbbe6238a79?s=96&d=mm&r=g\",\"caption\":\"A. G., STA\"},\"url\":\"https:\/\/hudo.com\/si\/author\/alenka\/\"}]}<\/script>\n<!-- \/ Yoast SEO plugin. -->","yoast_head_json":{"title":"V napadu na ameri\u0161ki kongres umrla 25-letni napadalec in policist - Hudo Slovenija","robots":{"index":"index","follow":"follow","max-snippet":"max-snippet:-1","max-image-preview":"max-image-preview:large","max-video-preview":"max-video-preview:-1"},"canonical":"https:\/\/hudo.com\/si\/aktualno\/svet\/v-napadu-na-ameriski-kongres-umrla-25-letni-napadalec-in-policist\/","og_locale":"sl_SI","og_type":"article","og_title":"V napadu na ameri\u0161ki kongres umrla 25-letni napadalec in policist - Hudo Slovenija","og_description":"V petkovem napadu na ameri\u0161ki kongres sta umrla kongresni policist Billy Evans in napadalec, 25-letni Noah Green iz Indiane, ki so ga smrtno ranili kongresni policisti, potem ko je z no\u017eem v roki izstopil iz avtomobila, s katerim je povozil dva kongresna policista in tre\u0161\u010dil v varnostno oviro.","og_url":"https:\/\/hudo.com\/si\/aktualno\/svet\/v-napadu-na-ameriski-kongres-umrla-25-letni-napadalec-in-policist\/","og_site_name":"Hudo Slovenija","article_publisher":"https:\/\/www.facebook.com\/hudo.si","article_published_time":"2021-04-03T06:45:53+00:00","og_image":[{"width":1219,"height":1024,"url":"https:\/\/hudo.com\/si\/wp-content\/uploads\/sites\/2\/2021\/04\/profimedia-0603077681.jpg","type":"image\/jpeg"}],"author":"A. G., STA","twitter_card":"summary_large_image","twitter_creator":"@hudo_si","twitter_site":"@hudo_si","twitter_misc":{"Written by":"A. G., STA","Est. reading time":"1 minuta"},"schema":{"@context":"https:\/\/schema.org","@graph":[{"@type":"Article","@id":"https:\/\/hudo.com\/si\/aktualno\/svet\/v-napadu-na-ameriski-kongres-umrla-25-letni-napadalec-in-policist\/#article","isPartOf":{"@id":"https:\/\/hudo.com\/si\/aktualno\/svet\/v-napadu-na-ameriski-kongres-umrla-25-letni-napadalec-in-policist\/"},"author":{"name":"A. G., STA","@id":"https:\/\/hudo.com\/si\/#\/schema\/person\/2391667a63ea075ba94f2f2dc6b77537"},"headline":"V napadu na ameri\u0161ki kongres umrla 25-letni napadalec in policist","datePublished":"2021-04-03T06:45:53+00:00","dateModified":"2021-04-03T06:45:53+00:00","mainEntityOfPage":{"@id":"https:\/\/hudo.com\/si\/aktualno\/svet\/v-napadu-na-ameriski-kongres-umrla-25-letni-napadalec-in-policist\/"},"wordCount":234,"publisher":{"@id":"https:\/\/hudo.com\/si\/#organization"},"keywords":["ameri\u0161ki kongres","napad"],"articleSection":["Svet"],"inLanguage":"sl-SI"},{"@type":"WebPage","@id":"https:\/\/hudo.com\/si\/aktualno\/svet\/v-napadu-na-ameriski-kongres-umrla-25-letni-napadalec-in-policist\/","url":"https:\/\/hudo.com\/si\/aktualno\/svet\/v-napadu-na-ameriski-kongres-umrla-25-letni-napadalec-in-policist\/","name":"V napadu na ameri\u0161ki kongres umrla 25-letni napadalec in policist - Hudo Slovenija","isPartOf":{"@id":"https:\/\/hudo.com\/si\/#website"},"datePublished":"2021-04-03T06:45:53+00:00","dateModified":"2021-04-03T06:45:53+00:00","breadcrumb":{"@id":"https:\/\/hudo.com\/si\/aktualno\/svet\/v-napadu-na-ameriski-kongres-umrla-25-letni-napadalec-in-policist\/#breadcrumb"},"inLanguage":"sl-SI","potentialAction":[{"@type":"ReadAction","target":["https:\/\/hudo.com\/si\/aktualno\/svet\/v-napadu-na-ameriski-kongres-umrla-25-letni-napadalec-in-policist\/"]}]},{"@type":"BreadcrumbList","@id":"https:\/\/hudo.com\/si\/aktualno\/svet\/v-napadu-na-ameriski-kongres-umrla-25-letni-napadalec-in-policist\/#breadcrumb","itemListElement":[{"@type":"ListItem","position":1,"name":"Home","item":"https:\/\/hudo.com\/si\/"},{"@type":"ListItem","position":2,"name":"V napadu na ameri\u0161ki kongres umrla 25-letni napadalec in policist"}]},{"@type":"WebSite","@id":"https:\/\/hudo.com\/si\/#website","url":"https:\/\/hudo.com\/si\/","name":"Hudo Slovenija","description":"Vse novice iz Slovenije in sveta","publisher":{"@id":"https:\/\/hudo.com\/si\/#organization"},"potentialAction":[{"@type":"SearchAction","target":{"@type":"EntryPoint","urlTemplate":"https:\/\/hudo.com\/si\/?s={search_term_string}"},"query-input":"required name=search_term_string"}],"inLanguage":"sl-SI"},{"@type":"Organization","@id":"https:\/\/hudo.com\/si\/#organization","name":"VSN Media","url":"https:\/\/hudo.com\/si\/","logo":{"@type":"ImageObject","inLanguage":"sl-SI","@id":"https:\/\/hudo.com\/si\/#\/schema\/logo\/image\/","url":"https:\/\/hudo.com\/si\/wp-content\/uploads\/sites\/2\/2021\/03\/hudo-app-2.png","contentUrl":"https:\/\/hudo.com\/si\/wp-content\/uploads\/sites\/2\/2021\/03\/hudo-app-2.png","width":2185,"height":2167,"caption":"VSN Media"},"image":{"@id":"https:\/\/hudo.com\/si\/#\/schema\/logo\/image\/"},"sameAs":["https:\/\/www.facebook.com\/hudo.si","https:\/\/twitter.com\/hudo_si"]},{"@type":"Person","@id":"https:\/\/hudo.com\/si\/#\/schema\/person\/2391667a63ea075ba94f2f2dc6b77537","name":"A. G., STA","image":{"@type":"ImageObject","inLanguage":"sl-SI","@id":"https:\/\/hudo.com\/si\/#\/schema\/person\/image\/","url":"https:\/\/secure.gravatar.com\/avatar\/e13d22ac3e442658d5025fbbe6238a79?s=96&d=mm&r=g","contentUrl":"https:\/\/secure.gravatar.com\/avatar\/e13d22ac3e442658d5025fbbe6238a79?s=96&d=mm&r=g","caption":"A. G., STA"},"url":"https:\/\/hudo.com\/si\/author\/alenka\/"}]}},"amp_enabled":true,"_links":{"self":[{"href":"https:\/\/hudo.com\/si\/wp-json\/wp\/v2\/posts\/448859"}],"collection":[{"href":"https:\/\/hudo.com\/si\/wp-json\/wp\/v2\/posts"}],"about":[{"href":"https:\/\/hudo.com\/si\/wp-json\/wp\/v2\/types\/post"}],"author":[{"embeddable":true,"href":"https:\/\/hudo.com\/si\/wp-json\/wp\/v2\/users\/5"}],"replies":[{"embeddable":true,"href":"https:\/\/hudo.com\/si\/wp-json\/wp\/v2\/comments?post=448859"}],"version-history":[{"count":1,"href":"https:\/\/hudo.com\/si\/wp-json\/wp\/v2\/posts\/448859\/revisions"}],"predecessor-version":[{"id":448861,"href":"https:\/\/hudo.com\/si\/wp-json\/wp\/v2\/posts\/448859\/revisions\/448861"}],"wp:featuredmedia":[{"embeddable":true,"href":"https:\/\/hudo.com\/si\/wp-json\/wp\/v2\/media\/448860"}],"wp:attachment":[{"href":"https:\/\/hudo.com\/si\/wp-json\/wp\/v2\/media?parent=448859"}],"wp:term":[{"taxonomy":"category","embeddable":true,"href":"https:\/\/hudo.com\/si\/wp-json\/wp\/v2\/categories?post=448859"},{"taxonomy":"post_tag","embeddable":true,"href":"https:\/\/hudo.com\/si\/wp-json\/wp\/v2\/tags?post=448859"},{"taxonomy":"source","embeddable":true,"href":"https:\/\/hudo.com\/si\/wp-json\/wp\/v2\/source?post=448859"},{"taxonomy":"supertag","embeddable":true,"href":"https:\/\/hudo.com\/si\/wp-json\/wp\/v2\/supertag?post=448859"}],"curies":[{"name":"wp","href":"https:\/\/api.w.org\/{rel}","templated":true}]}}