{"id":449029,"date":"2021-04-06T11:55:45","date_gmt":"2021-04-06T09:55:45","guid":{"rendered":"https:\/\/hudo.com\/si\/2021\/04\/06\/ce-ste-ga-slucajno-zamudili-priporocamo-se-do-nedelje-mozen-spletni-ogled-zmagovalnega-filma-puncka-letosnjega-festivala-dokumentarnega-filma\/"},"modified":"2021-04-06T11:55:45","modified_gmt":"2021-04-06T09:55:45","slug":"ce-ste-ga-slucajno-zamudili-priporocamo-se-do-nedelje-mozen-spletni-ogled-zmagovalnega-filma-puncka-letosnjega-festivala-dokumentarnega-filma","status":"publish","type":"post","link":"https:\/\/hudo.com\/si\/lifestyle\/ce-ste-ga-slucajno-zamudili-priporocamo-se-do-nedelje-mozen-spletni-ogled-zmagovalnega-filma-puncka-letosnjega-festivala-dokumentarnega-filma\/","title":{"rendered":"\u010ce ste ga slu\u010dajno zamudili, priporo\u010damo! \u0160e do nedelje mo\u017een spletni ogled zmagovalnega filma Pun\u010dka leto\u0161njega Festivala dokumentarnega filma"},"content":{"rendered":"<figure>\n\t\t\t\t\t<img loading=\"lazy\" decoding=\"async\" width=\"660\" height=\"320\" src=\"image\/gif;base64,R0lGODlhAQABAAAAACH5BAEKAAEALAAAAAABAAEAAAICTAEAOw==\" class=\"lazyload\" data-src=\"https:\/\/zenska.hudo.com\/files\/2021\/04\/unnamed-320x155.jpg\" data-srcset=\"https:\/\/zenska.hudo.com\/files\/2021\/04\/unnamed-660x320.jpg 660w,https:\/\/zenska.hudo.com\/files\/2021\/04\/unnamed-320x155.jpg 330w\" \/><figcaption>Foto: FDF<\/figcaption><\/figure>\n<p>Francosko-danska koprodukcija je \u017eirijo 23. FDF o\u010darala z mo\u010dno sporo\u010dilnostjo. Kot pi\u0161e v obrazlo\u017eitvi nagrade Amnesty International Slovenije, film z odli\u010dno fotografijo &#8220;naslika zelo ganljiv portret deklice, ki jo z vso ob\u010dutljivostjo kamere opazuje v otro\u0161kih igrah, ki se jih igra, in med plesnimi te\u010daji, obenem pa daje besedo njeni mami, ki po\u010dasi razkriva vsakodnevno resni\u010dnost, ki je povezana s tem, ali ima njen otrok pravico biti sre\u010den ali ne&#8221;.<\/p>\n<p>Dru\u017eina se je odlo\u010dila, da bo deklico vzgajala, kot sama \u010duti. \u010ceprav je mati sprva mislila, da je pripomogla k temu, da se Sasha po\u010duti kot dekle, ker si je med nose\u010dnostjo gore\u010de \u017eelela h\u010dere, je specialistka, ki je deklico nato tudi spremljala, odlo\u010dno zavrnila njen strah. Pojasnila ji je, da se neskladju biolo\u0161kega spola in dru\u017ebenega spola, dodeljenih ob rojstvu, strokovno re\u010de disforija spola. Ker pa je dru\u017eina iz majhnega francoskega kraja, je morala deklica prakti\u010dno \u017eiveti dvojno \u017eivljenje in se je Sasha v javnosti predstavljala kot fantek.<\/p>\n<p>V njej je to proizvajalo vse ve\u010dji razkol, \u0161e posebej zato, ker je za svojo niso sprejeli vrstniki, fantje ne, ker je bila preve\u010d dekli\u0161ka, deklice pa, ker je bila pa\u010d fant. Posebej pretresljiv je prizor prvega pogovora s specialistko, ko osemletna Sasha ne more ve\u010d zadr\u017eevati svoje bole\u010dine in razo\u010daranja nad okolico, ki je nima rada tak\u0161ne, kot je.<\/p>\n<figure class=\"wp-caption video\" style=\"height:0;padding-top:56.212121212121%\"><\/figure>\n<p>Lifshitz je ob premieri filma v sekciji Panorama priznanega berlinskega filmskega festivala v pogovoru za Cineuropa dejal, da so imeli med snemanjem najve\u010d te\u017eav s \u0161olo, ki jo je Sasha obiskovala. S kamero v \u0161olsko poslopje niso smeli vstopiti, predstavniki \u0161ole pa so star\u0161e celo nagovarjali, naj opustijo snemanje dokumentarca. Po besedah re\u017eiserja je ta boj z institucijo filmu doprinesel zanimiv vidik: &#8220;\u0160ola je postala najve\u010dji sovra\u017enik dru\u017eine. Je kot visok, neprebojen zid in simbol zavrnitve.&#8221;<\/p>\n<p>Lifshitz je Sasho ozna\u010dil za sodobno filmsko junakinjo. Spomnil je, da je nastalo \u017ee veliko kvir filmov, redki pa so tak\u0161ni, ki v ospredje postavljajo transspolnega otroka. &#8220;Ljudje temo nagonsko povezujejo s spolom in spolnostjo, kar sploh ni bistveno. Govora je o identiteti in o razkolu, ki je od vselej prisoten. O tem sem \u017eelel spregovoriti. (&#8230;) O ljudeh, ki ne ustrezajo normam, oziroma so druga\u010dni,&#8221; je re\u017eiser \u0161e pojasnil za Cineuropa.<\/p>\n<p>Takoj po koncu FDF je bil film proti pla\u010dilu dostopen preko spletne strani Cankarjevega doma, z neposrednim dostopom iz spletne trgovine CD. <strong><a href=\"https:\/\/vstopnice.cd-cc.si\/si\/skupina\/214803\/23-festival-dokumentarnega-filma.html\" target=\"_blank\" rel=\"noopener noreferrer\">Zaradi velikega zanimanja ga je mo\u010d ujeti \u0161e vse do nedelje. Dostop do filma TUKAJ!<\/a><\/strong><\/p>\n","protected":false},"excerpt":{"rendered":"<p>Iz Cankarjevega doma (CD) so sporo\u010dili, da bo zaradi velikega zanimanja film Pun\u010dka, prejemnik glavne nagrade 23. Festivala dokumentarnega filma (FDF), preko spletne strani CD na ogled \u0161e do nedelje. Re\u017eiser Sebastien Lifshitz je v filmu, premierno prikazanem na lanskem Berlinalu, predstavil stisko deklice Sashe, ujete v telo nasprotnega spola.<\/p>\n","protected":false},"author":1,"featured_media":449030,"comment_status":"closed","ping_status":"closed","sticky":false,"template":"","format":"standard","meta":{"footnotes":""},"categories":[1091],"tags":[18429,8190,18579],"source":[1416,1381,1334],"supertag":[],"acf":[],"yoast_head":"<!-- This site is optimized with the Yoast SEO plugin v21.3 - https:\/\/yoast.com\/wordpress\/plugins\/seo\/ -->\n<title>\u010ce ste ga slu\u010dajno zamudili, priporo\u010damo! \u0160e do nedelje mo\u017een spletni ogled zmagovalnega filma Pun\u010dka leto\u0161njega Festivala dokumentarnega filma - Hudo Slovenija<\/title>\n<meta name=\"robots\" content=\"index, follow, max-snippet:-1, max-image-preview:large, max-video-preview:-1\" \/>\n<link rel=\"canonical\" href=\"https:\/\/hudo.com\/si\/lifestyle\/ce-ste-ga-slucajno-zamudili-priporocamo-se-do-nedelje-mozen-spletni-ogled-zmagovalnega-filma-puncka-letosnjega-festivala-dokumentarnega-filma\/\" \/>\n<meta property=\"og:locale\" content=\"sl_SI\" \/>\n<meta property=\"og:type\" content=\"article\" \/>\n<meta property=\"og:title\" content=\"\u010ce ste ga slu\u010dajno zamudili, priporo\u010damo! \u0160e do nedelje mo\u017een spletni ogled zmagovalnega filma Pun\u010dka leto\u0161njega Festivala dokumentarnega filma - Hudo Slovenija\" \/>\n<meta property=\"og:description\" content=\"Iz Cankarjevega doma (CD) so sporo\u010dili, da bo zaradi velikega zanimanja film Pun\u010dka, prejemnik glavne nagrade 23. Festivala dokumentarnega filma (FDF), preko spletne strani CD na ogled \u0161e do nedelje. Re\u017eiser Sebastien Lifshitz je v filmu, premierno prikazanem na lanskem Berlinalu, predstavil stisko deklice Sashe, ujete v telo nasprotnega spola.\" \/>\n<meta property=\"og:url\" content=\"https:\/\/hudo.com\/si\/lifestyle\/ce-ste-ga-slucajno-zamudili-priporocamo-se-do-nedelje-mozen-spletni-ogled-zmagovalnega-filma-puncka-letosnjega-festivala-dokumentarnega-filma\/\" \/>\n<meta property=\"og:site_name\" content=\"Hudo Slovenija\" \/>\n<meta property=\"article:publisher\" content=\"https:\/\/www.facebook.com\/hudo.si\" \/>\n<meta property=\"article:published_time\" content=\"2021-04-06T09:55:45+00:00\" \/>\n<meta property=\"og:image\" content=\"https:\/\/hudo.com\/si\/wp-content\/uploads\/sites\/2\/2021\/04\/unnamed.jpg\" \/>\n\t<meta property=\"og:image:width\" content=\"2560\" \/>\n\t<meta property=\"og:image:height\" content=\"1350\" \/>\n\t<meta property=\"og:image:type\" content=\"image\/jpeg\" \/>\n<meta name=\"author\" content=\"hudo\" \/>\n<meta name=\"twitter:card\" content=\"summary_large_image\" \/>\n<meta name=\"twitter:creator\" content=\"@hudo_si\" \/>\n<meta name=\"twitter:site\" content=\"@hudo_si\" \/>\n<meta name=\"twitter:label1\" content=\"Written by\" \/>\n\t<meta name=\"twitter:data1\" content=\"hudo\" \/>\n\t<meta name=\"twitter:label2\" content=\"Est. reading time\" \/>\n\t<meta name=\"twitter:data2\" content=\"2 minuti\" \/>\n<script type=\"application\/ld+json\" class=\"yoast-schema-graph\">{\"@context\":\"https:\/\/schema.org\",\"@graph\":[{\"@type\":\"Article\",\"@id\":\"https:\/\/hudo.com\/si\/lifestyle\/ce-ste-ga-slucajno-zamudili-priporocamo-se-do-nedelje-mozen-spletni-ogled-zmagovalnega-filma-puncka-letosnjega-festivala-dokumentarnega-filma\/#article\",\"isPartOf\":{\"@id\":\"https:\/\/hudo.com\/si\/lifestyle\/ce-ste-ga-slucajno-zamudili-priporocamo-se-do-nedelje-mozen-spletni-ogled-zmagovalnega-filma-puncka-letosnjega-festivala-dokumentarnega-filma\/\"},\"author\":{\"name\":\"hudo\",\"@id\":\"https:\/\/hudo.com\/si\/#\/schema\/person\/601cf3379633985b20f7e50f2bb47707\"},\"headline\":\"\u010ce ste ga slu\u010dajno zamudili, priporo\u010damo! \u0160e do nedelje mo\u017een spletni ogled zmagovalnega filma Pun\u010dka leto\u0161njega Festivala dokumentarnega filma\",\"datePublished\":\"2021-04-06T09:55:45+00:00\",\"dateModified\":\"2021-04-06T09:55:45+00:00\",\"mainEntityOfPage\":{\"@id\":\"https:\/\/hudo.com\/si\/lifestyle\/ce-ste-ga-slucajno-zamudili-priporocamo-se-do-nedelje-mozen-spletni-ogled-zmagovalnega-filma-puncka-letosnjega-festivala-dokumentarnega-filma\/\"},\"wordCount\":469,\"publisher\":{\"@id\":\"https:\/\/hudo.com\/si\/#organization\"},\"keywords\":[\"23. Festival dokumentarnega filma\",\"festival dokumentarnega filma\",\"film Pun\u010dka\"],\"articleSection\":[\"Lifestyle\"],\"inLanguage\":\"sl-SI\"},{\"@type\":\"WebPage\",\"@id\":\"https:\/\/hudo.com\/si\/lifestyle\/ce-ste-ga-slucajno-zamudili-priporocamo-se-do-nedelje-mozen-spletni-ogled-zmagovalnega-filma-puncka-letosnjega-festivala-dokumentarnega-filma\/\",\"url\":\"https:\/\/hudo.com\/si\/lifestyle\/ce-ste-ga-slucajno-zamudili-priporocamo-se-do-nedelje-mozen-spletni-ogled-zmagovalnega-filma-puncka-letosnjega-festivala-dokumentarnega-filma\/\",\"name\":\"\u010ce ste ga slu\u010dajno zamudili, priporo\u010damo! \u0160e do nedelje mo\u017een spletni ogled zmagovalnega filma Pun\u010dka leto\u0161njega Festivala dokumentarnega filma - Hudo Slovenija\",\"isPartOf\":{\"@id\":\"https:\/\/hudo.com\/si\/#website\"},\"datePublished\":\"2021-04-06T09:55:45+00:00\",\"dateModified\":\"2021-04-06T09:55:45+00:00\",\"breadcrumb\":{\"@id\":\"https:\/\/hudo.com\/si\/lifestyle\/ce-ste-ga-slucajno-zamudili-priporocamo-se-do-nedelje-mozen-spletni-ogled-zmagovalnega-filma-puncka-letosnjega-festivala-dokumentarnega-filma\/#breadcrumb\"},\"inLanguage\":\"sl-SI\",\"potentialAction\":[{\"@type\":\"ReadAction\",\"target\":[\"https:\/\/hudo.com\/si\/lifestyle\/ce-ste-ga-slucajno-zamudili-priporocamo-se-do-nedelje-mozen-spletni-ogled-zmagovalnega-filma-puncka-letosnjega-festivala-dokumentarnega-filma\/\"]}]},{\"@type\":\"BreadcrumbList\",\"@id\":\"https:\/\/hudo.com\/si\/lifestyle\/ce-ste-ga-slucajno-zamudili-priporocamo-se-do-nedelje-mozen-spletni-ogled-zmagovalnega-filma-puncka-letosnjega-festivala-dokumentarnega-filma\/#breadcrumb\",\"itemListElement\":[{\"@type\":\"ListItem\",\"position\":1,\"name\":\"Home\",\"item\":\"https:\/\/hudo.com\/si\/\"},{\"@type\":\"ListItem\",\"position\":2,\"name\":\"\u010ce ste ga slu\u010dajno zamudili, priporo\u010damo! \u0160e do nedelje mo\u017een spletni ogled zmagovalnega filma Pun\u010dka leto\u0161njega Festivala dokumentarnega filma\"}]},{\"@type\":\"WebSite\",\"@id\":\"https:\/\/hudo.com\/si\/#website\",\"url\":\"https:\/\/hudo.com\/si\/\",\"name\":\"Hudo Slovenija\",\"description\":\"Vse novice iz Slovenije in sveta\",\"publisher\":{\"@id\":\"https:\/\/hudo.com\/si\/#organization\"},\"potentialAction\":[{\"@type\":\"SearchAction\",\"target\":{\"@type\":\"EntryPoint\",\"urlTemplate\":\"https:\/\/hudo.com\/si\/?s={search_term_string}\"},\"query-input\":\"required name=search_term_string\"}],\"inLanguage\":\"sl-SI\"},{\"@type\":\"Organization\",\"@id\":\"https:\/\/hudo.com\/si\/#organization\",\"name\":\"VSN Media\",\"url\":\"https:\/\/hudo.com\/si\/\",\"logo\":{\"@type\":\"ImageObject\",\"inLanguage\":\"sl-SI\",\"@id\":\"https:\/\/hudo.com\/si\/#\/schema\/logo\/image\/\",\"url\":\"https:\/\/hudo.com\/si\/wp-content\/uploads\/sites\/2\/2021\/03\/hudo-app-2.png\",\"contentUrl\":\"https:\/\/hudo.com\/si\/wp-content\/uploads\/sites\/2\/2021\/03\/hudo-app-2.png\",\"width\":2185,\"height\":2167,\"caption\":\"VSN Media\"},\"image\":{\"@id\":\"https:\/\/hudo.com\/si\/#\/schema\/logo\/image\/\"},\"sameAs\":[\"https:\/\/www.facebook.com\/hudo.si\",\"https:\/\/twitter.com\/hudo_si\"]},{\"@type\":\"Person\",\"@id\":\"https:\/\/hudo.com\/si\/#\/schema\/person\/601cf3379633985b20f7e50f2bb47707\",\"name\":\"hudo\",\"image\":{\"@type\":\"ImageObject\",\"inLanguage\":\"sl-SI\",\"@id\":\"https:\/\/hudo.com\/si\/#\/schema\/person\/image\/\",\"url\":\"https:\/\/secure.gravatar.com\/avatar\/c4ca25fa72cace7a696b52ff5db9e095?s=96&d=mm&r=g\",\"contentUrl\":\"https:\/\/secure.gravatar.com\/avatar\/c4ca25fa72cace7a696b52ff5db9e095?s=96&d=mm&r=g\",\"caption\":\"hudo\"},\"url\":\"https:\/\/hudo.com\/si\/author\/hudo\/\"}]}<\/script>\n<!-- \/ Yoast SEO plugin. -->","yoast_head_json":{"title":"\u010ce ste ga slu\u010dajno zamudili, priporo\u010damo! \u0160e do nedelje mo\u017een spletni ogled zmagovalnega filma Pun\u010dka leto\u0161njega Festivala dokumentarnega filma - Hudo Slovenija","robots":{"index":"index","follow":"follow","max-snippet":"max-snippet:-1","max-image-preview":"max-image-preview:large","max-video-preview":"max-video-preview:-1"},"canonical":"https:\/\/hudo.com\/si\/lifestyle\/ce-ste-ga-slucajno-zamudili-priporocamo-se-do-nedelje-mozen-spletni-ogled-zmagovalnega-filma-puncka-letosnjega-festivala-dokumentarnega-filma\/","og_locale":"sl_SI","og_type":"article","og_title":"\u010ce ste ga slu\u010dajno zamudili, priporo\u010damo! \u0160e do nedelje mo\u017een spletni ogled zmagovalnega filma Pun\u010dka leto\u0161njega Festivala dokumentarnega filma - Hudo Slovenija","og_description":"Iz Cankarjevega doma (CD) so sporo\u010dili, da bo zaradi velikega zanimanja film Pun\u010dka, prejemnik glavne nagrade 23. Festivala dokumentarnega filma (FDF), preko spletne strani CD na ogled \u0161e do nedelje. Re\u017eiser Sebastien Lifshitz je v filmu, premierno prikazanem na lanskem Berlinalu, predstavil stisko deklice Sashe, ujete v telo nasprotnega spola.","og_url":"https:\/\/hudo.com\/si\/lifestyle\/ce-ste-ga-slucajno-zamudili-priporocamo-se-do-nedelje-mozen-spletni-ogled-zmagovalnega-filma-puncka-letosnjega-festivala-dokumentarnega-filma\/","og_site_name":"Hudo Slovenija","article_publisher":"https:\/\/www.facebook.com\/hudo.si","article_published_time":"2021-04-06T09:55:45+00:00","og_image":[{"width":2560,"height":1350,"url":"https:\/\/hudo.com\/si\/wp-content\/uploads\/sites\/2\/2021\/04\/unnamed.jpg","type":"image\/jpeg"}],"author":"hudo","twitter_card":"summary_large_image","twitter_creator":"@hudo_si","twitter_site":"@hudo_si","twitter_misc":{"Written by":"hudo","Est. reading time":"2 minuti"},"schema":{"@context":"https:\/\/schema.org","@graph":[{"@type":"Article","@id":"https:\/\/hudo.com\/si\/lifestyle\/ce-ste-ga-slucajno-zamudili-priporocamo-se-do-nedelje-mozen-spletni-ogled-zmagovalnega-filma-puncka-letosnjega-festivala-dokumentarnega-filma\/#article","isPartOf":{"@id":"https:\/\/hudo.com\/si\/lifestyle\/ce-ste-ga-slucajno-zamudili-priporocamo-se-do-nedelje-mozen-spletni-ogled-zmagovalnega-filma-puncka-letosnjega-festivala-dokumentarnega-filma\/"},"author":{"name":"hudo","@id":"https:\/\/hudo.com\/si\/#\/schema\/person\/601cf3379633985b20f7e50f2bb47707"},"headline":"\u010ce ste ga slu\u010dajno zamudili, priporo\u010damo! \u0160e do nedelje mo\u017een spletni ogled zmagovalnega filma Pun\u010dka leto\u0161njega Festivala dokumentarnega filma","datePublished":"2021-04-06T09:55:45+00:00","dateModified":"2021-04-06T09:55:45+00:00","mainEntityOfPage":{"@id":"https:\/\/hudo.com\/si\/lifestyle\/ce-ste-ga-slucajno-zamudili-priporocamo-se-do-nedelje-mozen-spletni-ogled-zmagovalnega-filma-puncka-letosnjega-festivala-dokumentarnega-filma\/"},"wordCount":469,"publisher":{"@id":"https:\/\/hudo.com\/si\/#organization"},"keywords":["23. Festival dokumentarnega filma","festival dokumentarnega filma","film Pun\u010dka"],"articleSection":["Lifestyle"],"inLanguage":"sl-SI"},{"@type":"WebPage","@id":"https:\/\/hudo.com\/si\/lifestyle\/ce-ste-ga-slucajno-zamudili-priporocamo-se-do-nedelje-mozen-spletni-ogled-zmagovalnega-filma-puncka-letosnjega-festivala-dokumentarnega-filma\/","url":"https:\/\/hudo.com\/si\/lifestyle\/ce-ste-ga-slucajno-zamudili-priporocamo-se-do-nedelje-mozen-spletni-ogled-zmagovalnega-filma-puncka-letosnjega-festivala-dokumentarnega-filma\/","name":"\u010ce ste ga slu\u010dajno zamudili, priporo\u010damo! \u0160e do nedelje mo\u017een spletni ogled zmagovalnega filma Pun\u010dka leto\u0161njega Festivala dokumentarnega filma - Hudo Slovenija","isPartOf":{"@id":"https:\/\/hudo.com\/si\/#website"},"datePublished":"2021-04-06T09:55:45+00:00","dateModified":"2021-04-06T09:55:45+00:00","breadcrumb":{"@id":"https:\/\/hudo.com\/si\/lifestyle\/ce-ste-ga-slucajno-zamudili-priporocamo-se-do-nedelje-mozen-spletni-ogled-zmagovalnega-filma-puncka-letosnjega-festivala-dokumentarnega-filma\/#breadcrumb"},"inLanguage":"sl-SI","potentialAction":[{"@type":"ReadAction","target":["https:\/\/hudo.com\/si\/lifestyle\/ce-ste-ga-slucajno-zamudili-priporocamo-se-do-nedelje-mozen-spletni-ogled-zmagovalnega-filma-puncka-letosnjega-festivala-dokumentarnega-filma\/"]}]},{"@type":"BreadcrumbList","@id":"https:\/\/hudo.com\/si\/lifestyle\/ce-ste-ga-slucajno-zamudili-priporocamo-se-do-nedelje-mozen-spletni-ogled-zmagovalnega-filma-puncka-letosnjega-festivala-dokumentarnega-filma\/#breadcrumb","itemListElement":[{"@type":"ListItem","position":1,"name":"Home","item":"https:\/\/hudo.com\/si\/"},{"@type":"ListItem","position":2,"name":"\u010ce ste ga slu\u010dajno zamudili, priporo\u010damo! \u0160e do nedelje mo\u017een spletni ogled zmagovalnega filma Pun\u010dka leto\u0161njega Festivala dokumentarnega filma"}]},{"@type":"WebSite","@id":"https:\/\/hudo.com\/si\/#website","url":"https:\/\/hudo.com\/si\/","name":"Hudo Slovenija","description":"Vse novice iz Slovenije in sveta","publisher":{"@id":"https:\/\/hudo.com\/si\/#organization"},"potentialAction":[{"@type":"SearchAction","target":{"@type":"EntryPoint","urlTemplate":"https:\/\/hudo.com\/si\/?s={search_term_string}"},"query-input":"required name=search_term_string"}],"inLanguage":"sl-SI"},{"@type":"Organization","@id":"https:\/\/hudo.com\/si\/#organization","name":"VSN Media","url":"https:\/\/hudo.com\/si\/","logo":{"@type":"ImageObject","inLanguage":"sl-SI","@id":"https:\/\/hudo.com\/si\/#\/schema\/logo\/image\/","url":"https:\/\/hudo.com\/si\/wp-content\/uploads\/sites\/2\/2021\/03\/hudo-app-2.png","contentUrl":"https:\/\/hudo.com\/si\/wp-content\/uploads\/sites\/2\/2021\/03\/hudo-app-2.png","width":2185,"height":2167,"caption":"VSN Media"},"image":{"@id":"https:\/\/hudo.com\/si\/#\/schema\/logo\/image\/"},"sameAs":["https:\/\/www.facebook.com\/hudo.si","https:\/\/twitter.com\/hudo_si"]},{"@type":"Person","@id":"https:\/\/hudo.com\/si\/#\/schema\/person\/601cf3379633985b20f7e50f2bb47707","name":"hudo","image":{"@type":"ImageObject","inLanguage":"sl-SI","@id":"https:\/\/hudo.com\/si\/#\/schema\/person\/image\/","url":"https:\/\/secure.gravatar.com\/avatar\/c4ca25fa72cace7a696b52ff5db9e095?s=96&d=mm&r=g","contentUrl":"https:\/\/secure.gravatar.com\/avatar\/c4ca25fa72cace7a696b52ff5db9e095?s=96&d=mm&r=g","caption":"hudo"},"url":"https:\/\/hudo.com\/si\/author\/hudo\/"}]}},"amp_enabled":true,"_links":{"self":[{"href":"https:\/\/hudo.com\/si\/wp-json\/wp\/v2\/posts\/449029"}],"collection":[{"href":"https:\/\/hudo.com\/si\/wp-json\/wp\/v2\/posts"}],"about":[{"href":"https:\/\/hudo.com\/si\/wp-json\/wp\/v2\/types\/post"}],"author":[{"embeddable":true,"href":"https:\/\/hudo.com\/si\/wp-json\/wp\/v2\/users\/1"}],"replies":[{"embeddable":true,"href":"https:\/\/hudo.com\/si\/wp-json\/wp\/v2\/comments?post=449029"}],"version-history":[{"count":0,"href":"https:\/\/hudo.com\/si\/wp-json\/wp\/v2\/posts\/449029\/revisions"}],"wp:featuredmedia":[{"embeddable":true,"href":"https:\/\/hudo.com\/si\/wp-json\/wp\/v2\/media\/449030"}],"wp:attachment":[{"href":"https:\/\/hudo.com\/si\/wp-json\/wp\/v2\/media?parent=449029"}],"wp:term":[{"taxonomy":"category","embeddable":true,"href":"https:\/\/hudo.com\/si\/wp-json\/wp\/v2\/categories?post=449029"},{"taxonomy":"post_tag","embeddable":true,"href":"https:\/\/hudo.com\/si\/wp-json\/wp\/v2\/tags?post=449029"},{"taxonomy":"source","embeddable":true,"href":"https:\/\/hudo.com\/si\/wp-json\/wp\/v2\/source?post=449029"},{"taxonomy":"supertag","embeddable":true,"href":"https:\/\/hudo.com\/si\/wp-json\/wp\/v2\/supertag?post=449029"}],"curies":[{"name":"wp","href":"https:\/\/api.w.org\/{rel}","templated":true}]}}