{"id":449150,"date":"2021-04-08T10:28:19","date_gmt":"2021-04-08T08:28:19","guid":{"rendered":"https:\/\/hudo.com\/si\/?p=449150"},"modified":"2021-04-08T10:28:19","modified_gmt":"2021-04-08T08:28:19","slug":"temperature-drugo-noc-zapored-pod-lediscem-nekateri-sadjarji-pridelek-resevali-z-orosevanjem","status":"publish","type":"post","link":"https:\/\/hudo.com\/si\/aktualno\/slovenija\/temperature-drugo-noc-zapored-pod-lediscem-nekateri-sadjarji-pridelek-resevali-z-orosevanjem\/","title":{"rendered":"Temperature drugo no\u010d zapored pod ledi\u0161\u010dem, nekateri sadjarji pridelek re\u0161evali z oro\u0161evanjem"},"content":{"rendered":"<p>Po prvih podatkih minulo no\u010d in zjutraj niso namerili tako nizkih temperatur kot v sredo, ko je bilo ponekod najhladnej\u0161e jutro v tej zimi, marsikje pa najhladnej\u0161e aprilsko jutro zadnjih 70, verjetno pa ve\u010d kot 100 let.<\/p>\n<p>Danes ob 8. uri so ni\u010d stopinj Celzija namerili v Bilju pri Novi Gorici in na Katarini nad Ljubljano, povsod drugod po Sloveniji pa so bile temperature pod ledi\u0161\u010dem, ka\u017eejo podatki mre\u017ee opazovalnih postaj Agencije RS za okolje (Arso).<\/p>\n<p>V Postojni je bilo davi minus \u0161est stopinj, v Ko\u010devju, Rate\u010dah in na Voglu minus pet, minus \u0161tiri stopinje so namerili v Slovenj Gradcu, \u010crnomlju ter letali\u0161\u010dih Lesce in Ljubljana. Lokalno so lahko ponekod temperature tudi ni\u017eje, na najvi\u0161je le\u017ee\u010di merilni postaji, na Kredarici, je bilo ob 8. uri minus 14 stopinj Celzija.<\/p>\n<p>Nizke temperature v aprilu najve\u010d skrbi povzro\u010dajo sadjarjem, pa tudi vinogradnikom. Evrosad, ki ima sede\u017e v Kr\u0161kem in je vodilni slovenski pridelovalec sadja, ima v skupini sistem oro\u0161evanja urejen na okoli 18 odstotkih vseh sadovnjakov. Direktor podjetja Bo\u0161tjan Kozole ra\u010duna, da so na obmo\u010djih, ki so jih v zadnjih dveh dneh oro\u0161evali, pridelek re\u0161ili, medtem ko \u0161koda na ostalih sadovnjakih \u0161e ni znana. Predvidoma bodo prve grobe ocene imeli \u010dez en teden, je povedal za STA.<\/p>\n<p>Samo v sredo je sistem oro\u0161evanja v Evrosadu deloval 16 ur, poraba vode pa zna\u0161a prek 2000 kubi\u010dnih metrov na uro, je dejal in dodal, da je dober vir vode klju\u010dnega pomena pri oro\u0161evanju. Drugih tehnolo\u0161kih ukrepov se niso poslu\u017eevali, so pa \u017ee pred tem drevesa krepili z mikroelementi. Evrosad sicer prideluje jabolka, hru\u0161ke, breskve in jagode, zmanj\u0161ani pridelek zaradi pozebe pa so v dru\u017ebi utrpeli tudi lani.<\/p>\n","protected":false},"excerpt":{"rendered":"<p>Drugo no\u010d zapored so se temperature zraka v ve\u010djem delu dr\u017eave spustile pod ledi\u0161\u010de, kar v tem letnem \u010dasu velike skrbi povzro\u010da predvsem sadjarjem. Ti so \u017ee v sredo za\u010deli zbirati podatke o \u0161kodi po pozebi, Kmetijsko gozdarska zbornica Slovenije bo prve ocene sporo\u010dila v petek. V Evrosadu ra\u010dunajo, da so z oro\u0161evanjem re\u0161ili del pridelka.<\/p>\n","protected":false},"author":5,"featured_media":420004,"comment_status":"closed","ping_status":"closed","sticky":false,"template":"","format":"standard","meta":{"footnotes":""},"categories":[18201],"tags":[4915,1595,2149],"source":[4511],"supertag":[7541,5675,12922],"acf":[],"yoast_head":"<!-- This site is optimized with the Yoast SEO plugin v21.3 - https:\/\/yoast.com\/wordpress\/plugins\/seo\/ -->\n<title>Temperature drugo no\u010d zapored pod ledi\u0161\u010dem, nekateri sadjarji pridelek re\u0161evali z oro\u0161evanjem - Hudo Slovenija<\/title>\n<meta name=\"robots\" content=\"index, follow, max-snippet:-1, max-image-preview:large, max-video-preview:-1\" \/>\n<link rel=\"canonical\" href=\"https:\/\/hudo.com\/si\/aktualno\/slovenija\/temperature-drugo-noc-zapored-pod-lediscem-nekateri-sadjarji-pridelek-resevali-z-orosevanjem\/\" \/>\n<meta property=\"og:locale\" content=\"sl_SI\" \/>\n<meta property=\"og:type\" content=\"article\" \/>\n<meta property=\"og:title\" content=\"Temperature drugo no\u010d zapored pod ledi\u0161\u010dem, nekateri sadjarji pridelek re\u0161evali z oro\u0161evanjem - Hudo Slovenija\" \/>\n<meta property=\"og:description\" content=\"Drugo no\u010d zapored so se temperature zraka v ve\u010djem delu dr\u017eave spustile pod ledi\u0161\u010de, kar v tem letnem \u010dasu velike skrbi povzro\u010da predvsem sadjarjem. Ti so \u017ee v sredo za\u010deli zbirati podatke o \u0161kodi po pozebi, Kmetijsko gozdarska zbornica Slovenije bo prve ocene sporo\u010dila v petek. V Evrosadu ra\u010dunajo, da so z oro\u0161evanjem re\u0161ili del pridelka.\" \/>\n<meta property=\"og:url\" content=\"https:\/\/hudo.com\/si\/aktualno\/slovenija\/temperature-drugo-noc-zapored-pod-lediscem-nekateri-sadjarji-pridelek-resevali-z-orosevanjem\/\" \/>\n<meta property=\"og:site_name\" content=\"Hudo Slovenija\" \/>\n<meta property=\"article:publisher\" content=\"https:\/\/www.facebook.com\/hudo.si\" \/>\n<meta property=\"article:published_time\" content=\"2021-04-08T08:28:19+00:00\" \/>\n<meta property=\"og:image\" content=\"https:\/\/hudo.com\/si\/wp-content\/uploads\/sites\/2\/2020\/04\/20120410-00349790.jpg\" \/>\n\t<meta property=\"og:image:width\" content=\"640\" \/>\n\t<meta property=\"og:image:height\" content=\"441\" \/>\n\t<meta property=\"og:image:type\" content=\"image\/jpeg\" \/>\n<meta name=\"author\" content=\"A. G., STA\" \/>\n<meta name=\"twitter:card\" content=\"summary_large_image\" \/>\n<meta name=\"twitter:creator\" content=\"@hudo_si\" \/>\n<meta name=\"twitter:site\" content=\"@hudo_si\" \/>\n<meta name=\"twitter:label1\" content=\"Written by\" \/>\n\t<meta name=\"twitter:data1\" content=\"A. G., STA\" \/>\n\t<meta name=\"twitter:label2\" content=\"Est. reading time\" \/>\n\t<meta name=\"twitter:data2\" content=\"1 minuta\" \/>\n<script type=\"application\/ld+json\" class=\"yoast-schema-graph\">{\"@context\":\"https:\/\/schema.org\",\"@graph\":[{\"@type\":\"Article\",\"@id\":\"https:\/\/hudo.com\/si\/aktualno\/slovenija\/temperature-drugo-noc-zapored-pod-lediscem-nekateri-sadjarji-pridelek-resevali-z-orosevanjem\/#article\",\"isPartOf\":{\"@id\":\"https:\/\/hudo.com\/si\/aktualno\/slovenija\/temperature-drugo-noc-zapored-pod-lediscem-nekateri-sadjarji-pridelek-resevali-z-orosevanjem\/\"},\"author\":{\"name\":\"A. G., STA\",\"@id\":\"https:\/\/hudo.com\/si\/#\/schema\/person\/2391667a63ea075ba94f2f2dc6b77537\"},\"headline\":\"Temperature drugo no\u010d zapored pod ledi\u0161\u010dem, nekateri sadjarji pridelek re\u0161evali z oro\u0161evanjem\",\"datePublished\":\"2021-04-08T08:28:19+00:00\",\"dateModified\":\"2021-04-08T08:28:19+00:00\",\"mainEntityOfPage\":{\"@id\":\"https:\/\/hudo.com\/si\/aktualno\/slovenija\/temperature-drugo-noc-zapored-pod-lediscem-nekateri-sadjarji-pridelek-resevali-z-orosevanjem\/\"},\"wordCount\":310,\"publisher\":{\"@id\":\"https:\/\/hudo.com\/si\/#organization\"},\"keywords\":[\"kmetijstvo\",\"Slovenija\",\"vreme\"],\"articleSection\":[\"Slovenija\"],\"inLanguage\":\"sl-SI\"},{\"@type\":\"WebPage\",\"@id\":\"https:\/\/hudo.com\/si\/aktualno\/slovenija\/temperature-drugo-noc-zapored-pod-lediscem-nekateri-sadjarji-pridelek-resevali-z-orosevanjem\/\",\"url\":\"https:\/\/hudo.com\/si\/aktualno\/slovenija\/temperature-drugo-noc-zapored-pod-lediscem-nekateri-sadjarji-pridelek-resevali-z-orosevanjem\/\",\"name\":\"Temperature drugo no\u010d zapored pod ledi\u0161\u010dem, nekateri sadjarji pridelek re\u0161evali z oro\u0161evanjem - Hudo Slovenija\",\"isPartOf\":{\"@id\":\"https:\/\/hudo.com\/si\/#website\"},\"datePublished\":\"2021-04-08T08:28:19+00:00\",\"dateModified\":\"2021-04-08T08:28:19+00:00\",\"breadcrumb\":{\"@id\":\"https:\/\/hudo.com\/si\/aktualno\/slovenija\/temperature-drugo-noc-zapored-pod-lediscem-nekateri-sadjarji-pridelek-resevali-z-orosevanjem\/#breadcrumb\"},\"inLanguage\":\"sl-SI\",\"potentialAction\":[{\"@type\":\"ReadAction\",\"target\":[\"https:\/\/hudo.com\/si\/aktualno\/slovenija\/temperature-drugo-noc-zapored-pod-lediscem-nekateri-sadjarji-pridelek-resevali-z-orosevanjem\/\"]}]},{\"@type\":\"BreadcrumbList\",\"@id\":\"https:\/\/hudo.com\/si\/aktualno\/slovenija\/temperature-drugo-noc-zapored-pod-lediscem-nekateri-sadjarji-pridelek-resevali-z-orosevanjem\/#breadcrumb\",\"itemListElement\":[{\"@type\":\"ListItem\",\"position\":1,\"name\":\"Home\",\"item\":\"https:\/\/hudo.com\/si\/\"},{\"@type\":\"ListItem\",\"position\":2,\"name\":\"Temperature drugo no\u010d zapored pod ledi\u0161\u010dem, nekateri sadjarji pridelek re\u0161evali z oro\u0161evanjem\"}]},{\"@type\":\"WebSite\",\"@id\":\"https:\/\/hudo.com\/si\/#website\",\"url\":\"https:\/\/hudo.com\/si\/\",\"name\":\"Hudo Slovenija\",\"description\":\"Vse novice iz Slovenije in sveta\",\"publisher\":{\"@id\":\"https:\/\/hudo.com\/si\/#organization\"},\"potentialAction\":[{\"@type\":\"SearchAction\",\"target\":{\"@type\":\"EntryPoint\",\"urlTemplate\":\"https:\/\/hudo.com\/si\/?s={search_term_string}\"},\"query-input\":\"required name=search_term_string\"}],\"inLanguage\":\"sl-SI\"},{\"@type\":\"Organization\",\"@id\":\"https:\/\/hudo.com\/si\/#organization\",\"name\":\"VSN Media\",\"url\":\"https:\/\/hudo.com\/si\/\",\"logo\":{\"@type\":\"ImageObject\",\"inLanguage\":\"sl-SI\",\"@id\":\"https:\/\/hudo.com\/si\/#\/schema\/logo\/image\/\",\"url\":\"https:\/\/hudo.com\/si\/wp-content\/uploads\/sites\/2\/2021\/03\/hudo-app-2.png\",\"contentUrl\":\"https:\/\/hudo.com\/si\/wp-content\/uploads\/sites\/2\/2021\/03\/hudo-app-2.png\",\"width\":2185,\"height\":2167,\"caption\":\"VSN Media\"},\"image\":{\"@id\":\"https:\/\/hudo.com\/si\/#\/schema\/logo\/image\/\"},\"sameAs\":[\"https:\/\/www.facebook.com\/hudo.si\",\"https:\/\/twitter.com\/hudo_si\"]},{\"@type\":\"Person\",\"@id\":\"https:\/\/hudo.com\/si\/#\/schema\/person\/2391667a63ea075ba94f2f2dc6b77537\",\"name\":\"A. G., STA\",\"image\":{\"@type\":\"ImageObject\",\"inLanguage\":\"sl-SI\",\"@id\":\"https:\/\/hudo.com\/si\/#\/schema\/person\/image\/\",\"url\":\"https:\/\/secure.gravatar.com\/avatar\/e13d22ac3e442658d5025fbbe6238a79?s=96&d=mm&r=g\",\"contentUrl\":\"https:\/\/secure.gravatar.com\/avatar\/e13d22ac3e442658d5025fbbe6238a79?s=96&d=mm&r=g\",\"caption\":\"A. G., STA\"},\"url\":\"https:\/\/hudo.com\/si\/author\/alenka\/\"}]}<\/script>\n<!-- \/ Yoast SEO plugin. -->","yoast_head_json":{"title":"Temperature drugo no\u010d zapored pod ledi\u0161\u010dem, nekateri sadjarji pridelek re\u0161evali z oro\u0161evanjem - Hudo Slovenija","robots":{"index":"index","follow":"follow","max-snippet":"max-snippet:-1","max-image-preview":"max-image-preview:large","max-video-preview":"max-video-preview:-1"},"canonical":"https:\/\/hudo.com\/si\/aktualno\/slovenija\/temperature-drugo-noc-zapored-pod-lediscem-nekateri-sadjarji-pridelek-resevali-z-orosevanjem\/","og_locale":"sl_SI","og_type":"article","og_title":"Temperature drugo no\u010d zapored pod ledi\u0161\u010dem, nekateri sadjarji pridelek re\u0161evali z oro\u0161evanjem - Hudo Slovenija","og_description":"Drugo no\u010d zapored so se temperature zraka v ve\u010djem delu dr\u017eave spustile pod ledi\u0161\u010de, kar v tem letnem \u010dasu velike skrbi povzro\u010da predvsem sadjarjem. Ti so \u017ee v sredo za\u010deli zbirati podatke o \u0161kodi po pozebi, Kmetijsko gozdarska zbornica Slovenije bo prve ocene sporo\u010dila v petek. V Evrosadu ra\u010dunajo, da so z oro\u0161evanjem re\u0161ili del pridelka.","og_url":"https:\/\/hudo.com\/si\/aktualno\/slovenija\/temperature-drugo-noc-zapored-pod-lediscem-nekateri-sadjarji-pridelek-resevali-z-orosevanjem\/","og_site_name":"Hudo Slovenija","article_publisher":"https:\/\/www.facebook.com\/hudo.si","article_published_time":"2021-04-08T08:28:19+00:00","og_image":[{"width":640,"height":441,"url":"https:\/\/hudo.com\/si\/wp-content\/uploads\/sites\/2\/2020\/04\/20120410-00349790.jpg","type":"image\/jpeg"}],"author":"A. G., STA","twitter_card":"summary_large_image","twitter_creator":"@hudo_si","twitter_site":"@hudo_si","twitter_misc":{"Written by":"A. G., STA","Est. reading time":"1 minuta"},"schema":{"@context":"https:\/\/schema.org","@graph":[{"@type":"Article","@id":"https:\/\/hudo.com\/si\/aktualno\/slovenija\/temperature-drugo-noc-zapored-pod-lediscem-nekateri-sadjarji-pridelek-resevali-z-orosevanjem\/#article","isPartOf":{"@id":"https:\/\/hudo.com\/si\/aktualno\/slovenija\/temperature-drugo-noc-zapored-pod-lediscem-nekateri-sadjarji-pridelek-resevali-z-orosevanjem\/"},"author":{"name":"A. G., STA","@id":"https:\/\/hudo.com\/si\/#\/schema\/person\/2391667a63ea075ba94f2f2dc6b77537"},"headline":"Temperature drugo no\u010d zapored pod ledi\u0161\u010dem, nekateri sadjarji pridelek re\u0161evali z oro\u0161evanjem","datePublished":"2021-04-08T08:28:19+00:00","dateModified":"2021-04-08T08:28:19+00:00","mainEntityOfPage":{"@id":"https:\/\/hudo.com\/si\/aktualno\/slovenija\/temperature-drugo-noc-zapored-pod-lediscem-nekateri-sadjarji-pridelek-resevali-z-orosevanjem\/"},"wordCount":310,"publisher":{"@id":"https:\/\/hudo.com\/si\/#organization"},"keywords":["kmetijstvo","Slovenija","vreme"],"articleSection":["Slovenija"],"inLanguage":"sl-SI"},{"@type":"WebPage","@id":"https:\/\/hudo.com\/si\/aktualno\/slovenija\/temperature-drugo-noc-zapored-pod-lediscem-nekateri-sadjarji-pridelek-resevali-z-orosevanjem\/","url":"https:\/\/hudo.com\/si\/aktualno\/slovenija\/temperature-drugo-noc-zapored-pod-lediscem-nekateri-sadjarji-pridelek-resevali-z-orosevanjem\/","name":"Temperature drugo no\u010d zapored pod ledi\u0161\u010dem, nekateri sadjarji pridelek re\u0161evali z oro\u0161evanjem - Hudo Slovenija","isPartOf":{"@id":"https:\/\/hudo.com\/si\/#website"},"datePublished":"2021-04-08T08:28:19+00:00","dateModified":"2021-04-08T08:28:19+00:00","breadcrumb":{"@id":"https:\/\/hudo.com\/si\/aktualno\/slovenija\/temperature-drugo-noc-zapored-pod-lediscem-nekateri-sadjarji-pridelek-resevali-z-orosevanjem\/#breadcrumb"},"inLanguage":"sl-SI","potentialAction":[{"@type":"ReadAction","target":["https:\/\/hudo.com\/si\/aktualno\/slovenija\/temperature-drugo-noc-zapored-pod-lediscem-nekateri-sadjarji-pridelek-resevali-z-orosevanjem\/"]}]},{"@type":"BreadcrumbList","@id":"https:\/\/hudo.com\/si\/aktualno\/slovenija\/temperature-drugo-noc-zapored-pod-lediscem-nekateri-sadjarji-pridelek-resevali-z-orosevanjem\/#breadcrumb","itemListElement":[{"@type":"ListItem","position":1,"name":"Home","item":"https:\/\/hudo.com\/si\/"},{"@type":"ListItem","position":2,"name":"Temperature drugo no\u010d zapored pod ledi\u0161\u010dem, nekateri sadjarji pridelek re\u0161evali z oro\u0161evanjem"}]},{"@type":"WebSite","@id":"https:\/\/hudo.com\/si\/#website","url":"https:\/\/hudo.com\/si\/","name":"Hudo Slovenija","description":"Vse novice iz Slovenije in sveta","publisher":{"@id":"https:\/\/hudo.com\/si\/#organization"},"potentialAction":[{"@type":"SearchAction","target":{"@type":"EntryPoint","urlTemplate":"https:\/\/hudo.com\/si\/?s={search_term_string}"},"query-input":"required name=search_term_string"}],"inLanguage":"sl-SI"},{"@type":"Organization","@id":"https:\/\/hudo.com\/si\/#organization","name":"VSN Media","url":"https:\/\/hudo.com\/si\/","logo":{"@type":"ImageObject","inLanguage":"sl-SI","@id":"https:\/\/hudo.com\/si\/#\/schema\/logo\/image\/","url":"https:\/\/hudo.com\/si\/wp-content\/uploads\/sites\/2\/2021\/03\/hudo-app-2.png","contentUrl":"https:\/\/hudo.com\/si\/wp-content\/uploads\/sites\/2\/2021\/03\/hudo-app-2.png","width":2185,"height":2167,"caption":"VSN Media"},"image":{"@id":"https:\/\/hudo.com\/si\/#\/schema\/logo\/image\/"},"sameAs":["https:\/\/www.facebook.com\/hudo.si","https:\/\/twitter.com\/hudo_si"]},{"@type":"Person","@id":"https:\/\/hudo.com\/si\/#\/schema\/person\/2391667a63ea075ba94f2f2dc6b77537","name":"A. G., STA","image":{"@type":"ImageObject","inLanguage":"sl-SI","@id":"https:\/\/hudo.com\/si\/#\/schema\/person\/image\/","url":"https:\/\/secure.gravatar.com\/avatar\/e13d22ac3e442658d5025fbbe6238a79?s=96&d=mm&r=g","contentUrl":"https:\/\/secure.gravatar.com\/avatar\/e13d22ac3e442658d5025fbbe6238a79?s=96&d=mm&r=g","caption":"A. G., STA"},"url":"https:\/\/hudo.com\/si\/author\/alenka\/"}]}},"amp_enabled":true,"_links":{"self":[{"href":"https:\/\/hudo.com\/si\/wp-json\/wp\/v2\/posts\/449150"}],"collection":[{"href":"https:\/\/hudo.com\/si\/wp-json\/wp\/v2\/posts"}],"about":[{"href":"https:\/\/hudo.com\/si\/wp-json\/wp\/v2\/types\/post"}],"author":[{"embeddable":true,"href":"https:\/\/hudo.com\/si\/wp-json\/wp\/v2\/users\/5"}],"replies":[{"embeddable":true,"href":"https:\/\/hudo.com\/si\/wp-json\/wp\/v2\/comments?post=449150"}],"version-history":[{"count":1,"href":"https:\/\/hudo.com\/si\/wp-json\/wp\/v2\/posts\/449150\/revisions"}],"predecessor-version":[{"id":449151,"href":"https:\/\/hudo.com\/si\/wp-json\/wp\/v2\/posts\/449150\/revisions\/449151"}],"wp:featuredmedia":[{"embeddable":true,"href":"https:\/\/hudo.com\/si\/wp-json\/wp\/v2\/media\/420004"}],"wp:attachment":[{"href":"https:\/\/hudo.com\/si\/wp-json\/wp\/v2\/media?parent=449150"}],"wp:term":[{"taxonomy":"category","embeddable":true,"href":"https:\/\/hudo.com\/si\/wp-json\/wp\/v2\/categories?post=449150"},{"taxonomy":"post_tag","embeddable":true,"href":"https:\/\/hudo.com\/si\/wp-json\/wp\/v2\/tags?post=449150"},{"taxonomy":"source","embeddable":true,"href":"https:\/\/hudo.com\/si\/wp-json\/wp\/v2\/source?post=449150"},{"taxonomy":"supertag","embeddable":true,"href":"https:\/\/hudo.com\/si\/wp-json\/wp\/v2\/supertag?post=449150"}],"curies":[{"name":"wp","href":"https:\/\/api.w.org\/{rel}","templated":true}]}}