{"id":449174,"date":"2021-04-08T14:23:08","date_gmt":"2021-04-08T12:23:08","guid":{"rendered":"https:\/\/hudo.com\/si\/?p=449174"},"modified":"2021-04-08T14:23:08","modified_gmt":"2021-04-08T12:23:08","slug":"v-avstriji-bodo-cepivo-proti-covidu-19-podjetja-astrazeneca-se-naprej-uporabljali-v-vseh-dezelah-in-za-vse-starostne-skupine","status":"publish","type":"post","link":"https:\/\/hudo.com\/si\/aktualno\/svet\/v-avstriji-bodo-cepivo-proti-covidu-19-podjetja-astrazeneca-se-naprej-uporabljali-v-vseh-dezelah-in-za-vse-starostne-skupine\/","title":{"rendered":"V Avstriji bodo cepivo proti covidu-19 podjetja AstraZeneca \u0161e naprej uporabljali v vseh de\u017eelah in za vse starostne skupine"},"content":{"rendered":"<p>Ema je po ve\u010d tednih ugibanj in vpra\u0161anj v sredo javnosti sporo\u010dila ugotovitev, da je treba neobi\u010dajne krvne strdke v kombinaciji z nizko ravnijo trombocitov opredeliti kot zelo redke stranske u\u010dinke cepiva.<\/p>\n<p>Ve\u010dina dosedanjih primerov se je pojavila pri \u017eenskah, mlaj\u0161ih od 60 let. A na podlagi trenutno razpolo\u017eljivih dognanj Ema ne more potrditi posebnih dejavnikov tveganja, kot sta starost ali spol.<\/p>\n<p>Obenem je agencija potrdila, da koristi ostajajo ve\u010dje od tveganj, in pristojne pozvala k nadaljnji uporabi cepiva.<\/p>\n<p>Avstrija se je odlo\u010dile temu priporo\u010dilu Eme slediti, so sporo\u010dili z zdravstvenega ministrstva. &#8220;Pozitiven odnos med koristmi in tveganji je bil potrjen pri ljudeh vseh starostnih skupinah in vsakega spola,&#8221; so zapisali. &#8220;Zaradi tega bo tudi \u0161e naprej vsako odobreno cepivo priporo\u010deno za vse skupine,&#8221; so dodali po poro\u010danju avstrijske tiskovne agencije APA.<\/p>\n<p>V Evropi sicer v razli\u010dnih dr\u017eavah \u017ee dlje \u010dasa veljajo razli\u010dna pravila glede cepljenja z AstraZeneco. Nem\u010dija in Nizozemska denimo priporo\u010data zgolj cepljenje starej\u0161ih od 60 let, Francija je spodnjo mejo postavila pri 55 letih.<\/p>\n<p>Po sredini objavi Eme sta se \u0160panija in Italija odlo\u010dili z njim cepiti le starej\u0161e od 60, Belgija pa starej\u0161e od 55 let.<\/p>\n<p>Dogovora o enotnih smernicah glede uporabe cepiva ministri za zdravje na sredinem sestanku niso dosegli.<\/p>\n<p>Poleg skrbi glede stranskih u\u010dinkov je sicer AstraZeneca na udaru tudi zaradi velikih zamud pri dobavi cepiva dr\u017eavam \u010dlanicam EU.<\/p>\n<p>S tem ima Avstrija znova te\u017eave, saj je ta teden odpadla celotna dobava predvidenih 5.090 stekleni\u010dk cepiva. Dostava je prelo\u017eena na naslednji teden, ko bo po\u0161iljka za skoraj polovico manj\u0161a &#8211; prejeli jih bodo 2640, \u0161e pi\u0161e APA.<\/p>\n","protected":false},"excerpt":{"rendered":"<p>Tako so sklenili na posvetu ministrstva za zdravje z zdravstvenimi oblastmi posameznih de\u017eel po objavi Evropske agencije za zdravila, da so dolo\u010dene motnje strjevanja krvi redek stranski u\u010dinek cepiva AstraZenece.<\/p>\n","protected":false},"author":8,"featured_media":441285,"comment_status":"closed","ping_status":"closed","sticky":false,"template":"","format":"standard","meta":{"footnotes":""},"categories":[18202],"tags":[17647,1934,17969,15632],"source":[4511],"supertag":[],"acf":[],"yoast_head":"<!-- This site is optimized with the Yoast SEO plugin v21.3 - https:\/\/yoast.com\/wordpress\/plugins\/seo\/ -->\n<title>V Avstriji bodo cepivo proti covidu-19 podjetja AstraZeneca \u0161e naprej uporabljali v vseh de\u017eelah in za vse starostne skupine - Hudo Slovenija<\/title>\n<meta name=\"robots\" content=\"index, follow, max-snippet:-1, max-image-preview:large, max-video-preview:-1\" \/>\n<link rel=\"canonical\" href=\"https:\/\/hudo.com\/si\/aktualno\/svet\/v-avstriji-bodo-cepivo-proti-covidu-19-podjetja-astrazeneca-se-naprej-uporabljali-v-vseh-dezelah-in-za-vse-starostne-skupine\/\" \/>\n<meta property=\"og:locale\" content=\"sl_SI\" \/>\n<meta property=\"og:type\" content=\"article\" \/>\n<meta property=\"og:title\" content=\"V Avstriji bodo cepivo proti covidu-19 podjetja AstraZeneca \u0161e naprej uporabljali v vseh de\u017eelah in za vse starostne skupine - Hudo Slovenija\" \/>\n<meta property=\"og:description\" content=\"Tako so sklenili na posvetu ministrstva za zdravje z zdravstvenimi oblastmi posameznih de\u017eel po objavi Evropske agencije za zdravila, da so dolo\u010dene motnje strjevanja krvi redek stranski u\u010dinek cepiva AstraZenece.\" \/>\n<meta property=\"og:url\" content=\"https:\/\/hudo.com\/si\/aktualno\/svet\/v-avstriji-bodo-cepivo-proti-covidu-19-podjetja-astrazeneca-se-naprej-uporabljali-v-vseh-dezelah-in-za-vse-starostne-skupine\/\" \/>\n<meta property=\"og:site_name\" content=\"Hudo Slovenija\" \/>\n<meta property=\"article:publisher\" content=\"https:\/\/www.facebook.com\/hudo.si\" \/>\n<meta property=\"article:published_time\" content=\"2021-04-08T12:23:08+00:00\" \/>\n<meta property=\"og:image\" content=\"https:\/\/hudo.com\/si\/wp-content\/uploads\/sites\/2\/2020\/12\/profimedia-0579491000.jpg\" \/>\n\t<meta property=\"og:image:width\" content=\"1250\" \/>\n\t<meta property=\"og:image:height\" content=\"833\" \/>\n\t<meta property=\"og:image:type\" content=\"image\/jpeg\" \/>\n<meta name=\"author\" content=\"M. N., STA\" \/>\n<meta name=\"twitter:card\" content=\"summary_large_image\" \/>\n<meta name=\"twitter:creator\" content=\"@hudo_si\" \/>\n<meta name=\"twitter:site\" content=\"@hudo_si\" \/>\n<meta name=\"twitter:label1\" content=\"Written by\" \/>\n\t<meta name=\"twitter:data1\" content=\"M. N., STA\" \/>\n\t<meta name=\"twitter:label2\" content=\"Est. reading time\" \/>\n\t<meta name=\"twitter:data2\" content=\"1 minuta\" \/>\n<script type=\"application\/ld+json\" class=\"yoast-schema-graph\">{\"@context\":\"https:\/\/schema.org\",\"@graph\":[{\"@type\":\"Article\",\"@id\":\"https:\/\/hudo.com\/si\/aktualno\/svet\/v-avstriji-bodo-cepivo-proti-covidu-19-podjetja-astrazeneca-se-naprej-uporabljali-v-vseh-dezelah-in-za-vse-starostne-skupine\/#article\",\"isPartOf\":{\"@id\":\"https:\/\/hudo.com\/si\/aktualno\/svet\/v-avstriji-bodo-cepivo-proti-covidu-19-podjetja-astrazeneca-se-naprej-uporabljali-v-vseh-dezelah-in-za-vse-starostne-skupine\/\"},\"author\":{\"name\":\"M. N., STA\",\"@id\":\"https:\/\/hudo.com\/si\/#\/schema\/person\/c2f10ce65d2e6ede2aeda5be2a0611fa\"},\"headline\":\"V Avstriji bodo cepivo proti covidu-19 podjetja AstraZeneca \u0161e naprej uporabljali v vseh de\u017eelah in za vse starostne skupine\",\"datePublished\":\"2021-04-08T12:23:08+00:00\",\"dateModified\":\"2021-04-08T12:23:08+00:00\",\"mainEntityOfPage\":{\"@id\":\"https:\/\/hudo.com\/si\/aktualno\/svet\/v-avstriji-bodo-cepivo-proti-covidu-19-podjetja-astrazeneca-se-naprej-uporabljali-v-vseh-dezelah-in-za-vse-starostne-skupine\/\"},\"wordCount\":306,\"publisher\":{\"@id\":\"https:\/\/hudo.com\/si\/#organization\"},\"keywords\":[\"AstraZeneca\",\"Avstrija\",\"cepljenje proti covid-19\",\"koronavirus\"],\"articleSection\":[\"Svet\"],\"inLanguage\":\"sl-SI\"},{\"@type\":\"WebPage\",\"@id\":\"https:\/\/hudo.com\/si\/aktualno\/svet\/v-avstriji-bodo-cepivo-proti-covidu-19-podjetja-astrazeneca-se-naprej-uporabljali-v-vseh-dezelah-in-za-vse-starostne-skupine\/\",\"url\":\"https:\/\/hudo.com\/si\/aktualno\/svet\/v-avstriji-bodo-cepivo-proti-covidu-19-podjetja-astrazeneca-se-naprej-uporabljali-v-vseh-dezelah-in-za-vse-starostne-skupine\/\",\"name\":\"V Avstriji bodo cepivo proti covidu-19 podjetja AstraZeneca \u0161e naprej uporabljali v vseh de\u017eelah in za vse starostne skupine - Hudo Slovenija\",\"isPartOf\":{\"@id\":\"https:\/\/hudo.com\/si\/#website\"},\"datePublished\":\"2021-04-08T12:23:08+00:00\",\"dateModified\":\"2021-04-08T12:23:08+00:00\",\"breadcrumb\":{\"@id\":\"https:\/\/hudo.com\/si\/aktualno\/svet\/v-avstriji-bodo-cepivo-proti-covidu-19-podjetja-astrazeneca-se-naprej-uporabljali-v-vseh-dezelah-in-za-vse-starostne-skupine\/#breadcrumb\"},\"inLanguage\":\"sl-SI\",\"potentialAction\":[{\"@type\":\"ReadAction\",\"target\":[\"https:\/\/hudo.com\/si\/aktualno\/svet\/v-avstriji-bodo-cepivo-proti-covidu-19-podjetja-astrazeneca-se-naprej-uporabljali-v-vseh-dezelah-in-za-vse-starostne-skupine\/\"]}]},{\"@type\":\"BreadcrumbList\",\"@id\":\"https:\/\/hudo.com\/si\/aktualno\/svet\/v-avstriji-bodo-cepivo-proti-covidu-19-podjetja-astrazeneca-se-naprej-uporabljali-v-vseh-dezelah-in-za-vse-starostne-skupine\/#breadcrumb\",\"itemListElement\":[{\"@type\":\"ListItem\",\"position\":1,\"name\":\"Home\",\"item\":\"https:\/\/hudo.com\/si\/\"},{\"@type\":\"ListItem\",\"position\":2,\"name\":\"V Avstriji bodo cepivo proti covidu-19 podjetja AstraZeneca \u0161e naprej uporabljali v vseh de\u017eelah in za vse starostne skupine\"}]},{\"@type\":\"WebSite\",\"@id\":\"https:\/\/hudo.com\/si\/#website\",\"url\":\"https:\/\/hudo.com\/si\/\",\"name\":\"Hudo Slovenija\",\"description\":\"Vse novice iz Slovenije in sveta\",\"publisher\":{\"@id\":\"https:\/\/hudo.com\/si\/#organization\"},\"potentialAction\":[{\"@type\":\"SearchAction\",\"target\":{\"@type\":\"EntryPoint\",\"urlTemplate\":\"https:\/\/hudo.com\/si\/?s={search_term_string}\"},\"query-input\":\"required name=search_term_string\"}],\"inLanguage\":\"sl-SI\"},{\"@type\":\"Organization\",\"@id\":\"https:\/\/hudo.com\/si\/#organization\",\"name\":\"VSN Media\",\"url\":\"https:\/\/hudo.com\/si\/\",\"logo\":{\"@type\":\"ImageObject\",\"inLanguage\":\"sl-SI\",\"@id\":\"https:\/\/hudo.com\/si\/#\/schema\/logo\/image\/\",\"url\":\"https:\/\/hudo.com\/si\/wp-content\/uploads\/sites\/2\/2021\/03\/hudo-app-2.png\",\"contentUrl\":\"https:\/\/hudo.com\/si\/wp-content\/uploads\/sites\/2\/2021\/03\/hudo-app-2.png\",\"width\":2185,\"height\":2167,\"caption\":\"VSN Media\"},\"image\":{\"@id\":\"https:\/\/hudo.com\/si\/#\/schema\/logo\/image\/\"},\"sameAs\":[\"https:\/\/www.facebook.com\/hudo.si\",\"https:\/\/twitter.com\/hudo_si\"]},{\"@type\":\"Person\",\"@id\":\"https:\/\/hudo.com\/si\/#\/schema\/person\/c2f10ce65d2e6ede2aeda5be2a0611fa\",\"name\":\"M. N., STA\",\"image\":{\"@type\":\"ImageObject\",\"inLanguage\":\"sl-SI\",\"@id\":\"https:\/\/hudo.com\/si\/#\/schema\/person\/image\/\",\"url\":\"https:\/\/secure.gravatar.com\/avatar\/f370d38daa10467f755c5c766a4cac20?s=96&d=mm&r=g\",\"contentUrl\":\"https:\/\/secure.gravatar.com\/avatar\/f370d38daa10467f755c5c766a4cac20?s=96&d=mm&r=g\",\"caption\":\"M. N., STA\"},\"url\":\"https:\/\/hudo.com\/si\/author\/mana\/\"}]}<\/script>\n<!-- \/ Yoast SEO plugin. -->","yoast_head_json":{"title":"V Avstriji bodo cepivo proti covidu-19 podjetja AstraZeneca \u0161e naprej uporabljali v vseh de\u017eelah in za vse starostne skupine - Hudo Slovenija","robots":{"index":"index","follow":"follow","max-snippet":"max-snippet:-1","max-image-preview":"max-image-preview:large","max-video-preview":"max-video-preview:-1"},"canonical":"https:\/\/hudo.com\/si\/aktualno\/svet\/v-avstriji-bodo-cepivo-proti-covidu-19-podjetja-astrazeneca-se-naprej-uporabljali-v-vseh-dezelah-in-za-vse-starostne-skupine\/","og_locale":"sl_SI","og_type":"article","og_title":"V Avstriji bodo cepivo proti covidu-19 podjetja AstraZeneca \u0161e naprej uporabljali v vseh de\u017eelah in za vse starostne skupine - Hudo Slovenija","og_description":"Tako so sklenili na posvetu ministrstva za zdravje z zdravstvenimi oblastmi posameznih de\u017eel po objavi Evropske agencije za zdravila, da so dolo\u010dene motnje strjevanja krvi redek stranski u\u010dinek cepiva AstraZenece.","og_url":"https:\/\/hudo.com\/si\/aktualno\/svet\/v-avstriji-bodo-cepivo-proti-covidu-19-podjetja-astrazeneca-se-naprej-uporabljali-v-vseh-dezelah-in-za-vse-starostne-skupine\/","og_site_name":"Hudo Slovenija","article_publisher":"https:\/\/www.facebook.com\/hudo.si","article_published_time":"2021-04-08T12:23:08+00:00","og_image":[{"width":1250,"height":833,"url":"https:\/\/hudo.com\/si\/wp-content\/uploads\/sites\/2\/2020\/12\/profimedia-0579491000.jpg","type":"image\/jpeg"}],"author":"M. N., STA","twitter_card":"summary_large_image","twitter_creator":"@hudo_si","twitter_site":"@hudo_si","twitter_misc":{"Written by":"M. N., STA","Est. reading time":"1 minuta"},"schema":{"@context":"https:\/\/schema.org","@graph":[{"@type":"Article","@id":"https:\/\/hudo.com\/si\/aktualno\/svet\/v-avstriji-bodo-cepivo-proti-covidu-19-podjetja-astrazeneca-se-naprej-uporabljali-v-vseh-dezelah-in-za-vse-starostne-skupine\/#article","isPartOf":{"@id":"https:\/\/hudo.com\/si\/aktualno\/svet\/v-avstriji-bodo-cepivo-proti-covidu-19-podjetja-astrazeneca-se-naprej-uporabljali-v-vseh-dezelah-in-za-vse-starostne-skupine\/"},"author":{"name":"M. N., STA","@id":"https:\/\/hudo.com\/si\/#\/schema\/person\/c2f10ce65d2e6ede2aeda5be2a0611fa"},"headline":"V Avstriji bodo cepivo proti covidu-19 podjetja AstraZeneca \u0161e naprej uporabljali v vseh de\u017eelah in za vse starostne skupine","datePublished":"2021-04-08T12:23:08+00:00","dateModified":"2021-04-08T12:23:08+00:00","mainEntityOfPage":{"@id":"https:\/\/hudo.com\/si\/aktualno\/svet\/v-avstriji-bodo-cepivo-proti-covidu-19-podjetja-astrazeneca-se-naprej-uporabljali-v-vseh-dezelah-in-za-vse-starostne-skupine\/"},"wordCount":306,"publisher":{"@id":"https:\/\/hudo.com\/si\/#organization"},"keywords":["AstraZeneca","Avstrija","cepljenje proti covid-19","koronavirus"],"articleSection":["Svet"],"inLanguage":"sl-SI"},{"@type":"WebPage","@id":"https:\/\/hudo.com\/si\/aktualno\/svet\/v-avstriji-bodo-cepivo-proti-covidu-19-podjetja-astrazeneca-se-naprej-uporabljali-v-vseh-dezelah-in-za-vse-starostne-skupine\/","url":"https:\/\/hudo.com\/si\/aktualno\/svet\/v-avstriji-bodo-cepivo-proti-covidu-19-podjetja-astrazeneca-se-naprej-uporabljali-v-vseh-dezelah-in-za-vse-starostne-skupine\/","name":"V Avstriji bodo cepivo proti covidu-19 podjetja AstraZeneca \u0161e naprej uporabljali v vseh de\u017eelah in za vse starostne skupine - Hudo Slovenija","isPartOf":{"@id":"https:\/\/hudo.com\/si\/#website"},"datePublished":"2021-04-08T12:23:08+00:00","dateModified":"2021-04-08T12:23:08+00:00","breadcrumb":{"@id":"https:\/\/hudo.com\/si\/aktualno\/svet\/v-avstriji-bodo-cepivo-proti-covidu-19-podjetja-astrazeneca-se-naprej-uporabljali-v-vseh-dezelah-in-za-vse-starostne-skupine\/#breadcrumb"},"inLanguage":"sl-SI","potentialAction":[{"@type":"ReadAction","target":["https:\/\/hudo.com\/si\/aktualno\/svet\/v-avstriji-bodo-cepivo-proti-covidu-19-podjetja-astrazeneca-se-naprej-uporabljali-v-vseh-dezelah-in-za-vse-starostne-skupine\/"]}]},{"@type":"BreadcrumbList","@id":"https:\/\/hudo.com\/si\/aktualno\/svet\/v-avstriji-bodo-cepivo-proti-covidu-19-podjetja-astrazeneca-se-naprej-uporabljali-v-vseh-dezelah-in-za-vse-starostne-skupine\/#breadcrumb","itemListElement":[{"@type":"ListItem","position":1,"name":"Home","item":"https:\/\/hudo.com\/si\/"},{"@type":"ListItem","position":2,"name":"V Avstriji bodo cepivo proti covidu-19 podjetja AstraZeneca \u0161e naprej uporabljali v vseh de\u017eelah in za vse starostne skupine"}]},{"@type":"WebSite","@id":"https:\/\/hudo.com\/si\/#website","url":"https:\/\/hudo.com\/si\/","name":"Hudo Slovenija","description":"Vse novice iz Slovenije in sveta","publisher":{"@id":"https:\/\/hudo.com\/si\/#organization"},"potentialAction":[{"@type":"SearchAction","target":{"@type":"EntryPoint","urlTemplate":"https:\/\/hudo.com\/si\/?s={search_term_string}"},"query-input":"required name=search_term_string"}],"inLanguage":"sl-SI"},{"@type":"Organization","@id":"https:\/\/hudo.com\/si\/#organization","name":"VSN Media","url":"https:\/\/hudo.com\/si\/","logo":{"@type":"ImageObject","inLanguage":"sl-SI","@id":"https:\/\/hudo.com\/si\/#\/schema\/logo\/image\/","url":"https:\/\/hudo.com\/si\/wp-content\/uploads\/sites\/2\/2021\/03\/hudo-app-2.png","contentUrl":"https:\/\/hudo.com\/si\/wp-content\/uploads\/sites\/2\/2021\/03\/hudo-app-2.png","width":2185,"height":2167,"caption":"VSN Media"},"image":{"@id":"https:\/\/hudo.com\/si\/#\/schema\/logo\/image\/"},"sameAs":["https:\/\/www.facebook.com\/hudo.si","https:\/\/twitter.com\/hudo_si"]},{"@type":"Person","@id":"https:\/\/hudo.com\/si\/#\/schema\/person\/c2f10ce65d2e6ede2aeda5be2a0611fa","name":"M. N., STA","image":{"@type":"ImageObject","inLanguage":"sl-SI","@id":"https:\/\/hudo.com\/si\/#\/schema\/person\/image\/","url":"https:\/\/secure.gravatar.com\/avatar\/f370d38daa10467f755c5c766a4cac20?s=96&d=mm&r=g","contentUrl":"https:\/\/secure.gravatar.com\/avatar\/f370d38daa10467f755c5c766a4cac20?s=96&d=mm&r=g","caption":"M. N., STA"},"url":"https:\/\/hudo.com\/si\/author\/mana\/"}]}},"amp_enabled":true,"_links":{"self":[{"href":"https:\/\/hudo.com\/si\/wp-json\/wp\/v2\/posts\/449174"}],"collection":[{"href":"https:\/\/hudo.com\/si\/wp-json\/wp\/v2\/posts"}],"about":[{"href":"https:\/\/hudo.com\/si\/wp-json\/wp\/v2\/types\/post"}],"author":[{"embeddable":true,"href":"https:\/\/hudo.com\/si\/wp-json\/wp\/v2\/users\/8"}],"replies":[{"embeddable":true,"href":"https:\/\/hudo.com\/si\/wp-json\/wp\/v2\/comments?post=449174"}],"version-history":[{"count":1,"href":"https:\/\/hudo.com\/si\/wp-json\/wp\/v2\/posts\/449174\/revisions"}],"predecessor-version":[{"id":449175,"href":"https:\/\/hudo.com\/si\/wp-json\/wp\/v2\/posts\/449174\/revisions\/449175"}],"wp:featuredmedia":[{"embeddable":true,"href":"https:\/\/hudo.com\/si\/wp-json\/wp\/v2\/media\/441285"}],"wp:attachment":[{"href":"https:\/\/hudo.com\/si\/wp-json\/wp\/v2\/media?parent=449174"}],"wp:term":[{"taxonomy":"category","embeddable":true,"href":"https:\/\/hudo.com\/si\/wp-json\/wp\/v2\/categories?post=449174"},{"taxonomy":"post_tag","embeddable":true,"href":"https:\/\/hudo.com\/si\/wp-json\/wp\/v2\/tags?post=449174"},{"taxonomy":"source","embeddable":true,"href":"https:\/\/hudo.com\/si\/wp-json\/wp\/v2\/source?post=449174"},{"taxonomy":"supertag","embeddable":true,"href":"https:\/\/hudo.com\/si\/wp-json\/wp\/v2\/supertag?post=449174"}],"curies":[{"name":"wp","href":"https:\/\/api.w.org\/{rel}","templated":true}]}}