{"id":449271,"date":"2021-04-09T13:44:59","date_gmt":"2021-04-09T11:44:59","guid":{"rendered":"https:\/\/hudo.com\/si\/?p=449271"},"modified":"2021-04-09T13:44:59","modified_gmt":"2021-04-09T11:44:59","slug":"pozor-medvedi-po-sloveniji-so-se-zbudili-iz-zimskega-spanja-in-so-na-pohodu-sprehajalce-in-pohodnike-opozarjajo-naj-bodo-previdni-pse-pa-naj-imajo-na-povodcih","status":"publish","type":"post","link":"https:\/\/hudo.com\/si\/aktualno\/slovenija\/pozor-medvedi-po-sloveniji-so-se-zbudili-iz-zimskega-spanja-in-so-na-pohodu-sprehajalce-in-pohodnike-opozarjajo-naj-bodo-previdni-pse-pa-naj-imajo-na-povodcih\/","title":{"rendered":"Pozor, medvedi po Sloveniji so se zbudili iz zimskega spanja in so na pohodu: Sprehajalce in pohodnike opozarjajo, naj bodo previdni, pse pa naj imajo na povodcih"},"content":{"rendered":"<p>Predstavniki Lovske dru\u017eine Rade\u010de medvedjo dru\u017eino na tem obmo\u010dju spremljajo \u017ee nekaj dni in v sodelovanju s policisti ob\u010dane ter pohodnike opozarjajo na prisotnost medvedov, so zapisali na celjski policijski upravi.<\/p>\n<p>Tudi na obmo\u010dju Petrov\u010d so policisti v sodelovanju s predstavnikom zavoda za gozdove sprehajalce \u017ee opozarjali na medveda. Problem na sprehajalnih poteh lahko predstavljajo psi, ki niso na povodcu in napadejo medveda, ker \u017eelijo za\u0161\u010dititi lastnika, so pojasnili. &#8220;Pes se bo zapodil proti medvedu, medved pa se bo branil. Pes se bo prestra\u0161il ali umaknil in pritekel nazaj k lastniku. Medved bo \u0161el za njim in v tem primeru lahko napade tudi lastnika,&#8221; so poudarili.<\/p>\n<p>Najmanj dva medveda pa se od konca marca gibljeta tudi na Koro\u0161kem. Kot je v za\u010detku tedna poro\u010dal spletni portal koroskenovice.si, so v soboto lovci iz Slovenj Gradca potrdili, da sta na obmo\u010dju med Slovenj Gradcem in Ur\u0161ljo goro trenutno kar dva kosmatinca, lovci pa ocenjujejo, da se tretji medved nahaja \u0161e na Peci.<\/p>\n<p>Policisti svetujejo, naj se na omenjenih obmo\u010djih pohodniki zadr\u017eujejo \u010dim manj. \u010ce to vseeno po\u010dnejo, naj bodo glasni in s tem medveda opozorijo na svojo prisotnost. \u017dival se bo praviloma umaknila. A kljub temu, da je mo\u017enost ponovnega sre\u010danja na teh obmo\u010djih z medvedi majhna, sprehajalce in pohodnike opozarjajo, naj bodo previdni, pse pa naj imajo na povodcih.<\/p>\n<p>Ve\u010d nasvetov, kako ravnati ob sre\u010danju z medvedom, je na voljo na strani Zavoda za gozdove Slovenije, so \u0161e navedli na celjski policijski upravi.<\/p>\n","protected":false},"excerpt":{"rendered":"<p> V no\u010di na danes je medved na obmo\u010dju Rade\u010d v koko\u0161njaku pokon\u010dal in odnesel nekaj koko\u0161i. Medveda je opazila tudi sprehajalka na pe\u0161poti ob Savinji na obmo\u010dju Petrov\u010d, so sporo\u010dili s Policijske uprave (PU) Celje. Prav tako se najmanj dva medveda od konca marca gibljeta na Koro\u0161kem.<\/p>\n","protected":false},"author":8,"featured_media":374230,"comment_status":"closed","ping_status":"closed","sticky":false,"template":"","format":"standard","meta":{"footnotes":""},"categories":[18201],"tags":[2198,1595],"source":[4511],"supertag":[5675],"acf":[],"yoast_head":"<!-- This site is optimized with the Yoast SEO plugin v21.3 - https:\/\/yoast.com\/wordpress\/plugins\/seo\/ -->\n<title>Pozor, medvedi po Sloveniji so se zbudili iz zimskega spanja in so na pohodu: Sprehajalce in pohodnike opozarjajo, naj bodo previdni, pse pa naj imajo na povodcih - Hudo Slovenija<\/title>\n<meta name=\"robots\" content=\"index, follow, max-snippet:-1, max-image-preview:large, max-video-preview:-1\" \/>\n<link rel=\"canonical\" href=\"https:\/\/hudo.com\/si\/aktualno\/slovenija\/pozor-medvedi-po-sloveniji-so-se-zbudili-iz-zimskega-spanja-in-so-na-pohodu-sprehajalce-in-pohodnike-opozarjajo-naj-bodo-previdni-pse-pa-naj-imajo-na-povodcih\/\" \/>\n<meta property=\"og:locale\" content=\"sl_SI\" \/>\n<meta property=\"og:type\" content=\"article\" \/>\n<meta property=\"og:title\" content=\"Pozor, medvedi po Sloveniji so se zbudili iz zimskega spanja in so na pohodu: Sprehajalce in pohodnike opozarjajo, naj bodo previdni, pse pa naj imajo na povodcih - Hudo Slovenija\" \/>\n<meta property=\"og:description\" content=\"V no\u010di na danes je medved na obmo\u010dju Rade\u010d v koko\u0161njaku pokon\u010dal in odnesel nekaj koko\u0161i. Medveda je opazila tudi sprehajalka na pe\u0161poti ob Savinji na obmo\u010dju Petrov\u010d, so sporo\u010dili s Policijske uprave (PU) Celje. Prav tako se najmanj dva medveda od konca marca gibljeta na Koro\u0161kem.\" \/>\n<meta property=\"og:url\" content=\"https:\/\/hudo.com\/si\/aktualno\/slovenija\/pozor-medvedi-po-sloveniji-so-se-zbudili-iz-zimskega-spanja-in-so-na-pohodu-sprehajalce-in-pohodnike-opozarjajo-naj-bodo-previdni-pse-pa-naj-imajo-na-povodcih\/\" \/>\n<meta property=\"og:site_name\" content=\"Hudo Slovenija\" \/>\n<meta property=\"article:publisher\" content=\"https:\/\/www.facebook.com\/hudo.si\" \/>\n<meta property=\"article:published_time\" content=\"2021-04-09T11:44:59+00:00\" \/>\n<meta property=\"og:image\" content=\"https:\/\/hudo.com\/si\/wp-content\/uploads\/sites\/2\/2018\/07\/profimedia-0373081493.jpg\" \/>\n\t<meta property=\"og:image:width\" content=\"1250\" \/>\n\t<meta property=\"og:image:height\" content=\"795\" \/>\n\t<meta property=\"og:image:type\" content=\"image\/jpeg\" \/>\n<meta name=\"author\" content=\"M. N., STA\" \/>\n<meta name=\"twitter:card\" content=\"summary_large_image\" \/>\n<meta name=\"twitter:creator\" content=\"@hudo_si\" \/>\n<meta name=\"twitter:site\" content=\"@hudo_si\" \/>\n<meta name=\"twitter:label1\" content=\"Written by\" \/>\n\t<meta name=\"twitter:data1\" content=\"M. N., STA\" \/>\n\t<meta name=\"twitter:label2\" content=\"Est. reading time\" \/>\n\t<meta name=\"twitter:data2\" content=\"1 minuta\" \/>\n<script type=\"application\/ld+json\" class=\"yoast-schema-graph\">{\"@context\":\"https:\/\/schema.org\",\"@graph\":[{\"@type\":\"Article\",\"@id\":\"https:\/\/hudo.com\/si\/aktualno\/slovenija\/pozor-medvedi-po-sloveniji-so-se-zbudili-iz-zimskega-spanja-in-so-na-pohodu-sprehajalce-in-pohodnike-opozarjajo-naj-bodo-previdni-pse-pa-naj-imajo-na-povodcih\/#article\",\"isPartOf\":{\"@id\":\"https:\/\/hudo.com\/si\/aktualno\/slovenija\/pozor-medvedi-po-sloveniji-so-se-zbudili-iz-zimskega-spanja-in-so-na-pohodu-sprehajalce-in-pohodnike-opozarjajo-naj-bodo-previdni-pse-pa-naj-imajo-na-povodcih\/\"},\"author\":{\"name\":\"M. N., STA\",\"@id\":\"https:\/\/hudo.com\/si\/#\/schema\/person\/c2f10ce65d2e6ede2aeda5be2a0611fa\"},\"headline\":\"Pozor, medvedi po Sloveniji so se zbudili iz zimskega spanja in so na pohodu: Sprehajalce in pohodnike opozarjajo, naj bodo previdni, pse pa naj imajo na povodcih\",\"datePublished\":\"2021-04-09T11:44:59+00:00\",\"dateModified\":\"2021-04-09T11:44:59+00:00\",\"mainEntityOfPage\":{\"@id\":\"https:\/\/hudo.com\/si\/aktualno\/slovenija\/pozor-medvedi-po-sloveniji-so-se-zbudili-iz-zimskega-spanja-in-so-na-pohodu-sprehajalce-in-pohodnike-opozarjajo-naj-bodo-previdni-pse-pa-naj-imajo-na-povodcih\/\"},\"wordCount\":290,\"publisher\":{\"@id\":\"https:\/\/hudo.com\/si\/#organization\"},\"keywords\":[\"medved\",\"Slovenija\"],\"articleSection\":[\"Slovenija\"],\"inLanguage\":\"sl-SI\"},{\"@type\":\"WebPage\",\"@id\":\"https:\/\/hudo.com\/si\/aktualno\/slovenija\/pozor-medvedi-po-sloveniji-so-se-zbudili-iz-zimskega-spanja-in-so-na-pohodu-sprehajalce-in-pohodnike-opozarjajo-naj-bodo-previdni-pse-pa-naj-imajo-na-povodcih\/\",\"url\":\"https:\/\/hudo.com\/si\/aktualno\/slovenija\/pozor-medvedi-po-sloveniji-so-se-zbudili-iz-zimskega-spanja-in-so-na-pohodu-sprehajalce-in-pohodnike-opozarjajo-naj-bodo-previdni-pse-pa-naj-imajo-na-povodcih\/\",\"name\":\"Pozor, medvedi po Sloveniji so se zbudili iz zimskega spanja in so na pohodu: Sprehajalce in pohodnike opozarjajo, naj bodo previdni, pse pa naj imajo na povodcih - Hudo Slovenija\",\"isPartOf\":{\"@id\":\"https:\/\/hudo.com\/si\/#website\"},\"datePublished\":\"2021-04-09T11:44:59+00:00\",\"dateModified\":\"2021-04-09T11:44:59+00:00\",\"breadcrumb\":{\"@id\":\"https:\/\/hudo.com\/si\/aktualno\/slovenija\/pozor-medvedi-po-sloveniji-so-se-zbudili-iz-zimskega-spanja-in-so-na-pohodu-sprehajalce-in-pohodnike-opozarjajo-naj-bodo-previdni-pse-pa-naj-imajo-na-povodcih\/#breadcrumb\"},\"inLanguage\":\"sl-SI\",\"potentialAction\":[{\"@type\":\"ReadAction\",\"target\":[\"https:\/\/hudo.com\/si\/aktualno\/slovenija\/pozor-medvedi-po-sloveniji-so-se-zbudili-iz-zimskega-spanja-in-so-na-pohodu-sprehajalce-in-pohodnike-opozarjajo-naj-bodo-previdni-pse-pa-naj-imajo-na-povodcih\/\"]}]},{\"@type\":\"BreadcrumbList\",\"@id\":\"https:\/\/hudo.com\/si\/aktualno\/slovenija\/pozor-medvedi-po-sloveniji-so-se-zbudili-iz-zimskega-spanja-in-so-na-pohodu-sprehajalce-in-pohodnike-opozarjajo-naj-bodo-previdni-pse-pa-naj-imajo-na-povodcih\/#breadcrumb\",\"itemListElement\":[{\"@type\":\"ListItem\",\"position\":1,\"name\":\"Home\",\"item\":\"https:\/\/hudo.com\/si\/\"},{\"@type\":\"ListItem\",\"position\":2,\"name\":\"Pozor, medvedi po Sloveniji so se zbudili iz zimskega spanja in so na pohodu: Sprehajalce in pohodnike opozarjajo, naj bodo previdni, pse pa naj imajo na povodcih\"}]},{\"@type\":\"WebSite\",\"@id\":\"https:\/\/hudo.com\/si\/#website\",\"url\":\"https:\/\/hudo.com\/si\/\",\"name\":\"Hudo Slovenija\",\"description\":\"Vse novice iz Slovenije in sveta\",\"publisher\":{\"@id\":\"https:\/\/hudo.com\/si\/#organization\"},\"potentialAction\":[{\"@type\":\"SearchAction\",\"target\":{\"@type\":\"EntryPoint\",\"urlTemplate\":\"https:\/\/hudo.com\/si\/?s={search_term_string}\"},\"query-input\":\"required name=search_term_string\"}],\"inLanguage\":\"sl-SI\"},{\"@type\":\"Organization\",\"@id\":\"https:\/\/hudo.com\/si\/#organization\",\"name\":\"VSN Media\",\"url\":\"https:\/\/hudo.com\/si\/\",\"logo\":{\"@type\":\"ImageObject\",\"inLanguage\":\"sl-SI\",\"@id\":\"https:\/\/hudo.com\/si\/#\/schema\/logo\/image\/\",\"url\":\"https:\/\/hudo.com\/si\/wp-content\/uploads\/sites\/2\/2021\/03\/hudo-app-2.png\",\"contentUrl\":\"https:\/\/hudo.com\/si\/wp-content\/uploads\/sites\/2\/2021\/03\/hudo-app-2.png\",\"width\":2185,\"height\":2167,\"caption\":\"VSN Media\"},\"image\":{\"@id\":\"https:\/\/hudo.com\/si\/#\/schema\/logo\/image\/\"},\"sameAs\":[\"https:\/\/www.facebook.com\/hudo.si\",\"https:\/\/twitter.com\/hudo_si\"]},{\"@type\":\"Person\",\"@id\":\"https:\/\/hudo.com\/si\/#\/schema\/person\/c2f10ce65d2e6ede2aeda5be2a0611fa\",\"name\":\"M. N., STA\",\"image\":{\"@type\":\"ImageObject\",\"inLanguage\":\"sl-SI\",\"@id\":\"https:\/\/hudo.com\/si\/#\/schema\/person\/image\/\",\"url\":\"https:\/\/secure.gravatar.com\/avatar\/f370d38daa10467f755c5c766a4cac20?s=96&d=mm&r=g\",\"contentUrl\":\"https:\/\/secure.gravatar.com\/avatar\/f370d38daa10467f755c5c766a4cac20?s=96&d=mm&r=g\",\"caption\":\"M. N., STA\"},\"url\":\"https:\/\/hudo.com\/si\/author\/mana\/\"}]}<\/script>\n<!-- \/ Yoast SEO plugin. -->","yoast_head_json":{"title":"Pozor, medvedi po Sloveniji so se zbudili iz zimskega spanja in so na pohodu: Sprehajalce in pohodnike opozarjajo, naj bodo previdni, pse pa naj imajo na povodcih - Hudo Slovenija","robots":{"index":"index","follow":"follow","max-snippet":"max-snippet:-1","max-image-preview":"max-image-preview:large","max-video-preview":"max-video-preview:-1"},"canonical":"https:\/\/hudo.com\/si\/aktualno\/slovenija\/pozor-medvedi-po-sloveniji-so-se-zbudili-iz-zimskega-spanja-in-so-na-pohodu-sprehajalce-in-pohodnike-opozarjajo-naj-bodo-previdni-pse-pa-naj-imajo-na-povodcih\/","og_locale":"sl_SI","og_type":"article","og_title":"Pozor, medvedi po Sloveniji so se zbudili iz zimskega spanja in so na pohodu: Sprehajalce in pohodnike opozarjajo, naj bodo previdni, pse pa naj imajo na povodcih - Hudo Slovenija","og_description":"V no\u010di na danes je medved na obmo\u010dju Rade\u010d v koko\u0161njaku pokon\u010dal in odnesel nekaj koko\u0161i. Medveda je opazila tudi sprehajalka na pe\u0161poti ob Savinji na obmo\u010dju Petrov\u010d, so sporo\u010dili s Policijske uprave (PU) Celje. Prav tako se najmanj dva medveda od konca marca gibljeta na Koro\u0161kem.","og_url":"https:\/\/hudo.com\/si\/aktualno\/slovenija\/pozor-medvedi-po-sloveniji-so-se-zbudili-iz-zimskega-spanja-in-so-na-pohodu-sprehajalce-in-pohodnike-opozarjajo-naj-bodo-previdni-pse-pa-naj-imajo-na-povodcih\/","og_site_name":"Hudo Slovenija","article_publisher":"https:\/\/www.facebook.com\/hudo.si","article_published_time":"2021-04-09T11:44:59+00:00","og_image":[{"width":1250,"height":795,"url":"https:\/\/hudo.com\/si\/wp-content\/uploads\/sites\/2\/2018\/07\/profimedia-0373081493.jpg","type":"image\/jpeg"}],"author":"M. N., STA","twitter_card":"summary_large_image","twitter_creator":"@hudo_si","twitter_site":"@hudo_si","twitter_misc":{"Written by":"M. N., STA","Est. reading time":"1 minuta"},"schema":{"@context":"https:\/\/schema.org","@graph":[{"@type":"Article","@id":"https:\/\/hudo.com\/si\/aktualno\/slovenija\/pozor-medvedi-po-sloveniji-so-se-zbudili-iz-zimskega-spanja-in-so-na-pohodu-sprehajalce-in-pohodnike-opozarjajo-naj-bodo-previdni-pse-pa-naj-imajo-na-povodcih\/#article","isPartOf":{"@id":"https:\/\/hudo.com\/si\/aktualno\/slovenija\/pozor-medvedi-po-sloveniji-so-se-zbudili-iz-zimskega-spanja-in-so-na-pohodu-sprehajalce-in-pohodnike-opozarjajo-naj-bodo-previdni-pse-pa-naj-imajo-na-povodcih\/"},"author":{"name":"M. N., STA","@id":"https:\/\/hudo.com\/si\/#\/schema\/person\/c2f10ce65d2e6ede2aeda5be2a0611fa"},"headline":"Pozor, medvedi po Sloveniji so se zbudili iz zimskega spanja in so na pohodu: Sprehajalce in pohodnike opozarjajo, naj bodo previdni, pse pa naj imajo na povodcih","datePublished":"2021-04-09T11:44:59+00:00","dateModified":"2021-04-09T11:44:59+00:00","mainEntityOfPage":{"@id":"https:\/\/hudo.com\/si\/aktualno\/slovenija\/pozor-medvedi-po-sloveniji-so-se-zbudili-iz-zimskega-spanja-in-so-na-pohodu-sprehajalce-in-pohodnike-opozarjajo-naj-bodo-previdni-pse-pa-naj-imajo-na-povodcih\/"},"wordCount":290,"publisher":{"@id":"https:\/\/hudo.com\/si\/#organization"},"keywords":["medved","Slovenija"],"articleSection":["Slovenija"],"inLanguage":"sl-SI"},{"@type":"WebPage","@id":"https:\/\/hudo.com\/si\/aktualno\/slovenija\/pozor-medvedi-po-sloveniji-so-se-zbudili-iz-zimskega-spanja-in-so-na-pohodu-sprehajalce-in-pohodnike-opozarjajo-naj-bodo-previdni-pse-pa-naj-imajo-na-povodcih\/","url":"https:\/\/hudo.com\/si\/aktualno\/slovenija\/pozor-medvedi-po-sloveniji-so-se-zbudili-iz-zimskega-spanja-in-so-na-pohodu-sprehajalce-in-pohodnike-opozarjajo-naj-bodo-previdni-pse-pa-naj-imajo-na-povodcih\/","name":"Pozor, medvedi po Sloveniji so se zbudili iz zimskega spanja in so na pohodu: Sprehajalce in pohodnike opozarjajo, naj bodo previdni, pse pa naj imajo na povodcih - Hudo Slovenija","isPartOf":{"@id":"https:\/\/hudo.com\/si\/#website"},"datePublished":"2021-04-09T11:44:59+00:00","dateModified":"2021-04-09T11:44:59+00:00","breadcrumb":{"@id":"https:\/\/hudo.com\/si\/aktualno\/slovenija\/pozor-medvedi-po-sloveniji-so-se-zbudili-iz-zimskega-spanja-in-so-na-pohodu-sprehajalce-in-pohodnike-opozarjajo-naj-bodo-previdni-pse-pa-naj-imajo-na-povodcih\/#breadcrumb"},"inLanguage":"sl-SI","potentialAction":[{"@type":"ReadAction","target":["https:\/\/hudo.com\/si\/aktualno\/slovenija\/pozor-medvedi-po-sloveniji-so-se-zbudili-iz-zimskega-spanja-in-so-na-pohodu-sprehajalce-in-pohodnike-opozarjajo-naj-bodo-previdni-pse-pa-naj-imajo-na-povodcih\/"]}]},{"@type":"BreadcrumbList","@id":"https:\/\/hudo.com\/si\/aktualno\/slovenija\/pozor-medvedi-po-sloveniji-so-se-zbudili-iz-zimskega-spanja-in-so-na-pohodu-sprehajalce-in-pohodnike-opozarjajo-naj-bodo-previdni-pse-pa-naj-imajo-na-povodcih\/#breadcrumb","itemListElement":[{"@type":"ListItem","position":1,"name":"Home","item":"https:\/\/hudo.com\/si\/"},{"@type":"ListItem","position":2,"name":"Pozor, medvedi po Sloveniji so se zbudili iz zimskega spanja in so na pohodu: Sprehajalce in pohodnike opozarjajo, naj bodo previdni, pse pa naj imajo na povodcih"}]},{"@type":"WebSite","@id":"https:\/\/hudo.com\/si\/#website","url":"https:\/\/hudo.com\/si\/","name":"Hudo Slovenija","description":"Vse novice iz Slovenije in sveta","publisher":{"@id":"https:\/\/hudo.com\/si\/#organization"},"potentialAction":[{"@type":"SearchAction","target":{"@type":"EntryPoint","urlTemplate":"https:\/\/hudo.com\/si\/?s={search_term_string}"},"query-input":"required name=search_term_string"}],"inLanguage":"sl-SI"},{"@type":"Organization","@id":"https:\/\/hudo.com\/si\/#organization","name":"VSN Media","url":"https:\/\/hudo.com\/si\/","logo":{"@type":"ImageObject","inLanguage":"sl-SI","@id":"https:\/\/hudo.com\/si\/#\/schema\/logo\/image\/","url":"https:\/\/hudo.com\/si\/wp-content\/uploads\/sites\/2\/2021\/03\/hudo-app-2.png","contentUrl":"https:\/\/hudo.com\/si\/wp-content\/uploads\/sites\/2\/2021\/03\/hudo-app-2.png","width":2185,"height":2167,"caption":"VSN Media"},"image":{"@id":"https:\/\/hudo.com\/si\/#\/schema\/logo\/image\/"},"sameAs":["https:\/\/www.facebook.com\/hudo.si","https:\/\/twitter.com\/hudo_si"]},{"@type":"Person","@id":"https:\/\/hudo.com\/si\/#\/schema\/person\/c2f10ce65d2e6ede2aeda5be2a0611fa","name":"M. N., STA","image":{"@type":"ImageObject","inLanguage":"sl-SI","@id":"https:\/\/hudo.com\/si\/#\/schema\/person\/image\/","url":"https:\/\/secure.gravatar.com\/avatar\/f370d38daa10467f755c5c766a4cac20?s=96&d=mm&r=g","contentUrl":"https:\/\/secure.gravatar.com\/avatar\/f370d38daa10467f755c5c766a4cac20?s=96&d=mm&r=g","caption":"M. N., STA"},"url":"https:\/\/hudo.com\/si\/author\/mana\/"}]}},"amp_enabled":true,"_links":{"self":[{"href":"https:\/\/hudo.com\/si\/wp-json\/wp\/v2\/posts\/449271"}],"collection":[{"href":"https:\/\/hudo.com\/si\/wp-json\/wp\/v2\/posts"}],"about":[{"href":"https:\/\/hudo.com\/si\/wp-json\/wp\/v2\/types\/post"}],"author":[{"embeddable":true,"href":"https:\/\/hudo.com\/si\/wp-json\/wp\/v2\/users\/8"}],"replies":[{"embeddable":true,"href":"https:\/\/hudo.com\/si\/wp-json\/wp\/v2\/comments?post=449271"}],"version-history":[{"count":1,"href":"https:\/\/hudo.com\/si\/wp-json\/wp\/v2\/posts\/449271\/revisions"}],"predecessor-version":[{"id":449275,"href":"https:\/\/hudo.com\/si\/wp-json\/wp\/v2\/posts\/449271\/revisions\/449275"}],"wp:featuredmedia":[{"embeddable":true,"href":"https:\/\/hudo.com\/si\/wp-json\/wp\/v2\/media\/374230"}],"wp:attachment":[{"href":"https:\/\/hudo.com\/si\/wp-json\/wp\/v2\/media?parent=449271"}],"wp:term":[{"taxonomy":"category","embeddable":true,"href":"https:\/\/hudo.com\/si\/wp-json\/wp\/v2\/categories?post=449271"},{"taxonomy":"post_tag","embeddable":true,"href":"https:\/\/hudo.com\/si\/wp-json\/wp\/v2\/tags?post=449271"},{"taxonomy":"source","embeddable":true,"href":"https:\/\/hudo.com\/si\/wp-json\/wp\/v2\/source?post=449271"},{"taxonomy":"supertag","embeddable":true,"href":"https:\/\/hudo.com\/si\/wp-json\/wp\/v2\/supertag?post=449271"}],"curies":[{"name":"wp","href":"https:\/\/api.w.org\/{rel}","templated":true}]}}