{"id":449450,"date":"2021-04-13T08:15:49","date_gmt":"2021-04-13T06:15:49","guid":{"rendered":"https:\/\/hudo.com\/si\/?p=449450"},"modified":"2021-04-13T08:16:43","modified_gmt":"2021-04-13T06:16:43","slug":"danes-bo-marsikje-po-sloveniji-jutro-spet-snezeno-arso-opozarja-da-bo-primorska-avtocesta-tezje-prevozna","status":"publish","type":"post","link":"https:\/\/hudo.com\/si\/aktualno\/slovenija\/danes-bo-marsikje-po-sloveniji-jutro-spet-snezeno-arso-opozarja-da-bo-primorska-avtocesta-tezje-prevozna\/","title":{"rendered":"Danes bo marsikje po Sloveniji jutro spet sne\u017eeno, Arso opozarja, da bo primorska avtocesta te\u017eje prevozna"},"content":{"rendered":"<p>Zjutraj in dopoldne bo na prehodu med Notranjsko in Primorsko veter prena\u0161al sneg in gradil sne\u017ene zamete. Najmo\u010dnej\u0161i sunki burje bodo na izpostavljenih mestih dosegali hitrosti do okoli 100 kilometrov na uro. Zaradi tega bo predvsem primorska avtocesta te\u017eje prevozna, opozarjajo na agenciji za okolje.<\/p>\n<p>Nad 500 metri nadmorske vi\u0161ine bo predvidoma zapadlo od pet do deset centimetrov ju\u017enega snega, ponekod na Notranjskem, Ko\u010devskem in Dolenjskem pa do okoli 20 centimetrov.<\/p>\n<p>Meteorologi opozarjajo, da se sne\u017ene razmere v gorah hitro spreminjajo. Na obmo\u010dju zahodnih Julijcev bo predvidoma zapadlo tudi ve\u010d kot 50 centimetrov snega, drugje pa ve\u010dinoma od 20 do 50 centimetrov. Nevarnost pro\u017eenja sne\u017enih plazov se pove\u010duje, opozarjajo.<\/p>\n<p>Zaradi obilnega de\u017eevja na zahodu Slovenije bodo reke v zahodni, ju\u017eni in v osrednji Sloveniji nara\u0161\u010dale in se lahko na Primorskem danes na obi\u010dajnih mestih razlijejo ob strugi.<\/p>\n<p>Po kraj\u0161em obdobju toplej\u0161ega vremena, ko se je temperatura zraka pribli\u017eala povpre\u010dnim vrednostim, pa bo hladno vreme nad Slovenijo vztrajalo ves teden. Dnevna temperatura zraka bo okoli 10 stopinj Celzija, zjutraj bo tudi pod ledi\u0161\u010dem. Ohladitev ne bo tako izrazita, kot je bila v preteklem tednu, \u0161e dodajajo meteorologi.<\/p>\n","protected":false},"excerpt":{"rendered":"<p>Danes bo marsikje po Sloveniji jutro spet sne\u017eeno. Po napovedih meteorologov agencije za okolje (Arso) bo zjutraj sne\u017eilo do nadmorske vi\u0161ine okoli 500 metrov, ponekod lahko sne\u017ei tudi ni\u017ee. Na Primorskem bo pihala burja, drugod severovzhodni veter. Na Arsu opozarjajo, da bo zaradi tega predvsem primorska avtocesta te\u017eje prevozna.<\/p>\n","protected":false},"author":8,"featured_media":391778,"comment_status":"closed","ping_status":"closed","sticky":false,"template":"","format":"standard","meta":{"footnotes":""},"categories":[18201,18175],"tags":[7519,7507,2149],"source":[4511],"supertag":[12922],"acf":[],"yoast_head":"<!-- This site is optimized with the Yoast SEO plugin v21.3 - https:\/\/yoast.com\/wordpress\/plugins\/seo\/ -->\n<title>Danes bo marsikje po Sloveniji jutro spet sne\u017eeno, Arso opozarja, da bo primorska avtocesta te\u017eje prevozna - Hudo Slovenija<\/title>\n<meta name=\"robots\" content=\"index, follow, max-snippet:-1, max-image-preview:large, max-video-preview:-1\" \/>\n<link rel=\"canonical\" href=\"https:\/\/hudo.com\/si\/aktualno\/slovenija\/danes-bo-marsikje-po-sloveniji-jutro-spet-snezeno-arso-opozarja-da-bo-primorska-avtocesta-tezje-prevozna\/\" \/>\n<meta property=\"og:locale\" content=\"sl_SI\" \/>\n<meta property=\"og:type\" content=\"article\" \/>\n<meta property=\"og:title\" content=\"Danes bo marsikje po Sloveniji jutro spet sne\u017eeno, Arso opozarja, da bo primorska avtocesta te\u017eje prevozna - Hudo Slovenija\" \/>\n<meta property=\"og:description\" content=\"Danes bo marsikje po Sloveniji jutro spet sne\u017eeno. Po napovedih meteorologov agencije za okolje (Arso) bo zjutraj sne\u017eilo do nadmorske vi\u0161ine okoli 500 metrov, ponekod lahko sne\u017ei tudi ni\u017ee. Na Primorskem bo pihala burja, drugod severovzhodni veter. Na Arsu opozarjajo, da bo zaradi tega predvsem primorska avtocesta te\u017eje prevozna.\" \/>\n<meta property=\"og:url\" content=\"https:\/\/hudo.com\/si\/aktualno\/slovenija\/danes-bo-marsikje-po-sloveniji-jutro-spet-snezeno-arso-opozarja-da-bo-primorska-avtocesta-tezje-prevozna\/\" \/>\n<meta property=\"og:site_name\" content=\"Hudo Slovenija\" \/>\n<meta property=\"article:publisher\" content=\"https:\/\/www.facebook.com\/hudo.si\" \/>\n<meta property=\"article:published_time\" content=\"2021-04-13T06:15:49+00:00\" \/>\n<meta property=\"article:modified_time\" content=\"2021-04-13T06:16:43+00:00\" \/>\n<meta property=\"og:image\" content=\"https:\/\/hudo.com\/si\/wp-content\/uploads\/sites\/2\/2019\/01\/profimedia-0004743528.jpg\" \/>\n\t<meta property=\"og:image:width\" content=\"1250\" \/>\n\t<meta property=\"og:image:height\" content=\"832\" \/>\n\t<meta property=\"og:image:type\" content=\"image\/jpeg\" \/>\n<meta name=\"author\" content=\"M. N., STA\" \/>\n<meta name=\"twitter:card\" content=\"summary_large_image\" \/>\n<meta name=\"twitter:creator\" content=\"@hudo_si\" \/>\n<meta name=\"twitter:site\" content=\"@hudo_si\" \/>\n<meta name=\"twitter:label1\" content=\"Written by\" \/>\n\t<meta name=\"twitter:data1\" content=\"M. N., STA\" \/>\n\t<meta name=\"twitter:label2\" content=\"Est. reading time\" \/>\n\t<meta name=\"twitter:data2\" content=\"1 minuta\" \/>\n<script type=\"application\/ld+json\" class=\"yoast-schema-graph\">{\"@context\":\"https:\/\/schema.org\",\"@graph\":[{\"@type\":\"Article\",\"@id\":\"https:\/\/hudo.com\/si\/aktualno\/slovenija\/danes-bo-marsikje-po-sloveniji-jutro-spet-snezeno-arso-opozarja-da-bo-primorska-avtocesta-tezje-prevozna\/#article\",\"isPartOf\":{\"@id\":\"https:\/\/hudo.com\/si\/aktualno\/slovenija\/danes-bo-marsikje-po-sloveniji-jutro-spet-snezeno-arso-opozarja-da-bo-primorska-avtocesta-tezje-prevozna\/\"},\"author\":{\"name\":\"M. N., STA\",\"@id\":\"https:\/\/hudo.com\/si\/#\/schema\/person\/c2f10ce65d2e6ede2aeda5be2a0611fa\"},\"headline\":\"Danes bo marsikje po Sloveniji jutro spet sne\u017eeno, Arso opozarja, da bo primorska avtocesta te\u017eje prevozna\",\"datePublished\":\"2021-04-13T06:15:49+00:00\",\"dateModified\":\"2021-04-13T06:16:43+00:00\",\"mainEntityOfPage\":{\"@id\":\"https:\/\/hudo.com\/si\/aktualno\/slovenija\/danes-bo-marsikje-po-sloveniji-jutro-spet-snezeno-arso-opozarja-da-bo-primorska-avtocesta-tezje-prevozna\/\"},\"wordCount\":220,\"publisher\":{\"@id\":\"https:\/\/hudo.com\/si\/#organization\"},\"keywords\":[\"razmere na cestah\",\"sne\u017eenje\",\"vreme\"],\"articleSection\":[\"Slovenija\",\"Vreme\"],\"inLanguage\":\"sl-SI\"},{\"@type\":\"WebPage\",\"@id\":\"https:\/\/hudo.com\/si\/aktualno\/slovenija\/danes-bo-marsikje-po-sloveniji-jutro-spet-snezeno-arso-opozarja-da-bo-primorska-avtocesta-tezje-prevozna\/\",\"url\":\"https:\/\/hudo.com\/si\/aktualno\/slovenija\/danes-bo-marsikje-po-sloveniji-jutro-spet-snezeno-arso-opozarja-da-bo-primorska-avtocesta-tezje-prevozna\/\",\"name\":\"Danes bo marsikje po Sloveniji jutro spet sne\u017eeno, Arso opozarja, da bo primorska avtocesta te\u017eje prevozna - Hudo Slovenija\",\"isPartOf\":{\"@id\":\"https:\/\/hudo.com\/si\/#website\"},\"datePublished\":\"2021-04-13T06:15:49+00:00\",\"dateModified\":\"2021-04-13T06:16:43+00:00\",\"breadcrumb\":{\"@id\":\"https:\/\/hudo.com\/si\/aktualno\/slovenija\/danes-bo-marsikje-po-sloveniji-jutro-spet-snezeno-arso-opozarja-da-bo-primorska-avtocesta-tezje-prevozna\/#breadcrumb\"},\"inLanguage\":\"sl-SI\",\"potentialAction\":[{\"@type\":\"ReadAction\",\"target\":[\"https:\/\/hudo.com\/si\/aktualno\/slovenija\/danes-bo-marsikje-po-sloveniji-jutro-spet-snezeno-arso-opozarja-da-bo-primorska-avtocesta-tezje-prevozna\/\"]}]},{\"@type\":\"BreadcrumbList\",\"@id\":\"https:\/\/hudo.com\/si\/aktualno\/slovenija\/danes-bo-marsikje-po-sloveniji-jutro-spet-snezeno-arso-opozarja-da-bo-primorska-avtocesta-tezje-prevozna\/#breadcrumb\",\"itemListElement\":[{\"@type\":\"ListItem\",\"position\":1,\"name\":\"Home\",\"item\":\"https:\/\/hudo.com\/si\/\"},{\"@type\":\"ListItem\",\"position\":2,\"name\":\"Danes bo marsikje po Sloveniji jutro spet sne\u017eeno, Arso opozarja, da bo primorska avtocesta te\u017eje prevozna\"}]},{\"@type\":\"WebSite\",\"@id\":\"https:\/\/hudo.com\/si\/#website\",\"url\":\"https:\/\/hudo.com\/si\/\",\"name\":\"Hudo Slovenija\",\"description\":\"Vse novice iz Slovenije in sveta\",\"publisher\":{\"@id\":\"https:\/\/hudo.com\/si\/#organization\"},\"potentialAction\":[{\"@type\":\"SearchAction\",\"target\":{\"@type\":\"EntryPoint\",\"urlTemplate\":\"https:\/\/hudo.com\/si\/?s={search_term_string}\"},\"query-input\":\"required name=search_term_string\"}],\"inLanguage\":\"sl-SI\"},{\"@type\":\"Organization\",\"@id\":\"https:\/\/hudo.com\/si\/#organization\",\"name\":\"VSN Media\",\"url\":\"https:\/\/hudo.com\/si\/\",\"logo\":{\"@type\":\"ImageObject\",\"inLanguage\":\"sl-SI\",\"@id\":\"https:\/\/hudo.com\/si\/#\/schema\/logo\/image\/\",\"url\":\"https:\/\/hudo.com\/si\/wp-content\/uploads\/sites\/2\/2021\/03\/hudo-app-2.png\",\"contentUrl\":\"https:\/\/hudo.com\/si\/wp-content\/uploads\/sites\/2\/2021\/03\/hudo-app-2.png\",\"width\":2185,\"height\":2167,\"caption\":\"VSN Media\"},\"image\":{\"@id\":\"https:\/\/hudo.com\/si\/#\/schema\/logo\/image\/\"},\"sameAs\":[\"https:\/\/www.facebook.com\/hudo.si\",\"https:\/\/twitter.com\/hudo_si\"]},{\"@type\":\"Person\",\"@id\":\"https:\/\/hudo.com\/si\/#\/schema\/person\/c2f10ce65d2e6ede2aeda5be2a0611fa\",\"name\":\"M. N., STA\",\"image\":{\"@type\":\"ImageObject\",\"inLanguage\":\"sl-SI\",\"@id\":\"https:\/\/hudo.com\/si\/#\/schema\/person\/image\/\",\"url\":\"https:\/\/secure.gravatar.com\/avatar\/f370d38daa10467f755c5c766a4cac20?s=96&d=mm&r=g\",\"contentUrl\":\"https:\/\/secure.gravatar.com\/avatar\/f370d38daa10467f755c5c766a4cac20?s=96&d=mm&r=g\",\"caption\":\"M. N., STA\"},\"url\":\"https:\/\/hudo.com\/si\/author\/mana\/\"}]}<\/script>\n<!-- \/ Yoast SEO plugin. -->","yoast_head_json":{"title":"Danes bo marsikje po Sloveniji jutro spet sne\u017eeno, Arso opozarja, da bo primorska avtocesta te\u017eje prevozna - Hudo Slovenija","robots":{"index":"index","follow":"follow","max-snippet":"max-snippet:-1","max-image-preview":"max-image-preview:large","max-video-preview":"max-video-preview:-1"},"canonical":"https:\/\/hudo.com\/si\/aktualno\/slovenija\/danes-bo-marsikje-po-sloveniji-jutro-spet-snezeno-arso-opozarja-da-bo-primorska-avtocesta-tezje-prevozna\/","og_locale":"sl_SI","og_type":"article","og_title":"Danes bo marsikje po Sloveniji jutro spet sne\u017eeno, Arso opozarja, da bo primorska avtocesta te\u017eje prevozna - Hudo Slovenija","og_description":"Danes bo marsikje po Sloveniji jutro spet sne\u017eeno. Po napovedih meteorologov agencije za okolje (Arso) bo zjutraj sne\u017eilo do nadmorske vi\u0161ine okoli 500 metrov, ponekod lahko sne\u017ei tudi ni\u017ee. Na Primorskem bo pihala burja, drugod severovzhodni veter. Na Arsu opozarjajo, da bo zaradi tega predvsem primorska avtocesta te\u017eje prevozna.","og_url":"https:\/\/hudo.com\/si\/aktualno\/slovenija\/danes-bo-marsikje-po-sloveniji-jutro-spet-snezeno-arso-opozarja-da-bo-primorska-avtocesta-tezje-prevozna\/","og_site_name":"Hudo Slovenija","article_publisher":"https:\/\/www.facebook.com\/hudo.si","article_published_time":"2021-04-13T06:15:49+00:00","article_modified_time":"2021-04-13T06:16:43+00:00","og_image":[{"width":1250,"height":832,"url":"https:\/\/hudo.com\/si\/wp-content\/uploads\/sites\/2\/2019\/01\/profimedia-0004743528.jpg","type":"image\/jpeg"}],"author":"M. N., STA","twitter_card":"summary_large_image","twitter_creator":"@hudo_si","twitter_site":"@hudo_si","twitter_misc":{"Written by":"M. N., STA","Est. reading time":"1 minuta"},"schema":{"@context":"https:\/\/schema.org","@graph":[{"@type":"Article","@id":"https:\/\/hudo.com\/si\/aktualno\/slovenija\/danes-bo-marsikje-po-sloveniji-jutro-spet-snezeno-arso-opozarja-da-bo-primorska-avtocesta-tezje-prevozna\/#article","isPartOf":{"@id":"https:\/\/hudo.com\/si\/aktualno\/slovenija\/danes-bo-marsikje-po-sloveniji-jutro-spet-snezeno-arso-opozarja-da-bo-primorska-avtocesta-tezje-prevozna\/"},"author":{"name":"M. N., STA","@id":"https:\/\/hudo.com\/si\/#\/schema\/person\/c2f10ce65d2e6ede2aeda5be2a0611fa"},"headline":"Danes bo marsikje po Sloveniji jutro spet sne\u017eeno, Arso opozarja, da bo primorska avtocesta te\u017eje prevozna","datePublished":"2021-04-13T06:15:49+00:00","dateModified":"2021-04-13T06:16:43+00:00","mainEntityOfPage":{"@id":"https:\/\/hudo.com\/si\/aktualno\/slovenija\/danes-bo-marsikje-po-sloveniji-jutro-spet-snezeno-arso-opozarja-da-bo-primorska-avtocesta-tezje-prevozna\/"},"wordCount":220,"publisher":{"@id":"https:\/\/hudo.com\/si\/#organization"},"keywords":["razmere na cestah","sne\u017eenje","vreme"],"articleSection":["Slovenija","Vreme"],"inLanguage":"sl-SI"},{"@type":"WebPage","@id":"https:\/\/hudo.com\/si\/aktualno\/slovenija\/danes-bo-marsikje-po-sloveniji-jutro-spet-snezeno-arso-opozarja-da-bo-primorska-avtocesta-tezje-prevozna\/","url":"https:\/\/hudo.com\/si\/aktualno\/slovenija\/danes-bo-marsikje-po-sloveniji-jutro-spet-snezeno-arso-opozarja-da-bo-primorska-avtocesta-tezje-prevozna\/","name":"Danes bo marsikje po Sloveniji jutro spet sne\u017eeno, Arso opozarja, da bo primorska avtocesta te\u017eje prevozna - Hudo Slovenija","isPartOf":{"@id":"https:\/\/hudo.com\/si\/#website"},"datePublished":"2021-04-13T06:15:49+00:00","dateModified":"2021-04-13T06:16:43+00:00","breadcrumb":{"@id":"https:\/\/hudo.com\/si\/aktualno\/slovenija\/danes-bo-marsikje-po-sloveniji-jutro-spet-snezeno-arso-opozarja-da-bo-primorska-avtocesta-tezje-prevozna\/#breadcrumb"},"inLanguage":"sl-SI","potentialAction":[{"@type":"ReadAction","target":["https:\/\/hudo.com\/si\/aktualno\/slovenija\/danes-bo-marsikje-po-sloveniji-jutro-spet-snezeno-arso-opozarja-da-bo-primorska-avtocesta-tezje-prevozna\/"]}]},{"@type":"BreadcrumbList","@id":"https:\/\/hudo.com\/si\/aktualno\/slovenija\/danes-bo-marsikje-po-sloveniji-jutro-spet-snezeno-arso-opozarja-da-bo-primorska-avtocesta-tezje-prevozna\/#breadcrumb","itemListElement":[{"@type":"ListItem","position":1,"name":"Home","item":"https:\/\/hudo.com\/si\/"},{"@type":"ListItem","position":2,"name":"Danes bo marsikje po Sloveniji jutro spet sne\u017eeno, Arso opozarja, da bo primorska avtocesta te\u017eje prevozna"}]},{"@type":"WebSite","@id":"https:\/\/hudo.com\/si\/#website","url":"https:\/\/hudo.com\/si\/","name":"Hudo Slovenija","description":"Vse novice iz Slovenije in sveta","publisher":{"@id":"https:\/\/hudo.com\/si\/#organization"},"potentialAction":[{"@type":"SearchAction","target":{"@type":"EntryPoint","urlTemplate":"https:\/\/hudo.com\/si\/?s={search_term_string}"},"query-input":"required name=search_term_string"}],"inLanguage":"sl-SI"},{"@type":"Organization","@id":"https:\/\/hudo.com\/si\/#organization","name":"VSN Media","url":"https:\/\/hudo.com\/si\/","logo":{"@type":"ImageObject","inLanguage":"sl-SI","@id":"https:\/\/hudo.com\/si\/#\/schema\/logo\/image\/","url":"https:\/\/hudo.com\/si\/wp-content\/uploads\/sites\/2\/2021\/03\/hudo-app-2.png","contentUrl":"https:\/\/hudo.com\/si\/wp-content\/uploads\/sites\/2\/2021\/03\/hudo-app-2.png","width":2185,"height":2167,"caption":"VSN Media"},"image":{"@id":"https:\/\/hudo.com\/si\/#\/schema\/logo\/image\/"},"sameAs":["https:\/\/www.facebook.com\/hudo.si","https:\/\/twitter.com\/hudo_si"]},{"@type":"Person","@id":"https:\/\/hudo.com\/si\/#\/schema\/person\/c2f10ce65d2e6ede2aeda5be2a0611fa","name":"M. N., STA","image":{"@type":"ImageObject","inLanguage":"sl-SI","@id":"https:\/\/hudo.com\/si\/#\/schema\/person\/image\/","url":"https:\/\/secure.gravatar.com\/avatar\/f370d38daa10467f755c5c766a4cac20?s=96&d=mm&r=g","contentUrl":"https:\/\/secure.gravatar.com\/avatar\/f370d38daa10467f755c5c766a4cac20?s=96&d=mm&r=g","caption":"M. N., STA"},"url":"https:\/\/hudo.com\/si\/author\/mana\/"}]}},"amp_enabled":true,"_links":{"self":[{"href":"https:\/\/hudo.com\/si\/wp-json\/wp\/v2\/posts\/449450"}],"collection":[{"href":"https:\/\/hudo.com\/si\/wp-json\/wp\/v2\/posts"}],"about":[{"href":"https:\/\/hudo.com\/si\/wp-json\/wp\/v2\/types\/post"}],"author":[{"embeddable":true,"href":"https:\/\/hudo.com\/si\/wp-json\/wp\/v2\/users\/8"}],"replies":[{"embeddable":true,"href":"https:\/\/hudo.com\/si\/wp-json\/wp\/v2\/comments?post=449450"}],"version-history":[{"count":2,"href":"https:\/\/hudo.com\/si\/wp-json\/wp\/v2\/posts\/449450\/revisions"}],"predecessor-version":[{"id":449452,"href":"https:\/\/hudo.com\/si\/wp-json\/wp\/v2\/posts\/449450\/revisions\/449452"}],"wp:featuredmedia":[{"embeddable":true,"href":"https:\/\/hudo.com\/si\/wp-json\/wp\/v2\/media\/391778"}],"wp:attachment":[{"href":"https:\/\/hudo.com\/si\/wp-json\/wp\/v2\/media?parent=449450"}],"wp:term":[{"taxonomy":"category","embeddable":true,"href":"https:\/\/hudo.com\/si\/wp-json\/wp\/v2\/categories?post=449450"},{"taxonomy":"post_tag","embeddable":true,"href":"https:\/\/hudo.com\/si\/wp-json\/wp\/v2\/tags?post=449450"},{"taxonomy":"source","embeddable":true,"href":"https:\/\/hudo.com\/si\/wp-json\/wp\/v2\/source?post=449450"},{"taxonomy":"supertag","embeddable":true,"href":"https:\/\/hudo.com\/si\/wp-json\/wp\/v2\/supertag?post=449450"}],"curies":[{"name":"wp","href":"https:\/\/api.w.org\/{rel}","templated":true}]}}