{"id":449659,"date":"2021-04-15T11:28:58","date_gmt":"2021-04-15T09:28:58","guid":{"rendered":"https:\/\/hudo.com\/si\/?p=449659"},"modified":"2021-04-15T11:28:58","modified_gmt":"2021-04-15T09:28:58","slug":"novi-podatki-vse-skupaj-ocitno-kaze-na-uspesen-lockdown-v-casu-velikonocnih-praznikov","status":"publish","type":"post","link":"https:\/\/hudo.com\/si\/aktualno\/slovenija\/novi-podatki-vse-skupaj-ocitno-kaze-na-uspesen-lockdown-v-casu-velikonocnih-praznikov\/","title":{"rendered":"Novi podatki: &#8220;Vse skupaj o\u010ditno ka\u017ee na uspe\u0161en lockdown v \u010dasu velikono\u010dnih praznikov&#8221;"},"content":{"rendered":"<p>V primerjavi s torkom je bilo v sredo potrjenih 342 oku\u017eb manj. Dele\u017e pozitivnih testov je padel za 2,4 odstotne to\u010dke, v sredo je bilo namre\u010d pozitivnih 23,2 odstotka opravljenih PCR testov. V sredo so sicer opravili tudi 24.242 hitrih testov.<\/p>\n<blockquote class=\"twitter-tweet\">\n<p dir=\"ltr\" lang=\"sl\">V\u010deraj je bilo opravljenih 4.278 PCR testiranj in 24.242 hitrih antigenskih testov. S PCR testi je bilo v\u010deraj potrjenih 891 novih oku\u017eb (pred enim tednom kar 1527). <a href=\"https:\/\/t.co\/As9OqrwmET\">pic.twitter.com\/As9OqrwmET<\/a><\/p>\n<p>\u2014 Vlada Republike Slovenije (@vladaRS) <a href=\"https:\/\/twitter.com\/vladaRS\/status\/1382608315901939712?ref_src=twsrc%5Etfw\">April 15, 2021<\/a><\/p><\/blockquote>\n<p><div class=\"embed-notice\">Za ogled vstavljene vsebine morate omogo\u010diti <a href=\"#\" onclick=\"Optanon.ToggleInfoDisplay()\">shranjevanje pi\u0161kotkov v napravi<\/a><\/div><script async type=\"text\/plain\" class=\"optanon-category-C0002-C0003-C0004\" optanon-src=\"https:\/\/platform.twitter.com\/widgets.js\" charset=\"utf-8\"><\/script><\/p>\n<p>V bolni\u0161nicah se zdravita dva bolnika ve\u010d kot dan prej, na intenzivni negi pa \u0161tirje manj.<\/p>\n<p>Sedemdnevno povpre\u010dje potrjenih oku\u017eb je od torka padlo, ko jih je bilo 1021. Dr\u017eava se s sedemdnevnim povpre\u010djem in \u0161tevilom hospitaliziranih covidnih bolnikov znova uvr\u0161\u010da v oran\u017eno fazo. Za ta prehod je potrebnih manj kot 1000 oku\u017eb in manj kot 1000 bolnikov v bolni\u0161nicah.<\/p>\n<p>&#8220;Vse skupaj o\u010ditno ka\u017ee na uspe\u0161en lockdown v \u010dasu velikono\u010dnih praznikov. Hvala vsem, ki ste se dr\u017eali in se dr\u017eite ukrepov za prepre\u010devanje \u0161irjenja epidemije,&#8221; je dejal Urbanija.<\/p>\n<p>Koliko covidnih bolnikov je v sredo umrlo, na novinarski konferenci ni bilo sporo\u010deno. Po podatkih Sledilnika za covid-19 je umrlo pet bolnikov.<\/p>\n","protected":false},"excerpt":{"rendered":"<p>V Sloveniji so v sredo ob opravljenih 4278 PCR testih potrdili 891 oku\u017eb z novim koronavirusom, dele\u017e pozitivnih testov je zna\u0161al 20,8 odstotka, je na dana\u0161nji novinarski konferenci pojasnil direktor Ukoma Uro\u0161 Urbanija. Sedemdnevno povpre\u010dje potrjenih oku\u017eb je 931. Hospitaliziranih je 624 covidnih bolnikov, 150 jih potrebuje intenzivno nego.<\/p>\n","protected":false},"author":6,"featured_media":437369,"comment_status":"closed","ping_status":"closed","sticky":false,"template":"","format":"standard","meta":{"footnotes":""},"categories":[18201],"tags":[15632,1595,16211],"source":[4511],"supertag":[5675],"acf":[],"yoast_head":"<!-- This site is optimized with the Yoast SEO plugin v21.3 - https:\/\/yoast.com\/wordpress\/plugins\/seo\/ -->\n<title>Novi podatki: &quot;Vse skupaj o\u010ditno ka\u017ee na uspe\u0161en lockdown v \u010dasu velikono\u010dnih praznikov&quot; - Hudo Slovenija<\/title>\n<meta name=\"robots\" content=\"index, follow, max-snippet:-1, max-image-preview:large, max-video-preview:-1\" \/>\n<link rel=\"canonical\" href=\"https:\/\/hudo.com\/si\/aktualno\/slovenija\/novi-podatki-vse-skupaj-ocitno-kaze-na-uspesen-lockdown-v-casu-velikonocnih-praznikov\/\" \/>\n<meta property=\"og:locale\" content=\"sl_SI\" \/>\n<meta property=\"og:type\" content=\"article\" \/>\n<meta property=\"og:title\" content=\"Novi podatki: &quot;Vse skupaj o\u010ditno ka\u017ee na uspe\u0161en lockdown v \u010dasu velikono\u010dnih praznikov&quot; - Hudo Slovenija\" \/>\n<meta property=\"og:description\" content=\"V Sloveniji so v sredo ob opravljenih 4278 PCR testih potrdili 891 oku\u017eb z novim koronavirusom, dele\u017e pozitivnih testov je zna\u0161al 20,8 odstotka, je na dana\u0161nji novinarski konferenci pojasnil direktor Ukoma Uro\u0161 Urbanija. Sedemdnevno povpre\u010dje potrjenih oku\u017eb je 931. Hospitaliziranih je 624 covidnih bolnikov, 150 jih potrebuje intenzivno nego.\" \/>\n<meta property=\"og:url\" content=\"https:\/\/hudo.com\/si\/aktualno\/slovenija\/novi-podatki-vse-skupaj-ocitno-kaze-na-uspesen-lockdown-v-casu-velikonocnih-praznikov\/\" \/>\n<meta property=\"og:site_name\" content=\"Hudo Slovenija\" \/>\n<meta property=\"article:publisher\" content=\"https:\/\/www.facebook.com\/hudo.si\" \/>\n<meta property=\"article:published_time\" content=\"2021-04-15T09:28:58+00:00\" \/>\n<meta property=\"og:image\" content=\"https:\/\/hudo.com\/si\/wp-content\/uploads\/sites\/2\/2020\/11\/profimedia-0532640055.jpg\" \/>\n\t<meta property=\"og:image:width\" content=\"1250\" \/>\n\t<meta property=\"og:image:height\" content=\"833\" \/>\n\t<meta property=\"og:image:type\" content=\"image\/jpeg\" \/>\n<meta name=\"author\" content=\"A. G.\" \/>\n<meta name=\"twitter:card\" content=\"summary_large_image\" \/>\n<meta name=\"twitter:creator\" content=\"@hudo_si\" \/>\n<meta name=\"twitter:site\" content=\"@hudo_si\" \/>\n<meta name=\"twitter:label1\" content=\"Written by\" \/>\n\t<meta name=\"twitter:data1\" content=\"A. G.\" \/>\n\t<meta name=\"twitter:label2\" content=\"Est. reading time\" \/>\n\t<meta name=\"twitter:data2\" content=\"1 minuta\" \/>\n<script type=\"application\/ld+json\" class=\"yoast-schema-graph\">{\"@context\":\"https:\/\/schema.org\",\"@graph\":[{\"@type\":\"Article\",\"@id\":\"https:\/\/hudo.com\/si\/aktualno\/slovenija\/novi-podatki-vse-skupaj-ocitno-kaze-na-uspesen-lockdown-v-casu-velikonocnih-praznikov\/#article\",\"isPartOf\":{\"@id\":\"https:\/\/hudo.com\/si\/aktualno\/slovenija\/novi-podatki-vse-skupaj-ocitno-kaze-na-uspesen-lockdown-v-casu-velikonocnih-praznikov\/\"},\"author\":{\"name\":\"A. G.\",\"@id\":\"https:\/\/hudo.com\/si\/#\/schema\/person\/f95639a66e0dd2c682b0568634e85b8b\"},\"headline\":\"Novi podatki: &#8220;Vse skupaj o\u010ditno ka\u017ee na uspe\u0161en lockdown v \u010dasu velikono\u010dnih praznikov&#8221;\",\"datePublished\":\"2021-04-15T09:28:58+00:00\",\"dateModified\":\"2021-04-15T09:28:58+00:00\",\"mainEntityOfPage\":{\"@id\":\"https:\/\/hudo.com\/si\/aktualno\/slovenija\/novi-podatki-vse-skupaj-ocitno-kaze-na-uspesen-lockdown-v-casu-velikonocnih-praznikov\/\"},\"wordCount\":216,\"publisher\":{\"@id\":\"https:\/\/hudo.com\/si\/#organization\"},\"keywords\":[\"koronavirus\",\"Slovenija\",\"\u0161tevilo oku\u017eenih\"],\"articleSection\":[\"Slovenija\"],\"inLanguage\":\"sl-SI\"},{\"@type\":\"WebPage\",\"@id\":\"https:\/\/hudo.com\/si\/aktualno\/slovenija\/novi-podatki-vse-skupaj-ocitno-kaze-na-uspesen-lockdown-v-casu-velikonocnih-praznikov\/\",\"url\":\"https:\/\/hudo.com\/si\/aktualno\/slovenija\/novi-podatki-vse-skupaj-ocitno-kaze-na-uspesen-lockdown-v-casu-velikonocnih-praznikov\/\",\"name\":\"Novi podatki: \\\"Vse skupaj o\u010ditno ka\u017ee na uspe\u0161en lockdown v \u010dasu velikono\u010dnih praznikov\\\" - Hudo Slovenija\",\"isPartOf\":{\"@id\":\"https:\/\/hudo.com\/si\/#website\"},\"datePublished\":\"2021-04-15T09:28:58+00:00\",\"dateModified\":\"2021-04-15T09:28:58+00:00\",\"breadcrumb\":{\"@id\":\"https:\/\/hudo.com\/si\/aktualno\/slovenija\/novi-podatki-vse-skupaj-ocitno-kaze-na-uspesen-lockdown-v-casu-velikonocnih-praznikov\/#breadcrumb\"},\"inLanguage\":\"sl-SI\",\"potentialAction\":[{\"@type\":\"ReadAction\",\"target\":[\"https:\/\/hudo.com\/si\/aktualno\/slovenija\/novi-podatki-vse-skupaj-ocitno-kaze-na-uspesen-lockdown-v-casu-velikonocnih-praznikov\/\"]}]},{\"@type\":\"BreadcrumbList\",\"@id\":\"https:\/\/hudo.com\/si\/aktualno\/slovenija\/novi-podatki-vse-skupaj-ocitno-kaze-na-uspesen-lockdown-v-casu-velikonocnih-praznikov\/#breadcrumb\",\"itemListElement\":[{\"@type\":\"ListItem\",\"position\":1,\"name\":\"Home\",\"item\":\"https:\/\/hudo.com\/si\/\"},{\"@type\":\"ListItem\",\"position\":2,\"name\":\"Novi podatki: &#8220;Vse skupaj o\u010ditno ka\u017ee na uspe\u0161en lockdown v \u010dasu velikono\u010dnih praznikov&#8221;\"}]},{\"@type\":\"WebSite\",\"@id\":\"https:\/\/hudo.com\/si\/#website\",\"url\":\"https:\/\/hudo.com\/si\/\",\"name\":\"Hudo Slovenija\",\"description\":\"Vse novice iz Slovenije in sveta\",\"publisher\":{\"@id\":\"https:\/\/hudo.com\/si\/#organization\"},\"potentialAction\":[{\"@type\":\"SearchAction\",\"target\":{\"@type\":\"EntryPoint\",\"urlTemplate\":\"https:\/\/hudo.com\/si\/?s={search_term_string}\"},\"query-input\":\"required name=search_term_string\"}],\"inLanguage\":\"sl-SI\"},{\"@type\":\"Organization\",\"@id\":\"https:\/\/hudo.com\/si\/#organization\",\"name\":\"VSN Media\",\"url\":\"https:\/\/hudo.com\/si\/\",\"logo\":{\"@type\":\"ImageObject\",\"inLanguage\":\"sl-SI\",\"@id\":\"https:\/\/hudo.com\/si\/#\/schema\/logo\/image\/\",\"url\":\"https:\/\/hudo.com\/si\/wp-content\/uploads\/sites\/2\/2021\/03\/hudo-app-2.png\",\"contentUrl\":\"https:\/\/hudo.com\/si\/wp-content\/uploads\/sites\/2\/2021\/03\/hudo-app-2.png\",\"width\":2185,\"height\":2167,\"caption\":\"VSN Media\"},\"image\":{\"@id\":\"https:\/\/hudo.com\/si\/#\/schema\/logo\/image\/\"},\"sameAs\":[\"https:\/\/www.facebook.com\/hudo.si\",\"https:\/\/twitter.com\/hudo_si\"]},{\"@type\":\"Person\",\"@id\":\"https:\/\/hudo.com\/si\/#\/schema\/person\/f95639a66e0dd2c682b0568634e85b8b\",\"name\":\"A. G.\",\"image\":{\"@type\":\"ImageObject\",\"inLanguage\":\"sl-SI\",\"@id\":\"https:\/\/hudo.com\/si\/#\/schema\/person\/image\/\",\"url\":\"https:\/\/secure.gravatar.com\/avatar\/9f44de561c70d5d80348d3ed0f4b142d?s=96&d=mm&r=g\",\"contentUrl\":\"https:\/\/secure.gravatar.com\/avatar\/9f44de561c70d5d80348d3ed0f4b142d?s=96&d=mm&r=g\",\"caption\":\"A. G.\"},\"url\":\"https:\/\/hudo.com\/si\/author\/alenkagrmek\/\"}]}<\/script>\n<!-- \/ Yoast SEO plugin. -->","yoast_head_json":{"title":"Novi podatki: \"Vse skupaj o\u010ditno ka\u017ee na uspe\u0161en lockdown v \u010dasu velikono\u010dnih praznikov\" - Hudo Slovenija","robots":{"index":"index","follow":"follow","max-snippet":"max-snippet:-1","max-image-preview":"max-image-preview:large","max-video-preview":"max-video-preview:-1"},"canonical":"https:\/\/hudo.com\/si\/aktualno\/slovenija\/novi-podatki-vse-skupaj-ocitno-kaze-na-uspesen-lockdown-v-casu-velikonocnih-praznikov\/","og_locale":"sl_SI","og_type":"article","og_title":"Novi podatki: \"Vse skupaj o\u010ditno ka\u017ee na uspe\u0161en lockdown v \u010dasu velikono\u010dnih praznikov\" - Hudo Slovenija","og_description":"V Sloveniji so v sredo ob opravljenih 4278 PCR testih potrdili 891 oku\u017eb z novim koronavirusom, dele\u017e pozitivnih testov je zna\u0161al 20,8 odstotka, je na dana\u0161nji novinarski konferenci pojasnil direktor Ukoma Uro\u0161 Urbanija. Sedemdnevno povpre\u010dje potrjenih oku\u017eb je 931. Hospitaliziranih je 624 covidnih bolnikov, 150 jih potrebuje intenzivno nego.","og_url":"https:\/\/hudo.com\/si\/aktualno\/slovenija\/novi-podatki-vse-skupaj-ocitno-kaze-na-uspesen-lockdown-v-casu-velikonocnih-praznikov\/","og_site_name":"Hudo Slovenija","article_publisher":"https:\/\/www.facebook.com\/hudo.si","article_published_time":"2021-04-15T09:28:58+00:00","og_image":[{"width":1250,"height":833,"url":"https:\/\/hudo.com\/si\/wp-content\/uploads\/sites\/2\/2020\/11\/profimedia-0532640055.jpg","type":"image\/jpeg"}],"author":"A. G.","twitter_card":"summary_large_image","twitter_creator":"@hudo_si","twitter_site":"@hudo_si","twitter_misc":{"Written by":"A. G.","Est. reading time":"1 minuta"},"schema":{"@context":"https:\/\/schema.org","@graph":[{"@type":"Article","@id":"https:\/\/hudo.com\/si\/aktualno\/slovenija\/novi-podatki-vse-skupaj-ocitno-kaze-na-uspesen-lockdown-v-casu-velikonocnih-praznikov\/#article","isPartOf":{"@id":"https:\/\/hudo.com\/si\/aktualno\/slovenija\/novi-podatki-vse-skupaj-ocitno-kaze-na-uspesen-lockdown-v-casu-velikonocnih-praznikov\/"},"author":{"name":"A. G.","@id":"https:\/\/hudo.com\/si\/#\/schema\/person\/f95639a66e0dd2c682b0568634e85b8b"},"headline":"Novi podatki: &#8220;Vse skupaj o\u010ditno ka\u017ee na uspe\u0161en lockdown v \u010dasu velikono\u010dnih praznikov&#8221;","datePublished":"2021-04-15T09:28:58+00:00","dateModified":"2021-04-15T09:28:58+00:00","mainEntityOfPage":{"@id":"https:\/\/hudo.com\/si\/aktualno\/slovenija\/novi-podatki-vse-skupaj-ocitno-kaze-na-uspesen-lockdown-v-casu-velikonocnih-praznikov\/"},"wordCount":216,"publisher":{"@id":"https:\/\/hudo.com\/si\/#organization"},"keywords":["koronavirus","Slovenija","\u0161tevilo oku\u017eenih"],"articleSection":["Slovenija"],"inLanguage":"sl-SI"},{"@type":"WebPage","@id":"https:\/\/hudo.com\/si\/aktualno\/slovenija\/novi-podatki-vse-skupaj-ocitno-kaze-na-uspesen-lockdown-v-casu-velikonocnih-praznikov\/","url":"https:\/\/hudo.com\/si\/aktualno\/slovenija\/novi-podatki-vse-skupaj-ocitno-kaze-na-uspesen-lockdown-v-casu-velikonocnih-praznikov\/","name":"Novi podatki: \"Vse skupaj o\u010ditno ka\u017ee na uspe\u0161en lockdown v \u010dasu velikono\u010dnih praznikov\" - Hudo Slovenija","isPartOf":{"@id":"https:\/\/hudo.com\/si\/#website"},"datePublished":"2021-04-15T09:28:58+00:00","dateModified":"2021-04-15T09:28:58+00:00","breadcrumb":{"@id":"https:\/\/hudo.com\/si\/aktualno\/slovenija\/novi-podatki-vse-skupaj-ocitno-kaze-na-uspesen-lockdown-v-casu-velikonocnih-praznikov\/#breadcrumb"},"inLanguage":"sl-SI","potentialAction":[{"@type":"ReadAction","target":["https:\/\/hudo.com\/si\/aktualno\/slovenija\/novi-podatki-vse-skupaj-ocitno-kaze-na-uspesen-lockdown-v-casu-velikonocnih-praznikov\/"]}]},{"@type":"BreadcrumbList","@id":"https:\/\/hudo.com\/si\/aktualno\/slovenija\/novi-podatki-vse-skupaj-ocitno-kaze-na-uspesen-lockdown-v-casu-velikonocnih-praznikov\/#breadcrumb","itemListElement":[{"@type":"ListItem","position":1,"name":"Home","item":"https:\/\/hudo.com\/si\/"},{"@type":"ListItem","position":2,"name":"Novi podatki: &#8220;Vse skupaj o\u010ditno ka\u017ee na uspe\u0161en lockdown v \u010dasu velikono\u010dnih praznikov&#8221;"}]},{"@type":"WebSite","@id":"https:\/\/hudo.com\/si\/#website","url":"https:\/\/hudo.com\/si\/","name":"Hudo Slovenija","description":"Vse novice iz Slovenije in sveta","publisher":{"@id":"https:\/\/hudo.com\/si\/#organization"},"potentialAction":[{"@type":"SearchAction","target":{"@type":"EntryPoint","urlTemplate":"https:\/\/hudo.com\/si\/?s={search_term_string}"},"query-input":"required name=search_term_string"}],"inLanguage":"sl-SI"},{"@type":"Organization","@id":"https:\/\/hudo.com\/si\/#organization","name":"VSN Media","url":"https:\/\/hudo.com\/si\/","logo":{"@type":"ImageObject","inLanguage":"sl-SI","@id":"https:\/\/hudo.com\/si\/#\/schema\/logo\/image\/","url":"https:\/\/hudo.com\/si\/wp-content\/uploads\/sites\/2\/2021\/03\/hudo-app-2.png","contentUrl":"https:\/\/hudo.com\/si\/wp-content\/uploads\/sites\/2\/2021\/03\/hudo-app-2.png","width":2185,"height":2167,"caption":"VSN Media"},"image":{"@id":"https:\/\/hudo.com\/si\/#\/schema\/logo\/image\/"},"sameAs":["https:\/\/www.facebook.com\/hudo.si","https:\/\/twitter.com\/hudo_si"]},{"@type":"Person","@id":"https:\/\/hudo.com\/si\/#\/schema\/person\/f95639a66e0dd2c682b0568634e85b8b","name":"A. G.","image":{"@type":"ImageObject","inLanguage":"sl-SI","@id":"https:\/\/hudo.com\/si\/#\/schema\/person\/image\/","url":"https:\/\/secure.gravatar.com\/avatar\/9f44de561c70d5d80348d3ed0f4b142d?s=96&d=mm&r=g","contentUrl":"https:\/\/secure.gravatar.com\/avatar\/9f44de561c70d5d80348d3ed0f4b142d?s=96&d=mm&r=g","caption":"A. G."},"url":"https:\/\/hudo.com\/si\/author\/alenkagrmek\/"}]}},"amp_enabled":true,"_links":{"self":[{"href":"https:\/\/hudo.com\/si\/wp-json\/wp\/v2\/posts\/449659"}],"collection":[{"href":"https:\/\/hudo.com\/si\/wp-json\/wp\/v2\/posts"}],"about":[{"href":"https:\/\/hudo.com\/si\/wp-json\/wp\/v2\/types\/post"}],"author":[{"embeddable":true,"href":"https:\/\/hudo.com\/si\/wp-json\/wp\/v2\/users\/6"}],"replies":[{"embeddable":true,"href":"https:\/\/hudo.com\/si\/wp-json\/wp\/v2\/comments?post=449659"}],"version-history":[{"count":1,"href":"https:\/\/hudo.com\/si\/wp-json\/wp\/v2\/posts\/449659\/revisions"}],"predecessor-version":[{"id":449660,"href":"https:\/\/hudo.com\/si\/wp-json\/wp\/v2\/posts\/449659\/revisions\/449660"}],"wp:featuredmedia":[{"embeddable":true,"href":"https:\/\/hudo.com\/si\/wp-json\/wp\/v2\/media\/437369"}],"wp:attachment":[{"href":"https:\/\/hudo.com\/si\/wp-json\/wp\/v2\/media?parent=449659"}],"wp:term":[{"taxonomy":"category","embeddable":true,"href":"https:\/\/hudo.com\/si\/wp-json\/wp\/v2\/categories?post=449659"},{"taxonomy":"post_tag","embeddable":true,"href":"https:\/\/hudo.com\/si\/wp-json\/wp\/v2\/tags?post=449659"},{"taxonomy":"source","embeddable":true,"href":"https:\/\/hudo.com\/si\/wp-json\/wp\/v2\/source?post=449659"},{"taxonomy":"supertag","embeddable":true,"href":"https:\/\/hudo.com\/si\/wp-json\/wp\/v2\/supertag?post=449659"}],"curies":[{"name":"wp","href":"https:\/\/api.w.org\/{rel}","templated":true}]}}