{"id":449695,"date":"2021-04-15T16:05:15","date_gmt":"2021-04-15T14:05:15","guid":{"rendered":"https:\/\/hudo.com\/si\/2021\/04\/15\/dokovic-prvic-letos-porazen-to-je-bilo-nekaj-najslabsega-kar-sem-pokazal-na-igriscu-v-zadnjih-letih\/"},"modified":"2021-04-15T16:05:15","modified_gmt":"2021-04-15T14:05:15","slug":"dokovic-prvic-letos-porazen-to-je-bilo-nekaj-najslabsega-kar-sem-pokazal-na-igriscu-v-zadnjih-letih","status":"publish","type":"post","link":"https:\/\/hudo.com\/si\/sport\/dokovic-prvic-letos-porazen-to-je-bilo-nekaj-najslabsega-kar-sem-pokazal-na-igriscu-v-zadnjih-letih\/","title":{"rendered":"\u0110okovi\u0107 prvi\u010d letos pora\u017een: &#8220;To je bilo nekaj najslab\u0161ega, kar sem pokazal na igri\u0161\u010du v zadnjih letih&#8221;"},"content":{"rendered":"<p>Evans je po dveh urah presenetil in premagal zmagovalca tega turnirja iz let 2013 in 2015. Evans, sicer 33. igralec lestvice ATP, je tako kon\u010dal niz zmag srbskega zvezdnika, ki je imel do danes letos razmerje zmag in porazov 10-0, osvojil je tudi odprto prvenstvo Avstralije.<\/p>\n<p>\u0110okovi\u0107 je po porazu priznal, da je odigral enega najslab\u0161ih dvobojev v dalj\u0161em \u010dasovnem obdobju. &#8220;\u010ce sem po\u0161ten, je bilo tole nekaj najslab\u0161ega, kar sem pokazal na igri\u0161\u010du v zadnjih letih. Po\u010dutil sem se zelo slabo, ni\u010d ni delovalo. Ne bom odnesel veliko pozitivnega s te tekme, a to je \u0161port in to moram sprejeti,&#8221; je dejal \u0110okovi\u0107, ki je med drugim naredil tudi 45 neizsiljenih napak.<\/p>\n<p>Kljub slab\u0161emu za\u010detku dvoboja je imel \u0110okovi\u0107 po 3:0 v drugem nizu \u0161e mo\u017enosti, da stvari postavi na pri\u010dakovano mesto, toda tekmecu je dovolil izena\u010denje na 3:3, pri izidu 5:5 pa je srbski igralec naredil dvojno napako in omogo\u010dil Britancu, da je pri\u0161el do presti\u017ene zmage.<\/p>\n","protected":false},"excerpt":{"rendered":"<p>\u0160tevilka ena svetovnega tenisa Novak \u0110okovi\u0107 je danes na mastersu ATP v Monte Carlu do\u017eivel presenetljiv poraz v osmini finala in moral prvi\u010d v letu 2021 priznati premo\u010d tekmecu. Srbskega zvezdnika je premagal Britanec Daniel Evans s 6:4, 7:5.<\/p>\n","protected":false},"author":1,"featured_media":449696,"comment_status":"closed","ping_status":"closed","sticky":false,"template":"","format":"standard","meta":{"footnotes":""},"categories":[18176],"tags":[1431,3469],"source":[1518,1556],"supertag":[],"acf":[],"yoast_head":"<!-- This site is optimized with the Yoast SEO plugin v21.3 - https:\/\/yoast.com\/wordpress\/plugins\/seo\/ -->\n<title>\u0110okovi\u0107 prvi\u010d letos pora\u017een: &#8220;To je bilo nekaj najslab\u0161ega, kar sem pokazal na igri\u0161\u010du v zadnjih letih&#8221; - Hudo Slovenija<\/title>\n<meta name=\"robots\" content=\"index, follow, max-snippet:-1, max-image-preview:large, max-video-preview:-1\" \/>\n<link rel=\"canonical\" href=\"https:\/\/hudo.com\/si\/sport\/dokovic-prvic-letos-porazen-to-je-bilo-nekaj-najslabsega-kar-sem-pokazal-na-igriscu-v-zadnjih-letih\/\" \/>\n<meta property=\"og:locale\" content=\"sl_SI\" \/>\n<meta property=\"og:type\" content=\"article\" \/>\n<meta property=\"og:title\" content=\"\u0110okovi\u0107 prvi\u010d letos pora\u017een: &#8220;To je bilo nekaj najslab\u0161ega, kar sem pokazal na igri\u0161\u010du v zadnjih letih&#8221; - Hudo Slovenija\" \/>\n<meta property=\"og:description\" content=\"\u0160tevilka ena svetovnega tenisa Novak \u0110okovi\u0107 je danes na mastersu ATP v Monte Carlu do\u017eivel presenetljiv poraz v osmini finala in moral prvi\u010d v letu 2021 priznati premo\u010d tekmecu. Srbskega zvezdnika je premagal Britanec Daniel Evans s 6:4, 7:5.\" \/>\n<meta property=\"og:url\" content=\"https:\/\/hudo.com\/si\/sport\/dokovic-prvic-letos-porazen-to-je-bilo-nekaj-najslabsega-kar-sem-pokazal-na-igriscu-v-zadnjih-letih\/\" \/>\n<meta property=\"og:site_name\" content=\"Hudo Slovenija\" \/>\n<meta property=\"article:publisher\" content=\"https:\/\/www.facebook.com\/hudo.si\" \/>\n<meta property=\"article:published_time\" content=\"2021-04-15T14:05:15+00:00\" \/>\n<meta property=\"og:image\" content=\"https:\/\/hudo.com\/si\/wp-content\/uploads\/sites\/2\/2021\/04\/profimedia-0592433484.jpg\" \/>\n\t<meta property=\"og:image:width\" content=\"1250\" \/>\n\t<meta property=\"og:image:height\" content=\"833\" \/>\n\t<meta property=\"og:image:type\" content=\"image\/jpeg\" \/>\n<meta name=\"author\" content=\"hudo\" \/>\n<meta name=\"twitter:card\" content=\"summary_large_image\" \/>\n<meta name=\"twitter:creator\" content=\"@hudo_si\" \/>\n<meta name=\"twitter:site\" content=\"@hudo_si\" \/>\n<meta name=\"twitter:label1\" content=\"Written by\" \/>\n\t<meta name=\"twitter:data1\" content=\"hudo\" \/>\n\t<meta name=\"twitter:label2\" content=\"Est. reading time\" \/>\n\t<meta name=\"twitter:data2\" content=\"1 minuta\" \/>\n<script type=\"application\/ld+json\" class=\"yoast-schema-graph\">{\"@context\":\"https:\/\/schema.org\",\"@graph\":[{\"@type\":\"Article\",\"@id\":\"https:\/\/hudo.com\/si\/sport\/dokovic-prvic-letos-porazen-to-je-bilo-nekaj-najslabsega-kar-sem-pokazal-na-igriscu-v-zadnjih-letih\/#article\",\"isPartOf\":{\"@id\":\"https:\/\/hudo.com\/si\/sport\/dokovic-prvic-letos-porazen-to-je-bilo-nekaj-najslabsega-kar-sem-pokazal-na-igriscu-v-zadnjih-letih\/\"},\"author\":{\"name\":\"hudo\",\"@id\":\"https:\/\/hudo.com\/si\/#\/schema\/person\/601cf3379633985b20f7e50f2bb47707\"},\"headline\":\"\u0110okovi\u0107 prvi\u010d letos pora\u017een: &#8220;To je bilo nekaj najslab\u0161ega, kar sem pokazal na igri\u0161\u010du v zadnjih letih&#8221;\",\"datePublished\":\"2021-04-15T14:05:15+00:00\",\"dateModified\":\"2021-04-15T14:05:15+00:00\",\"mainEntityOfPage\":{\"@id\":\"https:\/\/hudo.com\/si\/sport\/dokovic-prvic-letos-porazen-to-je-bilo-nekaj-najslabsega-kar-sem-pokazal-na-igriscu-v-zadnjih-letih\/\"},\"wordCount\":187,\"publisher\":{\"@id\":\"https:\/\/hudo.com\/si\/#organization\"},\"keywords\":[\"Novak Djokovi\u0107\",\"tenis\"],\"articleSection\":[\"\u0160port\"],\"inLanguage\":\"sl-SI\"},{\"@type\":\"WebPage\",\"@id\":\"https:\/\/hudo.com\/si\/sport\/dokovic-prvic-letos-porazen-to-je-bilo-nekaj-najslabsega-kar-sem-pokazal-na-igriscu-v-zadnjih-letih\/\",\"url\":\"https:\/\/hudo.com\/si\/sport\/dokovic-prvic-letos-porazen-to-je-bilo-nekaj-najslabsega-kar-sem-pokazal-na-igriscu-v-zadnjih-letih\/\",\"name\":\"\u0110okovi\u0107 prvi\u010d letos pora\u017een: &#8220;To je bilo nekaj najslab\u0161ega, kar sem pokazal na igri\u0161\u010du v zadnjih letih&#8221; - Hudo Slovenija\",\"isPartOf\":{\"@id\":\"https:\/\/hudo.com\/si\/#website\"},\"datePublished\":\"2021-04-15T14:05:15+00:00\",\"dateModified\":\"2021-04-15T14:05:15+00:00\",\"breadcrumb\":{\"@id\":\"https:\/\/hudo.com\/si\/sport\/dokovic-prvic-letos-porazen-to-je-bilo-nekaj-najslabsega-kar-sem-pokazal-na-igriscu-v-zadnjih-letih\/#breadcrumb\"},\"inLanguage\":\"sl-SI\",\"potentialAction\":[{\"@type\":\"ReadAction\",\"target\":[\"https:\/\/hudo.com\/si\/sport\/dokovic-prvic-letos-porazen-to-je-bilo-nekaj-najslabsega-kar-sem-pokazal-na-igriscu-v-zadnjih-letih\/\"]}]},{\"@type\":\"BreadcrumbList\",\"@id\":\"https:\/\/hudo.com\/si\/sport\/dokovic-prvic-letos-porazen-to-je-bilo-nekaj-najslabsega-kar-sem-pokazal-na-igriscu-v-zadnjih-letih\/#breadcrumb\",\"itemListElement\":[{\"@type\":\"ListItem\",\"position\":1,\"name\":\"Home\",\"item\":\"https:\/\/hudo.com\/si\/\"},{\"@type\":\"ListItem\",\"position\":2,\"name\":\"\u0110okovi\u0107 prvi\u010d letos pora\u017een: &#8220;To je bilo nekaj najslab\u0161ega, kar sem pokazal na igri\u0161\u010du v zadnjih letih&#8221;\"}]},{\"@type\":\"WebSite\",\"@id\":\"https:\/\/hudo.com\/si\/#website\",\"url\":\"https:\/\/hudo.com\/si\/\",\"name\":\"Hudo Slovenija\",\"description\":\"Vse novice iz Slovenije in sveta\",\"publisher\":{\"@id\":\"https:\/\/hudo.com\/si\/#organization\"},\"potentialAction\":[{\"@type\":\"SearchAction\",\"target\":{\"@type\":\"EntryPoint\",\"urlTemplate\":\"https:\/\/hudo.com\/si\/?s={search_term_string}\"},\"query-input\":\"required name=search_term_string\"}],\"inLanguage\":\"sl-SI\"},{\"@type\":\"Organization\",\"@id\":\"https:\/\/hudo.com\/si\/#organization\",\"name\":\"VSN Media\",\"url\":\"https:\/\/hudo.com\/si\/\",\"logo\":{\"@type\":\"ImageObject\",\"inLanguage\":\"sl-SI\",\"@id\":\"https:\/\/hudo.com\/si\/#\/schema\/logo\/image\/\",\"url\":\"https:\/\/hudo.com\/si\/wp-content\/uploads\/sites\/2\/2021\/03\/hudo-app-2.png\",\"contentUrl\":\"https:\/\/hudo.com\/si\/wp-content\/uploads\/sites\/2\/2021\/03\/hudo-app-2.png\",\"width\":2185,\"height\":2167,\"caption\":\"VSN Media\"},\"image\":{\"@id\":\"https:\/\/hudo.com\/si\/#\/schema\/logo\/image\/\"},\"sameAs\":[\"https:\/\/www.facebook.com\/hudo.si\",\"https:\/\/twitter.com\/hudo_si\"]},{\"@type\":\"Person\",\"@id\":\"https:\/\/hudo.com\/si\/#\/schema\/person\/601cf3379633985b20f7e50f2bb47707\",\"name\":\"hudo\",\"image\":{\"@type\":\"ImageObject\",\"inLanguage\":\"sl-SI\",\"@id\":\"https:\/\/hudo.com\/si\/#\/schema\/person\/image\/\",\"url\":\"https:\/\/secure.gravatar.com\/avatar\/c4ca25fa72cace7a696b52ff5db9e095?s=96&d=mm&r=g\",\"contentUrl\":\"https:\/\/secure.gravatar.com\/avatar\/c4ca25fa72cace7a696b52ff5db9e095?s=96&d=mm&r=g\",\"caption\":\"hudo\"},\"url\":\"https:\/\/hudo.com\/si\/author\/hudo\/\"}]}<\/script>\n<!-- \/ Yoast SEO plugin. -->","yoast_head_json":{"title":"\u0110okovi\u0107 prvi\u010d letos pora\u017een: &#8220;To je bilo nekaj najslab\u0161ega, kar sem pokazal na igri\u0161\u010du v zadnjih letih&#8221; - Hudo Slovenija","robots":{"index":"index","follow":"follow","max-snippet":"max-snippet:-1","max-image-preview":"max-image-preview:large","max-video-preview":"max-video-preview:-1"},"canonical":"https:\/\/hudo.com\/si\/sport\/dokovic-prvic-letos-porazen-to-je-bilo-nekaj-najslabsega-kar-sem-pokazal-na-igriscu-v-zadnjih-letih\/","og_locale":"sl_SI","og_type":"article","og_title":"\u0110okovi\u0107 prvi\u010d letos pora\u017een: &#8220;To je bilo nekaj najslab\u0161ega, kar sem pokazal na igri\u0161\u010du v zadnjih letih&#8221; - Hudo Slovenija","og_description":"\u0160tevilka ena svetovnega tenisa Novak \u0110okovi\u0107 je danes na mastersu ATP v Monte Carlu do\u017eivel presenetljiv poraz v osmini finala in moral prvi\u010d v letu 2021 priznati premo\u010d tekmecu. Srbskega zvezdnika je premagal Britanec Daniel Evans s 6:4, 7:5.","og_url":"https:\/\/hudo.com\/si\/sport\/dokovic-prvic-letos-porazen-to-je-bilo-nekaj-najslabsega-kar-sem-pokazal-na-igriscu-v-zadnjih-letih\/","og_site_name":"Hudo Slovenija","article_publisher":"https:\/\/www.facebook.com\/hudo.si","article_published_time":"2021-04-15T14:05:15+00:00","og_image":[{"width":1250,"height":833,"url":"https:\/\/hudo.com\/si\/wp-content\/uploads\/sites\/2\/2021\/04\/profimedia-0592433484.jpg","type":"image\/jpeg"}],"author":"hudo","twitter_card":"summary_large_image","twitter_creator":"@hudo_si","twitter_site":"@hudo_si","twitter_misc":{"Written by":"hudo","Est. reading time":"1 minuta"},"schema":{"@context":"https:\/\/schema.org","@graph":[{"@type":"Article","@id":"https:\/\/hudo.com\/si\/sport\/dokovic-prvic-letos-porazen-to-je-bilo-nekaj-najslabsega-kar-sem-pokazal-na-igriscu-v-zadnjih-letih\/#article","isPartOf":{"@id":"https:\/\/hudo.com\/si\/sport\/dokovic-prvic-letos-porazen-to-je-bilo-nekaj-najslabsega-kar-sem-pokazal-na-igriscu-v-zadnjih-letih\/"},"author":{"name":"hudo","@id":"https:\/\/hudo.com\/si\/#\/schema\/person\/601cf3379633985b20f7e50f2bb47707"},"headline":"\u0110okovi\u0107 prvi\u010d letos pora\u017een: &#8220;To je bilo nekaj najslab\u0161ega, kar sem pokazal na igri\u0161\u010du v zadnjih letih&#8221;","datePublished":"2021-04-15T14:05:15+00:00","dateModified":"2021-04-15T14:05:15+00:00","mainEntityOfPage":{"@id":"https:\/\/hudo.com\/si\/sport\/dokovic-prvic-letos-porazen-to-je-bilo-nekaj-najslabsega-kar-sem-pokazal-na-igriscu-v-zadnjih-letih\/"},"wordCount":187,"publisher":{"@id":"https:\/\/hudo.com\/si\/#organization"},"keywords":["Novak Djokovi\u0107","tenis"],"articleSection":["\u0160port"],"inLanguage":"sl-SI"},{"@type":"WebPage","@id":"https:\/\/hudo.com\/si\/sport\/dokovic-prvic-letos-porazen-to-je-bilo-nekaj-najslabsega-kar-sem-pokazal-na-igriscu-v-zadnjih-letih\/","url":"https:\/\/hudo.com\/si\/sport\/dokovic-prvic-letos-porazen-to-je-bilo-nekaj-najslabsega-kar-sem-pokazal-na-igriscu-v-zadnjih-letih\/","name":"\u0110okovi\u0107 prvi\u010d letos pora\u017een: &#8220;To je bilo nekaj najslab\u0161ega, kar sem pokazal na igri\u0161\u010du v zadnjih letih&#8221; - Hudo Slovenija","isPartOf":{"@id":"https:\/\/hudo.com\/si\/#website"},"datePublished":"2021-04-15T14:05:15+00:00","dateModified":"2021-04-15T14:05:15+00:00","breadcrumb":{"@id":"https:\/\/hudo.com\/si\/sport\/dokovic-prvic-letos-porazen-to-je-bilo-nekaj-najslabsega-kar-sem-pokazal-na-igriscu-v-zadnjih-letih\/#breadcrumb"},"inLanguage":"sl-SI","potentialAction":[{"@type":"ReadAction","target":["https:\/\/hudo.com\/si\/sport\/dokovic-prvic-letos-porazen-to-je-bilo-nekaj-najslabsega-kar-sem-pokazal-na-igriscu-v-zadnjih-letih\/"]}]},{"@type":"BreadcrumbList","@id":"https:\/\/hudo.com\/si\/sport\/dokovic-prvic-letos-porazen-to-je-bilo-nekaj-najslabsega-kar-sem-pokazal-na-igriscu-v-zadnjih-letih\/#breadcrumb","itemListElement":[{"@type":"ListItem","position":1,"name":"Home","item":"https:\/\/hudo.com\/si\/"},{"@type":"ListItem","position":2,"name":"\u0110okovi\u0107 prvi\u010d letos pora\u017een: &#8220;To je bilo nekaj najslab\u0161ega, kar sem pokazal na igri\u0161\u010du v zadnjih letih&#8221;"}]},{"@type":"WebSite","@id":"https:\/\/hudo.com\/si\/#website","url":"https:\/\/hudo.com\/si\/","name":"Hudo Slovenija","description":"Vse novice iz Slovenije in sveta","publisher":{"@id":"https:\/\/hudo.com\/si\/#organization"},"potentialAction":[{"@type":"SearchAction","target":{"@type":"EntryPoint","urlTemplate":"https:\/\/hudo.com\/si\/?s={search_term_string}"},"query-input":"required name=search_term_string"}],"inLanguage":"sl-SI"},{"@type":"Organization","@id":"https:\/\/hudo.com\/si\/#organization","name":"VSN Media","url":"https:\/\/hudo.com\/si\/","logo":{"@type":"ImageObject","inLanguage":"sl-SI","@id":"https:\/\/hudo.com\/si\/#\/schema\/logo\/image\/","url":"https:\/\/hudo.com\/si\/wp-content\/uploads\/sites\/2\/2021\/03\/hudo-app-2.png","contentUrl":"https:\/\/hudo.com\/si\/wp-content\/uploads\/sites\/2\/2021\/03\/hudo-app-2.png","width":2185,"height":2167,"caption":"VSN Media"},"image":{"@id":"https:\/\/hudo.com\/si\/#\/schema\/logo\/image\/"},"sameAs":["https:\/\/www.facebook.com\/hudo.si","https:\/\/twitter.com\/hudo_si"]},{"@type":"Person","@id":"https:\/\/hudo.com\/si\/#\/schema\/person\/601cf3379633985b20f7e50f2bb47707","name":"hudo","image":{"@type":"ImageObject","inLanguage":"sl-SI","@id":"https:\/\/hudo.com\/si\/#\/schema\/person\/image\/","url":"https:\/\/secure.gravatar.com\/avatar\/c4ca25fa72cace7a696b52ff5db9e095?s=96&d=mm&r=g","contentUrl":"https:\/\/secure.gravatar.com\/avatar\/c4ca25fa72cace7a696b52ff5db9e095?s=96&d=mm&r=g","caption":"hudo"},"url":"https:\/\/hudo.com\/si\/author\/hudo\/"}]}},"amp_enabled":true,"_links":{"self":[{"href":"https:\/\/hudo.com\/si\/wp-json\/wp\/v2\/posts\/449695"}],"collection":[{"href":"https:\/\/hudo.com\/si\/wp-json\/wp\/v2\/posts"}],"about":[{"href":"https:\/\/hudo.com\/si\/wp-json\/wp\/v2\/types\/post"}],"author":[{"embeddable":true,"href":"https:\/\/hudo.com\/si\/wp-json\/wp\/v2\/users\/1"}],"replies":[{"embeddable":true,"href":"https:\/\/hudo.com\/si\/wp-json\/wp\/v2\/comments?post=449695"}],"version-history":[{"count":0,"href":"https:\/\/hudo.com\/si\/wp-json\/wp\/v2\/posts\/449695\/revisions"}],"wp:featuredmedia":[{"embeddable":true,"href":"https:\/\/hudo.com\/si\/wp-json\/wp\/v2\/media\/449696"}],"wp:attachment":[{"href":"https:\/\/hudo.com\/si\/wp-json\/wp\/v2\/media?parent=449695"}],"wp:term":[{"taxonomy":"category","embeddable":true,"href":"https:\/\/hudo.com\/si\/wp-json\/wp\/v2\/categories?post=449695"},{"taxonomy":"post_tag","embeddable":true,"href":"https:\/\/hudo.com\/si\/wp-json\/wp\/v2\/tags?post=449695"},{"taxonomy":"source","embeddable":true,"href":"https:\/\/hudo.com\/si\/wp-json\/wp\/v2\/source?post=449695"},{"taxonomy":"supertag","embeddable":true,"href":"https:\/\/hudo.com\/si\/wp-json\/wp\/v2\/supertag?post=449695"}],"curies":[{"name":"wp","href":"https:\/\/api.w.org\/{rel}","templated":true}]}}